{"id":12194,"date":"2009-10-29T08:33:03","date_gmt":"2009-10-29T11:33:03","guid":{"rendered":"http:\/\/www.inclusive.org.br\/?p=12194"},"modified":"2009-10-29T08:33:03","modified_gmt":"2009-10-29T11:33:03","slug":"esquecer-o-parapan","status":"publish","type":"post","link":"https:\/\/inclusivenews.com.br\/?p=12194","title":{"rendered":"Esquecer o Parapan"},"content":{"rendered":"<p style=\"text-align: justify;\">Ganhamos 2016! E junto veio, embrulhada por n\u00f3s mesmos, a obriga\u00e7\u00e3o de realizar tamb\u00e9m os Jogos Paraol\u00edmpicos. Ningu\u00e9m comemorou, ningu\u00e9m mencionou, ningu\u00e9m brindou. De certa forma n\u00f3s que trabalhamos na \u00e1rea j\u00e1 estamos acostumados a esse processo de exclus\u00e3o, mas algu\u00e9m precisa lembrar a todos essa obriga\u00e7\u00e3o que torna ainda mais dif\u00edcil fazer acontecer com exemplaridade o projeto com o qual nos comprometemos e que venceu em Copenhague.<\/p>\n<p style=\"text-align: justify;\">O exemplo do Para-pan foi p\u00e9ssimo. Quanta diferen\u00e7a entre as condi\u00e7\u00f5es dos Jogos Panamericanos e Para-panamericanos! Golden Cross para os atletas ol\u00edmpicos e SUS para os atletas com defici\u00eancia. A quest\u00e3o n\u00e3o \u00e9 terem os atletas com defici\u00eancia sido atendidos atrav\u00e9s do Sistema \u00danico \u00a0de Sa\u00fade, entendo que esse deveria ser o servi\u00e7o oferecido a ol\u00edmpicos e paraol\u00edmpicos, se esse \u00e9 o sistema que atende a todo brasileiro. O problema \u00e9 a diferen\u00e7a, dar tratamento diferente \u00e9 crime.<\/p>\n<p style=\"text-align: justify;\">Mas n\u00e3o vou bater nessa tecla da diferen\u00e7a, teria que falar da abertura, do encerramento, da falta de transporte acess\u00edvel, da constru\u00e7\u00e3o de est\u00e1dios e da Vila Paraol\u00edmpica sem acesso para pessoas com defici\u00eancia.<\/p>\n<p style=\"text-align: justify;\">Deveria falar tamb\u00e9m das hist\u00f3rias contadas no Sum\u00e1rio Executivo da nossa candidatura. Por exemplo, sobre a experi\u00eancia em realizar competi\u00e7\u00f5es paraol\u00edmpicas, o dossi\u00ea fala dos bem realizados #Jogos Mundiais # para cegos e deficientes visuais, em 2007, e Jogos Mundiais em Cadeiras de Rodas, em 2005. T\u00e3o bem sucedidos que faliram as duas federa\u00e7\u00f5es nacionais respons\u00e1veis, a CBDC e a ABRADECAR.<\/p>\n<p style=\"text-align: justify;\">Quero falar do futuro, do que n\u00f3s, do movimento de pessoas com defici\u00eancia, queremos para 2016:<\/p>\n<p style=\"text-align: justify;\">1 Uma cidade para todos: transporte acess\u00edvel para o uso por deficientes em especial cadeirantes e pessoas com dificuldade de locomo\u00e7\u00e3o.<\/p>\n<p style=\"text-align: justify;\">2 Est\u00e1dios e Vila Ol\u00edmpica com acessibilidade universal, o novo conceito que faz da constru\u00e7\u00e3o de espa\u00e7os um meio de acesso para todos, deixando de lado a id\u00e9ia de adapta\u00e7\u00e3o e sem o engodo que foi a acessibilidade dos equipamentos esportivos constru\u00eddos ou reformados para 2007.<\/p>\n<p style=\"text-align: justify;\">3 Um Comit\u00ea Paraol\u00edmpico forte e atuante com atletas e clubes apoiados diretamente. Hoje os recursos p\u00fablicos ficam s\u00f3 com as organiza\u00e7\u00f5es dirigentes e nem para o Para-pan nem na candidatura de 2016 houve uma participa\u00e7\u00e3o efetiva dos paraol\u00edmpicos.<\/p>\n<p style=\"text-align: justify;\">4 Um legado social para o Rio.<\/p>\n<p style=\"text-align: justify;\">Devemos estar atentos para cobrar, em nome de cada carioca e de cada voto ganho em Copenhague, as promessas feitas e a transpar\u00eancia prometida.<\/p>\n<p style=\"text-align: justify;\">*Teresa Costa d&#8217;Amaral \u00e9 superintendente do IBDD<\/p>\n<p style=\"text-align: justify;\">_______________________________________<\/p>\n<p style=\"text-align: justify;\"><strong>Fonte de informa\u00e7\u00e3o:<\/strong> <a href=\"http:\/\/www.ibdd.org.br\" target=\"_blank\" rel=\"noopener\">Informativo IBDD &#8211; Instituto Brasileiro dos Direitos da Pessoa com Defici\u00eancia <img loading=\"lazy\" decoding=\"async\" title=\"Link abrir\u00e1 em uma nova janela ou aba.\" src=\"http:\/\/www.inclusive.org.br\/images\/new_window.gif\" alt=\"Link abrir\u00e1 em uma nova janela ou aba.\" width=\"16\" height=\"14\" \/><\/a><\/p>\n","protected":false},"excerpt":{"rendered":"<p>Ganhamos 2016! E junto veio, embrulhada por n\u00f3s mesmos, a obriga\u00e7\u00e3o de realizar tamb\u00e9m os Jogos Paraol\u00edmpicos. Ningu\u00e9m comemorou, ningu\u00e9m mencionou, ningu\u00e9m brindou. De certa forma n\u00f3s que trabalhamos na \u00e1rea j\u00e1 estamos acostumados a esse processo de exclus\u00e3o, mas algu\u00e9m precisa lembrar a todos essa obriga\u00e7\u00e3o que torna ainda mais dif\u00edcil fazer acontecer com [&hellip;]<\/p>\n","protected":false},"author":1,"featured_media":0,"comment_status":"open","ping_status":"open","sticky":false,"template":"","format":"standard","meta":{"site-container-style":"default","site-container-layout":"default","site-sidebar-layout":"default","disable-article-header":"default","disable-site-header":"default","disable-site-footer":"default","disable-content-area-spacing":"default","footnotes":""},"categories":[38,27,48,4],"tags":[],"class_list":["post-12194","post","type-post","status-publish","format-standard","hentry","category-deficiencia","category-esporte","category-inclusao","category-noticias"],"yoast_head":"<!-- This site is optimized with the Yoast SEO plugin v27.4 - https:\/\/yoast.com\/product\/yoast-seo-wordpress\/ -->\n<title>Esquecer o Parapan -<\/title>\n<meta name=\"robots\" content=\"index, follow, max-snippet:-1, max-image-preview:large, max-video-preview:-1\" \/>\n<link rel=\"canonical\" href=\"https:\/\/inclusivenews.com.br\/?p=12194\" \/>\n<meta property=\"og:locale\" content=\"pt_PT\" \/>\n<meta property=\"og:type\" content=\"article\" \/>\n<meta property=\"og:title\" content=\"Esquecer o Parapan -\" \/>\n<meta property=\"og:description\" content=\"Ganhamos 2016! E junto veio, embrulhada por n\u00f3s mesmos, a obriga\u00e7\u00e3o de realizar tamb\u00e9m os Jogos Paraol\u00edmpicos. Ningu\u00e9m comemorou, ningu\u00e9m mencionou, ningu\u00e9m brindou. De certa forma n\u00f3s que trabalhamos na \u00e1rea j\u00e1 estamos acostumados a esse processo de exclus\u00e3o, mas algu\u00e9m precisa lembrar a todos essa obriga\u00e7\u00e3o que torna ainda mais dif\u00edcil fazer acontecer com [&hellip;]\" \/>\n<meta property=\"og:url\" content=\"https:\/\/inclusivenews.com.br\/?p=12194\" \/>\n<meta property=\"article:publisher\" content=\"https:\/\/www.facebook.com\/agenciainclusive\/\" \/>\n<meta property=\"article:published_time\" content=\"2009-10-29T11:33:03+00:00\" \/>\n<meta property=\"og:image\" content=\"http:\/\/www.inclusive.org.br\/images\/new_window.gif\" \/>\n<meta name=\"author\" content=\"inclusivenews2024\" \/>\n<meta name=\"twitter:card\" content=\"summary_large_image\" \/>\n<meta name=\"twitter:label1\" content=\"Escrito por\" \/>\n\t<meta name=\"twitter:data1\" content=\"inclusivenews2024\" \/>\n\t<meta name=\"twitter:label2\" content=\"Tempo estimado de leitura\" \/>\n\t<meta name=\"twitter:data2\" content=\"2 minutos\" \/>\n<script type=\"application\/ld+json\" class=\"yoast-schema-graph\">{\"@context\":\"https:\\\/\\\/schema.org\",\"@graph\":[{\"@type\":\"Article\",\"@id\":\"https:\\\/\\\/inclusivenews.com.br\\\/?p=12194#article\",\"isPartOf\":{\"@id\":\"https:\\\/\\\/inclusivenews.com.br\\\/?p=12194\"},\"author\":{\"name\":\"inclusivenews2024\",\"@id\":\"https:\\\/\\\/inclusivenews.com.br\\\/#\\\/schema\\\/person\\\/ae4ec7087559b8692fb33b6fffd2273b\"},\"headline\":\"Esquecer o Parapan\",\"datePublished\":\"2009-10-29T11:33:03+00:00\",\"mainEntityOfPage\":{\"@id\":\"https:\\\/\\\/inclusivenews.com.br\\\/?p=12194\"},\"wordCount\":464,\"commentCount\":1,\"publisher\":{\"@id\":\"https:\\\/\\\/inclusivenews.com.br\\\/#organization\"},\"image\":{\"@id\":\"https:\\\/\\\/inclusivenews.com.br\\\/?p=12194#primaryimage\"},\"thumbnailUrl\":\"http:\\\/\\\/www.inclusive.org.br\\\/images\\\/new_window.gif\",\"articleSection\":[\"Defici\u00eancia\",\"Esporte\",\"INCLUS\u00c3O SOCIAL\",\"NOT\u00cdCIAS\"],\"inLanguage\":\"pt-PT\",\"potentialAction\":[{\"@type\":\"CommentAction\",\"name\":\"Comment\",\"target\":[\"https:\\\/\\\/inclusivenews.com.br\\\/?p=12194#respond\"]}]},{\"@type\":\"WebPage\",\"@id\":\"https:\\\/\\\/inclusivenews.com.br\\\/?p=12194\",\"url\":\"https:\\\/\\\/inclusivenews.com.br\\\/?p=12194\",\"name\":\"Esquecer o Parapan -\",\"isPartOf\":{\"@id\":\"https:\\\/\\\/inclusivenews.com.br\\\/#website\"},\"primaryImageOfPage\":{\"@id\":\"https:\\\/\\\/inclusivenews.com.br\\\/?p=12194#primaryimage\"},\"image\":{\"@id\":\"https:\\\/\\\/inclusivenews.com.br\\\/?p=12194#primaryimage\"},\"thumbnailUrl\":\"http:\\\/\\\/www.inclusive.org.br\\\/images\\\/new_window.gif\",\"datePublished\":\"2009-10-29T11:33:03+00:00\",\"breadcrumb\":{\"@id\":\"https:\\\/\\\/inclusivenews.com.br\\\/?p=12194#breadcrumb\"},\"inLanguage\":\"pt-PT\",\"potentialAction\":[{\"@type\":\"ReadAction\",\"target\":[\"https:\\\/\\\/inclusivenews.com.br\\\/?p=12194\"]}]},{\"@type\":\"ImageObject\",\"inLanguage\":\"pt-PT\",\"@id\":\"https:\\\/\\\/inclusivenews.com.br\\\/?p=12194#primaryimage\",\"url\":\"http:\\\/\\\/www.inclusive.org.br\\\/images\\\/new_window.gif\",\"contentUrl\":\"http:\\\/\\\/www.inclusive.org.br\\\/images\\\/new_window.gif\"},{\"@type\":\"BreadcrumbList\",\"@id\":\"https:\\\/\\\/inclusivenews.com.br\\\/?p=12194#breadcrumb\",\"itemListElement\":[{\"@type\":\"ListItem\",\"position\":1,\"name\":\"In\u00edcio\",\"item\":\"https:\\\/\\\/inclusivenews.com.br\\\/\"},{\"@type\":\"ListItem\",\"position\":2,\"name\":\"Esquecer o Parapan\"}]},{\"@type\":\"WebSite\",\"@id\":\"https:\\\/\\\/inclusivenews.com.br\\\/#website\",\"url\":\"https:\\\/\\\/inclusivenews.com.br\\\/\",\"name\":\"Inclusive News\",\"description\":\"Inclusive News\",\"publisher\":{\"@id\":\"https:\\\/\\\/inclusivenews.com.br\\\/#organization\"},\"potentialAction\":[{\"@type\":\"SearchAction\",\"target\":{\"@type\":\"EntryPoint\",\"urlTemplate\":\"https:\\\/\\\/inclusivenews.com.br\\\/?s={search_term_string}\"},\"query-input\":{\"@type\":\"PropertyValueSpecification\",\"valueRequired\":true,\"valueName\":\"search_term_string\"}}],\"inLanguage\":\"pt-PT\"},{\"@type\":\"Organization\",\"@id\":\"https:\\\/\\\/inclusivenews.com.br\\\/#organization\",\"name\":\"Inclusive - inclus\u00e3o e cidadania\",\"url\":\"https:\\\/\\\/inclusivenews.com.br\\\/\",\"logo\":{\"@type\":\"ImageObject\",\"inLanguage\":\"pt-PT\",\"@id\":\"https:\\\/\\\/inclusivenews.com.br\\\/#\\\/schema\\\/logo\\\/image\\\/\",\"url\":\"https:\\\/\\\/inclusivenews.com.br\\\/wp-content\\\/uploads\\\/2024\\\/03\\\/@grandesite.png\",\"contentUrl\":\"https:\\\/\\\/inclusivenews.com.br\\\/wp-content\\\/uploads\\\/2024\\\/03\\\/@grandesite.png\",\"width\":1080,\"height\":1080,\"caption\":\"Inclusive - inclus\u00e3o e cidadania\"},\"image\":{\"@id\":\"https:\\\/\\\/inclusivenews.com.br\\\/#\\\/schema\\\/logo\\\/image\\\/\"},\"sameAs\":[\"https:\\\/\\\/www.facebook.com\\\/agenciainclusive\\\/\",\"https:\\\/\\\/www.instagram.com\\\/newsinclusive\\\/\"]},{\"@type\":\"Person\",\"@id\":\"https:\\\/\\\/inclusivenews.com.br\\\/#\\\/schema\\\/person\\\/ae4ec7087559b8692fb33b6fffd2273b\",\"name\":\"inclusivenews2024\",\"image\":{\"@type\":\"ImageObject\",\"inLanguage\":\"pt-PT\",\"@id\":\"https:\\\/\\\/secure.gravatar.com\\\/avatar\\\/c5a7ef84c66fa914f55bc4f7ce26cfa275a3b9a1c5568b907bd184fb4dde7b40?s=96&d=mm&r=g\",\"url\":\"https:\\\/\\\/secure.gravatar.com\\\/avatar\\\/c5a7ef84c66fa914f55bc4f7ce26cfa275a3b9a1c5568b907bd184fb4dde7b40?s=96&d=mm&r=g\",\"contentUrl\":\"https:\\\/\\\/secure.gravatar.com\\\/avatar\\\/c5a7ef84c66fa914f55bc4f7ce26cfa275a3b9a1c5568b907bd184fb4dde7b40?s=96&d=mm&r=g\",\"caption\":\"inclusivenews2024\"},\"sameAs\":[\"https:\\\/\\\/inclusivenews.com.br\"],\"url\":\"https:\\\/\\\/inclusivenews.com.br\\\/?author=1\"}]}<\/script>\n<!-- \/ Yoast SEO plugin. -->","yoast_head_json":{"title":"Esquecer o Parapan -","robots":{"index":"index","follow":"follow","max-snippet":"max-snippet:-1","max-image-preview":"max-image-preview:large","max-video-preview":"max-video-preview:-1"},"canonical":"https:\/\/inclusivenews.com.br\/?p=12194","og_locale":"pt_PT","og_type":"article","og_title":"Esquecer o Parapan -","og_description":"Ganhamos 2016! E junto veio, embrulhada por n\u00f3s mesmos, a obriga\u00e7\u00e3o de realizar tamb\u00e9m os Jogos Paraol\u00edmpicos. Ningu\u00e9m comemorou, ningu\u00e9m mencionou, ningu\u00e9m brindou. De certa forma n\u00f3s que trabalhamos na \u00e1rea j\u00e1 estamos acostumados a esse processo de exclus\u00e3o, mas algu\u00e9m precisa lembrar a todos essa obriga\u00e7\u00e3o que torna ainda mais dif\u00edcil fazer acontecer com [&hellip;]","og_url":"https:\/\/inclusivenews.com.br\/?p=12194","article_publisher":"https:\/\/www.facebook.com\/agenciainclusive\/","article_published_time":"2009-10-29T11:33:03+00:00","og_image":[{"url":"http:\/\/www.inclusive.org.br\/images\/new_window.gif","type":"","width":"","height":""}],"author":"inclusivenews2024","twitter_card":"summary_large_image","twitter_misc":{"Escrito por":"inclusivenews2024","Tempo estimado de leitura":"2 minutos"},"schema":{"@context":"https:\/\/schema.org","@graph":[{"@type":"Article","@id":"https:\/\/inclusivenews.com.br\/?p=12194#article","isPartOf":{"@id":"https:\/\/inclusivenews.com.br\/?p=12194"},"author":{"name":"inclusivenews2024","@id":"https:\/\/inclusivenews.com.br\/#\/schema\/person\/ae4ec7087559b8692fb33b6fffd2273b"},"headline":"Esquecer o Parapan","datePublished":"2009-10-29T11:33:03+00:00","mainEntityOfPage":{"@id":"https:\/\/inclusivenews.com.br\/?p=12194"},"wordCount":464,"commentCount":1,"publisher":{"@id":"https:\/\/inclusivenews.com.br\/#organization"},"image":{"@id":"https:\/\/inclusivenews.com.br\/?p=12194#primaryimage"},"thumbnailUrl":"http:\/\/www.inclusive.org.br\/images\/new_window.gif","articleSection":["Defici\u00eancia","Esporte","INCLUS\u00c3O SOCIAL","NOT\u00cdCIAS"],"inLanguage":"pt-PT","potentialAction":[{"@type":"CommentAction","name":"Comment","target":["https:\/\/inclusivenews.com.br\/?p=12194#respond"]}]},{"@type":"WebPage","@id":"https:\/\/inclusivenews.com.br\/?p=12194","url":"https:\/\/inclusivenews.com.br\/?p=12194","name":"Esquecer o Parapan -","isPartOf":{"@id":"https:\/\/inclusivenews.com.br\/#website"},"primaryImageOfPage":{"@id":"https:\/\/inclusivenews.com.br\/?p=12194#primaryimage"},"image":{"@id":"https:\/\/inclusivenews.com.br\/?p=12194#primaryimage"},"thumbnailUrl":"http:\/\/www.inclusive.org.br\/images\/new_window.gif","datePublished":"2009-10-29T11:33:03+00:00","breadcrumb":{"@id":"https:\/\/inclusivenews.com.br\/?p=12194#breadcrumb"},"inLanguage":"pt-PT","potentialAction":[{"@type":"ReadAction","target":["https:\/\/inclusivenews.com.br\/?p=12194"]}]},{"@type":"ImageObject","inLanguage":"pt-PT","@id":"https:\/\/inclusivenews.com.br\/?p=12194#primaryimage","url":"http:\/\/www.inclusive.org.br\/images\/new_window.gif","contentUrl":"http:\/\/www.inclusive.org.br\/images\/new_window.gif"},{"@type":"BreadcrumbList","@id":"https:\/\/inclusivenews.com.br\/?p=12194#breadcrumb","itemListElement":[{"@type":"ListItem","position":1,"name":"In\u00edcio","item":"https:\/\/inclusivenews.com.br\/"},{"@type":"ListItem","position":2,"name":"Esquecer o Parapan"}]},{"@type":"WebSite","@id":"https:\/\/inclusivenews.com.br\/#website","url":"https:\/\/inclusivenews.com.br\/","name":"Inclusive News","description":"Inclusive News","publisher":{"@id":"https:\/\/inclusivenews.com.br\/#organization"},"potentialAction":[{"@type":"SearchAction","target":{"@type":"EntryPoint","urlTemplate":"https:\/\/inclusivenews.com.br\/?s={search_term_string}"},"query-input":{"@type":"PropertyValueSpecification","valueRequired":true,"valueName":"search_term_string"}}],"inLanguage":"pt-PT"},{"@type":"Organization","@id":"https:\/\/inclusivenews.com.br\/#organization","name":"Inclusive - inclus\u00e3o e cidadania","url":"https:\/\/inclusivenews.com.br\/","logo":{"@type":"ImageObject","inLanguage":"pt-PT","@id":"https:\/\/inclusivenews.com.br\/#\/schema\/logo\/image\/","url":"https:\/\/inclusivenews.com.br\/wp-content\/uploads\/2024\/03\/@grandesite.png","contentUrl":"https:\/\/inclusivenews.com.br\/wp-content\/uploads\/2024\/03\/@grandesite.png","width":1080,"height":1080,"caption":"Inclusive - inclus\u00e3o e cidadania"},"image":{"@id":"https:\/\/inclusivenews.com.br\/#\/schema\/logo\/image\/"},"sameAs":["https:\/\/www.facebook.com\/agenciainclusive\/","https:\/\/www.instagram.com\/newsinclusive\/"]},{"@type":"Person","@id":"https:\/\/inclusivenews.com.br\/#\/schema\/person\/ae4ec7087559b8692fb33b6fffd2273b","name":"inclusivenews2024","image":{"@type":"ImageObject","inLanguage":"pt-PT","@id":"https:\/\/secure.gravatar.com\/avatar\/c5a7ef84c66fa914f55bc4f7ce26cfa275a3b9a1c5568b907bd184fb4dde7b40?s=96&d=mm&r=g","url":"https:\/\/secure.gravatar.com\/avatar\/c5a7ef84c66fa914f55bc4f7ce26cfa275a3b9a1c5568b907bd184fb4dde7b40?s=96&d=mm&r=g","contentUrl":"https:\/\/secure.gravatar.com\/avatar\/c5a7ef84c66fa914f55bc4f7ce26cfa275a3b9a1c5568b907bd184fb4dde7b40?s=96&d=mm&r=g","caption":"inclusivenews2024"},"sameAs":["https:\/\/inclusivenews.com.br"],"url":"https:\/\/inclusivenews.com.br\/?author=1"}]}},"_links":{"self":[{"href":"https:\/\/inclusivenews.com.br\/index.php?rest_route=\/wp\/v2\/posts\/12194","targetHints":{"allow":["GET"]}}],"collection":[{"href":"https:\/\/inclusivenews.com.br\/index.php?rest_route=\/wp\/v2\/posts"}],"about":[{"href":"https:\/\/inclusivenews.com.br\/index.php?rest_route=\/wp\/v2\/types\/post"}],"author":[{"embeddable":true,"href":"https:\/\/inclusivenews.com.br\/index.php?rest_route=\/wp\/v2\/users\/1"}],"replies":[{"embeddable":true,"href":"https:\/\/inclusivenews.com.br\/index.php?rest_route=%2Fwp%2Fv2%2Fcomments&post=12194"}],"version-history":[{"count":0,"href":"https:\/\/inclusivenews.com.br\/index.php?rest_route=\/wp\/v2\/posts\/12194\/revisions"}],"wp:attachment":[{"href":"https:\/\/inclusivenews.com.br\/index.php?rest_route=%2Fwp%2Fv2%2Fmedia&parent=12194"}],"wp:term":[{"taxonomy":"category","embeddable":true,"href":"https:\/\/inclusivenews.com.br\/index.php?rest_route=%2Fwp%2Fv2%2Fcategories&post=12194"},{"taxonomy":"post_tag","embeddable":true,"href":"https:\/\/inclusivenews.com.br\/index.php?rest_route=%2Fwp%2Fv2%2Ftags&post=12194"}],"curies":[{"name":"wp","href":"https:\/\/api.w.org\/{rel}","templated":true}]}}