{"id":12205,"date":"2009-10-29T08:02:52","date_gmt":"2009-10-29T11:02:52","guid":{"rendered":"http:\/\/www.inclusive.org.br\/?p=12205"},"modified":"2009-10-29T08:02:52","modified_gmt":"2009-10-29T11:02:52","slug":"cne-revisa-diretrizes-curriculares-para-educacao-infantil","status":"publish","type":"post","link":"https:\/\/inclusivenews.com.br\/?p=12205","title":{"rendered":"CNE revisa diretrizes curriculares para educa\u00e7\u00e3o infantil"},"content":{"rendered":"<figure style=\"width: 201px\" class=\"wp-caption alignright\"><img loading=\"lazy\" decoding=\"async\" style=\"border: 0px none currentColor;\" title=\"Mesa onde diversas montam um quebra-cabe\u00e7as.\" src=\"http:\/\/www.envolverde.com.br\/fotos\/64986.jpg\" border=\"0\" alt=\"\" width=\"201\" height=\"179\" align=\"Mesa onde diversas montam um quebra-cabe\u00e7as.\" \/><figcaption class=\"wp-caption-text\"> <\/figcaption><\/figure>\n<p><strong>Por Talita Mochiute, do Aprendiz<\/strong><\/p>\n<p style=\"text-align: justify;\">Qual \u00e9 a especificidade do trabalho educativo na primeira etapa da educa\u00e7\u00e3o b\u00e1sica? Como a amplia\u00e7\u00e3o do Ensino Fundamental para nove anos interfere no papel da Educa\u00e7\u00e3o Infantil? Qual \u00e9 a rela\u00e7\u00e3o da Educa\u00e7\u00e3o Infantil com as diversidades? S\u00e3o algumas quest\u00f5es presentes no debate sobre a elabora\u00e7\u00e3o das novas Diretrizes Curriculares Nacionais (DCNs) para Educa\u00e7\u00e3o Infantil.<\/p>\n<p style=\"text-align: justify;\">Devido \u00e0s mudan\u00e7as pelas quais passou a educa\u00e7\u00e3o brasileira nos \u00faltimos dez anos, a C\u00e2mara de Educa\u00e7\u00e3o B\u00e1sica (CEB) \u2013 integrante do Conselho Nacional de Educa\u00e7\u00e3o (CNE), \u00f3rg\u00e3o vinculado ao Minist\u00e9rio da Educa\u00e7\u00e3o (MEC) \u2013 est\u00e1 revisando, desde o in\u00edcio deste ano, as normas que norteiam as propostas pedag\u00f3gicas e os planejamentos curriculares das institui\u00e7\u00f5es de Educa\u00e7\u00e3o Infantil.<\/p>\n<p style=\"text-align: justify;\">\u201cA \u00faltima resolu\u00e7\u00e3o \u00e9 de 1999. Frente \u00e0s generalidades operacionais e curriculares \u00e9 fundamental que o MEC oriente as propostas pedag\u00f3gicas\u201d, comentou a coordenadora-geral de Educa\u00e7\u00e3o Infantil da Secretaria de Educa\u00e7\u00e3o B\u00e1sica, do MEC, Rita Coelho.<\/p>\n<p style=\"text-align: justify;\">As Diretrizes Curriculares Nacionais s\u00e3o normas obrigat\u00f3rias que estabelecem os princ\u00edpios, as metas e os objetivos a serem buscados por determinada etapa da educa\u00e7\u00e3o brasileira. Para atualizar a normatiza\u00e7\u00e3o, o CNE promoveu consulta nacional e audi\u00eancias p\u00fablicas nas cidades de S\u00e3o Lu\u00eds (MA) e S\u00e3o Paulo (SP).<\/p>\n<p style=\"text-align: justify;\">No munic\u00edpio paulista, membros do CNE\/ MEC, institui\u00e7\u00f5es ligadas \u00e0 primeira etapa da educa\u00e7\u00e3o b\u00e1sica, \u00e0 inf\u00e2ncia e especialistas se reuniram na \u00faltima ter\u00e7a-feira (20\/10) na C\u00e2mara dos Vereadores para discutir a revis\u00e3o do Parecer CNE\/CEB n\u00ba 22\/98 (http:\/\/www.cesarcallegari.com.br\/files\/arquivos\/1251842922.pdf) e da Resolu\u00e7\u00e3o CNE\/CEB n\u00ba 01\/99 (http:\/\/www.cesarcallegari.com.br\/files\/arquivos\/1251843079.pdf). A ideia era discutir o documento com as indica\u00e7\u00f5es para a elabora\u00e7\u00e3o das Diretrizes (http:\/\/www.cesarcallegari.com.br\/v1\/DIRETRIZES.DOC). Assim, a partir do debate, incorporar as modifica\u00e7\u00f5es ou proposi\u00e7\u00f5es da sociedade ao texto.<\/p>\n<p style=\"text-align: justify;\">\u201cPretendemos terminar o documento at\u00e9 30 de outubro. Em novembro, apresent\u00e1-lo para vota\u00e7\u00e3o no CNE\u201d, explicou o relator das DCNs para Educa\u00e7\u00e3o Infantil e membro do CNE, Moacir Feitosa.<\/p>\n<p style=\"text-align: justify;\">Segundo a professora da Universidade de S\u00e3o Paulo (USP) e consultora das Diretrizes, Zilma Oliveira, o novo documento deve manter o princ\u00edpio da primeira diretriz: a Educa\u00e7\u00e3o Infantil como um direito da crian\u00e7a.  J\u00e1 a professora da USP Ribeir\u00e3o e consultora das DCNs, Ana Paula Soares, lembra que \u00e9 preciso pensar como ser\u00e1 o tratamento dado \u00e0s diversidades. \u201cVamos destacar orienta\u00e7\u00f5es espec\u00edficas para popula\u00e7\u00f5es n\u00e3o-urbanas (campo, ind\u00edgena e quilombola) ou traremos essas quest\u00f5es nos fundamentos?\u201d, questionou.<\/p>\n<p style=\"text-align: justify;\"><strong>Indica\u00e7\u00f5es da sociedade civil<\/strong><\/p>\n<p style=\"text-align: justify;\">Os participantes da audi\u00eancia p\u00fablica em S\u00e3o Paulo foram favor\u00e1veis ao destaque dado \u00e0 diversidade no documento preliminar.  No entanto, reivindicaram tamb\u00e9m mais \u00eanfase ao direito \u00e0 igualdade. \u201cAl\u00e9m do problema da desigualdade de acesso \u00e0 creche, hoje a garantia de vaga n\u00e3o significa igualdade de oportunidade ao conhecimento\u201d, apontou a professora da Pontif\u00edcia Universidade Cat\u00f3lica (PUC) e pesquisadora da Funda\u00e7\u00e3o Carlos Chagas, Maria Malta Campos.<\/p>\n<p style=\"text-align: justify;\">Para Maria Malta, as novas diretrizes devem ainda destacar a transi\u00e7\u00e3o da Educa\u00e7\u00e3o Infantil para o Ensino Fundamental. \u201cComo primeira etapa da educa\u00e7\u00e3o b\u00e1sica, a Educa\u00e7\u00e3o Infantil precisa oferecer atividades que propiciem o letramento e a alfabetiza\u00e7\u00e3o sem car\u00e1ter obrigat\u00f3rio\u201d.<\/p>\n<p style=\"text-align: justify;\">A professora de Educa\u00e7\u00e3o Infantil e secret\u00e1ria-executiva das Escolas Waldorf no Brasil, Maria Chantal Amarante, refor\u00e7ou a preocupa\u00e7\u00e3o com o ensino de crian\u00e7as em fase de transi\u00e7\u00e3o da Educa\u00e7\u00e3o Infantil para o Ensino Fundamental. \u201cConsidero a alfabetiza\u00e7\u00e3o precoce um malef\u00edcio para crian\u00e7as em fase de desenvolvimento motor, corporal. A alfabetiza\u00e7\u00e3o \u00e9 o fim de um processo de leitura de mundo, deve ser iniciado s\u00f3 a partir dos 6 anos de idade\u201d.<\/p>\n<p style=\"text-align: justify;\">Al\u00e9m do per\u00edodo de transi\u00e7\u00e3o, alguns participantes, como o presidente do Conselho Estadual de Educa\u00e7\u00e3o de S\u00e3o Paulo, Arthur Fonseca Filho, levantaram a necessidade do documento detalhar as especificidades da creche e da pr\u00e9-escola. \u201c\u00c9 absolutamente necess\u00e1rio tratar da creche em um bloco distinto, definindo com clareza o papel do educador em cada segmento\u201d.<\/p>\n<p style=\"text-align: justify;\">A consultora Zilma Oliveira fez um contraponto a essa indica\u00e7\u00e3o. \u201c\u00c9 poss\u00edvel detalhar as orienta\u00e7\u00f5es. A especificidade ajuda por um lado, mas atrapalha por outro. Tamb\u00e9m \u00e9 preciso lembrar que \u00e9 n\u00e3o estamos fazendo um documento de refer\u00eancias curriculares, mas de diretrizes\u201d.<\/p>\n<p style=\"text-align: justify;\">Por outro lado, o maior detalhamento do papel do educador da Educa\u00e7\u00e3o Infantil foi um dos pontos de consenso. \u201cDeve-se enfatizar a atua\u00e7\u00e3o intencional do professor para o desenvolvimento integral das crian\u00e7as\u201d, destacou Maria Malta. \u201cTemos de pensar em quem faz o dia-a-dia da Educa\u00e7\u00e3o Infantil\u201d, complementou a integrante da comiss\u00e3o gestora do F\u00f3rum Paulista de Educa\u00e7\u00e3o Infantil, Sylvie Klein.<\/p>\n<p style=\"text-align: justify;\">Sylvie comentou tamb\u00e9m que uma das conquistas da DCN anterior foi a defini\u00e7\u00e3o do n\u00famero m\u00e1ximo de alunos por professor. Por isso, o novo documento deve contemplar esse item. \u201cUm professor n\u00e3o pode ficar com mais de 25 alunos em uma sala\u201d, destacou a professora da Universidade Federal de S\u00e3o Carlos (UFScar), Matilde Santos.<\/p>\n<p style=\"text-align: justify;\">J\u00e1 os secret\u00e1rios municipais de Diadema e Santa B\u00e1rbara d\u2019Oeste, L\u00facia Couto e Herb Carlini, apontaram o problema da falta de recursos para Educa\u00e7\u00e3o Infantil e a quest\u00e3o do acesso. \u201cN\u00e3o conseguimos atender a todos. Al\u00e9m disso, uma crian\u00e7a na creche custa o dobro de uma no Ensino Fundamental\u201d, disse Carlini.<\/p>\n<p style=\"text-align: justify;\"><strong>Articula\u00e7\u00e3o das DCNs<\/strong><\/p>\n<p style=\"text-align: justify;\">O relator das DCNs Moacir Feitosa disse que as contribui\u00e7\u00f5es da sociedade civil s\u00e3o importantes para a elabora\u00e7\u00e3o do documento. \u201cEmbora algumas quest\u00f5es levantadas sejam de gest\u00e3o e financiamento, \u00e9 preciso relacionar esses aspectos na hora de pensar as diretrizes\u201d.<\/p>\n<p style=\"text-align: justify;\">De acordo com a assessora da organiza\u00e7\u00e3o A\u00e7\u00e3o Educativa, Samantha Neves, o documento deve ser articulado com as diferentes pol\u00edticas voltadas \u00e0 Educa\u00e7\u00e3o Infantil nas diferentes esferas. \u201cN\u00e3o adiantar alcan\u00e7ar um voo muito alto sem ra\u00edzes firmes no ch\u00e3o\u201d, ressaltou.<\/p>\n<p style=\"text-align: justify;\">Para que o documento chegue at\u00e9 quem est\u00e1 na ponta do processo educacional, como diretores, coordenadores e professores, o N\u00facleo de Desenvolvimento Infantil, da Universidade de Santa Catarina, representado pela professora Marilene Raupp, sugeriu que o MEC publique uma edi\u00e7\u00e3o comentada sobre as diretrizes, esclarecendo conceitos presentes no documento.<\/p>\n<p style=\"text-align: justify;\">(\u00c9 livre a reprodu\u00e7\u00e3o <span style=\"text-decoration: underline;\">exclusivamente<\/span> para fins  n\u00e3o comerciais, desde que o autor e a fonte sejam citados e esta nota seja inclu\u00edda.)<\/p>\n<p style=\"text-align: justify;\">_____________________________________________<\/p>\n<p style=\"text-align: justify;\"><strong>Fonte de informa\u00e7\u00e3o: <\/strong><a href=\"http:\/\/envolverde.ig.com.br\/materia.php?cod=64986&amp;edt=1\" target=\"_blank\" rel=\"noopener\">Portal Aprendiz \/Envolverde <img loading=\"lazy\" decoding=\"async\" title=\"Link abrir\u00e1 em uma nova janela ou aba.\" src=\"http:\/\/www.inclusive.org.br\/images\/new_window.gif\" alt=\"Link abrir\u00e1 em uma nova janela ou aba.\" width=\"16\" height=\"14\" \/><\/a><\/p>\n","protected":false},"excerpt":{"rendered":"<p>Por Talita Mochiute, do Aprendiz Qual \u00e9 a especificidade do trabalho educativo na primeira etapa da educa\u00e7\u00e3o b\u00e1sica? Como a amplia\u00e7\u00e3o do Ensino Fundamental para nove anos interfere no papel da Educa\u00e7\u00e3o Infantil? Qual \u00e9 a rela\u00e7\u00e3o da Educa\u00e7\u00e3o Infantil com as diversidades? S\u00e3o algumas quest\u00f5es presentes no debate sobre a elabora\u00e7\u00e3o das novas Diretrizes [&hellip;]<\/p>\n","protected":false},"author":1,"featured_media":0,"comment_status":"open","ping_status":"open","sticky":false,"template":"","format":"standard","meta":{"site-container-style":"default","site-container-layout":"default","site-sidebar-layout":"default","disable-article-header":"default","disable-site-header":"default","disable-site-footer":"default","disable-content-area-spacing":"default","footnotes":""},"categories":[6,4],"tags":[],"class_list":["post-12205","post","type-post","status-publish","format-standard","hentry","category-educacao","category-noticias"],"yoast_head":"<!-- This site is optimized with the Yoast SEO plugin v27.4 - https:\/\/yoast.com\/product\/yoast-seo-wordpress\/ -->\n<title>CNE revisa diretrizes curriculares para educa\u00e7\u00e3o infantil -<\/title>\n<meta name=\"robots\" content=\"index, follow, max-snippet:-1, max-image-preview:large, max-video-preview:-1\" \/>\n<link rel=\"canonical\" href=\"https:\/\/inclusivenews.com.br\/?p=12205\" \/>\n<meta property=\"og:locale\" content=\"pt_PT\" \/>\n<meta property=\"og:type\" content=\"article\" \/>\n<meta property=\"og:title\" content=\"CNE revisa diretrizes curriculares para educa\u00e7\u00e3o infantil -\" \/>\n<meta property=\"og:description\" content=\"Por Talita Mochiute, do Aprendiz Qual \u00e9 a especificidade do trabalho educativo na primeira etapa da educa\u00e7\u00e3o b\u00e1sica? Como a amplia\u00e7\u00e3o do Ensino Fundamental para nove anos interfere no papel da Educa\u00e7\u00e3o Infantil? Qual \u00e9 a rela\u00e7\u00e3o da Educa\u00e7\u00e3o Infantil com as diversidades? S\u00e3o algumas quest\u00f5es presentes no debate sobre a elabora\u00e7\u00e3o das novas Diretrizes [&hellip;]\" \/>\n<meta property=\"og:url\" content=\"https:\/\/inclusivenews.com.br\/?p=12205\" \/>\n<meta property=\"article:publisher\" content=\"https:\/\/www.facebook.com\/agenciainclusive\/\" \/>\n<meta property=\"article:published_time\" content=\"2009-10-29T11:02:52+00:00\" \/>\n<meta property=\"og:image\" content=\"http:\/\/www.envolverde.com.br\/fotos\/64986.jpg\" \/>\n<meta name=\"author\" content=\"inclusivenews2024\" \/>\n<meta name=\"twitter:card\" content=\"summary_large_image\" \/>\n<meta name=\"twitter:label1\" content=\"Escrito por\" \/>\n\t<meta name=\"twitter:data1\" content=\"inclusivenews2024\" \/>\n\t<meta name=\"twitter:label2\" content=\"Tempo estimado de leitura\" \/>\n\t<meta name=\"twitter:data2\" content=\"6 minutos\" \/>\n<script type=\"application\/ld+json\" class=\"yoast-schema-graph\">{\"@context\":\"https:\\\/\\\/schema.org\",\"@graph\":[{\"@type\":\"Article\",\"@id\":\"https:\\\/\\\/inclusivenews.com.br\\\/?p=12205#article\",\"isPartOf\":{\"@id\":\"https:\\\/\\\/inclusivenews.com.br\\\/?p=12205\"},\"author\":{\"name\":\"inclusivenews2024\",\"@id\":\"https:\\\/\\\/inclusivenews.com.br\\\/#\\\/schema\\\/person\\\/ae4ec7087559b8692fb33b6fffd2273b\"},\"headline\":\"CNE revisa diretrizes curriculares para educa\u00e7\u00e3o infantil\",\"datePublished\":\"2009-10-29T11:02:52+00:00\",\"mainEntityOfPage\":{\"@id\":\"https:\\\/\\\/inclusivenews.com.br\\\/?p=12205\"},\"wordCount\":1146,\"commentCount\":0,\"publisher\":{\"@id\":\"https:\\\/\\\/inclusivenews.com.br\\\/#organization\"},\"image\":{\"@id\":\"https:\\\/\\\/inclusivenews.com.br\\\/?p=12205#primaryimage\"},\"thumbnailUrl\":\"http:\\\/\\\/www.envolverde.com.br\\\/fotos\\\/64986.jpg\",\"articleSection\":[\"EDUCA\u00c7\u00c3O\",\"NOT\u00cdCIAS\"],\"inLanguage\":\"pt-PT\",\"potentialAction\":[{\"@type\":\"CommentAction\",\"name\":\"Comment\",\"target\":[\"https:\\\/\\\/inclusivenews.com.br\\\/?p=12205#respond\"]}]},{\"@type\":\"WebPage\",\"@id\":\"https:\\\/\\\/inclusivenews.com.br\\\/?p=12205\",\"url\":\"https:\\\/\\\/inclusivenews.com.br\\\/?p=12205\",\"name\":\"CNE revisa diretrizes curriculares para educa\u00e7\u00e3o infantil -\",\"isPartOf\":{\"@id\":\"https:\\\/\\\/inclusivenews.com.br\\\/#website\"},\"primaryImageOfPage\":{\"@id\":\"https:\\\/\\\/inclusivenews.com.br\\\/?p=12205#primaryimage\"},\"image\":{\"@id\":\"https:\\\/\\\/inclusivenews.com.br\\\/?p=12205#primaryimage\"},\"thumbnailUrl\":\"http:\\\/\\\/www.envolverde.com.br\\\/fotos\\\/64986.jpg\",\"datePublished\":\"2009-10-29T11:02:52+00:00\",\"breadcrumb\":{\"@id\":\"https:\\\/\\\/inclusivenews.com.br\\\/?p=12205#breadcrumb\"},\"inLanguage\":\"pt-PT\",\"potentialAction\":[{\"@type\":\"ReadAction\",\"target\":[\"https:\\\/\\\/inclusivenews.com.br\\\/?p=12205\"]}]},{\"@type\":\"ImageObject\",\"inLanguage\":\"pt-PT\",\"@id\":\"https:\\\/\\\/inclusivenews.com.br\\\/?p=12205#primaryimage\",\"url\":\"http:\\\/\\\/www.envolverde.com.br\\\/fotos\\\/64986.jpg\",\"contentUrl\":\"http:\\\/\\\/www.envolverde.com.br\\\/fotos\\\/64986.jpg\"},{\"@type\":\"BreadcrumbList\",\"@id\":\"https:\\\/\\\/inclusivenews.com.br\\\/?p=12205#breadcrumb\",\"itemListElement\":[{\"@type\":\"ListItem\",\"position\":1,\"name\":\"In\u00edcio\",\"item\":\"https:\\\/\\\/inclusivenews.com.br\\\/\"},{\"@type\":\"ListItem\",\"position\":2,\"name\":\"CNE revisa diretrizes curriculares para educa\u00e7\u00e3o infantil\"}]},{\"@type\":\"WebSite\",\"@id\":\"https:\\\/\\\/inclusivenews.com.br\\\/#website\",\"url\":\"https:\\\/\\\/inclusivenews.com.br\\\/\",\"name\":\"Inclusive News\",\"description\":\"Inclusive News\",\"publisher\":{\"@id\":\"https:\\\/\\\/inclusivenews.com.br\\\/#organization\"},\"potentialAction\":[{\"@type\":\"SearchAction\",\"target\":{\"@type\":\"EntryPoint\",\"urlTemplate\":\"https:\\\/\\\/inclusivenews.com.br\\\/?s={search_term_string}\"},\"query-input\":{\"@type\":\"PropertyValueSpecification\",\"valueRequired\":true,\"valueName\":\"search_term_string\"}}],\"inLanguage\":\"pt-PT\"},{\"@type\":\"Organization\",\"@id\":\"https:\\\/\\\/inclusivenews.com.br\\\/#organization\",\"name\":\"Inclusive - inclus\u00e3o e cidadania\",\"url\":\"https:\\\/\\\/inclusivenews.com.br\\\/\",\"logo\":{\"@type\":\"ImageObject\",\"inLanguage\":\"pt-PT\",\"@id\":\"https:\\\/\\\/inclusivenews.com.br\\\/#\\\/schema\\\/logo\\\/image\\\/\",\"url\":\"https:\\\/\\\/inclusivenews.com.br\\\/wp-content\\\/uploads\\\/2024\\\/03\\\/@grandesite.png\",\"contentUrl\":\"https:\\\/\\\/inclusivenews.com.br\\\/wp-content\\\/uploads\\\/2024\\\/03\\\/@grandesite.png\",\"width\":1080,\"height\":1080,\"caption\":\"Inclusive - inclus\u00e3o e cidadania\"},\"image\":{\"@id\":\"https:\\\/\\\/inclusivenews.com.br\\\/#\\\/schema\\\/logo\\\/image\\\/\"},\"sameAs\":[\"https:\\\/\\\/www.facebook.com\\\/agenciainclusive\\\/\",\"https:\\\/\\\/www.instagram.com\\\/newsinclusive\\\/\"]},{\"@type\":\"Person\",\"@id\":\"https:\\\/\\\/inclusivenews.com.br\\\/#\\\/schema\\\/person\\\/ae4ec7087559b8692fb33b6fffd2273b\",\"name\":\"inclusivenews2024\",\"image\":{\"@type\":\"ImageObject\",\"inLanguage\":\"pt-PT\",\"@id\":\"https:\\\/\\\/secure.gravatar.com\\\/avatar\\\/c5a7ef84c66fa914f55bc4f7ce26cfa275a3b9a1c5568b907bd184fb4dde7b40?s=96&d=mm&r=g\",\"url\":\"https:\\\/\\\/secure.gravatar.com\\\/avatar\\\/c5a7ef84c66fa914f55bc4f7ce26cfa275a3b9a1c5568b907bd184fb4dde7b40?s=96&d=mm&r=g\",\"contentUrl\":\"https:\\\/\\\/secure.gravatar.com\\\/avatar\\\/c5a7ef84c66fa914f55bc4f7ce26cfa275a3b9a1c5568b907bd184fb4dde7b40?s=96&d=mm&r=g\",\"caption\":\"inclusivenews2024\"},\"sameAs\":[\"https:\\\/\\\/inclusivenews.com.br\"],\"url\":\"https:\\\/\\\/inclusivenews.com.br\\\/?author=1\"}]}<\/script>\n<!-- \/ Yoast SEO plugin. -->","yoast_head_json":{"title":"CNE revisa diretrizes curriculares para educa\u00e7\u00e3o infantil -","robots":{"index":"index","follow":"follow","max-snippet":"max-snippet:-1","max-image-preview":"max-image-preview:large","max-video-preview":"max-video-preview:-1"},"canonical":"https:\/\/inclusivenews.com.br\/?p=12205","og_locale":"pt_PT","og_type":"article","og_title":"CNE revisa diretrizes curriculares para educa\u00e7\u00e3o infantil -","og_description":"Por Talita Mochiute, do Aprendiz Qual \u00e9 a especificidade do trabalho educativo na primeira etapa da educa\u00e7\u00e3o b\u00e1sica? Como a amplia\u00e7\u00e3o do Ensino Fundamental para nove anos interfere no papel da Educa\u00e7\u00e3o Infantil? Qual \u00e9 a rela\u00e7\u00e3o da Educa\u00e7\u00e3o Infantil com as diversidades? S\u00e3o algumas quest\u00f5es presentes no debate sobre a elabora\u00e7\u00e3o das novas Diretrizes [&hellip;]","og_url":"https:\/\/inclusivenews.com.br\/?p=12205","article_publisher":"https:\/\/www.facebook.com\/agenciainclusive\/","article_published_time":"2009-10-29T11:02:52+00:00","og_image":[{"url":"http:\/\/www.envolverde.com.br\/fotos\/64986.jpg","type":"","width":"","height":""}],"author":"inclusivenews2024","twitter_card":"summary_large_image","twitter_misc":{"Escrito por":"inclusivenews2024","Tempo estimado de leitura":"6 minutos"},"schema":{"@context":"https:\/\/schema.org","@graph":[{"@type":"Article","@id":"https:\/\/inclusivenews.com.br\/?p=12205#article","isPartOf":{"@id":"https:\/\/inclusivenews.com.br\/?p=12205"},"author":{"name":"inclusivenews2024","@id":"https:\/\/inclusivenews.com.br\/#\/schema\/person\/ae4ec7087559b8692fb33b6fffd2273b"},"headline":"CNE revisa diretrizes curriculares para educa\u00e7\u00e3o infantil","datePublished":"2009-10-29T11:02:52+00:00","mainEntityOfPage":{"@id":"https:\/\/inclusivenews.com.br\/?p=12205"},"wordCount":1146,"commentCount":0,"publisher":{"@id":"https:\/\/inclusivenews.com.br\/#organization"},"image":{"@id":"https:\/\/inclusivenews.com.br\/?p=12205#primaryimage"},"thumbnailUrl":"http:\/\/www.envolverde.com.br\/fotos\/64986.jpg","articleSection":["EDUCA\u00c7\u00c3O","NOT\u00cdCIAS"],"inLanguage":"pt-PT","potentialAction":[{"@type":"CommentAction","name":"Comment","target":["https:\/\/inclusivenews.com.br\/?p=12205#respond"]}]},{"@type":"WebPage","@id":"https:\/\/inclusivenews.com.br\/?p=12205","url":"https:\/\/inclusivenews.com.br\/?p=12205","name":"CNE revisa diretrizes curriculares para educa\u00e7\u00e3o infantil -","isPartOf":{"@id":"https:\/\/inclusivenews.com.br\/#website"},"primaryImageOfPage":{"@id":"https:\/\/inclusivenews.com.br\/?p=12205#primaryimage"},"image":{"@id":"https:\/\/inclusivenews.com.br\/?p=12205#primaryimage"},"thumbnailUrl":"http:\/\/www.envolverde.com.br\/fotos\/64986.jpg","datePublished":"2009-10-29T11:02:52+00:00","breadcrumb":{"@id":"https:\/\/inclusivenews.com.br\/?p=12205#breadcrumb"},"inLanguage":"pt-PT","potentialAction":[{"@type":"ReadAction","target":["https:\/\/inclusivenews.com.br\/?p=12205"]}]},{"@type":"ImageObject","inLanguage":"pt-PT","@id":"https:\/\/inclusivenews.com.br\/?p=12205#primaryimage","url":"http:\/\/www.envolverde.com.br\/fotos\/64986.jpg","contentUrl":"http:\/\/www.envolverde.com.br\/fotos\/64986.jpg"},{"@type":"BreadcrumbList","@id":"https:\/\/inclusivenews.com.br\/?p=12205#breadcrumb","itemListElement":[{"@type":"ListItem","position":1,"name":"In\u00edcio","item":"https:\/\/inclusivenews.com.br\/"},{"@type":"ListItem","position":2,"name":"CNE revisa diretrizes curriculares para educa\u00e7\u00e3o infantil"}]},{"@type":"WebSite","@id":"https:\/\/inclusivenews.com.br\/#website","url":"https:\/\/inclusivenews.com.br\/","name":"Inclusive News","description":"Inclusive News","publisher":{"@id":"https:\/\/inclusivenews.com.br\/#organization"},"potentialAction":[{"@type":"SearchAction","target":{"@type":"EntryPoint","urlTemplate":"https:\/\/inclusivenews.com.br\/?s={search_term_string}"},"query-input":{"@type":"PropertyValueSpecification","valueRequired":true,"valueName":"search_term_string"}}],"inLanguage":"pt-PT"},{"@type":"Organization","@id":"https:\/\/inclusivenews.com.br\/#organization","name":"Inclusive - inclus\u00e3o e cidadania","url":"https:\/\/inclusivenews.com.br\/","logo":{"@type":"ImageObject","inLanguage":"pt-PT","@id":"https:\/\/inclusivenews.com.br\/#\/schema\/logo\/image\/","url":"https:\/\/inclusivenews.com.br\/wp-content\/uploads\/2024\/03\/@grandesite.png","contentUrl":"https:\/\/inclusivenews.com.br\/wp-content\/uploads\/2024\/03\/@grandesite.png","width":1080,"height":1080,"caption":"Inclusive - inclus\u00e3o e cidadania"},"image":{"@id":"https:\/\/inclusivenews.com.br\/#\/schema\/logo\/image\/"},"sameAs":["https:\/\/www.facebook.com\/agenciainclusive\/","https:\/\/www.instagram.com\/newsinclusive\/"]},{"@type":"Person","@id":"https:\/\/inclusivenews.com.br\/#\/schema\/person\/ae4ec7087559b8692fb33b6fffd2273b","name":"inclusivenews2024","image":{"@type":"ImageObject","inLanguage":"pt-PT","@id":"https:\/\/secure.gravatar.com\/avatar\/c5a7ef84c66fa914f55bc4f7ce26cfa275a3b9a1c5568b907bd184fb4dde7b40?s=96&d=mm&r=g","url":"https:\/\/secure.gravatar.com\/avatar\/c5a7ef84c66fa914f55bc4f7ce26cfa275a3b9a1c5568b907bd184fb4dde7b40?s=96&d=mm&r=g","contentUrl":"https:\/\/secure.gravatar.com\/avatar\/c5a7ef84c66fa914f55bc4f7ce26cfa275a3b9a1c5568b907bd184fb4dde7b40?s=96&d=mm&r=g","caption":"inclusivenews2024"},"sameAs":["https:\/\/inclusivenews.com.br"],"url":"https:\/\/inclusivenews.com.br\/?author=1"}]}},"_links":{"self":[{"href":"https:\/\/inclusivenews.com.br\/index.php?rest_route=\/wp\/v2\/posts\/12205","targetHints":{"allow":["GET"]}}],"collection":[{"href":"https:\/\/inclusivenews.com.br\/index.php?rest_route=\/wp\/v2\/posts"}],"about":[{"href":"https:\/\/inclusivenews.com.br\/index.php?rest_route=\/wp\/v2\/types\/post"}],"author":[{"embeddable":true,"href":"https:\/\/inclusivenews.com.br\/index.php?rest_route=\/wp\/v2\/users\/1"}],"replies":[{"embeddable":true,"href":"https:\/\/inclusivenews.com.br\/index.php?rest_route=%2Fwp%2Fv2%2Fcomments&post=12205"}],"version-history":[{"count":0,"href":"https:\/\/inclusivenews.com.br\/index.php?rest_route=\/wp\/v2\/posts\/12205\/revisions"}],"wp:attachment":[{"href":"https:\/\/inclusivenews.com.br\/index.php?rest_route=%2Fwp%2Fv2%2Fmedia&parent=12205"}],"wp:term":[{"taxonomy":"category","embeddable":true,"href":"https:\/\/inclusivenews.com.br\/index.php?rest_route=%2Fwp%2Fv2%2Fcategories&post=12205"},{"taxonomy":"post_tag","embeddable":true,"href":"https:\/\/inclusivenews.com.br\/index.php?rest_route=%2Fwp%2Fv2%2Ftags&post=12205"}],"curies":[{"name":"wp","href":"https:\/\/api.w.org\/{rel}","templated":true}]}}