{"id":12207,"date":"2009-10-28T09:01:18","date_gmt":"2009-10-28T12:01:18","guid":{"rendered":"http:\/\/www.inclusive.org.br\/?p=12207"},"modified":"2009-10-28T09:01:18","modified_gmt":"2009-10-28T12:01:18","slug":"fantasias-caleidoscopicas","status":"publish","type":"post","link":"https:\/\/inclusivenews.com.br\/?p=12207","title":{"rendered":"Fantasias caleidosc\u00f3picas"},"content":{"rendered":"<p><strong><a rel=\"attachment wp-att-12021\" href=\"http:\/\/www.inclusive.org.br\/?attachment_id=12021\"><img loading=\"lazy\" decoding=\"async\" class=\"alignleft size-full wp-image-12021\" title=\"Fotografia de Leandra Certeza.\" src=\"http:\/\/inclusivenews.com.br\/wp-content\/uploads\/2009\/07\/Leandra_Certeza.jpg\" alt=\"Fotografia de Leandra Certeza.\" width=\"151\" height=\"223\" \/><\/a>por Leandra Migotto Certeza*<\/strong><\/p>\n<p style=\"text-align:justify;\">\u00c9 um projeto de pesquisa que busca retratar a imagem (na maioria das vezes, preconceituosa) que a sociedade tem em rela\u00e7\u00e3o \u00e0 sexualidade das pessoas com defici\u00eancia, e desmistific\u00e1-la por meio de um ensaio fotogr\u00e1fico sensual; exposi\u00e7\u00e3o itinerante; duas publica\u00e7\u00f5es com entrevistas, depoimentos, ilustra\u00e7\u00f5es e artigos; e oficinas educativas interativas sobre sa\u00fade sexual, em institui\u00e7\u00f5es de ensino e centros culturais pelo Brasil, e pa\u00edses interessados em receber o projeto.<\/p>\n<p style=\"text-align: justify;\">Pessoas com defici\u00eancia f\u00edsica, visual, auditiva, intelectual, m\u00faltipla e\/ou surdocegueira, sejam elas: jovens; idosas; gestantes; obesas; casais homossexuais e\/ou heterossexuais; de v\u00e1rias etnias e classes sociais foram convidadas pela fot\u00f3grafa Vera Albuquerque, junto com a jornalista,<br \/>\nLeandra Migotto Certeza a mostrarem sua beleza e sensualidade.<\/p>\n<p style=\"text-align: justify;\">Para a fot\u00f3grafa, questiona-se, assim, o padr\u00e3o de beleza &#8211; institu\u00eddo pelos meios de comunica\u00e7\u00e3o e pela moral dominante &#8211; ressaltando a possibilidade de uma democratiza\u00e7\u00e3o do prazer, uma igualdade de direitos sexuais, uma disposi\u00e7\u00e3o das mentes (e dos cora\u00e7\u00f5es) contra os ju\u00edzos pr\u00e9vios e os preconceitos.<\/p>\n<p style=\"text-align: justify;\">Para a jornalista, dar voz \u00e0s imagens \u00e9 t\u00e3o importante quanto o registro fotogr\u00e1fico, pois \u00e9 interessante conhecer as hist\u00f3rias de vida dessas pessoas, que em sua maioria ainda s\u00e3o bem pouco ouvidas. O enfoque est\u00e1 na arte e na educa\u00e7\u00e3o como agentes transformadores da realidade, aliados \u00e0 palavra, como testemunha dos fastos e detentora de um poder de mudan\u00e7a na sociedade.<\/p>\n<p style=\"text-align: justify;\">A exposi\u00e7\u00e3o ser\u00e1 totalmente acess\u00edvel: com piso podot\u00e1til, cat\u00e1logos em Braille e em formato digital para pessoas com defici\u00eancia visual; int\u00e9rpretes de LIBRAS \u2013 L\u00edngua Brasileira de Sinais para pessoas com defici\u00eancia auditiva; entre outros recursos. As publica\u00e7\u00f5es e as oficinas tamb\u00e9m ser\u00e3o totalmente acess\u00edveis para todas as pessoas com defici\u00eancia, produzidas e ministradas por esses profissionais.<\/p>\n<p style=\"text-align: justify;\">Toda a renda obtida com a venda das duas publica\u00e7\u00f5es e as oficinas ser\u00e1 destinada, exclusivamente, \u00e0s institui\u00e7\u00f5es n\u00e3o governamentais id\u00f4neas brasileiras, que proporcionam oportunidades de inclus\u00e3o na sociedade \u00e0s pessoas com defici\u00eancia, por meio de atividades art\u00edsticas e educacionais.<\/p>\n<p style=\"text-align: justify;\">\u00c1 convite da Associa\u00e7\u00e3o Internacional para o Estudo da Sexualidade, Cultura e Sociedade, as primeiras nove fotos foram expostas no 6\u00ba Congresso Internacional Prazeres D\u00eas-Organizados \u2013 Corpos, Direitos e Culturas em Transforma\u00e7\u00e3o, em Lima no Peru, em junho de 2007. O projeto ficou em segundo lugar (categoria p\u00f4ster) na premia\u00e7\u00e3o do congresso!!<\/p>\n<p style=\"text-align: justify;\">\u00c1 convite do Minist\u00e9rio da Sa\u00fade, o projeto Fantasias Caleidosc\u00f3picas tamb\u00e9m foi apresentado no &#8220;I Semin\u00e1rio Nacional de Sa\u00fade: Direitos Sexuais e Reprodutivos e Pessoas com Defici\u00eancia&#8221;, em Bras\u00edlia, em mar\u00e7o de 2009. Em virtude deste semin\u00e1rio, a TV Brasil &#8211; www.tvbrasil.org.br fez uma reportagem sobre a Sexualidade da Pessoa com Defici\u00eancia e entrevistou Leandra Migotto Certeza.<\/p>\n<p style=\"text-align: justify;\">Hoje as idealizadoras de Fantasias Caleidosc\u00f3picas buscam patroc\u00ednios, apoios e\/ou parcerias (cotas ou integral) de empresas particulares ou p\u00fablicas; institui\u00e7\u00f5es de ensino e\/ou n\u00e3o governamentais (nacionais e\/ou internacionais) para viabilizar a realiza\u00e7\u00e3o completa do ensaio (cach\u00ea para as pessoas fotografas, transporte, estadia e todos os gastos com a produ\u00e7\u00e3o das fotos); montagem da exposi\u00e7\u00e3o acess\u00edvel; produ\u00e7\u00e3o das duas publica\u00e7\u00f5es tamb\u00e9m acess\u00edveis; e custos das oficinas, ministradas por educadores com defici\u00eancia, em escolas p\u00fablicas e privadas, universidades; al\u00e9m de centros culturais.<\/p>\n<p>Mais informa\u00e7\u00f5es sobre o projeto no link:<br \/>\n<a href=\"http:\/\/www.sxpolitics.org\/mambo452\/index.php?option=com_content&amp;task=view&amp;id=135\" target=\"_blank\" rel=\"noopener\">http:\/\/www.sxpolitics.org\/mambo452\/index.php?option=com_content&amp;task=view&amp;id=135 <img loading=\"lazy\" decoding=\"async\" title=\"Link abrir\u00e1 em uma nova janela ou aba.\" src=\"http:\/\/www.inclusive.org.br\/images\/new_window.gif\" alt=\"Link abrir\u00e1 em uma nova janela ou aba.\" width=\"16\" height=\"14\" \/><\/a><\/p>\n<p>Contatos com as idealizadoras do projeto:<\/p>\n<p>Leandra Migotto Certeza \u2013 Jornalista &#8211; Tel: (11) 3453-5370 ou 8697-9067.<br \/>\nE-mail: <a href=\"mailto:leandramigottocerteza@gmail.com\">leandramigottocerteza@gmail.com<\/a><br \/>\nBLOG: <a href=\"http:\/\/leandramigottocerteza.blogspot.com\/ \" target=\"_blank\" rel=\"noopener\">http:\/\/leandramigottocerteza.blogspot.com\/ <img loading=\"lazy\" decoding=\"async\" title=\"Link abrir\u00e1 em uma nova janela ou aba.\" src=\"http:\/\/www.inclusive.org.br\/images\/new_window.gif\" alt=\"Link abrir\u00e1 em uma nova janela ou aba.\" width=\"16\" height=\"14\" \/><\/a><br \/>\nVera Albuquerque \u2013 Fot\u00f3grafa \u2013 E-mail: <a href=\"mailto:vera_foto@yahoo.com.br\">vera_foto@yahoo.com.br<\/a><\/p>\n<p>Tamb\u00e9m publicado na <a href=\"http:\/\/www.saci.org.br\/index.php?modulo=akemi&amp;parametro=25435\" target=\"_blank\" rel=\"noopener\">Rede Saci. <img loading=\"lazy\" decoding=\"async\" title=\"Link abrir\u00e1 em uma nova janela ou aba.\" src=\"http:\/\/www.inclusive.org.br\/images\/new_window.gif\" alt=\"Link abrir\u00e1 em uma nova janela ou aba.\" width=\"16\" height=\"14\" \/><\/a><\/p>\n<p>________________________<\/p>\n<p><span style=\"text-decoration: underline;\"><strong>Sobre a autora:<\/strong> <\/span><\/p>\n<p><em>Leandra Migotto Certeza, jornalista da Caleidosc\u00f3pio Comunica\u00e7\u00f5es, rep\u00f3rter volunt\u00e1ria da Rede Saci &#8211;<a href=\"http:\/\/ www.saci.org.br\" target=\"_blank\" rel=\"noopener\"> www.saci.org.br  www.saci.org.br<\/a>; ativista em direitos humanos das pessoas com defici\u00eancia da <a href=\"http:\/\/www.conectas.org\" target=\"_blank\" rel=\"noopener\">www.conectas.org <img loading=\"lazy\" decoding=\"async\" title=\"Link abrir\u00e1 em uma nova janela ou aba.\" src=\"http:\/\/www.inclusive.org.br\/images\/new_window.gif\" alt=\"Link abrir\u00e1 em uma nova janela ou aba.\" width=\"16\" height=\"14\" \/><\/a>, e volunt\u00e1ria da Associa\u00e7\u00e3o Brasileira de Osteogenesis Imperfecta &#8211; <a href=\"http:\/\/www.aboi.org.br\" target=\"_blank\" rel=\"noopener\">www.aboi.org.br <img loading=\"lazy\" decoding=\"async\" title=\"Link abrir\u00e1 em uma nova janela ou aba.\" src=\"http:\/\/www.inclusive.org.br\/images\/new_window.gif\" alt=\"Link abrir\u00e1 em uma nova janela ou aba.\" width=\"16\" height=\"14\" \/><\/a>, e autora do Blog Caleidosc\u00f3pio &#8211; <a href=\"http:\/\/leandramigottocerteza.blogspot.com\" target=\"_blank\" rel=\"noopener\">http:\/\/leandramigottocerteza.blogspot.com <img loading=\"lazy\" decoding=\"async\" title=\"Link abrir\u00e1 em uma nova janela ou aba.\" src=\"http:\/\/www.inclusive.org.br\/images\/new_window.gif\" alt=\"Link abrir\u00e1 em uma nova janela ou aba.\" width=\"16\" height=\"14\" \/><\/a> .Tels: 55 (11) 3453-5370 \u2013 Cel:  55 (11) 8697-9067  55 \u00a0(seg. \u00e0 sext. das 9hs \u00e0s 20hs).<\/em><\/p>\n<p><em>Curr\u00edculo:<br \/>\n<a href=\"http:\/\/lattes.cnpq.br\/5381513499006912\" target=\"_blank\" rel=\"noopener\">http:\/\/lattes.cnpq.br\/5381513499006912 <img loading=\"lazy\" decoding=\"async\" title=\"Link abrir\u00e1 em uma nova janela ou aba.\" src=\"http:\/\/www.inclusive.org.br\/images\/new_window.gif\" alt=\"Link abrir\u00e1 em uma nova janela ou aba.\" width=\"16\" height=\"14\" \/><\/a><\/em><\/p>\n<p><em>Portif\u00f3lio:<\/em><br \/>\n<a href=\"http:\/\/sentidos.uol.com.br\/admin\/leandra\/\" target=\"_blank\" rel=\"noopener\">http:\/\/sentidos.uol.com.br\/admin\/leandra\/ <img loading=\"lazy\" decoding=\"async\" title=\"Link abrir\u00e1 em uma nova janela ou aba.\" src=\"http:\/\/www.inclusive.org.br\/images\/new_window.gif\" alt=\"Link abrir\u00e1 em uma nova janela ou aba.\" width=\"16\" height=\"14\" \/><\/a><br \/>\n<a href=\"http:\/\/www.saci.org.br\/index.php?modulo=busca&amp;parametro=Leandra&amp;page=1&amp;limit=10&amp;classificacao=\" target=\"_blank\" rel=\"noopener\">http:\/\/www.saci.org.br\/index.php?modulo=busca&amp;parametro=Leandra&amp;page=1&amp;limit=10&amp;classificacao= <img loading=\"lazy\" decoding=\"async\" title=\"Link abrir\u00e1 em uma nova janela ou aba.\" src=\"http:\/\/www.inclusive.org.br\/images\/new_window.gif\" alt=\"Link abrir\u00e1 em uma nova janela ou aba.\" width=\"16\" height=\"14\" \/><\/a><\/p>\n<p><em>\u201cO verdadeiro revolucion\u00e1rio \u00e9 movido por grandes sentimentos de amor\u201d<br \/>\nChe Guevara\u201cEnquanto houver injusti\u00e7a e mis\u00e9ria, todo homem deve ser um revoltado\u201d<br \/>\nAlbert Camus<\/em><\/p>\n<p><em> <\/em><\/p>\n","protected":false},"excerpt":{"rendered":"<p>\u00c9 um projeto de pesquisa que busca retratar a imagem (na maioria das vezes, preconceituosa) que a sociedade tem em rela\u00e7\u00e3o \u00e0 sexualidade das pessoas com defici\u00eancia, e desmistific\u00e1-la por meio de um ensaio fotogr\u00e1fico sensua<\/p>\n","protected":false},"author":1,"featured_media":0,"comment_status":"open","ping_status":"open","sticky":false,"template":"","format":"standard","meta":{"site-container-style":"default","site-container-layout":"default","site-sidebar-layout":"default","disable-article-header":"default","disable-site-header":"default","disable-site-footer":"default","disable-content-area-spacing":"default","footnotes":""},"categories":[36,8],"tags":[45],"class_list":["post-12207","post","type-post","status-publish","format-standard","hentry","category-colunas-especiais","category-textos-e-artigos","tag-caleidoscopio"],"yoast_head":"<!-- This site is optimized with the Yoast SEO plugin v27.4 - https:\/\/yoast.com\/product\/yoast-seo-wordpress\/ -->\n<title>Fantasias caleidosc\u00f3picas -<\/title>\n<meta name=\"robots\" content=\"index, follow, max-snippet:-1, max-image-preview:large, max-video-preview:-1\" \/>\n<link rel=\"canonical\" href=\"https:\/\/inclusivenews.com.br\/?p=12207\" \/>\n<meta property=\"og:locale\" content=\"pt_PT\" \/>\n<meta property=\"og:type\" content=\"article\" \/>\n<meta property=\"og:title\" content=\"Fantasias caleidosc\u00f3picas -\" \/>\n<meta property=\"og:description\" content=\"\u00c9 um projeto de pesquisa que busca retratar a imagem (na maioria das vezes, preconceituosa) que a sociedade tem em rela\u00e7\u00e3o \u00e0 sexualidade das pessoas com defici\u00eancia, e desmistific\u00e1-la por meio de um ensaio fotogr\u00e1fico sensua\" \/>\n<meta property=\"og:url\" content=\"https:\/\/inclusivenews.com.br\/?p=12207\" \/>\n<meta property=\"article:publisher\" content=\"https:\/\/www.facebook.com\/agenciainclusive\/\" \/>\n<meta property=\"article:published_time\" content=\"2009-10-28T12:01:18+00:00\" \/>\n<meta property=\"og:image\" content=\"http:\/\/inclusivenews.com.br\/wp-content\/uploads\/2009\/07\/Leandra_Certeza.jpg\" \/>\n<meta name=\"author\" content=\"inclusivenews2024\" \/>\n<meta name=\"twitter:card\" content=\"summary_large_image\" \/>\n<meta name=\"twitter:label1\" content=\"Escrito por\" \/>\n\t<meta name=\"twitter:data1\" content=\"inclusivenews2024\" \/>\n\t<meta name=\"twitter:label2\" content=\"Tempo estimado de leitura\" \/>\n\t<meta name=\"twitter:data2\" content=\"4 minutos\" \/>\n<script type=\"application\/ld+json\" class=\"yoast-schema-graph\">{\"@context\":\"https:\\\/\\\/schema.org\",\"@graph\":[{\"@type\":\"Article\",\"@id\":\"https:\\\/\\\/inclusivenews.com.br\\\/?p=12207#article\",\"isPartOf\":{\"@id\":\"https:\\\/\\\/inclusivenews.com.br\\\/?p=12207\"},\"author\":{\"name\":\"inclusivenews2024\",\"@id\":\"https:\\\/\\\/inclusivenews.com.br\\\/#\\\/schema\\\/person\\\/ae4ec7087559b8692fb33b6fffd2273b\"},\"headline\":\"Fantasias caleidosc\u00f3picas\",\"datePublished\":\"2009-10-28T12:01:18+00:00\",\"mainEntityOfPage\":{\"@id\":\"https:\\\/\\\/inclusivenews.com.br\\\/?p=12207\"},\"wordCount\":794,\"commentCount\":0,\"publisher\":{\"@id\":\"https:\\\/\\\/inclusivenews.com.br\\\/#organization\"},\"image\":{\"@id\":\"https:\\\/\\\/inclusivenews.com.br\\\/?p=12207#primaryimage\"},\"thumbnailUrl\":\"http:\\\/\\\/inclusivenews.com.br\\\/wp-content\\\/uploads\\\/2009\\\/07\\\/Leandra_Certeza.jpg\",\"keywords\":[\"Caleidosc\u00f3pio\"],\"articleSection\":[\"Colunas especiais\",\"OPINI\u00c3O\"],\"inLanguage\":\"pt-PT\",\"potentialAction\":[{\"@type\":\"CommentAction\",\"name\":\"Comment\",\"target\":[\"https:\\\/\\\/inclusivenews.com.br\\\/?p=12207#respond\"]}]},{\"@type\":\"WebPage\",\"@id\":\"https:\\\/\\\/inclusivenews.com.br\\\/?p=12207\",\"url\":\"https:\\\/\\\/inclusivenews.com.br\\\/?p=12207\",\"name\":\"Fantasias caleidosc\u00f3picas -\",\"isPartOf\":{\"@id\":\"https:\\\/\\\/inclusivenews.com.br\\\/#website\"},\"primaryImageOfPage\":{\"@id\":\"https:\\\/\\\/inclusivenews.com.br\\\/?p=12207#primaryimage\"},\"image\":{\"@id\":\"https:\\\/\\\/inclusivenews.com.br\\\/?p=12207#primaryimage\"},\"thumbnailUrl\":\"http:\\\/\\\/inclusivenews.com.br\\\/wp-content\\\/uploads\\\/2009\\\/07\\\/Leandra_Certeza.jpg\",\"datePublished\":\"2009-10-28T12:01:18+00:00\",\"breadcrumb\":{\"@id\":\"https:\\\/\\\/inclusivenews.com.br\\\/?p=12207#breadcrumb\"},\"inLanguage\":\"pt-PT\",\"potentialAction\":[{\"@type\":\"ReadAction\",\"target\":[\"https:\\\/\\\/inclusivenews.com.br\\\/?p=12207\"]}]},{\"@type\":\"ImageObject\",\"inLanguage\":\"pt-PT\",\"@id\":\"https:\\\/\\\/inclusivenews.com.br\\\/?p=12207#primaryimage\",\"url\":\"https:\\\/\\\/inclusivenews.com.br\\\/wp-content\\\/uploads\\\/2009\\\/07\\\/Leandra_Certeza.jpg\",\"contentUrl\":\"https:\\\/\\\/inclusivenews.com.br\\\/wp-content\\\/uploads\\\/2009\\\/07\\\/Leandra_Certeza.jpg\",\"width\":151,\"height\":223},{\"@type\":\"BreadcrumbList\",\"@id\":\"https:\\\/\\\/inclusivenews.com.br\\\/?p=12207#breadcrumb\",\"itemListElement\":[{\"@type\":\"ListItem\",\"position\":1,\"name\":\"In\u00edcio\",\"item\":\"https:\\\/\\\/inclusivenews.com.br\\\/\"},{\"@type\":\"ListItem\",\"position\":2,\"name\":\"Fantasias caleidosc\u00f3picas\"}]},{\"@type\":\"WebSite\",\"@id\":\"https:\\\/\\\/inclusivenews.com.br\\\/#website\",\"url\":\"https:\\\/\\\/inclusivenews.com.br\\\/\",\"name\":\"Inclusive News\",\"description\":\"Inclusive News\",\"publisher\":{\"@id\":\"https:\\\/\\\/inclusivenews.com.br\\\/#organization\"},\"potentialAction\":[{\"@type\":\"SearchAction\",\"target\":{\"@type\":\"EntryPoint\",\"urlTemplate\":\"https:\\\/\\\/inclusivenews.com.br\\\/?s={search_term_string}\"},\"query-input\":{\"@type\":\"PropertyValueSpecification\",\"valueRequired\":true,\"valueName\":\"search_term_string\"}}],\"inLanguage\":\"pt-PT\"},{\"@type\":\"Organization\",\"@id\":\"https:\\\/\\\/inclusivenews.com.br\\\/#organization\",\"name\":\"Inclusive - inclus\u00e3o e cidadania\",\"url\":\"https:\\\/\\\/inclusivenews.com.br\\\/\",\"logo\":{\"@type\":\"ImageObject\",\"inLanguage\":\"pt-PT\",\"@id\":\"https:\\\/\\\/inclusivenews.com.br\\\/#\\\/schema\\\/logo\\\/image\\\/\",\"url\":\"https:\\\/\\\/inclusivenews.com.br\\\/wp-content\\\/uploads\\\/2024\\\/03\\\/@grandesite.png\",\"contentUrl\":\"https:\\\/\\\/inclusivenews.com.br\\\/wp-content\\\/uploads\\\/2024\\\/03\\\/@grandesite.png\",\"width\":1080,\"height\":1080,\"caption\":\"Inclusive - inclus\u00e3o e cidadania\"},\"image\":{\"@id\":\"https:\\\/\\\/inclusivenews.com.br\\\/#\\\/schema\\\/logo\\\/image\\\/\"},\"sameAs\":[\"https:\\\/\\\/www.facebook.com\\\/agenciainclusive\\\/\",\"https:\\\/\\\/www.instagram.com\\\/newsinclusive\\\/\"]},{\"@type\":\"Person\",\"@id\":\"https:\\\/\\\/inclusivenews.com.br\\\/#\\\/schema\\\/person\\\/ae4ec7087559b8692fb33b6fffd2273b\",\"name\":\"inclusivenews2024\",\"image\":{\"@type\":\"ImageObject\",\"inLanguage\":\"pt-PT\",\"@id\":\"https:\\\/\\\/secure.gravatar.com\\\/avatar\\\/c5a7ef84c66fa914f55bc4f7ce26cfa275a3b9a1c5568b907bd184fb4dde7b40?s=96&d=mm&r=g\",\"url\":\"https:\\\/\\\/secure.gravatar.com\\\/avatar\\\/c5a7ef84c66fa914f55bc4f7ce26cfa275a3b9a1c5568b907bd184fb4dde7b40?s=96&d=mm&r=g\",\"contentUrl\":\"https:\\\/\\\/secure.gravatar.com\\\/avatar\\\/c5a7ef84c66fa914f55bc4f7ce26cfa275a3b9a1c5568b907bd184fb4dde7b40?s=96&d=mm&r=g\",\"caption\":\"inclusivenews2024\"},\"sameAs\":[\"https:\\\/\\\/inclusivenews.com.br\"],\"url\":\"https:\\\/\\\/inclusivenews.com.br\\\/?author=1\"}]}<\/script>\n<!-- \/ Yoast SEO plugin. -->","yoast_head_json":{"title":"Fantasias caleidosc\u00f3picas -","robots":{"index":"index","follow":"follow","max-snippet":"max-snippet:-1","max-image-preview":"max-image-preview:large","max-video-preview":"max-video-preview:-1"},"canonical":"https:\/\/inclusivenews.com.br\/?p=12207","og_locale":"pt_PT","og_type":"article","og_title":"Fantasias caleidosc\u00f3picas -","og_description":"\u00c9 um projeto de pesquisa que busca retratar a imagem (na maioria das vezes, preconceituosa) que a sociedade tem em rela\u00e7\u00e3o \u00e0 sexualidade das pessoas com defici\u00eancia, e desmistific\u00e1-la por meio de um ensaio fotogr\u00e1fico sensua","og_url":"https:\/\/inclusivenews.com.br\/?p=12207","article_publisher":"https:\/\/www.facebook.com\/agenciainclusive\/","article_published_time":"2009-10-28T12:01:18+00:00","og_image":[{"url":"http:\/\/inclusivenews.com.br\/wp-content\/uploads\/2009\/07\/Leandra_Certeza.jpg","type":"","width":"","height":""}],"author":"inclusivenews2024","twitter_card":"summary_large_image","twitter_misc":{"Escrito por":"inclusivenews2024","Tempo estimado de leitura":"4 minutos"},"schema":{"@context":"https:\/\/schema.org","@graph":[{"@type":"Article","@id":"https:\/\/inclusivenews.com.br\/?p=12207#article","isPartOf":{"@id":"https:\/\/inclusivenews.com.br\/?p=12207"},"author":{"name":"inclusivenews2024","@id":"https:\/\/inclusivenews.com.br\/#\/schema\/person\/ae4ec7087559b8692fb33b6fffd2273b"},"headline":"Fantasias caleidosc\u00f3picas","datePublished":"2009-10-28T12:01:18+00:00","mainEntityOfPage":{"@id":"https:\/\/inclusivenews.com.br\/?p=12207"},"wordCount":794,"commentCount":0,"publisher":{"@id":"https:\/\/inclusivenews.com.br\/#organization"},"image":{"@id":"https:\/\/inclusivenews.com.br\/?p=12207#primaryimage"},"thumbnailUrl":"http:\/\/inclusivenews.com.br\/wp-content\/uploads\/2009\/07\/Leandra_Certeza.jpg","keywords":["Caleidosc\u00f3pio"],"articleSection":["Colunas especiais","OPINI\u00c3O"],"inLanguage":"pt-PT","potentialAction":[{"@type":"CommentAction","name":"Comment","target":["https:\/\/inclusivenews.com.br\/?p=12207#respond"]}]},{"@type":"WebPage","@id":"https:\/\/inclusivenews.com.br\/?p=12207","url":"https:\/\/inclusivenews.com.br\/?p=12207","name":"Fantasias caleidosc\u00f3picas -","isPartOf":{"@id":"https:\/\/inclusivenews.com.br\/#website"},"primaryImageOfPage":{"@id":"https:\/\/inclusivenews.com.br\/?p=12207#primaryimage"},"image":{"@id":"https:\/\/inclusivenews.com.br\/?p=12207#primaryimage"},"thumbnailUrl":"http:\/\/inclusivenews.com.br\/wp-content\/uploads\/2009\/07\/Leandra_Certeza.jpg","datePublished":"2009-10-28T12:01:18+00:00","breadcrumb":{"@id":"https:\/\/inclusivenews.com.br\/?p=12207#breadcrumb"},"inLanguage":"pt-PT","potentialAction":[{"@type":"ReadAction","target":["https:\/\/inclusivenews.com.br\/?p=12207"]}]},{"@type":"ImageObject","inLanguage":"pt-PT","@id":"https:\/\/inclusivenews.com.br\/?p=12207#primaryimage","url":"https:\/\/inclusivenews.com.br\/wp-content\/uploads\/2009\/07\/Leandra_Certeza.jpg","contentUrl":"https:\/\/inclusivenews.com.br\/wp-content\/uploads\/2009\/07\/Leandra_Certeza.jpg","width":151,"height":223},{"@type":"BreadcrumbList","@id":"https:\/\/inclusivenews.com.br\/?p=12207#breadcrumb","itemListElement":[{"@type":"ListItem","position":1,"name":"In\u00edcio","item":"https:\/\/inclusivenews.com.br\/"},{"@type":"ListItem","position":2,"name":"Fantasias caleidosc\u00f3picas"}]},{"@type":"WebSite","@id":"https:\/\/inclusivenews.com.br\/#website","url":"https:\/\/inclusivenews.com.br\/","name":"Inclusive News","description":"Inclusive News","publisher":{"@id":"https:\/\/inclusivenews.com.br\/#organization"},"potentialAction":[{"@type":"SearchAction","target":{"@type":"EntryPoint","urlTemplate":"https:\/\/inclusivenews.com.br\/?s={search_term_string}"},"query-input":{"@type":"PropertyValueSpecification","valueRequired":true,"valueName":"search_term_string"}}],"inLanguage":"pt-PT"},{"@type":"Organization","@id":"https:\/\/inclusivenews.com.br\/#organization","name":"Inclusive - inclus\u00e3o e cidadania","url":"https:\/\/inclusivenews.com.br\/","logo":{"@type":"ImageObject","inLanguage":"pt-PT","@id":"https:\/\/inclusivenews.com.br\/#\/schema\/logo\/image\/","url":"https:\/\/inclusivenews.com.br\/wp-content\/uploads\/2024\/03\/@grandesite.png","contentUrl":"https:\/\/inclusivenews.com.br\/wp-content\/uploads\/2024\/03\/@grandesite.png","width":1080,"height":1080,"caption":"Inclusive - inclus\u00e3o e cidadania"},"image":{"@id":"https:\/\/inclusivenews.com.br\/#\/schema\/logo\/image\/"},"sameAs":["https:\/\/www.facebook.com\/agenciainclusive\/","https:\/\/www.instagram.com\/newsinclusive\/"]},{"@type":"Person","@id":"https:\/\/inclusivenews.com.br\/#\/schema\/person\/ae4ec7087559b8692fb33b6fffd2273b","name":"inclusivenews2024","image":{"@type":"ImageObject","inLanguage":"pt-PT","@id":"https:\/\/secure.gravatar.com\/avatar\/c5a7ef84c66fa914f55bc4f7ce26cfa275a3b9a1c5568b907bd184fb4dde7b40?s=96&d=mm&r=g","url":"https:\/\/secure.gravatar.com\/avatar\/c5a7ef84c66fa914f55bc4f7ce26cfa275a3b9a1c5568b907bd184fb4dde7b40?s=96&d=mm&r=g","contentUrl":"https:\/\/secure.gravatar.com\/avatar\/c5a7ef84c66fa914f55bc4f7ce26cfa275a3b9a1c5568b907bd184fb4dde7b40?s=96&d=mm&r=g","caption":"inclusivenews2024"},"sameAs":["https:\/\/inclusivenews.com.br"],"url":"https:\/\/inclusivenews.com.br\/?author=1"}]}},"_links":{"self":[{"href":"https:\/\/inclusivenews.com.br\/index.php?rest_route=\/wp\/v2\/posts\/12207","targetHints":{"allow":["GET"]}}],"collection":[{"href":"https:\/\/inclusivenews.com.br\/index.php?rest_route=\/wp\/v2\/posts"}],"about":[{"href":"https:\/\/inclusivenews.com.br\/index.php?rest_route=\/wp\/v2\/types\/post"}],"author":[{"embeddable":true,"href":"https:\/\/inclusivenews.com.br\/index.php?rest_route=\/wp\/v2\/users\/1"}],"replies":[{"embeddable":true,"href":"https:\/\/inclusivenews.com.br\/index.php?rest_route=%2Fwp%2Fv2%2Fcomments&post=12207"}],"version-history":[{"count":0,"href":"https:\/\/inclusivenews.com.br\/index.php?rest_route=\/wp\/v2\/posts\/12207\/revisions"}],"wp:attachment":[{"href":"https:\/\/inclusivenews.com.br\/index.php?rest_route=%2Fwp%2Fv2%2Fmedia&parent=12207"}],"wp:term":[{"taxonomy":"category","embeddable":true,"href":"https:\/\/inclusivenews.com.br\/index.php?rest_route=%2Fwp%2Fv2%2Fcategories&post=12207"},{"taxonomy":"post_tag","embeddable":true,"href":"https:\/\/inclusivenews.com.br\/index.php?rest_route=%2Fwp%2Fv2%2Ftags&post=12207"}],"curies":[{"name":"wp","href":"https:\/\/api.w.org\/{rel}","templated":true}]}}