{"id":12209,"date":"2009-10-26T20:53:44","date_gmt":"2009-10-26T23:53:44","guid":{"rendered":"http:\/\/www.inclusive.org.br\/?p=12209"},"modified":"2009-10-26T20:53:44","modified_gmt":"2009-10-26T23:53:44","slug":"a-convencao-sobre-os-direitos-humanos-das-pessoas-com-deficiencia-comentada-2%c2%aa-ed","status":"publish","type":"post","link":"https:\/\/inclusivenews.com.br\/?p=12209","title":{"rendered":"A Conven\u00e7\u00e3o sobre os Direitos Humanos das Pessoas com Defici\u00eancia comentada &#8211; 2\u00aa ed."},"content":{"rendered":"<p><a href=\"http:\/\/www.inclusive.org.br\/?attachment_id=12210\" rel=\"attachment wp-att-12210\"><img loading=\"lazy\" decoding=\"async\" class=\"size-full wp-image-12210\" title=\"Capa da publica\u00e7\u00e3o, onde v\u00ea-se bandeiras de v\u00e1rios pa\u00edses, represnetando a fachada da ONU.\" alt=\"Capa da publica\u00e7\u00e3o, onde v\u00ea-se bandeiras de v\u00e1rios pa\u00edses, represnetando a fachada da ONU.\" src=\"http:\/\/inclusivenews.com.br\/wp-content\/uploads\/2009\/10\/capa_convencao.jpg\" width=\"134\" height=\"176\" \/><\/a><\/p>\n<p style=\"text-align: justify;\">Fa\u00e7a aqui o download da 2\u00aa. ed. revista da\u00a0Conven\u00e7\u00e3o sobre os Direitos Humanos das Pessoas com Defici\u00eancia, editada em 2008 pela CORDE &#8211; SEDH.<\/p>\n<p style=\"text-align: justify;\">Organizada pela Ana Paula Crosara Resende e pela Flavia Maria de Paiva Vital e editada pela CORDE \u2013 Coordenadoria Nacional para Integra\u00e7\u00e3o da Pessoa Portadora de Defici\u00eancia, esta publica\u00e7\u00e3o traz os 50 artigos da Convem\u00e7\u00e3o comentados por estudiosos e especialistas no assunto.<\/p>\n<p><a href=\"http:\/\/www.cuiaba.mt.gov.br\/storage\/webdisco\/2015\/05\/04\/outros\/91d970de410406a1c1f513113be6800e.pdf\"><\/p>\n<p style=\"text-align: justify;\">Fa\u00e7a o download na \u00edntegra.<\/p>\n<p><\/a><\/p>\n<p style=\"text-align: justify;\">Leia abaixo a Introdu\u00e7\u00e3o da publica\u00e7\u00e3o, escrita por suas organizadoras.<\/p>\n<p style=\"text-align: justify;\">&#8220;Segundo o Censo 2000 do Instituto Brasileiro de Geografia e Estat\u00edstica &#8211; IBGE, aproximadamente 25 milh\u00f5es de brasileiros declararam possuir alguma defici\u00eancia, o que significou um salto de 1,41% em 1991 para 14,5% da popula\u00e7\u00e3o. A principal raz\u00e3o para o grande aumento no n\u00famero de pessoas com defici\u00eancia \u00e9 a altera\u00e7\u00e3o dos instrumentos de coleta de informa\u00e7\u00f5es, incluindo o modelo social.<\/p>\n<p style=\"text-align: justify;\">Por outro lado, a popula\u00e7\u00e3o com defici\u00eancia no Brasil tem crescido em decorr\u00eancia do aumento na expectativa de vida da popula\u00e7\u00e3o, e da viol\u00eancia urbana (assaltos, viol\u00eancia no tr\u00e2nsito, entre outros motivos), alterando paulatinamente o perfil desta popula\u00e7\u00e3o que, anteriormente, era o de defici\u00eancias geradas por doen\u00e7as.<\/p>\n<p style=\"text-align: justify;\">Apesar do Brasil, ser um dos poucos pa\u00edses, menos de 50 no mundo, que t\u00eam uma legisla\u00e7\u00e3o espec\u00edfica para este expressivo contingente populacional, ampla e avan\u00e7ada em rela\u00e7\u00e3o \u00e0s demais, continuam \u00e0s pessoas com defici\u00eancia a compor as percentagens mais elevadas das estat\u00edsticas de exclus\u00e3o social.<\/p>\n<p style=\"text-align: justify;\">Para corroborar esta afirma\u00e7\u00e3o basta proceder a an\u00e1lise da baixa presen\u00e7a de pessoas com defici\u00eancia em setores b\u00e1sicos que promovem inclus\u00e3o formado pelo acesso a escola, pelo acesso ao trabalho, pelo acesso ao meio urbano e rural, aos transportes e pelo acesso aos servi\u00e7os de sa\u00fade e reabilita\u00e7\u00e3o. A pobreza e a marginaliza\u00e7\u00e3o social agem de forma mais cruel sobre as pessoas com defici\u00eancia. Como conseq\u00fc\u00eancia, a redu\u00e7\u00e3o da pobreza tamb\u00e9m deve ser considerada nas pol\u00edticas p\u00fablicas que ser\u00e3o implementadas, como um elemento de redu\u00e7\u00e3o de desigualdade ou de promo\u00e7\u00e3o da igualdade plena e efetiva.<\/p>\n<p style=\"text-align: justify;\">O momento pol\u00edtico atual de di\u00e1logo, pactua\u00e7\u00e3o de pol\u00edticas e de um ambiente prop\u00edcio a efetiva\u00e7\u00e3o dos direitos das pessoas com defici\u00eancia exige um trabalho urgente de aprofundamento em rela\u00e7\u00e3o as quest\u00f5es sociais, econ\u00f4micas e pol\u00edticas, para sustentar a capacidade de intervir e propor solu\u00e7\u00f5es efetivas de inclus\u00e3o nos mais diversos campos da realiza\u00e7\u00e3o da cidadania desta expressiva parcela do povo brasileiro.<\/p>\n<p style=\"text-align: justify;\">Neste contexto, o movimento em defesa dos direitos humanos e de vida independente assume o papel de ser um indutor das transforma\u00e7\u00f5es sociais visando caminhar para uma sociedade inclusiva.<\/p>\n<p style=\"text-align: justify;\">Este trabalho prop\u00f5e reflex\u00f5es e an\u00e1lises dos fatores determinantes que comp\u00f5em o panorama da realidade s\u00f3cio-econ\u00f4mica brasileira e a\u00e7\u00f5es capazes de efetivarem a Conven\u00e7\u00e3o sobre os Direitos das Pessoas com Defici\u00eancia na vida di\u00e1ria da popula\u00e7\u00e3o brasileira.<\/p>\n<p style=\"text-align: justify;\">Esta colet\u00e2nea de coment\u00e1rios foi organizada para motivar discuss\u00f5es sobre os diversos temas abordados nesta Conven\u00e7\u00e3o; \u00e9 uma ferramenta para disseminar seu conte\u00fado para a popula\u00e7\u00e3o, e em especial \u00e0s pessoas com defici\u00eancia.<\/p>\n<p style=\"text-align: justify;\">Os coment\u00e1rios aqui apresentados foram escritos por especialistas das mais diversas \u00e1reas profissionais, principalmente de inclus\u00e3o e vida independente, que t\u00eam compromisso com a promo\u00e7\u00e3o da qualidade de vida e da dignidade das pessoas com defici\u00eancia.<\/p>\n<p style=\"text-align: justify;\">Temos a convic\u00e7\u00e3o que com o exerc\u00edcio do conhecimento podemos tirar novas conclus\u00f5es, fazer novas infer\u00eancias, agregar novas informa\u00e7\u00f5es, reformular significados. Ao exercitar o conhecimento, ele se consolida e cresce.<\/p>\n<p style=\"text-align: justify;\">Este \u00e9 o in\u00edcio de um processo que necessitar\u00e1 um grande esfor\u00e7o de todos para vivermos plenamente um mundo poss\u00edvel: a sociedade inclusiva. Esperamos com os coment\u00e1rios aqui apresentados, despertar voc\u00ea leitor\/a<br \/>\npara refletir sobre a import\u00e2ncia desta tem\u00e1tica.&#8221;<\/p>\n","protected":false},"excerpt":{"rendered":"<p>Fa\u00e7a aqui o download da 2\u00aa. ed. revista da\u00a0Conven\u00e7\u00e3o sobre os Direitos Humanos das Pessoas com Defici\u00eancia, editada em 2008 pela CORDE &#8211; SEDH. Organizada pela Ana Paula Crosara Resende e pela Flavia Maria de Paiva Vital e editada pela CORDE \u2013 Coordenadoria Nacional para Integra\u00e7\u00e3o da Pessoa Portadora de Defici\u00eancia, esta publica\u00e7\u00e3o traz os [&hellip;]<\/p>\n","protected":false},"author":1,"featured_media":0,"comment_status":"open","ping_status":"open","sticky":false,"template":"","format":"standard","meta":{"site-container-style":"default","site-container-layout":"default","site-sidebar-layout":"default","disable-article-header":"default","disable-site-header":"default","disable-site-footer":"default","disable-content-area-spacing":"default","footnotes":""},"categories":[36,38,11,52,48,51,10],"tags":[],"class_list":["post-12209","post","type-post","status-publish","format-standard","hentry","category-colunas-especiais","category-deficiencia","category-direitos-humanos","category-downloadables","category-inclusao","category-livros","category-publicacoes"],"yoast_head":"<!-- This site is optimized with the Yoast SEO plugin v27.4 - https:\/\/yoast.com\/product\/yoast-seo-wordpress\/ -->\n<title>A Conven\u00e7\u00e3o sobre os Direitos Humanos das Pessoas com Defici\u00eancia comentada - 2\u00aa ed. -<\/title>\n<meta name=\"robots\" content=\"index, follow, max-snippet:-1, max-image-preview:large, max-video-preview:-1\" \/>\n<link rel=\"canonical\" href=\"https:\/\/inclusivenews.com.br\/?p=12209\" \/>\n<meta property=\"og:locale\" content=\"pt_PT\" \/>\n<meta property=\"og:type\" content=\"article\" \/>\n<meta property=\"og:title\" content=\"A Conven\u00e7\u00e3o sobre os Direitos Humanos das Pessoas com Defici\u00eancia comentada - 2\u00aa ed. -\" \/>\n<meta property=\"og:description\" content=\"Fa\u00e7a aqui o download da 2\u00aa. ed. revista da\u00a0Conven\u00e7\u00e3o sobre os Direitos Humanos das Pessoas com Defici\u00eancia, editada em 2008 pela CORDE &#8211; SEDH. Organizada pela Ana Paula Crosara Resende e pela Flavia Maria de Paiva Vital e editada pela CORDE \u2013 Coordenadoria Nacional para Integra\u00e7\u00e3o da Pessoa Portadora de Defici\u00eancia, esta publica\u00e7\u00e3o traz os [&hellip;]\" \/>\n<meta property=\"og:url\" content=\"https:\/\/inclusivenews.com.br\/?p=12209\" \/>\n<meta property=\"article:publisher\" content=\"https:\/\/www.facebook.com\/agenciainclusive\/\" \/>\n<meta property=\"article:published_time\" content=\"2009-10-26T23:53:44+00:00\" \/>\n<meta property=\"og:image\" content=\"http:\/\/inclusivenews.com.br\/wp-content\/uploads\/2009\/10\/capa_convencao.jpg\" \/>\n<meta name=\"author\" content=\"inclusivenews2024\" \/>\n<meta name=\"twitter:card\" content=\"summary_large_image\" \/>\n<meta name=\"twitter:label1\" content=\"Escrito por\" \/>\n\t<meta name=\"twitter:data1\" content=\"inclusivenews2024\" \/>\n\t<meta name=\"twitter:label2\" content=\"Tempo estimado de leitura\" \/>\n\t<meta name=\"twitter:data2\" content=\"3 minutos\" \/>\n<script type=\"application\/ld+json\" class=\"yoast-schema-graph\">{\"@context\":\"https:\\\/\\\/schema.org\",\"@graph\":[{\"@type\":\"Article\",\"@id\":\"https:\\\/\\\/inclusivenews.com.br\\\/?p=12209#article\",\"isPartOf\":{\"@id\":\"https:\\\/\\\/inclusivenews.com.br\\\/?p=12209\"},\"author\":{\"name\":\"inclusivenews2024\",\"@id\":\"https:\\\/\\\/inclusivenews.com.br\\\/#\\\/schema\\\/person\\\/ae4ec7087559b8692fb33b6fffd2273b\"},\"headline\":\"A Conven\u00e7\u00e3o sobre os Direitos Humanos das Pessoas com Defici\u00eancia comentada &#8211; 2\u00aa ed.\",\"datePublished\":\"2009-10-26T23:53:44+00:00\",\"mainEntityOfPage\":{\"@id\":\"https:\\\/\\\/inclusivenews.com.br\\\/?p=12209\"},\"wordCount\":706,\"commentCount\":1,\"publisher\":{\"@id\":\"https:\\\/\\\/inclusivenews.com.br\\\/#organization\"},\"image\":{\"@id\":\"https:\\\/\\\/inclusivenews.com.br\\\/?p=12209#primaryimage\"},\"thumbnailUrl\":\"http:\\\/\\\/inclusivenews.com.br\\\/wp-content\\\/uploads\\\/2009\\\/10\\\/capa_convencao.jpg\",\"articleSection\":[\"Colunas especiais\",\"Defici\u00eancia\",\"DIREITOS HUMANOS\",\"Downloadables\",\"INCLUS\u00c3O SOCIAL\",\"Livros\",\"PUBLICA\u00c7\u00d5ES\"],\"inLanguage\":\"pt-PT\",\"potentialAction\":[{\"@type\":\"CommentAction\",\"name\":\"Comment\",\"target\":[\"https:\\\/\\\/inclusivenews.com.br\\\/?p=12209#respond\"]}]},{\"@type\":\"WebPage\",\"@id\":\"https:\\\/\\\/inclusivenews.com.br\\\/?p=12209\",\"url\":\"https:\\\/\\\/inclusivenews.com.br\\\/?p=12209\",\"name\":\"A Conven\u00e7\u00e3o sobre os Direitos Humanos das Pessoas com Defici\u00eancia comentada - 2\u00aa ed. -\",\"isPartOf\":{\"@id\":\"https:\\\/\\\/inclusivenews.com.br\\\/#website\"},\"primaryImageOfPage\":{\"@id\":\"https:\\\/\\\/inclusivenews.com.br\\\/?p=12209#primaryimage\"},\"image\":{\"@id\":\"https:\\\/\\\/inclusivenews.com.br\\\/?p=12209#primaryimage\"},\"thumbnailUrl\":\"http:\\\/\\\/inclusivenews.com.br\\\/wp-content\\\/uploads\\\/2009\\\/10\\\/capa_convencao.jpg\",\"datePublished\":\"2009-10-26T23:53:44+00:00\",\"breadcrumb\":{\"@id\":\"https:\\\/\\\/inclusivenews.com.br\\\/?p=12209#breadcrumb\"},\"inLanguage\":\"pt-PT\",\"potentialAction\":[{\"@type\":\"ReadAction\",\"target\":[\"https:\\\/\\\/inclusivenews.com.br\\\/?p=12209\"]}]},{\"@type\":\"ImageObject\",\"inLanguage\":\"pt-PT\",\"@id\":\"https:\\\/\\\/inclusivenews.com.br\\\/?p=12209#primaryimage\",\"url\":\"https:\\\/\\\/inclusivenews.com.br\\\/wp-content\\\/uploads\\\/2009\\\/10\\\/capa_convencao.jpg\",\"contentUrl\":\"https:\\\/\\\/inclusivenews.com.br\\\/wp-content\\\/uploads\\\/2009\\\/10\\\/capa_convencao.jpg\",\"width\":224,\"height\":294,\"caption\":\"Capa da CDPCD, com as bandeiras dos pa\u00edses como na fachada da ONU\"},{\"@type\":\"BreadcrumbList\",\"@id\":\"https:\\\/\\\/inclusivenews.com.br\\\/?p=12209#breadcrumb\",\"itemListElement\":[{\"@type\":\"ListItem\",\"position\":1,\"name\":\"In\u00edcio\",\"item\":\"https:\\\/\\\/inclusivenews.com.br\\\/\"},{\"@type\":\"ListItem\",\"position\":2,\"name\":\"A Conven\u00e7\u00e3o sobre os Direitos Humanos das Pessoas com Defici\u00eancia comentada &#8211; 2\u00aa ed.\"}]},{\"@type\":\"WebSite\",\"@id\":\"https:\\\/\\\/inclusivenews.com.br\\\/#website\",\"url\":\"https:\\\/\\\/inclusivenews.com.br\\\/\",\"name\":\"Inclusive News\",\"description\":\"Inclusive News\",\"publisher\":{\"@id\":\"https:\\\/\\\/inclusivenews.com.br\\\/#organization\"},\"potentialAction\":[{\"@type\":\"SearchAction\",\"target\":{\"@type\":\"EntryPoint\",\"urlTemplate\":\"https:\\\/\\\/inclusivenews.com.br\\\/?s={search_term_string}\"},\"query-input\":{\"@type\":\"PropertyValueSpecification\",\"valueRequired\":true,\"valueName\":\"search_term_string\"}}],\"inLanguage\":\"pt-PT\"},{\"@type\":\"Organization\",\"@id\":\"https:\\\/\\\/inclusivenews.com.br\\\/#organization\",\"name\":\"Inclusive - inclus\u00e3o e cidadania\",\"url\":\"https:\\\/\\\/inclusivenews.com.br\\\/\",\"logo\":{\"@type\":\"ImageObject\",\"inLanguage\":\"pt-PT\",\"@id\":\"https:\\\/\\\/inclusivenews.com.br\\\/#\\\/schema\\\/logo\\\/image\\\/\",\"url\":\"https:\\\/\\\/inclusivenews.com.br\\\/wp-content\\\/uploads\\\/2024\\\/03\\\/@grandesite.png\",\"contentUrl\":\"https:\\\/\\\/inclusivenews.com.br\\\/wp-content\\\/uploads\\\/2024\\\/03\\\/@grandesite.png\",\"width\":1080,\"height\":1080,\"caption\":\"Inclusive - inclus\u00e3o e cidadania\"},\"image\":{\"@id\":\"https:\\\/\\\/inclusivenews.com.br\\\/#\\\/schema\\\/logo\\\/image\\\/\"},\"sameAs\":[\"https:\\\/\\\/www.facebook.com\\\/agenciainclusive\\\/\",\"https:\\\/\\\/www.instagram.com\\\/newsinclusive\\\/\"]},{\"@type\":\"Person\",\"@id\":\"https:\\\/\\\/inclusivenews.com.br\\\/#\\\/schema\\\/person\\\/ae4ec7087559b8692fb33b6fffd2273b\",\"name\":\"inclusivenews2024\",\"image\":{\"@type\":\"ImageObject\",\"inLanguage\":\"pt-PT\",\"@id\":\"https:\\\/\\\/secure.gravatar.com\\\/avatar\\\/c5a7ef84c66fa914f55bc4f7ce26cfa275a3b9a1c5568b907bd184fb4dde7b40?s=96&d=mm&r=g\",\"url\":\"https:\\\/\\\/secure.gravatar.com\\\/avatar\\\/c5a7ef84c66fa914f55bc4f7ce26cfa275a3b9a1c5568b907bd184fb4dde7b40?s=96&d=mm&r=g\",\"contentUrl\":\"https:\\\/\\\/secure.gravatar.com\\\/avatar\\\/c5a7ef84c66fa914f55bc4f7ce26cfa275a3b9a1c5568b907bd184fb4dde7b40?s=96&d=mm&r=g\",\"caption\":\"inclusivenews2024\"},\"sameAs\":[\"https:\\\/\\\/inclusivenews.com.br\"],\"url\":\"https:\\\/\\\/inclusivenews.com.br\\\/?author=1\"}]}<\/script>\n<!-- \/ Yoast SEO plugin. -->","yoast_head_json":{"title":"A Conven\u00e7\u00e3o sobre os Direitos Humanos das Pessoas com Defici\u00eancia comentada - 2\u00aa ed. -","robots":{"index":"index","follow":"follow","max-snippet":"max-snippet:-1","max-image-preview":"max-image-preview:large","max-video-preview":"max-video-preview:-1"},"canonical":"https:\/\/inclusivenews.com.br\/?p=12209","og_locale":"pt_PT","og_type":"article","og_title":"A Conven\u00e7\u00e3o sobre os Direitos Humanos das Pessoas com Defici\u00eancia comentada - 2\u00aa ed. -","og_description":"Fa\u00e7a aqui o download da 2\u00aa. ed. revista da\u00a0Conven\u00e7\u00e3o sobre os Direitos Humanos das Pessoas com Defici\u00eancia, editada em 2008 pela CORDE &#8211; SEDH. Organizada pela Ana Paula Crosara Resende e pela Flavia Maria de Paiva Vital e editada pela CORDE \u2013 Coordenadoria Nacional para Integra\u00e7\u00e3o da Pessoa Portadora de Defici\u00eancia, esta publica\u00e7\u00e3o traz os [&hellip;]","og_url":"https:\/\/inclusivenews.com.br\/?p=12209","article_publisher":"https:\/\/www.facebook.com\/agenciainclusive\/","article_published_time":"2009-10-26T23:53:44+00:00","og_image":[{"url":"http:\/\/inclusivenews.com.br\/wp-content\/uploads\/2009\/10\/capa_convencao.jpg","type":"","width":"","height":""}],"author":"inclusivenews2024","twitter_card":"summary_large_image","twitter_misc":{"Escrito por":"inclusivenews2024","Tempo estimado de leitura":"3 minutos"},"schema":{"@context":"https:\/\/schema.org","@graph":[{"@type":"Article","@id":"https:\/\/inclusivenews.com.br\/?p=12209#article","isPartOf":{"@id":"https:\/\/inclusivenews.com.br\/?p=12209"},"author":{"name":"inclusivenews2024","@id":"https:\/\/inclusivenews.com.br\/#\/schema\/person\/ae4ec7087559b8692fb33b6fffd2273b"},"headline":"A Conven\u00e7\u00e3o sobre os Direitos Humanos das Pessoas com Defici\u00eancia comentada &#8211; 2\u00aa ed.","datePublished":"2009-10-26T23:53:44+00:00","mainEntityOfPage":{"@id":"https:\/\/inclusivenews.com.br\/?p=12209"},"wordCount":706,"commentCount":1,"publisher":{"@id":"https:\/\/inclusivenews.com.br\/#organization"},"image":{"@id":"https:\/\/inclusivenews.com.br\/?p=12209#primaryimage"},"thumbnailUrl":"http:\/\/inclusivenews.com.br\/wp-content\/uploads\/2009\/10\/capa_convencao.jpg","articleSection":["Colunas especiais","Defici\u00eancia","DIREITOS HUMANOS","Downloadables","INCLUS\u00c3O SOCIAL","Livros","PUBLICA\u00c7\u00d5ES"],"inLanguage":"pt-PT","potentialAction":[{"@type":"CommentAction","name":"Comment","target":["https:\/\/inclusivenews.com.br\/?p=12209#respond"]}]},{"@type":"WebPage","@id":"https:\/\/inclusivenews.com.br\/?p=12209","url":"https:\/\/inclusivenews.com.br\/?p=12209","name":"A Conven\u00e7\u00e3o sobre os Direitos Humanos das Pessoas com Defici\u00eancia comentada - 2\u00aa ed. -","isPartOf":{"@id":"https:\/\/inclusivenews.com.br\/#website"},"primaryImageOfPage":{"@id":"https:\/\/inclusivenews.com.br\/?p=12209#primaryimage"},"image":{"@id":"https:\/\/inclusivenews.com.br\/?p=12209#primaryimage"},"thumbnailUrl":"http:\/\/inclusivenews.com.br\/wp-content\/uploads\/2009\/10\/capa_convencao.jpg","datePublished":"2009-10-26T23:53:44+00:00","breadcrumb":{"@id":"https:\/\/inclusivenews.com.br\/?p=12209#breadcrumb"},"inLanguage":"pt-PT","potentialAction":[{"@type":"ReadAction","target":["https:\/\/inclusivenews.com.br\/?p=12209"]}]},{"@type":"ImageObject","inLanguage":"pt-PT","@id":"https:\/\/inclusivenews.com.br\/?p=12209#primaryimage","url":"https:\/\/inclusivenews.com.br\/wp-content\/uploads\/2009\/10\/capa_convencao.jpg","contentUrl":"https:\/\/inclusivenews.com.br\/wp-content\/uploads\/2009\/10\/capa_convencao.jpg","width":224,"height":294,"caption":"Capa da CDPCD, com as bandeiras dos pa\u00edses como na fachada da ONU"},{"@type":"BreadcrumbList","@id":"https:\/\/inclusivenews.com.br\/?p=12209#breadcrumb","itemListElement":[{"@type":"ListItem","position":1,"name":"In\u00edcio","item":"https:\/\/inclusivenews.com.br\/"},{"@type":"ListItem","position":2,"name":"A Conven\u00e7\u00e3o sobre os Direitos Humanos das Pessoas com Defici\u00eancia comentada &#8211; 2\u00aa ed."}]},{"@type":"WebSite","@id":"https:\/\/inclusivenews.com.br\/#website","url":"https:\/\/inclusivenews.com.br\/","name":"Inclusive News","description":"Inclusive News","publisher":{"@id":"https:\/\/inclusivenews.com.br\/#organization"},"potentialAction":[{"@type":"SearchAction","target":{"@type":"EntryPoint","urlTemplate":"https:\/\/inclusivenews.com.br\/?s={search_term_string}"},"query-input":{"@type":"PropertyValueSpecification","valueRequired":true,"valueName":"search_term_string"}}],"inLanguage":"pt-PT"},{"@type":"Organization","@id":"https:\/\/inclusivenews.com.br\/#organization","name":"Inclusive - inclus\u00e3o e cidadania","url":"https:\/\/inclusivenews.com.br\/","logo":{"@type":"ImageObject","inLanguage":"pt-PT","@id":"https:\/\/inclusivenews.com.br\/#\/schema\/logo\/image\/","url":"https:\/\/inclusivenews.com.br\/wp-content\/uploads\/2024\/03\/@grandesite.png","contentUrl":"https:\/\/inclusivenews.com.br\/wp-content\/uploads\/2024\/03\/@grandesite.png","width":1080,"height":1080,"caption":"Inclusive - inclus\u00e3o e cidadania"},"image":{"@id":"https:\/\/inclusivenews.com.br\/#\/schema\/logo\/image\/"},"sameAs":["https:\/\/www.facebook.com\/agenciainclusive\/","https:\/\/www.instagram.com\/newsinclusive\/"]},{"@type":"Person","@id":"https:\/\/inclusivenews.com.br\/#\/schema\/person\/ae4ec7087559b8692fb33b6fffd2273b","name":"inclusivenews2024","image":{"@type":"ImageObject","inLanguage":"pt-PT","@id":"https:\/\/secure.gravatar.com\/avatar\/c5a7ef84c66fa914f55bc4f7ce26cfa275a3b9a1c5568b907bd184fb4dde7b40?s=96&d=mm&r=g","url":"https:\/\/secure.gravatar.com\/avatar\/c5a7ef84c66fa914f55bc4f7ce26cfa275a3b9a1c5568b907bd184fb4dde7b40?s=96&d=mm&r=g","contentUrl":"https:\/\/secure.gravatar.com\/avatar\/c5a7ef84c66fa914f55bc4f7ce26cfa275a3b9a1c5568b907bd184fb4dde7b40?s=96&d=mm&r=g","caption":"inclusivenews2024"},"sameAs":["https:\/\/inclusivenews.com.br"],"url":"https:\/\/inclusivenews.com.br\/?author=1"}]}},"_links":{"self":[{"href":"https:\/\/inclusivenews.com.br\/index.php?rest_route=\/wp\/v2\/posts\/12209","targetHints":{"allow":["GET"]}}],"collection":[{"href":"https:\/\/inclusivenews.com.br\/index.php?rest_route=\/wp\/v2\/posts"}],"about":[{"href":"https:\/\/inclusivenews.com.br\/index.php?rest_route=\/wp\/v2\/types\/post"}],"author":[{"embeddable":true,"href":"https:\/\/inclusivenews.com.br\/index.php?rest_route=\/wp\/v2\/users\/1"}],"replies":[{"embeddable":true,"href":"https:\/\/inclusivenews.com.br\/index.php?rest_route=%2Fwp%2Fv2%2Fcomments&post=12209"}],"version-history":[{"count":0,"href":"https:\/\/inclusivenews.com.br\/index.php?rest_route=\/wp\/v2\/posts\/12209\/revisions"}],"wp:attachment":[{"href":"https:\/\/inclusivenews.com.br\/index.php?rest_route=%2Fwp%2Fv2%2Fmedia&parent=12209"}],"wp:term":[{"taxonomy":"category","embeddable":true,"href":"https:\/\/inclusivenews.com.br\/index.php?rest_route=%2Fwp%2Fv2%2Fcategories&post=12209"},{"taxonomy":"post_tag","embeddable":true,"href":"https:\/\/inclusivenews.com.br\/index.php?rest_route=%2Fwp%2Fv2%2Ftags&post=12209"}],"curies":[{"name":"wp","href":"https:\/\/api.w.org\/{rel}","templated":true}]}}