{"id":12232,"date":"2009-10-28T22:02:10","date_gmt":"2009-10-29T01:02:10","guid":{"rendered":"http:\/\/www.inclusive.org.br\/?p=12232"},"modified":"2009-10-28T22:02:10","modified_gmt":"2009-10-29T01:02:10","slug":"cidadania-desta-semana-debate-programa-mesa-brasil-sesc","status":"publish","type":"post","link":"https:\/\/inclusivenews.com.br\/?p=12232","title":{"rendered":"Cidadania desta semana debate programa Mesa Brasil Sesc"},"content":{"rendered":"<p style=\"text-align: justify;\"><span> <\/span><\/p>\n<figure style=\"width: 190px\" class=\"wp-caption alignleft\"><img loading=\"lazy\" decoding=\"async\" title=\"Ilustra\u00e7\u00e3o Televis\u00e3o\" src=\"http:\/\/1.bp.blogspot.com\/_LTQJhEsniMA\/Sg7JR4SBHfI\/AAAAAAAAArA\/CHFg9G6FWGI\/s400\/Cartoon_TV_Lamp.jpg\" alt=\"Na imagem, uma ilustra\u00e7\u00e3o de um TV\" width=\"190\" height=\"190\" \/><figcaption class=\"wp-caption-text\">Na imagem, uma ilustra\u00e7\u00e3o de um TV<\/figcaption><\/figure>\n<p style=\"text-align: justify;\">Um semin\u00e1rio promovido pela Federa\u00e7\u00e3o dos Empregados em Servi\u00e7os de Sa\u00fade do Estado do Rio Grande do Sul vai discutir importantes quest\u00f5es sobre a participa\u00e7\u00e3o dos negros na sociedade brasileira. Mercado de trabalho, cotas nas universidades e programa de sa\u00fade p\u00fablica s\u00e3o alguns dos temas do encontro analisados no programa Cidadania transmitido pela TVE, no Rio Grande do Sul, nesta quarta-feira, 28, \u00e0s 23h10. Os convidados s\u00e3o o Presidente da Federa\u00e7\u00e3o dos Empregados em Servi\u00e7os de Sa\u00fade do Estado do Rio Grande do Sul (FEESERS), cientista pol\u00edtico Milton Kempfer,\u00a0 e o coordenador do grupo de trabalho \u2018Negros, Hist\u00f3ria, Cultura e Sociedade\u2019 da Associa\u00e7\u00e3o Nacional de Hist\u00f3ria, historiador Arilson dos Santos Gomes.<\/p>\n<p style=\"text-align: justify;\"><span>Cidadania tamb\u00e9m abordar\u00e1 o\u00a0 programa Mesa Brasil do Sesc que, al\u00e9m de reduzir o desperd\u00edcio de alimentos, promove a coleta e distribui\u00e7\u00e3o desses a uma rede de parceiros. Como entrevistados a nutricionista Denise Seidler e o coordenador do projeto Mesa Brasil do Sesc\/RS, Alexandre Dar\u00e9.<\/span><\/p>\n<p style=\"text-align: justify;\"><strong><span>__________________<\/span><\/strong><\/p>\n<p style=\"text-align: justify;\"><span><strong>Fonte de informa\u00e7\u00e3o<\/strong>: Pauta Social<br \/>\n<\/span><\/p>\n","protected":false},"excerpt":{"rendered":"<p>Um semin\u00e1rio promovido pela Federa\u00e7\u00e3o dos Empregados em Servi\u00e7os de Sa\u00fade do Estado do Rio Grande do Sul vai discutir importantes quest\u00f5es sobre a participa\u00e7\u00e3o dos negros na sociedade brasileira. <\/p>\n","protected":false},"author":1,"featured_media":0,"comment_status":"open","ping_status":"open","sticky":false,"template":"","format":"standard","meta":{"site-container-style":"default","site-container-layout":"default","site-sidebar-layout":"default","disable-article-header":"default","disable-site-header":"default","disable-site-footer":"default","disable-content-area-spacing":"default","footnotes":""},"categories":[4],"tags":[],"class_list":["post-12232","post","type-post","status-publish","format-standard","hentry","category-noticias"],"yoast_head":"<!-- This site is optimized with the Yoast SEO plugin v27.4 - https:\/\/yoast.com\/product\/yoast-seo-wordpress\/ -->\n<title>Cidadania desta semana debate programa Mesa Brasil Sesc -<\/title>\n<meta name=\"robots\" content=\"index, follow, max-snippet:-1, max-image-preview:large, max-video-preview:-1\" \/>\n<link rel=\"canonical\" href=\"https:\/\/inclusivenews.com.br\/?p=12232\" \/>\n<meta property=\"og:locale\" content=\"pt_PT\" \/>\n<meta property=\"og:type\" content=\"article\" \/>\n<meta property=\"og:title\" content=\"Cidadania desta semana debate programa Mesa Brasil Sesc -\" \/>\n<meta property=\"og:description\" content=\"Um semin\u00e1rio promovido pela Federa\u00e7\u00e3o dos Empregados em Servi\u00e7os de Sa\u00fade do Estado do Rio Grande do Sul vai discutir importantes quest\u00f5es sobre a participa\u00e7\u00e3o dos negros na sociedade brasileira.\" \/>\n<meta property=\"og:url\" content=\"https:\/\/inclusivenews.com.br\/?p=12232\" \/>\n<meta property=\"article:publisher\" content=\"https:\/\/www.facebook.com\/agenciainclusive\/\" \/>\n<meta property=\"article:published_time\" content=\"2009-10-29T01:02:10+00:00\" \/>\n<meta property=\"og:image\" content=\"http:\/\/1.bp.blogspot.com\/_LTQJhEsniMA\/Sg7JR4SBHfI\/AAAAAAAAArA\/CHFg9G6FWGI\/s400\/Cartoon_TV_Lamp.jpg\" \/>\n<meta name=\"author\" content=\"inclusivenews2024\" \/>\n<meta name=\"twitter:card\" content=\"summary_large_image\" \/>\n<meta name=\"twitter:label1\" content=\"Escrito por\" \/>\n\t<meta name=\"twitter:data1\" content=\"inclusivenews2024\" \/>\n\t<meta name=\"twitter:label2\" content=\"Tempo estimado de leitura\" \/>\n\t<meta name=\"twitter:data2\" content=\"1 minuto\" \/>\n<script type=\"application\/ld+json\" class=\"yoast-schema-graph\">{\"@context\":\"https:\\\/\\\/schema.org\",\"@graph\":[{\"@type\":\"Article\",\"@id\":\"https:\\\/\\\/inclusivenews.com.br\\\/?p=12232#article\",\"isPartOf\":{\"@id\":\"https:\\\/\\\/inclusivenews.com.br\\\/?p=12232\"},\"author\":{\"name\":\"inclusivenews2024\",\"@id\":\"https:\\\/\\\/inclusivenews.com.br\\\/#\\\/schema\\\/person\\\/ae4ec7087559b8692fb33b6fffd2273b\"},\"headline\":\"Cidadania desta semana debate programa Mesa Brasil Sesc\",\"datePublished\":\"2009-10-29T01:02:10+00:00\",\"mainEntityOfPage\":{\"@id\":\"https:\\\/\\\/inclusivenews.com.br\\\/?p=12232\"},\"wordCount\":206,\"commentCount\":0,\"publisher\":{\"@id\":\"https:\\\/\\\/inclusivenews.com.br\\\/#organization\"},\"image\":{\"@id\":\"https:\\\/\\\/inclusivenews.com.br\\\/?p=12232#primaryimage\"},\"thumbnailUrl\":\"http:\\\/\\\/1.bp.blogspot.com\\\/_LTQJhEsniMA\\\/Sg7JR4SBHfI\\\/AAAAAAAAArA\\\/CHFg9G6FWGI\\\/s400\\\/Cartoon_TV_Lamp.jpg\",\"articleSection\":[\"NOT\u00cdCIAS\"],\"inLanguage\":\"pt-PT\",\"potentialAction\":[{\"@type\":\"CommentAction\",\"name\":\"Comment\",\"target\":[\"https:\\\/\\\/inclusivenews.com.br\\\/?p=12232#respond\"]}]},{\"@type\":\"WebPage\",\"@id\":\"https:\\\/\\\/inclusivenews.com.br\\\/?p=12232\",\"url\":\"https:\\\/\\\/inclusivenews.com.br\\\/?p=12232\",\"name\":\"Cidadania desta semana debate programa Mesa Brasil Sesc -\",\"isPartOf\":{\"@id\":\"https:\\\/\\\/inclusivenews.com.br\\\/#website\"},\"primaryImageOfPage\":{\"@id\":\"https:\\\/\\\/inclusivenews.com.br\\\/?p=12232#primaryimage\"},\"image\":{\"@id\":\"https:\\\/\\\/inclusivenews.com.br\\\/?p=12232#primaryimage\"},\"thumbnailUrl\":\"http:\\\/\\\/1.bp.blogspot.com\\\/_LTQJhEsniMA\\\/Sg7JR4SBHfI\\\/AAAAAAAAArA\\\/CHFg9G6FWGI\\\/s400\\\/Cartoon_TV_Lamp.jpg\",\"datePublished\":\"2009-10-29T01:02:10+00:00\",\"breadcrumb\":{\"@id\":\"https:\\\/\\\/inclusivenews.com.br\\\/?p=12232#breadcrumb\"},\"inLanguage\":\"pt-PT\",\"potentialAction\":[{\"@type\":\"ReadAction\",\"target\":[\"https:\\\/\\\/inclusivenews.com.br\\\/?p=12232\"]}]},{\"@type\":\"ImageObject\",\"inLanguage\":\"pt-PT\",\"@id\":\"https:\\\/\\\/inclusivenews.com.br\\\/?p=12232#primaryimage\",\"url\":\"http:\\\/\\\/1.bp.blogspot.com\\\/_LTQJhEsniMA\\\/Sg7JR4SBHfI\\\/AAAAAAAAArA\\\/CHFg9G6FWGI\\\/s400\\\/Cartoon_TV_Lamp.jpg\",\"contentUrl\":\"http:\\\/\\\/1.bp.blogspot.com\\\/_LTQJhEsniMA\\\/Sg7JR4SBHfI\\\/AAAAAAAAArA\\\/CHFg9G6FWGI\\\/s400\\\/Cartoon_TV_Lamp.jpg\"},{\"@type\":\"BreadcrumbList\",\"@id\":\"https:\\\/\\\/inclusivenews.com.br\\\/?p=12232#breadcrumb\",\"itemListElement\":[{\"@type\":\"ListItem\",\"position\":1,\"name\":\"In\u00edcio\",\"item\":\"https:\\\/\\\/inclusivenews.com.br\\\/\"},{\"@type\":\"ListItem\",\"position\":2,\"name\":\"Cidadania desta semana debate programa Mesa Brasil Sesc\"}]},{\"@type\":\"WebSite\",\"@id\":\"https:\\\/\\\/inclusivenews.com.br\\\/#website\",\"url\":\"https:\\\/\\\/inclusivenews.com.br\\\/\",\"name\":\"Inclusive News\",\"description\":\"Inclusive News\",\"publisher\":{\"@id\":\"https:\\\/\\\/inclusivenews.com.br\\\/#organization\"},\"potentialAction\":[{\"@type\":\"SearchAction\",\"target\":{\"@type\":\"EntryPoint\",\"urlTemplate\":\"https:\\\/\\\/inclusivenews.com.br\\\/?s={search_term_string}\"},\"query-input\":{\"@type\":\"PropertyValueSpecification\",\"valueRequired\":true,\"valueName\":\"search_term_string\"}}],\"inLanguage\":\"pt-PT\"},{\"@type\":\"Organization\",\"@id\":\"https:\\\/\\\/inclusivenews.com.br\\\/#organization\",\"name\":\"Inclusive - inclus\u00e3o e cidadania\",\"url\":\"https:\\\/\\\/inclusivenews.com.br\\\/\",\"logo\":{\"@type\":\"ImageObject\",\"inLanguage\":\"pt-PT\",\"@id\":\"https:\\\/\\\/inclusivenews.com.br\\\/#\\\/schema\\\/logo\\\/image\\\/\",\"url\":\"https:\\\/\\\/inclusivenews.com.br\\\/wp-content\\\/uploads\\\/2024\\\/03\\\/@grandesite.png\",\"contentUrl\":\"https:\\\/\\\/inclusivenews.com.br\\\/wp-content\\\/uploads\\\/2024\\\/03\\\/@grandesite.png\",\"width\":1080,\"height\":1080,\"caption\":\"Inclusive - inclus\u00e3o e cidadania\"},\"image\":{\"@id\":\"https:\\\/\\\/inclusivenews.com.br\\\/#\\\/schema\\\/logo\\\/image\\\/\"},\"sameAs\":[\"https:\\\/\\\/www.facebook.com\\\/agenciainclusive\\\/\",\"https:\\\/\\\/www.instagram.com\\\/newsinclusive\\\/\"]},{\"@type\":\"Person\",\"@id\":\"https:\\\/\\\/inclusivenews.com.br\\\/#\\\/schema\\\/person\\\/ae4ec7087559b8692fb33b6fffd2273b\",\"name\":\"inclusivenews2024\",\"image\":{\"@type\":\"ImageObject\",\"inLanguage\":\"pt-PT\",\"@id\":\"https:\\\/\\\/secure.gravatar.com\\\/avatar\\\/c5a7ef84c66fa914f55bc4f7ce26cfa275a3b9a1c5568b907bd184fb4dde7b40?s=96&d=mm&r=g\",\"url\":\"https:\\\/\\\/secure.gravatar.com\\\/avatar\\\/c5a7ef84c66fa914f55bc4f7ce26cfa275a3b9a1c5568b907bd184fb4dde7b40?s=96&d=mm&r=g\",\"contentUrl\":\"https:\\\/\\\/secure.gravatar.com\\\/avatar\\\/c5a7ef84c66fa914f55bc4f7ce26cfa275a3b9a1c5568b907bd184fb4dde7b40?s=96&d=mm&r=g\",\"caption\":\"inclusivenews2024\"},\"sameAs\":[\"https:\\\/\\\/inclusivenews.com.br\"],\"url\":\"https:\\\/\\\/inclusivenews.com.br\\\/?author=1\"}]}<\/script>\n<!-- \/ Yoast SEO plugin. -->","yoast_head_json":{"title":"Cidadania desta semana debate programa Mesa Brasil Sesc -","robots":{"index":"index","follow":"follow","max-snippet":"max-snippet:-1","max-image-preview":"max-image-preview:large","max-video-preview":"max-video-preview:-1"},"canonical":"https:\/\/inclusivenews.com.br\/?p=12232","og_locale":"pt_PT","og_type":"article","og_title":"Cidadania desta semana debate programa Mesa Brasil Sesc -","og_description":"Um semin\u00e1rio promovido pela Federa\u00e7\u00e3o dos Empregados em Servi\u00e7os de Sa\u00fade do Estado do Rio Grande do Sul vai discutir importantes quest\u00f5es sobre a participa\u00e7\u00e3o dos negros na sociedade brasileira.","og_url":"https:\/\/inclusivenews.com.br\/?p=12232","article_publisher":"https:\/\/www.facebook.com\/agenciainclusive\/","article_published_time":"2009-10-29T01:02:10+00:00","og_image":[{"url":"http:\/\/1.bp.blogspot.com\/_LTQJhEsniMA\/Sg7JR4SBHfI\/AAAAAAAAArA\/CHFg9G6FWGI\/s400\/Cartoon_TV_Lamp.jpg","type":"","width":"","height":""}],"author":"inclusivenews2024","twitter_card":"summary_large_image","twitter_misc":{"Escrito por":"inclusivenews2024","Tempo estimado de leitura":"1 minuto"},"schema":{"@context":"https:\/\/schema.org","@graph":[{"@type":"Article","@id":"https:\/\/inclusivenews.com.br\/?p=12232#article","isPartOf":{"@id":"https:\/\/inclusivenews.com.br\/?p=12232"},"author":{"name":"inclusivenews2024","@id":"https:\/\/inclusivenews.com.br\/#\/schema\/person\/ae4ec7087559b8692fb33b6fffd2273b"},"headline":"Cidadania desta semana debate programa Mesa Brasil Sesc","datePublished":"2009-10-29T01:02:10+00:00","mainEntityOfPage":{"@id":"https:\/\/inclusivenews.com.br\/?p=12232"},"wordCount":206,"commentCount":0,"publisher":{"@id":"https:\/\/inclusivenews.com.br\/#organization"},"image":{"@id":"https:\/\/inclusivenews.com.br\/?p=12232#primaryimage"},"thumbnailUrl":"http:\/\/1.bp.blogspot.com\/_LTQJhEsniMA\/Sg7JR4SBHfI\/AAAAAAAAArA\/CHFg9G6FWGI\/s400\/Cartoon_TV_Lamp.jpg","articleSection":["NOT\u00cdCIAS"],"inLanguage":"pt-PT","potentialAction":[{"@type":"CommentAction","name":"Comment","target":["https:\/\/inclusivenews.com.br\/?p=12232#respond"]}]},{"@type":"WebPage","@id":"https:\/\/inclusivenews.com.br\/?p=12232","url":"https:\/\/inclusivenews.com.br\/?p=12232","name":"Cidadania desta semana debate programa Mesa Brasil Sesc -","isPartOf":{"@id":"https:\/\/inclusivenews.com.br\/#website"},"primaryImageOfPage":{"@id":"https:\/\/inclusivenews.com.br\/?p=12232#primaryimage"},"image":{"@id":"https:\/\/inclusivenews.com.br\/?p=12232#primaryimage"},"thumbnailUrl":"http:\/\/1.bp.blogspot.com\/_LTQJhEsniMA\/Sg7JR4SBHfI\/AAAAAAAAArA\/CHFg9G6FWGI\/s400\/Cartoon_TV_Lamp.jpg","datePublished":"2009-10-29T01:02:10+00:00","breadcrumb":{"@id":"https:\/\/inclusivenews.com.br\/?p=12232#breadcrumb"},"inLanguage":"pt-PT","potentialAction":[{"@type":"ReadAction","target":["https:\/\/inclusivenews.com.br\/?p=12232"]}]},{"@type":"ImageObject","inLanguage":"pt-PT","@id":"https:\/\/inclusivenews.com.br\/?p=12232#primaryimage","url":"http:\/\/1.bp.blogspot.com\/_LTQJhEsniMA\/Sg7JR4SBHfI\/AAAAAAAAArA\/CHFg9G6FWGI\/s400\/Cartoon_TV_Lamp.jpg","contentUrl":"http:\/\/1.bp.blogspot.com\/_LTQJhEsniMA\/Sg7JR4SBHfI\/AAAAAAAAArA\/CHFg9G6FWGI\/s400\/Cartoon_TV_Lamp.jpg"},{"@type":"BreadcrumbList","@id":"https:\/\/inclusivenews.com.br\/?p=12232#breadcrumb","itemListElement":[{"@type":"ListItem","position":1,"name":"In\u00edcio","item":"https:\/\/inclusivenews.com.br\/"},{"@type":"ListItem","position":2,"name":"Cidadania desta semana debate programa Mesa Brasil Sesc"}]},{"@type":"WebSite","@id":"https:\/\/inclusivenews.com.br\/#website","url":"https:\/\/inclusivenews.com.br\/","name":"Inclusive News","description":"Inclusive News","publisher":{"@id":"https:\/\/inclusivenews.com.br\/#organization"},"potentialAction":[{"@type":"SearchAction","target":{"@type":"EntryPoint","urlTemplate":"https:\/\/inclusivenews.com.br\/?s={search_term_string}"},"query-input":{"@type":"PropertyValueSpecification","valueRequired":true,"valueName":"search_term_string"}}],"inLanguage":"pt-PT"},{"@type":"Organization","@id":"https:\/\/inclusivenews.com.br\/#organization","name":"Inclusive - inclus\u00e3o e cidadania","url":"https:\/\/inclusivenews.com.br\/","logo":{"@type":"ImageObject","inLanguage":"pt-PT","@id":"https:\/\/inclusivenews.com.br\/#\/schema\/logo\/image\/","url":"https:\/\/inclusivenews.com.br\/wp-content\/uploads\/2024\/03\/@grandesite.png","contentUrl":"https:\/\/inclusivenews.com.br\/wp-content\/uploads\/2024\/03\/@grandesite.png","width":1080,"height":1080,"caption":"Inclusive - inclus\u00e3o e cidadania"},"image":{"@id":"https:\/\/inclusivenews.com.br\/#\/schema\/logo\/image\/"},"sameAs":["https:\/\/www.facebook.com\/agenciainclusive\/","https:\/\/www.instagram.com\/newsinclusive\/"]},{"@type":"Person","@id":"https:\/\/inclusivenews.com.br\/#\/schema\/person\/ae4ec7087559b8692fb33b6fffd2273b","name":"inclusivenews2024","image":{"@type":"ImageObject","inLanguage":"pt-PT","@id":"https:\/\/secure.gravatar.com\/avatar\/c5a7ef84c66fa914f55bc4f7ce26cfa275a3b9a1c5568b907bd184fb4dde7b40?s=96&d=mm&r=g","url":"https:\/\/secure.gravatar.com\/avatar\/c5a7ef84c66fa914f55bc4f7ce26cfa275a3b9a1c5568b907bd184fb4dde7b40?s=96&d=mm&r=g","contentUrl":"https:\/\/secure.gravatar.com\/avatar\/c5a7ef84c66fa914f55bc4f7ce26cfa275a3b9a1c5568b907bd184fb4dde7b40?s=96&d=mm&r=g","caption":"inclusivenews2024"},"sameAs":["https:\/\/inclusivenews.com.br"],"url":"https:\/\/inclusivenews.com.br\/?author=1"}]}},"_links":{"self":[{"href":"https:\/\/inclusivenews.com.br\/index.php?rest_route=\/wp\/v2\/posts\/12232","targetHints":{"allow":["GET"]}}],"collection":[{"href":"https:\/\/inclusivenews.com.br\/index.php?rest_route=\/wp\/v2\/posts"}],"about":[{"href":"https:\/\/inclusivenews.com.br\/index.php?rest_route=\/wp\/v2\/types\/post"}],"author":[{"embeddable":true,"href":"https:\/\/inclusivenews.com.br\/index.php?rest_route=\/wp\/v2\/users\/1"}],"replies":[{"embeddable":true,"href":"https:\/\/inclusivenews.com.br\/index.php?rest_route=%2Fwp%2Fv2%2Fcomments&post=12232"}],"version-history":[{"count":0,"href":"https:\/\/inclusivenews.com.br\/index.php?rest_route=\/wp\/v2\/posts\/12232\/revisions"}],"wp:attachment":[{"href":"https:\/\/inclusivenews.com.br\/index.php?rest_route=%2Fwp%2Fv2%2Fmedia&parent=12232"}],"wp:term":[{"taxonomy":"category","embeddable":true,"href":"https:\/\/inclusivenews.com.br\/index.php?rest_route=%2Fwp%2Fv2%2Fcategories&post=12232"},{"taxonomy":"post_tag","embeddable":true,"href":"https:\/\/inclusivenews.com.br\/index.php?rest_route=%2Fwp%2Fv2%2Ftags&post=12232"}],"curies":[{"name":"wp","href":"https:\/\/api.w.org\/{rel}","templated":true}]}}