{"id":12234,"date":"2009-10-28T22:12:44","date_gmt":"2009-10-29T01:12:44","guid":{"rendered":"http:\/\/www.inclusive.org.br\/?p=12234"},"modified":"2009-10-28T22:12:44","modified_gmt":"2009-10-29T01:12:44","slug":"falta-de-acessibilidade-arquitetonica-no-terminal-urbano-em-blumenau","status":"publish","type":"post","link":"https:\/\/inclusivenews.com.br\/?p=12234","title":{"rendered":"Falta de acessibilidade arquitet\u00f4nica no terminal urbano em Blumenau"},"content":{"rendered":"<p style=\"text-align: justify;\">\n<figure style=\"width: 256px\" class=\"wp-caption alignleft\"><img loading=\"lazy\" decoding=\"async\" title=\"Transportes do Seterbo: Blumenau\" src=\"http:\/\/4.bp.blogspot.com\/_xl3uVu-zDLk\/Sp3prAZwLNI\/AAAAAAAACYk\/0iean6fRIt4\/s320\/DSC00950.JPG\" alt=\"Na foto, um \u00f4nibus da frota de transporte coletivo da cidade de Blumenau\" width=\"256\" height=\"192\" \/><figcaption class=\"wp-caption-text\">Na foto, um \u00f4nibus da frota de transporte coletivo da cidade de Blumenau<\/figcaption><\/figure>\n<p style=\"text-align: justify;\">Um ano antes do t\u00e9rmino do prazo legal para adaptar 30% da frota de \u00f4nibus com ve\u00edculos que ofere\u00e7am condi\u00e7\u00f5es de acessibilidade a pessoas com defici\u00eancia f\u00edsica, Blumenau j\u00e1 ultrapassou a meta determinada. Apesar de a cidade largar na frente, os terminais urbanos ainda est\u00e3o muito longe de atender \u00e0s necessidades de quem tem limita\u00e7\u00f5es f\u00edsica, visual ou auditiva. Aus\u00eancia de rampas de acesso, degraus que impedem a circula\u00e7\u00e3o e falta de banheiros adaptados s\u00e3o alguns dos obst\u00e1culos. Em nenhum dos seis terminais h\u00e1 piso t\u00e1til ou hor\u00e1rios das linhas de \u00f4nibus impressas em braile, para os deficientes visuais.<\/p>\n<p style=\"text-align: justify;\">A arquiteta e urbanista Yone Yara Pereira, coordenadora do curso de Arquitetura da Furb, aponta os problemas e vai al\u00e9m: &#8220;A gente precisa pensar em como a pessoa com necessidade especial faz para chegar at\u00e9 os terminais. As vias p\u00fablicas tamb\u00e9m precisam ser adaptadas para permitir que as pessoas possam pegar o \u00f4nibus&#8221;.<\/p>\n<p style=\"text-align: justify;\">Quem sente o problema na pele \u00e9 Simone Weber, cadeirante desde que sofreu um acidente de carro, h\u00e1 sete anos. Tendo que se locomover de Pomerode, onde mora, at\u00e9 Blumenau, onde estuda, Simone quase desistiu da faculdade devido \u00e0s dificuldades enfrentadas nas cal\u00e7adas e nos \u00f4nibus da regi\u00e3o.<\/p>\n<p style=\"text-align: justify;\">&#8220;Eu n\u00e3o ando de \u00f4nibus h\u00e1 sete anos. Como n\u00e3o existem \u00f4nibus intermunicipais adaptados, quase desisti de estudar, porque n\u00e3o tinha como chegar \u00e0 faculdade. Minha sorte \u00e9 que consegui um carro que me leva em casa todos os dias e assim posso continuar&#8221;, explicou.<\/p>\n<p style=\"text-align: justify;\">O diretor de Transportes do Seterb, Isaias Izidoro, explica que os terminais urbanos est\u00e3o em reforma e as adapta\u00e7\u00f5es ser\u00e3o feitas at\u00e9 o ano que vem, para se adequar \u00e0 lei e garantir acessibilidade. No Terminal do Garcia, por exemplo, novos banheiros est\u00e3o sendo constru\u00eddos e dois deles j\u00e1 contam com assentos para deficientes f\u00edsicos. H\u00e1 previs\u00e3o de incluir os hor\u00e1rios de \u00f4nibus em braile no in\u00edcio do ano que vem, garante o Seterb.<\/p>\n<p style=\"text-align: justify;\">\n<p style=\"text-align: justify;\"><strong>________________________<\/strong><\/p>\n<p style=\"text-align: justify;\"><strong>Fonte de informa\u00e7\u00e3o:<\/strong> <a href=\"http:\/\/saci.org.br\/index.php?modulo=akemi&amp;parametro=27170\" target=\"_blank\" rel=\"noopener\">Rede Saci<\/a><\/p>\n","protected":false},"excerpt":{"rendered":"<p>Um ano antes do t\u00e9rmino do prazo legal para adaptar 30% da frota de \u00f4nibus com ve\u00edculos que ofere\u00e7am condi\u00e7\u00f5es de acessibilidade a pessoas com defici\u00eancia f\u00edsica, Blumenau j\u00e1 ultrapassou a meta determinada.<\/p>\n","protected":false},"author":1,"featured_media":0,"comment_status":"open","ping_status":"open","sticky":false,"template":"","format":"standard","meta":{"site-container-style":"default","site-container-layout":"default","site-sidebar-layout":"default","disable-article-header":"default","disable-site-header":"default","disable-site-footer":"default","disable-content-area-spacing":"default","footnotes":""},"categories":[44,4],"tags":[],"class_list":["post-12234","post","type-post","status-publish","format-standard","hentry","category-acessibilidade","category-noticias"],"yoast_head":"<!-- This site is optimized with the Yoast SEO plugin v27.4 - https:\/\/yoast.com\/product\/yoast-seo-wordpress\/ -->\n<title>Falta de acessibilidade arquitet\u00f4nica no terminal urbano em Blumenau -<\/title>\n<meta name=\"robots\" content=\"index, follow, max-snippet:-1, max-image-preview:large, max-video-preview:-1\" \/>\n<link rel=\"canonical\" href=\"https:\/\/inclusivenews.com.br\/?p=12234\" \/>\n<meta property=\"og:locale\" content=\"pt_PT\" \/>\n<meta property=\"og:type\" content=\"article\" \/>\n<meta property=\"og:title\" content=\"Falta de acessibilidade arquitet\u00f4nica no terminal urbano em Blumenau -\" \/>\n<meta property=\"og:description\" content=\"Um ano antes do t\u00e9rmino do prazo legal para adaptar 30% da frota de \u00f4nibus com ve\u00edculos que ofere\u00e7am condi\u00e7\u00f5es de acessibilidade a pessoas com defici\u00eancia f\u00edsica, Blumenau j\u00e1 ultrapassou a meta determinada.\" \/>\n<meta property=\"og:url\" content=\"https:\/\/inclusivenews.com.br\/?p=12234\" \/>\n<meta property=\"article:publisher\" content=\"https:\/\/www.facebook.com\/agenciainclusive\/\" \/>\n<meta property=\"article:published_time\" content=\"2009-10-29T01:12:44+00:00\" \/>\n<meta property=\"og:image\" content=\"http:\/\/4.bp.blogspot.com\/_xl3uVu-zDLk\/Sp3prAZwLNI\/AAAAAAAACYk\/0iean6fRIt4\/s320\/DSC00950.JPG\" \/>\n<meta name=\"author\" content=\"inclusivenews2024\" \/>\n<meta name=\"twitter:card\" content=\"summary_large_image\" \/>\n<meta name=\"twitter:label1\" content=\"Escrito por\" \/>\n\t<meta name=\"twitter:data1\" content=\"inclusivenews2024\" \/>\n\t<meta name=\"twitter:label2\" content=\"Tempo estimado de leitura\" \/>\n\t<meta name=\"twitter:data2\" content=\"2 minutos\" \/>\n<script type=\"application\/ld+json\" class=\"yoast-schema-graph\">{\"@context\":\"https:\\\/\\\/schema.org\",\"@graph\":[{\"@type\":\"Article\",\"@id\":\"https:\\\/\\\/inclusivenews.com.br\\\/?p=12234#article\",\"isPartOf\":{\"@id\":\"https:\\\/\\\/inclusivenews.com.br\\\/?p=12234\"},\"author\":{\"name\":\"inclusivenews2024\",\"@id\":\"https:\\\/\\\/inclusivenews.com.br\\\/#\\\/schema\\\/person\\\/ae4ec7087559b8692fb33b6fffd2273b\"},\"headline\":\"Falta de acessibilidade arquitet\u00f4nica no terminal urbano em Blumenau\",\"datePublished\":\"2009-10-29T01:12:44+00:00\",\"mainEntityOfPage\":{\"@id\":\"https:\\\/\\\/inclusivenews.com.br\\\/?p=12234\"},\"wordCount\":382,\"commentCount\":1,\"publisher\":{\"@id\":\"https:\\\/\\\/inclusivenews.com.br\\\/#organization\"},\"image\":{\"@id\":\"https:\\\/\\\/inclusivenews.com.br\\\/?p=12234#primaryimage\"},\"thumbnailUrl\":\"http:\\\/\\\/4.bp.blogspot.com\\\/_xl3uVu-zDLk\\\/Sp3prAZwLNI\\\/AAAAAAAACYk\\\/0iean6fRIt4\\\/s320\\\/DSC00950.JPG\",\"articleSection\":[\"ACESSIBILIDADE\",\"NOT\u00cdCIAS\"],\"inLanguage\":\"pt-PT\",\"potentialAction\":[{\"@type\":\"CommentAction\",\"name\":\"Comment\",\"target\":[\"https:\\\/\\\/inclusivenews.com.br\\\/?p=12234#respond\"]}]},{\"@type\":\"WebPage\",\"@id\":\"https:\\\/\\\/inclusivenews.com.br\\\/?p=12234\",\"url\":\"https:\\\/\\\/inclusivenews.com.br\\\/?p=12234\",\"name\":\"Falta de acessibilidade arquitet\u00f4nica no terminal urbano em Blumenau -\",\"isPartOf\":{\"@id\":\"https:\\\/\\\/inclusivenews.com.br\\\/#website\"},\"primaryImageOfPage\":{\"@id\":\"https:\\\/\\\/inclusivenews.com.br\\\/?p=12234#primaryimage\"},\"image\":{\"@id\":\"https:\\\/\\\/inclusivenews.com.br\\\/?p=12234#primaryimage\"},\"thumbnailUrl\":\"http:\\\/\\\/4.bp.blogspot.com\\\/_xl3uVu-zDLk\\\/Sp3prAZwLNI\\\/AAAAAAAACYk\\\/0iean6fRIt4\\\/s320\\\/DSC00950.JPG\",\"datePublished\":\"2009-10-29T01:12:44+00:00\",\"breadcrumb\":{\"@id\":\"https:\\\/\\\/inclusivenews.com.br\\\/?p=12234#breadcrumb\"},\"inLanguage\":\"pt-PT\",\"potentialAction\":[{\"@type\":\"ReadAction\",\"target\":[\"https:\\\/\\\/inclusivenews.com.br\\\/?p=12234\"]}]},{\"@type\":\"ImageObject\",\"inLanguage\":\"pt-PT\",\"@id\":\"https:\\\/\\\/inclusivenews.com.br\\\/?p=12234#primaryimage\",\"url\":\"http:\\\/\\\/4.bp.blogspot.com\\\/_xl3uVu-zDLk\\\/Sp3prAZwLNI\\\/AAAAAAAACYk\\\/0iean6fRIt4\\\/s320\\\/DSC00950.JPG\",\"contentUrl\":\"http:\\\/\\\/4.bp.blogspot.com\\\/_xl3uVu-zDLk\\\/Sp3prAZwLNI\\\/AAAAAAAACYk\\\/0iean6fRIt4\\\/s320\\\/DSC00950.JPG\"},{\"@type\":\"BreadcrumbList\",\"@id\":\"https:\\\/\\\/inclusivenews.com.br\\\/?p=12234#breadcrumb\",\"itemListElement\":[{\"@type\":\"ListItem\",\"position\":1,\"name\":\"In\u00edcio\",\"item\":\"https:\\\/\\\/inclusivenews.com.br\\\/\"},{\"@type\":\"ListItem\",\"position\":2,\"name\":\"Falta de acessibilidade arquitet\u00f4nica no terminal urbano em Blumenau\"}]},{\"@type\":\"WebSite\",\"@id\":\"https:\\\/\\\/inclusivenews.com.br\\\/#website\",\"url\":\"https:\\\/\\\/inclusivenews.com.br\\\/\",\"name\":\"Inclusive News\",\"description\":\"Inclusive News\",\"publisher\":{\"@id\":\"https:\\\/\\\/inclusivenews.com.br\\\/#organization\"},\"potentialAction\":[{\"@type\":\"SearchAction\",\"target\":{\"@type\":\"EntryPoint\",\"urlTemplate\":\"https:\\\/\\\/inclusivenews.com.br\\\/?s={search_term_string}\"},\"query-input\":{\"@type\":\"PropertyValueSpecification\",\"valueRequired\":true,\"valueName\":\"search_term_string\"}}],\"inLanguage\":\"pt-PT\"},{\"@type\":\"Organization\",\"@id\":\"https:\\\/\\\/inclusivenews.com.br\\\/#organization\",\"name\":\"Inclusive - inclus\u00e3o e cidadania\",\"url\":\"https:\\\/\\\/inclusivenews.com.br\\\/\",\"logo\":{\"@type\":\"ImageObject\",\"inLanguage\":\"pt-PT\",\"@id\":\"https:\\\/\\\/inclusivenews.com.br\\\/#\\\/schema\\\/logo\\\/image\\\/\",\"url\":\"https:\\\/\\\/inclusivenews.com.br\\\/wp-content\\\/uploads\\\/2024\\\/03\\\/@grandesite.png\",\"contentUrl\":\"https:\\\/\\\/inclusivenews.com.br\\\/wp-content\\\/uploads\\\/2024\\\/03\\\/@grandesite.png\",\"width\":1080,\"height\":1080,\"caption\":\"Inclusive - inclus\u00e3o e cidadania\"},\"image\":{\"@id\":\"https:\\\/\\\/inclusivenews.com.br\\\/#\\\/schema\\\/logo\\\/image\\\/\"},\"sameAs\":[\"https:\\\/\\\/www.facebook.com\\\/agenciainclusive\\\/\",\"https:\\\/\\\/www.instagram.com\\\/newsinclusive\\\/\"]},{\"@type\":\"Person\",\"@id\":\"https:\\\/\\\/inclusivenews.com.br\\\/#\\\/schema\\\/person\\\/ae4ec7087559b8692fb33b6fffd2273b\",\"name\":\"inclusivenews2024\",\"image\":{\"@type\":\"ImageObject\",\"inLanguage\":\"pt-PT\",\"@id\":\"https:\\\/\\\/secure.gravatar.com\\\/avatar\\\/c5a7ef84c66fa914f55bc4f7ce26cfa275a3b9a1c5568b907bd184fb4dde7b40?s=96&d=mm&r=g\",\"url\":\"https:\\\/\\\/secure.gravatar.com\\\/avatar\\\/c5a7ef84c66fa914f55bc4f7ce26cfa275a3b9a1c5568b907bd184fb4dde7b40?s=96&d=mm&r=g\",\"contentUrl\":\"https:\\\/\\\/secure.gravatar.com\\\/avatar\\\/c5a7ef84c66fa914f55bc4f7ce26cfa275a3b9a1c5568b907bd184fb4dde7b40?s=96&d=mm&r=g\",\"caption\":\"inclusivenews2024\"},\"sameAs\":[\"https:\\\/\\\/inclusivenews.com.br\"],\"url\":\"https:\\\/\\\/inclusivenews.com.br\\\/?author=1\"}]}<\/script>\n<!-- \/ Yoast SEO plugin. -->","yoast_head_json":{"title":"Falta de acessibilidade arquitet\u00f4nica no terminal urbano em Blumenau -","robots":{"index":"index","follow":"follow","max-snippet":"max-snippet:-1","max-image-preview":"max-image-preview:large","max-video-preview":"max-video-preview:-1"},"canonical":"https:\/\/inclusivenews.com.br\/?p=12234","og_locale":"pt_PT","og_type":"article","og_title":"Falta de acessibilidade arquitet\u00f4nica no terminal urbano em Blumenau -","og_description":"Um ano antes do t\u00e9rmino do prazo legal para adaptar 30% da frota de \u00f4nibus com ve\u00edculos que ofere\u00e7am condi\u00e7\u00f5es de acessibilidade a pessoas com defici\u00eancia f\u00edsica, Blumenau j\u00e1 ultrapassou a meta determinada.","og_url":"https:\/\/inclusivenews.com.br\/?p=12234","article_publisher":"https:\/\/www.facebook.com\/agenciainclusive\/","article_published_time":"2009-10-29T01:12:44+00:00","og_image":[{"url":"http:\/\/4.bp.blogspot.com\/_xl3uVu-zDLk\/Sp3prAZwLNI\/AAAAAAAACYk\/0iean6fRIt4\/s320\/DSC00950.JPG","type":"","width":"","height":""}],"author":"inclusivenews2024","twitter_card":"summary_large_image","twitter_misc":{"Escrito por":"inclusivenews2024","Tempo estimado de leitura":"2 minutos"},"schema":{"@context":"https:\/\/schema.org","@graph":[{"@type":"Article","@id":"https:\/\/inclusivenews.com.br\/?p=12234#article","isPartOf":{"@id":"https:\/\/inclusivenews.com.br\/?p=12234"},"author":{"name":"inclusivenews2024","@id":"https:\/\/inclusivenews.com.br\/#\/schema\/person\/ae4ec7087559b8692fb33b6fffd2273b"},"headline":"Falta de acessibilidade arquitet\u00f4nica no terminal urbano em Blumenau","datePublished":"2009-10-29T01:12:44+00:00","mainEntityOfPage":{"@id":"https:\/\/inclusivenews.com.br\/?p=12234"},"wordCount":382,"commentCount":1,"publisher":{"@id":"https:\/\/inclusivenews.com.br\/#organization"},"image":{"@id":"https:\/\/inclusivenews.com.br\/?p=12234#primaryimage"},"thumbnailUrl":"http:\/\/4.bp.blogspot.com\/_xl3uVu-zDLk\/Sp3prAZwLNI\/AAAAAAAACYk\/0iean6fRIt4\/s320\/DSC00950.JPG","articleSection":["ACESSIBILIDADE","NOT\u00cdCIAS"],"inLanguage":"pt-PT","potentialAction":[{"@type":"CommentAction","name":"Comment","target":["https:\/\/inclusivenews.com.br\/?p=12234#respond"]}]},{"@type":"WebPage","@id":"https:\/\/inclusivenews.com.br\/?p=12234","url":"https:\/\/inclusivenews.com.br\/?p=12234","name":"Falta de acessibilidade arquitet\u00f4nica no terminal urbano em Blumenau -","isPartOf":{"@id":"https:\/\/inclusivenews.com.br\/#website"},"primaryImageOfPage":{"@id":"https:\/\/inclusivenews.com.br\/?p=12234#primaryimage"},"image":{"@id":"https:\/\/inclusivenews.com.br\/?p=12234#primaryimage"},"thumbnailUrl":"http:\/\/4.bp.blogspot.com\/_xl3uVu-zDLk\/Sp3prAZwLNI\/AAAAAAAACYk\/0iean6fRIt4\/s320\/DSC00950.JPG","datePublished":"2009-10-29T01:12:44+00:00","breadcrumb":{"@id":"https:\/\/inclusivenews.com.br\/?p=12234#breadcrumb"},"inLanguage":"pt-PT","potentialAction":[{"@type":"ReadAction","target":["https:\/\/inclusivenews.com.br\/?p=12234"]}]},{"@type":"ImageObject","inLanguage":"pt-PT","@id":"https:\/\/inclusivenews.com.br\/?p=12234#primaryimage","url":"http:\/\/4.bp.blogspot.com\/_xl3uVu-zDLk\/Sp3prAZwLNI\/AAAAAAAACYk\/0iean6fRIt4\/s320\/DSC00950.JPG","contentUrl":"http:\/\/4.bp.blogspot.com\/_xl3uVu-zDLk\/Sp3prAZwLNI\/AAAAAAAACYk\/0iean6fRIt4\/s320\/DSC00950.JPG"},{"@type":"BreadcrumbList","@id":"https:\/\/inclusivenews.com.br\/?p=12234#breadcrumb","itemListElement":[{"@type":"ListItem","position":1,"name":"In\u00edcio","item":"https:\/\/inclusivenews.com.br\/"},{"@type":"ListItem","position":2,"name":"Falta de acessibilidade arquitet\u00f4nica no terminal urbano em Blumenau"}]},{"@type":"WebSite","@id":"https:\/\/inclusivenews.com.br\/#website","url":"https:\/\/inclusivenews.com.br\/","name":"Inclusive News","description":"Inclusive News","publisher":{"@id":"https:\/\/inclusivenews.com.br\/#organization"},"potentialAction":[{"@type":"SearchAction","target":{"@type":"EntryPoint","urlTemplate":"https:\/\/inclusivenews.com.br\/?s={search_term_string}"},"query-input":{"@type":"PropertyValueSpecification","valueRequired":true,"valueName":"search_term_string"}}],"inLanguage":"pt-PT"},{"@type":"Organization","@id":"https:\/\/inclusivenews.com.br\/#organization","name":"Inclusive - inclus\u00e3o e cidadania","url":"https:\/\/inclusivenews.com.br\/","logo":{"@type":"ImageObject","inLanguage":"pt-PT","@id":"https:\/\/inclusivenews.com.br\/#\/schema\/logo\/image\/","url":"https:\/\/inclusivenews.com.br\/wp-content\/uploads\/2024\/03\/@grandesite.png","contentUrl":"https:\/\/inclusivenews.com.br\/wp-content\/uploads\/2024\/03\/@grandesite.png","width":1080,"height":1080,"caption":"Inclusive - inclus\u00e3o e cidadania"},"image":{"@id":"https:\/\/inclusivenews.com.br\/#\/schema\/logo\/image\/"},"sameAs":["https:\/\/www.facebook.com\/agenciainclusive\/","https:\/\/www.instagram.com\/newsinclusive\/"]},{"@type":"Person","@id":"https:\/\/inclusivenews.com.br\/#\/schema\/person\/ae4ec7087559b8692fb33b6fffd2273b","name":"inclusivenews2024","image":{"@type":"ImageObject","inLanguage":"pt-PT","@id":"https:\/\/secure.gravatar.com\/avatar\/c5a7ef84c66fa914f55bc4f7ce26cfa275a3b9a1c5568b907bd184fb4dde7b40?s=96&d=mm&r=g","url":"https:\/\/secure.gravatar.com\/avatar\/c5a7ef84c66fa914f55bc4f7ce26cfa275a3b9a1c5568b907bd184fb4dde7b40?s=96&d=mm&r=g","contentUrl":"https:\/\/secure.gravatar.com\/avatar\/c5a7ef84c66fa914f55bc4f7ce26cfa275a3b9a1c5568b907bd184fb4dde7b40?s=96&d=mm&r=g","caption":"inclusivenews2024"},"sameAs":["https:\/\/inclusivenews.com.br"],"url":"https:\/\/inclusivenews.com.br\/?author=1"}]}},"_links":{"self":[{"href":"https:\/\/inclusivenews.com.br\/index.php?rest_route=\/wp\/v2\/posts\/12234","targetHints":{"allow":["GET"]}}],"collection":[{"href":"https:\/\/inclusivenews.com.br\/index.php?rest_route=\/wp\/v2\/posts"}],"about":[{"href":"https:\/\/inclusivenews.com.br\/index.php?rest_route=\/wp\/v2\/types\/post"}],"author":[{"embeddable":true,"href":"https:\/\/inclusivenews.com.br\/index.php?rest_route=\/wp\/v2\/users\/1"}],"replies":[{"embeddable":true,"href":"https:\/\/inclusivenews.com.br\/index.php?rest_route=%2Fwp%2Fv2%2Fcomments&post=12234"}],"version-history":[{"count":0,"href":"https:\/\/inclusivenews.com.br\/index.php?rest_route=\/wp\/v2\/posts\/12234\/revisions"}],"wp:attachment":[{"href":"https:\/\/inclusivenews.com.br\/index.php?rest_route=%2Fwp%2Fv2%2Fmedia&parent=12234"}],"wp:term":[{"taxonomy":"category","embeddable":true,"href":"https:\/\/inclusivenews.com.br\/index.php?rest_route=%2Fwp%2Fv2%2Fcategories&post=12234"},{"taxonomy":"post_tag","embeddable":true,"href":"https:\/\/inclusivenews.com.br\/index.php?rest_route=%2Fwp%2Fv2%2Ftags&post=12234"}],"curies":[{"name":"wp","href":"https:\/\/api.w.org\/{rel}","templated":true}]}}