{"id":12307,"date":"2009-11-06T07:10:07","date_gmt":"2009-11-06T10:10:07","guid":{"rendered":"http:\/\/www.inclusive.org.br\/?p=12307"},"modified":"2009-11-06T07:10:07","modified_gmt":"2009-11-06T10:10:07","slug":"observatorio-da-educacao-lanca-os-direitos-autorais-e-a-educacao","status":"publish","type":"post","link":"https:\/\/inclusivenews.com.br\/?p=12307","title":{"rendered":"Observat\u00f3rio da Educa\u00e7\u00e3o lan\u00e7a &quot;Os direitos autorais e a educa\u00e7\u00e3o&quot;"},"content":{"rendered":"<figure id=\"attachment_12126\" aria-describedby=\"caption-attachment-12126\" style=\"width: 300px\" class=\"wp-caption alignnone\"><img loading=\"lazy\" decoding=\"async\" class=\"size-full wp-image-12126\" title=\"Descri\u00e7\u00e3o da imagem: Logotipo do Observat\u00f3rio da Educa\u00e7\u00e3o, onde aparece caixa de di\u00e1logo com ponto de afirma\u00e7\u00e3o ao centro.\" src=\"http:\/\/inclusivenews.com.br\/wp-content\/uploads\/2009\/10\/observ.jpg\" alt=\"Descri\u00e7\u00e3o da imagem: Logotipo do Observat\u00f3rio da Educa\u00e7\u00e3o, onde aparece caixa de di\u00e1logo com ponto de afirma\u00e7\u00e3o ao centro.\" width=\"300\" height=\"64\" \/><figcaption id=\"caption-attachment-12126\" class=\"wp-caption-text\"> <\/figcaption><\/figure>\n<p>Este e outros artigos est\u00e3o na edi\u00e7\u00e3o 41 do <strong>Boletim do Observat\u00f3rio da Educa\u00e7\u00e3o<\/strong>.<\/p>\n<ul>\n<li><a href=\"http:\/\/www.observatoriodaeducacao.org.br\/index.php?option=com_content&amp;view=article&amp;id=804:minc-anuncia-proposta-de-revisao-da-lei-de-direitos-autorais-na-proxima-semana&amp;catid=48:sugestoes-de-pautas&amp;Itemid=98\" target=\"_blank\" rel=\"noopener\">Minist\u00e9rio da Cultura anuncia proposta de revis\u00e3o da lei de direitos autorais na pr\u00f3xima semana<\/a><a href=\"http:\/\/www.observatoriodaeducacao.org.br\/index.php?option=com_content&amp;view=article&amp;id=802:escola-tende-a-criminalizar-atitudes-violentas-afirma-pesquisadora&amp;catid=48:sugestoes-de-pautas&amp;Itemid=98\" target=\"_blank\" rel=\"noopener\"><img loading=\"lazy\" decoding=\"async\" title=\"Link abrir\u00e1 em uma nova janela ou aba.\" src=\"http:\/\/www.inclusive.org.br\/images\/new_window.gif\" alt=\"Link abrir\u00e1 em uma nova janela ou aba.\" width=\"16\" height=\"14\" \/><\/a><\/li>\n<li><a href=\"http:\/\/www.observatoriodaeducacao.org.br\/index.php?option=com_content&amp;view=article&amp;id=805:acesso-ao-conteudo-do-programa-nacional-do-livro-didatico-deve-ser-ampliado-afirma-deputado-abicalil&amp;catid=56:entrevistas&amp;Itemid=2\" target=\"_blank\" rel=\"noopener\">Acesso ao conte\u00fado do Programa Nacional do Livro Did\u00e1tico deve ser ampliado, afirma deputado Abicalil<\/a><a href=\"http:\/\/www.observatoriodaeducacao.org.br\/index.php?option=com_content&amp;view=article&amp;id=803:senado-aprova-obrigatoriedade-do-ensino-dos-4-aos-17-anos-e-fim-da-dru-na-educacao&amp;catid=48:sugestoes-de-pautas&amp;Itemid=98\" target=\"_blank\" rel=\"noopener\"><img loading=\"lazy\" decoding=\"async\" title=\"Link abrir\u00e1 em uma nova janela ou aba.\" src=\"http:\/\/www.inclusive.org.br\/images\/new_window.gif\" alt=\"Link abrir\u00e1 em uma nova janela ou aba.\" width=\"16\" height=\"14\" \/><\/a><\/li>\n<li><a href=\"http:\/\/www.observatoriodaeducacao.org.br\/index.php?option=com_content&amp;view=article&amp;id=807:ouca-o-comentario-de-braulio-araujo-do-gpopai-usp-sobre-a-revisao-da-lei-de-direito-autoral&amp;catid=39:multimidia&amp;Itemid=48\" target=\"_blank\" rel=\"noopener\">Ou\u00e7a o coment\u00e1rio de Br\u00e1ulio Ara\u00fajo, do Gpopai-USP, sobre a revis\u00e3o da lei de direito autoral<\/a><a href=\"http:\/\/www.observatoriodaeducacao.org.br\/index.php?option=com_content&amp;view=article&amp;id=800:imprensa-nao-ouve-professores-sobre-faltas-tema-e-desvinculado-das-condicoes-de-trabalho-docente&amp;catid=55:acao-na-midia&amp;Itemid=60\" target=\"_blank\" rel=\"noopener\"><img loading=\"lazy\" decoding=\"async\" title=\"Link abrir\u00e1 em uma nova janela ou aba.\" src=\"http:\/\/www.inclusive.org.br\/images\/new_window.gif\" alt=\"Link abrir\u00e1 em uma nova janela ou aba.\" width=\"16\" height=\"14\" \/><\/a><\/li>\n<li><a href=\"http:\/\/www.observatoriodaeducacao.org.br\/index.php?option=com_content&amp;view=article&amp;id=806:formacao-docente-e-participacao-politica&amp;catid=99:fala-educador&amp;Itemid=118\" target=\"_blank\" rel=\"noopener\">Fala Educadora!: Forma\u00e7\u00e3o docente e participa\u00e7\u00e3o pol\u00edtica<\/a><a href=\"http:\/\/www.observatoriodaeducacao.org.br\/index.php?option=com_content&amp;view=article&amp;id=801:identidade-e-valorizacao-do-trabalho-docente-na-pos-modernidade&amp;catid=57:artigos&amp;Itemid=37\" target=\"_blank\" rel=\"noopener\"><img loading=\"lazy\" decoding=\"async\" title=\"Link abrir\u00e1 em uma nova janela ou aba.\" src=\"http:\/\/www.inclusive.org.br\/images\/new_window.gif\" alt=\"Link abrir\u00e1 em uma nova janela ou aba.\" width=\"16\" height=\"14\" \/><\/a><\/li>\n<\/ul>\n<p style=\"text-align: justify;\">A possibilidade de acesso \u00e0 informa\u00e7\u00e3o e ao conhecimento tem sido ampliada pelas tecnologias digitais e pela internet. Paralelamente a essa nova conjuntura, persistem mecanismos restritivos que dificultam o pleno desenvolvimento dos processos educativos. Sobre o tema, o Observat\u00f3rio da Educa\u00e7\u00e3o produziu a publica\u00e7\u00e3o, da s\u00e9rie Desafios da Conjuntura, Os direitos autorais e a educa\u00e7\u00e3o (<a href=\"http:\/\/www.observatoriodaeducacao.org.br\/images\/pdfs\/dc27final.pdf\" target=\"_blank\" rel=\"noopener\">acesse aqui<\/a><a href=\"http:\/\/www.observatoriodaeducacao.org.br\/index.php?option=com_content&amp;view=article&amp;id=801:identidade-e-valorizacao-do-trabalho-docente-na-pos-modernidade&amp;catid=57:artigos&amp;Itemid=37\" target=\"_blank\" rel=\"noopener\"><img loading=\"lazy\" decoding=\"async\" title=\"Link abrir\u00e1 em uma nova janela ou aba.\" src=\"http:\/\/www.inclusive.org.br\/images\/new_window.gif\" alt=\"Link abrir\u00e1 em uma nova janela ou aba.\" width=\"16\" height=\"14\" \/><\/a>). A vers\u00e3o impressa ser\u00e1 disponibilizada gratuitamente \u00e0s pessoas interessadas no tema, que devem entrar em contato com o Observat\u00f3rio da Educa\u00e7\u00e3o.<\/p>\n<p>A publica\u00e7\u00e3o cont\u00e9m, dentre outros conte\u00fados, uma an\u00e1lise de como a m\u00eddia impressa trata do tema; artigos de Pedro Mizukami (FGV), Pablo Ortellado (USP), Francisco Lopes de Aguiar e Mary Lane Hutner; e entrevistas com Jos\u00e9 Vaz de Souza (MinC), Ladislau Dowbor (PUC) e Marrey Luiz Peres Jr (pai de aluna com defici\u00eancia).<\/p>\n<p>Contatos: observatorio@acaoeducativa.org \/ (11) 3151-2333 ramais 170 e 175<\/p>\n","protected":false},"excerpt":{"rendered":"<p>Este e outros artigos est\u00e3o na edi\u00e7\u00e3o 41 do Boletim do Observat\u00f3rio da Educa\u00e7\u00e3o. Minist\u00e9rio da Cultura anuncia proposta de revis\u00e3o da lei de direitos autorais na pr\u00f3xima semana Acesso ao conte\u00fado do Programa Nacional do Livro Did\u00e1tico deve ser ampliado, afirma deputado Abicalil Ou\u00e7a o coment\u00e1rio de Br\u00e1ulio Ara\u00fajo, do Gpopai-USP, sobre a revis\u00e3o [&hellip;]<\/p>\n","protected":false},"author":1,"featured_media":0,"comment_status":"open","ping_status":"open","sticky":false,"template":"","format":"standard","meta":{"site-container-style":"default","site-container-layout":"default","site-sidebar-layout":"default","disable-article-header":"default","disable-site-header":"default","disable-site-footer":"default","disable-content-area-spacing":"default","footnotes":""},"categories":[52,6,4,10],"tags":[],"class_list":["post-12307","post","type-post","status-publish","format-standard","hentry","category-downloadables","category-educacao","category-noticias","category-publicacoes"],"yoast_head":"<!-- This site is optimized with the Yoast SEO plugin v27.4 - https:\/\/yoast.com\/product\/yoast-seo-wordpress\/ -->\n<title>Observat\u00f3rio da Educa\u00e7\u00e3o lan\u00e7a &quot;Os direitos autorais e a educa\u00e7\u00e3o&quot; -<\/title>\n<meta name=\"robots\" content=\"index, follow, max-snippet:-1, max-image-preview:large, max-video-preview:-1\" \/>\n<link rel=\"canonical\" href=\"https:\/\/inclusivenews.com.br\/?p=12307\" \/>\n<meta property=\"og:locale\" content=\"pt_PT\" \/>\n<meta property=\"og:type\" content=\"article\" \/>\n<meta property=\"og:title\" content=\"Observat\u00f3rio da Educa\u00e7\u00e3o lan\u00e7a &quot;Os direitos autorais e a educa\u00e7\u00e3o&quot; -\" \/>\n<meta property=\"og:description\" content=\"Este e outros artigos est\u00e3o na edi\u00e7\u00e3o 41 do Boletim do Observat\u00f3rio da Educa\u00e7\u00e3o. Minist\u00e9rio da Cultura anuncia proposta de revis\u00e3o da lei de direitos autorais na pr\u00f3xima semana Acesso ao conte\u00fado do Programa Nacional do Livro Did\u00e1tico deve ser ampliado, afirma deputado Abicalil Ou\u00e7a o coment\u00e1rio de Br\u00e1ulio Ara\u00fajo, do Gpopai-USP, sobre a revis\u00e3o [&hellip;]\" \/>\n<meta property=\"og:url\" content=\"https:\/\/inclusivenews.com.br\/?p=12307\" \/>\n<meta property=\"article:publisher\" content=\"https:\/\/www.facebook.com\/agenciainclusive\/\" \/>\n<meta property=\"article:published_time\" content=\"2009-11-06T10:10:07+00:00\" \/>\n<meta property=\"og:image\" content=\"http:\/\/inclusivenews.com.br\/wp-content\/uploads\/2009\/10\/observ.jpg\" \/>\n<meta name=\"author\" content=\"inclusivenews2024\" \/>\n<meta name=\"twitter:card\" content=\"summary_large_image\" \/>\n<meta name=\"twitter:label1\" content=\"Escrito por\" \/>\n\t<meta name=\"twitter:data1\" content=\"inclusivenews2024\" \/>\n\t<meta name=\"twitter:label2\" content=\"Tempo estimado de leitura\" \/>\n\t<meta name=\"twitter:data2\" content=\"1 minuto\" \/>\n<script type=\"application\/ld+json\" class=\"yoast-schema-graph\">{\"@context\":\"https:\\\/\\\/schema.org\",\"@graph\":[{\"@type\":\"Article\",\"@id\":\"https:\\\/\\\/inclusivenews.com.br\\\/?p=12307#article\",\"isPartOf\":{\"@id\":\"https:\\\/\\\/inclusivenews.com.br\\\/?p=12307\"},\"author\":{\"name\":\"inclusivenews2024\",\"@id\":\"https:\\\/\\\/inclusivenews.com.br\\\/#\\\/schema\\\/person\\\/ae4ec7087559b8692fb33b6fffd2273b\"},\"headline\":\"Observat\u00f3rio da Educa\u00e7\u00e3o lan\u00e7a &quot;Os direitos autorais e a educa\u00e7\u00e3o&quot;\",\"datePublished\":\"2009-11-06T10:10:07+00:00\",\"mainEntityOfPage\":{\"@id\":\"https:\\\/\\\/inclusivenews.com.br\\\/?p=12307\"},\"wordCount\":259,\"commentCount\":0,\"publisher\":{\"@id\":\"https:\\\/\\\/inclusivenews.com.br\\\/#organization\"},\"image\":{\"@id\":\"https:\\\/\\\/inclusivenews.com.br\\\/?p=12307#primaryimage\"},\"thumbnailUrl\":\"http:\\\/\\\/inclusivenews.com.br\\\/wp-content\\\/uploads\\\/2009\\\/10\\\/observ.jpg\",\"articleSection\":[\"Downloadables\",\"EDUCA\u00c7\u00c3O\",\"NOT\u00cdCIAS\",\"PUBLICA\u00c7\u00d5ES\"],\"inLanguage\":\"pt-PT\",\"potentialAction\":[{\"@type\":\"CommentAction\",\"name\":\"Comment\",\"target\":[\"https:\\\/\\\/inclusivenews.com.br\\\/?p=12307#respond\"]}]},{\"@type\":\"WebPage\",\"@id\":\"https:\\\/\\\/inclusivenews.com.br\\\/?p=12307\",\"url\":\"https:\\\/\\\/inclusivenews.com.br\\\/?p=12307\",\"name\":\"Observat\u00f3rio da Educa\u00e7\u00e3o lan\u00e7a &quot;Os direitos autorais e a educa\u00e7\u00e3o&quot; -\",\"isPartOf\":{\"@id\":\"https:\\\/\\\/inclusivenews.com.br\\\/#website\"},\"primaryImageOfPage\":{\"@id\":\"https:\\\/\\\/inclusivenews.com.br\\\/?p=12307#primaryimage\"},\"image\":{\"@id\":\"https:\\\/\\\/inclusivenews.com.br\\\/?p=12307#primaryimage\"},\"thumbnailUrl\":\"http:\\\/\\\/inclusivenews.com.br\\\/wp-content\\\/uploads\\\/2009\\\/10\\\/observ.jpg\",\"datePublished\":\"2009-11-06T10:10:07+00:00\",\"breadcrumb\":{\"@id\":\"https:\\\/\\\/inclusivenews.com.br\\\/?p=12307#breadcrumb\"},\"inLanguage\":\"pt-PT\",\"potentialAction\":[{\"@type\":\"ReadAction\",\"target\":[\"https:\\\/\\\/inclusivenews.com.br\\\/?p=12307\"]}]},{\"@type\":\"ImageObject\",\"inLanguage\":\"pt-PT\",\"@id\":\"https:\\\/\\\/inclusivenews.com.br\\\/?p=12307#primaryimage\",\"url\":\"https:\\\/\\\/inclusivenews.com.br\\\/wp-content\\\/uploads\\\/2009\\\/10\\\/observ.jpg\",\"contentUrl\":\"https:\\\/\\\/inclusivenews.com.br\\\/wp-content\\\/uploads\\\/2009\\\/10\\\/observ.jpg\",\"width\":300,\"height\":64},{\"@type\":\"BreadcrumbList\",\"@id\":\"https:\\\/\\\/inclusivenews.com.br\\\/?p=12307#breadcrumb\",\"itemListElement\":[{\"@type\":\"ListItem\",\"position\":1,\"name\":\"In\u00edcio\",\"item\":\"https:\\\/\\\/inclusivenews.com.br\\\/\"},{\"@type\":\"ListItem\",\"position\":2,\"name\":\"Observat\u00f3rio da Educa\u00e7\u00e3o lan\u00e7a &quot;Os direitos autorais e a educa\u00e7\u00e3o&quot;\"}]},{\"@type\":\"WebSite\",\"@id\":\"https:\\\/\\\/inclusivenews.com.br\\\/#website\",\"url\":\"https:\\\/\\\/inclusivenews.com.br\\\/\",\"name\":\"Inclusive News\",\"description\":\"Inclusive News\",\"publisher\":{\"@id\":\"https:\\\/\\\/inclusivenews.com.br\\\/#organization\"},\"potentialAction\":[{\"@type\":\"SearchAction\",\"target\":{\"@type\":\"EntryPoint\",\"urlTemplate\":\"https:\\\/\\\/inclusivenews.com.br\\\/?s={search_term_string}\"},\"query-input\":{\"@type\":\"PropertyValueSpecification\",\"valueRequired\":true,\"valueName\":\"search_term_string\"}}],\"inLanguage\":\"pt-PT\"},{\"@type\":\"Organization\",\"@id\":\"https:\\\/\\\/inclusivenews.com.br\\\/#organization\",\"name\":\"Inclusive - inclus\u00e3o e cidadania\",\"url\":\"https:\\\/\\\/inclusivenews.com.br\\\/\",\"logo\":{\"@type\":\"ImageObject\",\"inLanguage\":\"pt-PT\",\"@id\":\"https:\\\/\\\/inclusivenews.com.br\\\/#\\\/schema\\\/logo\\\/image\\\/\",\"url\":\"https:\\\/\\\/inclusivenews.com.br\\\/wp-content\\\/uploads\\\/2024\\\/03\\\/@grandesite.png\",\"contentUrl\":\"https:\\\/\\\/inclusivenews.com.br\\\/wp-content\\\/uploads\\\/2024\\\/03\\\/@grandesite.png\",\"width\":1080,\"height\":1080,\"caption\":\"Inclusive - inclus\u00e3o e cidadania\"},\"image\":{\"@id\":\"https:\\\/\\\/inclusivenews.com.br\\\/#\\\/schema\\\/logo\\\/image\\\/\"},\"sameAs\":[\"https:\\\/\\\/www.facebook.com\\\/agenciainclusive\\\/\",\"https:\\\/\\\/www.instagram.com\\\/newsinclusive\\\/\"]},{\"@type\":\"Person\",\"@id\":\"https:\\\/\\\/inclusivenews.com.br\\\/#\\\/schema\\\/person\\\/ae4ec7087559b8692fb33b6fffd2273b\",\"name\":\"inclusivenews2024\",\"image\":{\"@type\":\"ImageObject\",\"inLanguage\":\"pt-PT\",\"@id\":\"https:\\\/\\\/secure.gravatar.com\\\/avatar\\\/c5a7ef84c66fa914f55bc4f7ce26cfa275a3b9a1c5568b907bd184fb4dde7b40?s=96&d=mm&r=g\",\"url\":\"https:\\\/\\\/secure.gravatar.com\\\/avatar\\\/c5a7ef84c66fa914f55bc4f7ce26cfa275a3b9a1c5568b907bd184fb4dde7b40?s=96&d=mm&r=g\",\"contentUrl\":\"https:\\\/\\\/secure.gravatar.com\\\/avatar\\\/c5a7ef84c66fa914f55bc4f7ce26cfa275a3b9a1c5568b907bd184fb4dde7b40?s=96&d=mm&r=g\",\"caption\":\"inclusivenews2024\"},\"sameAs\":[\"https:\\\/\\\/inclusivenews.com.br\"],\"url\":\"https:\\\/\\\/inclusivenews.com.br\\\/?author=1\"}]}<\/script>\n<!-- \/ Yoast SEO plugin. -->","yoast_head_json":{"title":"Observat\u00f3rio da Educa\u00e7\u00e3o lan\u00e7a &quot;Os direitos autorais e a educa\u00e7\u00e3o&quot; -","robots":{"index":"index","follow":"follow","max-snippet":"max-snippet:-1","max-image-preview":"max-image-preview:large","max-video-preview":"max-video-preview:-1"},"canonical":"https:\/\/inclusivenews.com.br\/?p=12307","og_locale":"pt_PT","og_type":"article","og_title":"Observat\u00f3rio da Educa\u00e7\u00e3o lan\u00e7a &quot;Os direitos autorais e a educa\u00e7\u00e3o&quot; -","og_description":"Este e outros artigos est\u00e3o na edi\u00e7\u00e3o 41 do Boletim do Observat\u00f3rio da Educa\u00e7\u00e3o. Minist\u00e9rio da Cultura anuncia proposta de revis\u00e3o da lei de direitos autorais na pr\u00f3xima semana Acesso ao conte\u00fado do Programa Nacional do Livro Did\u00e1tico deve ser ampliado, afirma deputado Abicalil Ou\u00e7a o coment\u00e1rio de Br\u00e1ulio Ara\u00fajo, do Gpopai-USP, sobre a revis\u00e3o [&hellip;]","og_url":"https:\/\/inclusivenews.com.br\/?p=12307","article_publisher":"https:\/\/www.facebook.com\/agenciainclusive\/","article_published_time":"2009-11-06T10:10:07+00:00","og_image":[{"url":"http:\/\/inclusivenews.com.br\/wp-content\/uploads\/2009\/10\/observ.jpg","type":"","width":"","height":""}],"author":"inclusivenews2024","twitter_card":"summary_large_image","twitter_misc":{"Escrito por":"inclusivenews2024","Tempo estimado de leitura":"1 minuto"},"schema":{"@context":"https:\/\/schema.org","@graph":[{"@type":"Article","@id":"https:\/\/inclusivenews.com.br\/?p=12307#article","isPartOf":{"@id":"https:\/\/inclusivenews.com.br\/?p=12307"},"author":{"name":"inclusivenews2024","@id":"https:\/\/inclusivenews.com.br\/#\/schema\/person\/ae4ec7087559b8692fb33b6fffd2273b"},"headline":"Observat\u00f3rio da Educa\u00e7\u00e3o lan\u00e7a &quot;Os direitos autorais e a educa\u00e7\u00e3o&quot;","datePublished":"2009-11-06T10:10:07+00:00","mainEntityOfPage":{"@id":"https:\/\/inclusivenews.com.br\/?p=12307"},"wordCount":259,"commentCount":0,"publisher":{"@id":"https:\/\/inclusivenews.com.br\/#organization"},"image":{"@id":"https:\/\/inclusivenews.com.br\/?p=12307#primaryimage"},"thumbnailUrl":"http:\/\/inclusivenews.com.br\/wp-content\/uploads\/2009\/10\/observ.jpg","articleSection":["Downloadables","EDUCA\u00c7\u00c3O","NOT\u00cdCIAS","PUBLICA\u00c7\u00d5ES"],"inLanguage":"pt-PT","potentialAction":[{"@type":"CommentAction","name":"Comment","target":["https:\/\/inclusivenews.com.br\/?p=12307#respond"]}]},{"@type":"WebPage","@id":"https:\/\/inclusivenews.com.br\/?p=12307","url":"https:\/\/inclusivenews.com.br\/?p=12307","name":"Observat\u00f3rio da Educa\u00e7\u00e3o lan\u00e7a &quot;Os direitos autorais e a educa\u00e7\u00e3o&quot; -","isPartOf":{"@id":"https:\/\/inclusivenews.com.br\/#website"},"primaryImageOfPage":{"@id":"https:\/\/inclusivenews.com.br\/?p=12307#primaryimage"},"image":{"@id":"https:\/\/inclusivenews.com.br\/?p=12307#primaryimage"},"thumbnailUrl":"http:\/\/inclusivenews.com.br\/wp-content\/uploads\/2009\/10\/observ.jpg","datePublished":"2009-11-06T10:10:07+00:00","breadcrumb":{"@id":"https:\/\/inclusivenews.com.br\/?p=12307#breadcrumb"},"inLanguage":"pt-PT","potentialAction":[{"@type":"ReadAction","target":["https:\/\/inclusivenews.com.br\/?p=12307"]}]},{"@type":"ImageObject","inLanguage":"pt-PT","@id":"https:\/\/inclusivenews.com.br\/?p=12307#primaryimage","url":"https:\/\/inclusivenews.com.br\/wp-content\/uploads\/2009\/10\/observ.jpg","contentUrl":"https:\/\/inclusivenews.com.br\/wp-content\/uploads\/2009\/10\/observ.jpg","width":300,"height":64},{"@type":"BreadcrumbList","@id":"https:\/\/inclusivenews.com.br\/?p=12307#breadcrumb","itemListElement":[{"@type":"ListItem","position":1,"name":"In\u00edcio","item":"https:\/\/inclusivenews.com.br\/"},{"@type":"ListItem","position":2,"name":"Observat\u00f3rio da Educa\u00e7\u00e3o lan\u00e7a &quot;Os direitos autorais e a educa\u00e7\u00e3o&quot;"}]},{"@type":"WebSite","@id":"https:\/\/inclusivenews.com.br\/#website","url":"https:\/\/inclusivenews.com.br\/","name":"Inclusive News","description":"Inclusive News","publisher":{"@id":"https:\/\/inclusivenews.com.br\/#organization"},"potentialAction":[{"@type":"SearchAction","target":{"@type":"EntryPoint","urlTemplate":"https:\/\/inclusivenews.com.br\/?s={search_term_string}"},"query-input":{"@type":"PropertyValueSpecification","valueRequired":true,"valueName":"search_term_string"}}],"inLanguage":"pt-PT"},{"@type":"Organization","@id":"https:\/\/inclusivenews.com.br\/#organization","name":"Inclusive - inclus\u00e3o e cidadania","url":"https:\/\/inclusivenews.com.br\/","logo":{"@type":"ImageObject","inLanguage":"pt-PT","@id":"https:\/\/inclusivenews.com.br\/#\/schema\/logo\/image\/","url":"https:\/\/inclusivenews.com.br\/wp-content\/uploads\/2024\/03\/@grandesite.png","contentUrl":"https:\/\/inclusivenews.com.br\/wp-content\/uploads\/2024\/03\/@grandesite.png","width":1080,"height":1080,"caption":"Inclusive - inclus\u00e3o e cidadania"},"image":{"@id":"https:\/\/inclusivenews.com.br\/#\/schema\/logo\/image\/"},"sameAs":["https:\/\/www.facebook.com\/agenciainclusive\/","https:\/\/www.instagram.com\/newsinclusive\/"]},{"@type":"Person","@id":"https:\/\/inclusivenews.com.br\/#\/schema\/person\/ae4ec7087559b8692fb33b6fffd2273b","name":"inclusivenews2024","image":{"@type":"ImageObject","inLanguage":"pt-PT","@id":"https:\/\/secure.gravatar.com\/avatar\/c5a7ef84c66fa914f55bc4f7ce26cfa275a3b9a1c5568b907bd184fb4dde7b40?s=96&d=mm&r=g","url":"https:\/\/secure.gravatar.com\/avatar\/c5a7ef84c66fa914f55bc4f7ce26cfa275a3b9a1c5568b907bd184fb4dde7b40?s=96&d=mm&r=g","contentUrl":"https:\/\/secure.gravatar.com\/avatar\/c5a7ef84c66fa914f55bc4f7ce26cfa275a3b9a1c5568b907bd184fb4dde7b40?s=96&d=mm&r=g","caption":"inclusivenews2024"},"sameAs":["https:\/\/inclusivenews.com.br"],"url":"https:\/\/inclusivenews.com.br\/?author=1"}]}},"_links":{"self":[{"href":"https:\/\/inclusivenews.com.br\/index.php?rest_route=\/wp\/v2\/posts\/12307","targetHints":{"allow":["GET"]}}],"collection":[{"href":"https:\/\/inclusivenews.com.br\/index.php?rest_route=\/wp\/v2\/posts"}],"about":[{"href":"https:\/\/inclusivenews.com.br\/index.php?rest_route=\/wp\/v2\/types\/post"}],"author":[{"embeddable":true,"href":"https:\/\/inclusivenews.com.br\/index.php?rest_route=\/wp\/v2\/users\/1"}],"replies":[{"embeddable":true,"href":"https:\/\/inclusivenews.com.br\/index.php?rest_route=%2Fwp%2Fv2%2Fcomments&post=12307"}],"version-history":[{"count":0,"href":"https:\/\/inclusivenews.com.br\/index.php?rest_route=\/wp\/v2\/posts\/12307\/revisions"}],"wp:attachment":[{"href":"https:\/\/inclusivenews.com.br\/index.php?rest_route=%2Fwp%2Fv2%2Fmedia&parent=12307"}],"wp:term":[{"taxonomy":"category","embeddable":true,"href":"https:\/\/inclusivenews.com.br\/index.php?rest_route=%2Fwp%2Fv2%2Fcategories&post=12307"},{"taxonomy":"post_tag","embeddable":true,"href":"https:\/\/inclusivenews.com.br\/index.php?rest_route=%2Fwp%2Fv2%2Ftags&post=12307"}],"curies":[{"name":"wp","href":"https:\/\/api.w.org\/{rel}","templated":true}]}}