{"id":12313,"date":"2009-11-06T07:13:54","date_gmt":"2009-11-06T10:13:54","guid":{"rendered":"http:\/\/www.inclusive.org.br\/?p=12313"},"modified":"2009-11-06T07:13:54","modified_gmt":"2009-11-06T10:13:54","slug":"copa-do-mundo-para-todo-mundo","status":"publish","type":"post","link":"https:\/\/inclusivenews.com.br\/?p=12313","title":{"rendered":"Copa do Mundo, para todo mundo, por Ricardo Shimosakai"},"content":{"rendered":"<p><strong>Ricardo Shimosakai<\/strong><\/p>\n<figure id=\"attachment_12314\" aria-describedby=\"caption-attachment-12314\" style=\"width: 207px\" class=\"wp-caption alignleft\"><a href=\"http:\/\/www.inclusivenews.com.br\/wp-content\/uploads\/2009\/11\/ricardo_shimosakai.jpg\"><img loading=\"lazy\" decoding=\"async\" class=\"size-full wp-image-12314\" title=\"Ricardo Shimosakai\" src=\"http:\/\/inclusivenews.com.br\/wp-content\/uploads\/2009\/11\/ricardo_shimosakai.jpg\" alt=\"Ricardo Shimosakai\" width=\"207\" height=\"229\" \/><\/a><figcaption id=\"caption-attachment-12314\" class=\"wp-caption-text\"> <\/figcaption><\/figure>\n<p style=\"text-align: justify;\">* Esta mat\u00e9ria foi escrita para a Revista Rea\u00e7\u00e3o &#8211; Revista Nacional de Reabilita\u00e7\u00e3o, Ano XIII, n\u00famero 70, edi\u00e7\u00e3o bimestral de setembro\/outubro. S\u00e3o Paulo: Editora C&amp;G 12 Comunica\u00e7\u00e3o e Marketing, p. 40-42, setembro de 2009.<\/p>\n<p style=\"text-align: justify;\">No dia 30 de Outubro de 2007 a FIFA ratificou o Brasil como pa\u00eds-sede da Copa do Mundo de 2014. Em maio de 2009, foi anunciada as 12 cidades sede que receber\u00e3o os jogos da Copa: Belo Horizonte, Bras\u00edlia, Cuiab\u00e1, Curitiba, Fortaleza, Manaus, Natal, Porto alegre, Recife, Rio de Janeiro, Salvador e S\u00e3o Paulo. Dentre as 12 cidades escolhidas, 4 a 6 delas dever\u00e3o receber tamb\u00e9m a Copa das Confedera\u00e7\u00f5es 2013, evento que seve como teste para a Copa. Os est\u00e1dios de Natal, Recife e Salvador ser\u00e3o construidos especialmente para a Copa. Apesar de ainda n\u00e3o estarem definidas, as cidades de S\u00e3o Paulo e Rio de Janeiro s\u00e3o as mais cotadas para receber os jogos de abertura e encerramento da Copa do Mundo, respectivamente. O Minist\u00e9rio do Turismo \u00e9 o principal \u00f3rg\u00e3o do Governo Federal na organiza\u00e7\u00e3o do evento, e os crit\u00e9rios para a escolha das cidades fizeram parte de uma estrat\u00e9gia, visando o favorecimento do turismo nas regi\u00f5es que receber\u00e3o o evento.<\/p>\n<p style=\"text-align: justify;\">A FIFA convocou em agosto, todos os arquitetos e coordenadores da organiza\u00e7\u00e3o da Copa de 2014 para uma reuni\u00e3o de ajuste dos projetos de est\u00e1dios. Um documento enviado pela dire\u00e7\u00e3o da FIFA na Su\u00ed\u00e7a tinha diversas diretrizes referentes \u00e0 parte arquitet\u00f4nica dos est\u00e1dios, inclusive orienta\u00e7\u00f5es precisas sobre acessibilidade, com o objetivo de fazer uma Copa 100% acess\u00edvel. E estabelece que o edital de licita\u00e7\u00e3o preveja a adequa\u00e7\u00e3o das instala\u00e7\u00f5es f\u00edsicas dos est\u00e1dios para a norma NBR 9050 (Acessibilidade a edifica\u00e7\u00f5es, mobili\u00e1rio, espa\u00e7os e equipamentos urbanos). Apesar da acessibilidade nos est\u00e1dios j\u00e1 estar prevista em nossa legisla\u00e7\u00e3o h\u00e1 algum tempo, como no decreto 5.296 e at\u00e9 em documentos mais espec\u00edficos, como o Estatuto do Torcedor, somente agora o Brasil resolve tomar uma atitude mais abrangente. A acessibilidade \u00e9 um item obrigat\u00f3rio para os pa\u00edses sedes, onde isso \u00e9 deixado claro j\u00e1 na fase da candidatura, ent\u00e3o o comit\u00ea de organiza\u00e7\u00e3o da Copa de 2014 no Brasil sabe de suas obriga\u00e7\u00f5es, agora s\u00f3 resta cumpri-las de forma correta.<\/p>\n<figure id=\"attachment_12315\" aria-describedby=\"caption-attachment-12315\" style=\"width: 300px\" class=\"wp-caption alignleft\"><a href=\"http:\/\/www.inclusivenews.com.br\/wp-content\/uploads\/2009\/11\/Image1.jpg\"><img loading=\"lazy\" decoding=\"async\" class=\"size-medium wp-image-12315\" title=\"ArsenalPics.com\" src=\"http:\/\/inclusivenews.com.br\/wp-content\/uploads\/2009\/11\/Image1-300x147.jpg\" alt=\"ArsenalPics.com\" width=\"300\" height=\"147\" srcset=\"https:\/\/inclusivenews.com.br\/wp-content\/uploads\/2009\/11\/Image1-300x147.jpg 300w, https:\/\/inclusivenews.com.br\/wp-content\/uploads\/2009\/11\/Image1.jpg 510w\" sizes=\"auto, (max-width: 300px) 100vw, 300px\" \/><\/a><figcaption id=\"caption-attachment-12315\" class=\"wp-caption-text\"> <\/figcaption><\/figure>\n<p style=\"text-align: justify;\">A Freeway Brasil realizou o Projeto Ver-o-Gol, onde levou um grupo 15 de pessoas com defici\u00eancia visual com 10 acompanhantes e um c\u00e3o guia, para assistir um jogo de futebol no est\u00e1dio do Morumbi, onde receberam r\u00e1dios da ESPN, com os quais ouviram a narra\u00e7\u00e3o do jogo. No est\u00e1dio, o grupo ficou no setor t\u00e9rreo vermelho do Morumbi, reservado e preparado para pessoas cegas. Esta iniciativa foi inspirada na experi\u00eancia do Bayer04 Leverkusen da Alemanha em 1999. \u201cEstes torcedores simplesmente v\u00eaem com os ouvidos\u201d, afirmou Andr\u00e9as Paffrath, encarregado das rela\u00e7\u00f5es com os simpatizantes deste clube. O sistema foi aplicado nos 12 est\u00e1dios que receberam jogos da Copa do Mundo na Alemanha em 2006, e em cada uma das 64 partidas do Mundial. Em cada um deles foram reservados 10 locais para cegos, deficientes visuais e seus acompanhantes. Atualmente a acessibilidade para pessoas com defici\u00eancia visual j\u00e1 est\u00e1 presente em 95% dos est\u00e1dios alem\u00e3es da 1\u00aa divis\u00e3o, gra\u00e7as \u00e0 parceria com a ONG Fanclub &#8211; Sehhunde, especializada em pessoas cegas. A Freeway \u00e9 uma ag\u00eancia de turismo pioneira na cria\u00e7\u00e3o de roteiros tur\u00edsticos acess\u00edveis no Brasil, e atenta \u00e0s quest\u00f5es de acessibilidade e inclus\u00e3o no turismo atrav\u00e9s do departamento Freeway Acess\u00edvel.<\/p>\n<p style=\"text-align: justify;\">Por\u00e9m a Copa n\u00e3o se resume somente aos jogos nos est\u00e1dios. Seguran\u00e7a, transporte, hospedagem s\u00e3o outros itens importantes que comp\u00f5em toda a infraestrutura necess\u00e1ria para a cidade receber um evento desse porte. Quase a totalidade dos hot\u00e9is brasileiros n\u00e3o cumpre a norma da ABNT onde \u00e9 indicada que, pelo menos 5% do total dos dormit\u00f3rios devem ser acess\u00edveis. Existe tamb\u00e9m a possibilidade de se hospedar num navio cruzeiro, onde a acessibilidade \u00e9 considerada muito boa.<\/p>\n<figure id=\"attachment_12316\" aria-describedby=\"caption-attachment-12316\" style=\"width: 300px\" class=\"wp-caption alignleft\"><a href=\"http:\/\/www.inclusivenews.com.br\/wp-content\/uploads\/2009\/11\/Image2.jpg\"><img loading=\"lazy\" decoding=\"async\" class=\"size-medium wp-image-12316 \" title=\"Grupo de pessoas com defici\u00eancia visual que participaram do projeto\" src=\"http:\/\/inclusivenews.com.br\/wp-content\/uploads\/2009\/11\/Image2-300x200.jpg\" alt=\"Grupo de pessoas com defici\u00eancia visual que participaram do projeto\" width=\"300\" height=\"200\" srcset=\"https:\/\/inclusivenews.com.br\/wp-content\/uploads\/2009\/11\/Image2-300x200.jpg 300w, https:\/\/inclusivenews.com.br\/wp-content\/uploads\/2009\/11\/Image2.jpg 500w\" sizes=\"auto, (max-width: 300px) 100vw, 300px\" \/><\/a><figcaption id=\"caption-attachment-12316\" class=\"wp-caption-text\"> <\/figcaption><\/figure>\n<p style=\"text-align: justify;\">Marcio Fortes, Ministro das Cidades, disse que o Programa de Acelera\u00e7\u00e3o do Crescimento (PAC) da Mobilidade Urbana est\u00e1 sendo arquitetado pelo governo federal para impulsionar a qualidade do transporte para a Copa do Mundo de 2014. Segundo Fortes, h\u00e1 um cronograma a ser cumprido, mas, diferente daquilo que muitos pensam, os trabalhos que ser\u00e3o realizados n\u00e3o resolver\u00e3o definitivamente os problemas do transporte p\u00fablico das cidades sedes. \u201cEstaremos focados em desenvolver projetos para elevar a qualidade do deslocamento das torcidas apenas no \u00e2mbito do evento esportivo mundial, para isso o modal de \u00f4nibus tem muita import\u00e2ncia e as tecnologias apresentadas ter\u00e3o papel fundamental\u201d, revela o ministro. Para ele, a palavra chave de todo esse processo \u00e9 \u2018acessibilidade\u2019. \u201cTenho notado que as montadoras est\u00e3o aplicando sistemas tecnol\u00f3gicos importantes para o setor, mas o tema tem que estar no cora\u00e7\u00e3o. Temos que ter cuidado com os nossos semelhantes com dificuldades de locomo\u00e7\u00e3o. E nessa vertente, surge os projetos para facilitar a entrada nos \u00f4nibus\u201d, salienta.<\/p>\n<p style=\"text-align: justify;\">Na \u00c1frica do Sul, local onde ser\u00e1 realizada a Copa do Mundo de 2010, h\u00e1 um plano especial para pessoas com problemas de acessibilidade. O est\u00e1dio possui 100 lugares para elas, com mais 100 assentos para seus acompanhantes. Neste caso as pessoas poder\u00e3o ir com seu pr\u00f3prio carro at\u00e9 o estacionamento e utilizar os ve\u00edculos especiais que realizar\u00e3o o transporte dos cadeirantes e outras pessoas com problemas de locomo\u00e7\u00e3o at\u00e9 os est\u00e1dios.<\/p>\n<p style=\"text-align: justify;\">Assistir \u00e0 Copa do Mundo \u00e9 um sonho para muitos, mas certamente poucos brasileiros poder\u00e3o realiz\u00e1-lo, mesmo em 2014, quando o campeonato acontece no Brasil. O pre\u00e7o e a dificuldade de acesso aos ingressos fazem com que assistir a uma partida de um dos maiores eventos esportivos do planeta seja realmente uma fa\u00e7anha para poucos, e ricos. Atenta a isso, em 2006 na Alemanha, a Fifa criou as \u201cFan Fest\u201d, grandes eventos com tel\u00f5es espalhados pelas cidades do pa\u00eds anfitri\u00e3o, para tentar resolver o problema e, de quebra, faturar mais algum trocado. Ao todo, foram mais de 18 milh\u00f5es de f\u00e3s que viram as partidas nestes locais, seis vezes mais do que os que compareceram nos est\u00e1dios germ\u00e2nicos.<\/p>\n<p style=\"text-align: justify;\">Desviando um pouco do eixo, mas continuando a tratar de grandes eventos esportivos e respeitando as devidas propor\u00e7\u00f5es, Barcelona quando sediou as Paraolimp\u00edadas em 1992, fez uma grande reforma que permanece at\u00e9 hoje, sendo reconhecida como uma das cidades mais acess\u00edveis do mundo, enquanto que o Rio de Janeiro que sediou os Jogos Parapanamericanos em 2007, continua com as mesmas dificuldades de antes. Para alcan\u00e7ar o sucesso na realiza\u00e7\u00e3o de um grande evento, \u00e9 preciso um grande planejamento. Mas que seja um planejamento para deixar um legado permanente, pois fazer alguma modifica\u00e7\u00e3o que seja tempor\u00e1ria, somente para cumprir normas estabelecidas pela organiza\u00e7\u00e3o da Copa do Mundo, \u00e9 pensar pequeno. Assim como a defici\u00eancia das pessoas n\u00e3o acabam com o final do evento, a infraestrutura criada para um evento t\u00e3o nobre, tamb\u00e9m deveriam ser permanente.<\/p>\n<p style=\"text-align: justify;\">_________________________________<\/p>\n<p style=\"text-align: justify;\">Ricardo Shimosakai \u00e9 Bacharel em Turismo pela Universidade Anhembi Morumbi\/ Laureate International Universities, Coordenador da Freeway Acess\u00edvel, Diretor da Turismo Adaptado, e colunista dos portais digitais EcoViagem, Di\u00e1rio do Turismo e Revista Rea\u00e7\u00e3o. Membro do Centro de Vida Independente Araci Nallin, Brazilian Adventure Society, Rede Interamericana de Turismo Acess\u00edvel, SATH (Society for Accessible Travel &amp; Hospitality) e da ENAT (European Network for Accessible Tourism).<\/p>\n","protected":false},"excerpt":{"rendered":"<p>Ricardo Shimosakai * Esta mat\u00e9ria foi escrita para a Revista Rea\u00e7\u00e3o &#8211; Revista Nacional de Reabilita\u00e7\u00e3o, Ano XIII, n\u00famero 70, edi\u00e7\u00e3o bimestral de setembro\/outubro. S\u00e3o Paulo: Editora C&amp;G 12 Comunica\u00e7\u00e3o e Marketing, p. 40-42, setembro de 2009. No dia 30 de Outubro de 2007 a FIFA ratificou o Brasil como pa\u00eds-sede da Copa do Mundo [&hellip;]<\/p>\n","protected":false},"author":1,"featured_media":0,"comment_status":"open","ping_status":"open","sticky":false,"template":"","format":"standard","meta":{"site-container-style":"default","site-container-layout":"default","site-sidebar-layout":"default","disable-article-header":"default","disable-site-header":"default","disable-site-footer":"default","disable-content-area-spacing":"default","footnotes":""},"categories":[27,48,8],"tags":[],"class_list":["post-12313","post","type-post","status-publish","format-standard","hentry","category-esporte","category-inclusao","category-textos-e-artigos"],"yoast_head":"<!-- This site is optimized with the Yoast SEO plugin v27.4 - https:\/\/yoast.com\/product\/yoast-seo-wordpress\/ -->\n<title>Copa do Mundo, para todo mundo, por Ricardo Shimosakai -<\/title>\n<meta name=\"robots\" content=\"index, follow, max-snippet:-1, max-image-preview:large, max-video-preview:-1\" \/>\n<link rel=\"canonical\" href=\"https:\/\/inclusivenews.com.br\/?p=12313\" \/>\n<meta property=\"og:locale\" content=\"pt_PT\" \/>\n<meta property=\"og:type\" content=\"article\" \/>\n<meta property=\"og:title\" content=\"Copa do Mundo, para todo mundo, por Ricardo Shimosakai -\" \/>\n<meta property=\"og:description\" content=\"Ricardo Shimosakai * Esta mat\u00e9ria foi escrita para a Revista Rea\u00e7\u00e3o &#8211; Revista Nacional de Reabilita\u00e7\u00e3o, Ano XIII, n\u00famero 70, edi\u00e7\u00e3o bimestral de setembro\/outubro. S\u00e3o Paulo: Editora C&amp;G 12 Comunica\u00e7\u00e3o e Marketing, p. 40-42, setembro de 2009. No dia 30 de Outubro de 2007 a FIFA ratificou o Brasil como pa\u00eds-sede da Copa do Mundo [&hellip;]\" \/>\n<meta property=\"og:url\" content=\"https:\/\/inclusivenews.com.br\/?p=12313\" \/>\n<meta property=\"article:publisher\" content=\"https:\/\/www.facebook.com\/agenciainclusive\/\" \/>\n<meta property=\"article:published_time\" content=\"2009-11-06T10:13:54+00:00\" \/>\n<meta property=\"og:image\" content=\"http:\/\/inclusivenews.com.br\/wp-content\/uploads\/2009\/11\/ricardo_shimosakai.jpg\" \/>\n<meta name=\"author\" content=\"inclusivenews2024\" \/>\n<meta name=\"twitter:card\" content=\"summary_large_image\" \/>\n<meta name=\"twitter:label1\" content=\"Escrito por\" \/>\n\t<meta name=\"twitter:data1\" content=\"inclusivenews2024\" \/>\n\t<meta name=\"twitter:label2\" content=\"Tempo estimado de leitura\" \/>\n\t<meta name=\"twitter:data2\" content=\"7 minutos\" \/>\n<script type=\"application\/ld+json\" class=\"yoast-schema-graph\">{\"@context\":\"https:\\\/\\\/schema.org\",\"@graph\":[{\"@type\":\"Article\",\"@id\":\"https:\\\/\\\/inclusivenews.com.br\\\/?p=12313#article\",\"isPartOf\":{\"@id\":\"https:\\\/\\\/inclusivenews.com.br\\\/?p=12313\"},\"author\":{\"name\":\"inclusivenews2024\",\"@id\":\"https:\\\/\\\/inclusivenews.com.br\\\/#\\\/schema\\\/person\\\/ae4ec7087559b8692fb33b6fffd2273b\"},\"headline\":\"Copa do Mundo, para todo mundo, por Ricardo Shimosakai\",\"datePublished\":\"2009-11-06T10:13:54+00:00\",\"mainEntityOfPage\":{\"@id\":\"https:\\\/\\\/inclusivenews.com.br\\\/?p=12313\"},\"wordCount\":1309,\"commentCount\":0,\"publisher\":{\"@id\":\"https:\\\/\\\/inclusivenews.com.br\\\/#organization\"},\"image\":{\"@id\":\"https:\\\/\\\/inclusivenews.com.br\\\/?p=12313#primaryimage\"},\"thumbnailUrl\":\"http:\\\/\\\/inclusivenews.com.br\\\/wp-content\\\/uploads\\\/2009\\\/11\\\/ricardo_shimosakai.jpg\",\"articleSection\":[\"Esporte\",\"INCLUS\u00c3O SOCIAL\",\"OPINI\u00c3O\"],\"inLanguage\":\"pt-PT\",\"potentialAction\":[{\"@type\":\"CommentAction\",\"name\":\"Comment\",\"target\":[\"https:\\\/\\\/inclusivenews.com.br\\\/?p=12313#respond\"]}]},{\"@type\":\"WebPage\",\"@id\":\"https:\\\/\\\/inclusivenews.com.br\\\/?p=12313\",\"url\":\"https:\\\/\\\/inclusivenews.com.br\\\/?p=12313\",\"name\":\"Copa do Mundo, para todo mundo, por Ricardo Shimosakai -\",\"isPartOf\":{\"@id\":\"https:\\\/\\\/inclusivenews.com.br\\\/#website\"},\"primaryImageOfPage\":{\"@id\":\"https:\\\/\\\/inclusivenews.com.br\\\/?p=12313#primaryimage\"},\"image\":{\"@id\":\"https:\\\/\\\/inclusivenews.com.br\\\/?p=12313#primaryimage\"},\"thumbnailUrl\":\"http:\\\/\\\/inclusivenews.com.br\\\/wp-content\\\/uploads\\\/2009\\\/11\\\/ricardo_shimosakai.jpg\",\"datePublished\":\"2009-11-06T10:13:54+00:00\",\"breadcrumb\":{\"@id\":\"https:\\\/\\\/inclusivenews.com.br\\\/?p=12313#breadcrumb\"},\"inLanguage\":\"pt-PT\",\"potentialAction\":[{\"@type\":\"ReadAction\",\"target\":[\"https:\\\/\\\/inclusivenews.com.br\\\/?p=12313\"]}]},{\"@type\":\"ImageObject\",\"inLanguage\":\"pt-PT\",\"@id\":\"https:\\\/\\\/inclusivenews.com.br\\\/?p=12313#primaryimage\",\"url\":\"https:\\\/\\\/inclusivenews.com.br\\\/wp-content\\\/uploads\\\/2009\\\/11\\\/ricardo_shimosakai.jpg\",\"contentUrl\":\"https:\\\/\\\/inclusivenews.com.br\\\/wp-content\\\/uploads\\\/2009\\\/11\\\/ricardo_shimosakai.jpg\",\"width\":259,\"height\":286},{\"@type\":\"BreadcrumbList\",\"@id\":\"https:\\\/\\\/inclusivenews.com.br\\\/?p=12313#breadcrumb\",\"itemListElement\":[{\"@type\":\"ListItem\",\"position\":1,\"name\":\"In\u00edcio\",\"item\":\"https:\\\/\\\/inclusivenews.com.br\\\/\"},{\"@type\":\"ListItem\",\"position\":2,\"name\":\"Copa do Mundo, para todo mundo, por Ricardo Shimosakai\"}]},{\"@type\":\"WebSite\",\"@id\":\"https:\\\/\\\/inclusivenews.com.br\\\/#website\",\"url\":\"https:\\\/\\\/inclusivenews.com.br\\\/\",\"name\":\"Inclusive News\",\"description\":\"Inclusive News\",\"publisher\":{\"@id\":\"https:\\\/\\\/inclusivenews.com.br\\\/#organization\"},\"potentialAction\":[{\"@type\":\"SearchAction\",\"target\":{\"@type\":\"EntryPoint\",\"urlTemplate\":\"https:\\\/\\\/inclusivenews.com.br\\\/?s={search_term_string}\"},\"query-input\":{\"@type\":\"PropertyValueSpecification\",\"valueRequired\":true,\"valueName\":\"search_term_string\"}}],\"inLanguage\":\"pt-PT\"},{\"@type\":\"Organization\",\"@id\":\"https:\\\/\\\/inclusivenews.com.br\\\/#organization\",\"name\":\"Inclusive - inclus\u00e3o e cidadania\",\"url\":\"https:\\\/\\\/inclusivenews.com.br\\\/\",\"logo\":{\"@type\":\"ImageObject\",\"inLanguage\":\"pt-PT\",\"@id\":\"https:\\\/\\\/inclusivenews.com.br\\\/#\\\/schema\\\/logo\\\/image\\\/\",\"url\":\"https:\\\/\\\/inclusivenews.com.br\\\/wp-content\\\/uploads\\\/2024\\\/03\\\/@grandesite.png\",\"contentUrl\":\"https:\\\/\\\/inclusivenews.com.br\\\/wp-content\\\/uploads\\\/2024\\\/03\\\/@grandesite.png\",\"width\":1080,\"height\":1080,\"caption\":\"Inclusive - inclus\u00e3o e cidadania\"},\"image\":{\"@id\":\"https:\\\/\\\/inclusivenews.com.br\\\/#\\\/schema\\\/logo\\\/image\\\/\"},\"sameAs\":[\"https:\\\/\\\/www.facebook.com\\\/agenciainclusive\\\/\",\"https:\\\/\\\/www.instagram.com\\\/newsinclusive\\\/\"]},{\"@type\":\"Person\",\"@id\":\"https:\\\/\\\/inclusivenews.com.br\\\/#\\\/schema\\\/person\\\/ae4ec7087559b8692fb33b6fffd2273b\",\"name\":\"inclusivenews2024\",\"image\":{\"@type\":\"ImageObject\",\"inLanguage\":\"pt-PT\",\"@id\":\"https:\\\/\\\/secure.gravatar.com\\\/avatar\\\/c5a7ef84c66fa914f55bc4f7ce26cfa275a3b9a1c5568b907bd184fb4dde7b40?s=96&d=mm&r=g\",\"url\":\"https:\\\/\\\/secure.gravatar.com\\\/avatar\\\/c5a7ef84c66fa914f55bc4f7ce26cfa275a3b9a1c5568b907bd184fb4dde7b40?s=96&d=mm&r=g\",\"contentUrl\":\"https:\\\/\\\/secure.gravatar.com\\\/avatar\\\/c5a7ef84c66fa914f55bc4f7ce26cfa275a3b9a1c5568b907bd184fb4dde7b40?s=96&d=mm&r=g\",\"caption\":\"inclusivenews2024\"},\"sameAs\":[\"https:\\\/\\\/inclusivenews.com.br\"],\"url\":\"https:\\\/\\\/inclusivenews.com.br\\\/?author=1\"}]}<\/script>\n<!-- \/ Yoast SEO plugin. -->","yoast_head_json":{"title":"Copa do Mundo, para todo mundo, por Ricardo Shimosakai -","robots":{"index":"index","follow":"follow","max-snippet":"max-snippet:-1","max-image-preview":"max-image-preview:large","max-video-preview":"max-video-preview:-1"},"canonical":"https:\/\/inclusivenews.com.br\/?p=12313","og_locale":"pt_PT","og_type":"article","og_title":"Copa do Mundo, para todo mundo, por Ricardo Shimosakai -","og_description":"Ricardo Shimosakai * Esta mat\u00e9ria foi escrita para a Revista Rea\u00e7\u00e3o &#8211; Revista Nacional de Reabilita\u00e7\u00e3o, Ano XIII, n\u00famero 70, edi\u00e7\u00e3o bimestral de setembro\/outubro. S\u00e3o Paulo: Editora C&amp;G 12 Comunica\u00e7\u00e3o e Marketing, p. 40-42, setembro de 2009. No dia 30 de Outubro de 2007 a FIFA ratificou o Brasil como pa\u00eds-sede da Copa do Mundo [&hellip;]","og_url":"https:\/\/inclusivenews.com.br\/?p=12313","article_publisher":"https:\/\/www.facebook.com\/agenciainclusive\/","article_published_time":"2009-11-06T10:13:54+00:00","og_image":[{"url":"http:\/\/inclusivenews.com.br\/wp-content\/uploads\/2009\/11\/ricardo_shimosakai.jpg","type":"","width":"","height":""}],"author":"inclusivenews2024","twitter_card":"summary_large_image","twitter_misc":{"Escrito por":"inclusivenews2024","Tempo estimado de leitura":"7 minutos"},"schema":{"@context":"https:\/\/schema.org","@graph":[{"@type":"Article","@id":"https:\/\/inclusivenews.com.br\/?p=12313#article","isPartOf":{"@id":"https:\/\/inclusivenews.com.br\/?p=12313"},"author":{"name":"inclusivenews2024","@id":"https:\/\/inclusivenews.com.br\/#\/schema\/person\/ae4ec7087559b8692fb33b6fffd2273b"},"headline":"Copa do Mundo, para todo mundo, por Ricardo Shimosakai","datePublished":"2009-11-06T10:13:54+00:00","mainEntityOfPage":{"@id":"https:\/\/inclusivenews.com.br\/?p=12313"},"wordCount":1309,"commentCount":0,"publisher":{"@id":"https:\/\/inclusivenews.com.br\/#organization"},"image":{"@id":"https:\/\/inclusivenews.com.br\/?p=12313#primaryimage"},"thumbnailUrl":"http:\/\/inclusivenews.com.br\/wp-content\/uploads\/2009\/11\/ricardo_shimosakai.jpg","articleSection":["Esporte","INCLUS\u00c3O SOCIAL","OPINI\u00c3O"],"inLanguage":"pt-PT","potentialAction":[{"@type":"CommentAction","name":"Comment","target":["https:\/\/inclusivenews.com.br\/?p=12313#respond"]}]},{"@type":"WebPage","@id":"https:\/\/inclusivenews.com.br\/?p=12313","url":"https:\/\/inclusivenews.com.br\/?p=12313","name":"Copa do Mundo, para todo mundo, por Ricardo Shimosakai -","isPartOf":{"@id":"https:\/\/inclusivenews.com.br\/#website"},"primaryImageOfPage":{"@id":"https:\/\/inclusivenews.com.br\/?p=12313#primaryimage"},"image":{"@id":"https:\/\/inclusivenews.com.br\/?p=12313#primaryimage"},"thumbnailUrl":"http:\/\/inclusivenews.com.br\/wp-content\/uploads\/2009\/11\/ricardo_shimosakai.jpg","datePublished":"2009-11-06T10:13:54+00:00","breadcrumb":{"@id":"https:\/\/inclusivenews.com.br\/?p=12313#breadcrumb"},"inLanguage":"pt-PT","potentialAction":[{"@type":"ReadAction","target":["https:\/\/inclusivenews.com.br\/?p=12313"]}]},{"@type":"ImageObject","inLanguage":"pt-PT","@id":"https:\/\/inclusivenews.com.br\/?p=12313#primaryimage","url":"https:\/\/inclusivenews.com.br\/wp-content\/uploads\/2009\/11\/ricardo_shimosakai.jpg","contentUrl":"https:\/\/inclusivenews.com.br\/wp-content\/uploads\/2009\/11\/ricardo_shimosakai.jpg","width":259,"height":286},{"@type":"BreadcrumbList","@id":"https:\/\/inclusivenews.com.br\/?p=12313#breadcrumb","itemListElement":[{"@type":"ListItem","position":1,"name":"In\u00edcio","item":"https:\/\/inclusivenews.com.br\/"},{"@type":"ListItem","position":2,"name":"Copa do Mundo, para todo mundo, por Ricardo Shimosakai"}]},{"@type":"WebSite","@id":"https:\/\/inclusivenews.com.br\/#website","url":"https:\/\/inclusivenews.com.br\/","name":"Inclusive News","description":"Inclusive News","publisher":{"@id":"https:\/\/inclusivenews.com.br\/#organization"},"potentialAction":[{"@type":"SearchAction","target":{"@type":"EntryPoint","urlTemplate":"https:\/\/inclusivenews.com.br\/?s={search_term_string}"},"query-input":{"@type":"PropertyValueSpecification","valueRequired":true,"valueName":"search_term_string"}}],"inLanguage":"pt-PT"},{"@type":"Organization","@id":"https:\/\/inclusivenews.com.br\/#organization","name":"Inclusive - inclus\u00e3o e cidadania","url":"https:\/\/inclusivenews.com.br\/","logo":{"@type":"ImageObject","inLanguage":"pt-PT","@id":"https:\/\/inclusivenews.com.br\/#\/schema\/logo\/image\/","url":"https:\/\/inclusivenews.com.br\/wp-content\/uploads\/2024\/03\/@grandesite.png","contentUrl":"https:\/\/inclusivenews.com.br\/wp-content\/uploads\/2024\/03\/@grandesite.png","width":1080,"height":1080,"caption":"Inclusive - inclus\u00e3o e cidadania"},"image":{"@id":"https:\/\/inclusivenews.com.br\/#\/schema\/logo\/image\/"},"sameAs":["https:\/\/www.facebook.com\/agenciainclusive\/","https:\/\/www.instagram.com\/newsinclusive\/"]},{"@type":"Person","@id":"https:\/\/inclusivenews.com.br\/#\/schema\/person\/ae4ec7087559b8692fb33b6fffd2273b","name":"inclusivenews2024","image":{"@type":"ImageObject","inLanguage":"pt-PT","@id":"https:\/\/secure.gravatar.com\/avatar\/c5a7ef84c66fa914f55bc4f7ce26cfa275a3b9a1c5568b907bd184fb4dde7b40?s=96&d=mm&r=g","url":"https:\/\/secure.gravatar.com\/avatar\/c5a7ef84c66fa914f55bc4f7ce26cfa275a3b9a1c5568b907bd184fb4dde7b40?s=96&d=mm&r=g","contentUrl":"https:\/\/secure.gravatar.com\/avatar\/c5a7ef84c66fa914f55bc4f7ce26cfa275a3b9a1c5568b907bd184fb4dde7b40?s=96&d=mm&r=g","caption":"inclusivenews2024"},"sameAs":["https:\/\/inclusivenews.com.br"],"url":"https:\/\/inclusivenews.com.br\/?author=1"}]}},"_links":{"self":[{"href":"https:\/\/inclusivenews.com.br\/index.php?rest_route=\/wp\/v2\/posts\/12313","targetHints":{"allow":["GET"]}}],"collection":[{"href":"https:\/\/inclusivenews.com.br\/index.php?rest_route=\/wp\/v2\/posts"}],"about":[{"href":"https:\/\/inclusivenews.com.br\/index.php?rest_route=\/wp\/v2\/types\/post"}],"author":[{"embeddable":true,"href":"https:\/\/inclusivenews.com.br\/index.php?rest_route=\/wp\/v2\/users\/1"}],"replies":[{"embeddable":true,"href":"https:\/\/inclusivenews.com.br\/index.php?rest_route=%2Fwp%2Fv2%2Fcomments&post=12313"}],"version-history":[{"count":0,"href":"https:\/\/inclusivenews.com.br\/index.php?rest_route=\/wp\/v2\/posts\/12313\/revisions"}],"wp:attachment":[{"href":"https:\/\/inclusivenews.com.br\/index.php?rest_route=%2Fwp%2Fv2%2Fmedia&parent=12313"}],"wp:term":[{"taxonomy":"category","embeddable":true,"href":"https:\/\/inclusivenews.com.br\/index.php?rest_route=%2Fwp%2Fv2%2Fcategories&post=12313"},{"taxonomy":"post_tag","embeddable":true,"href":"https:\/\/inclusivenews.com.br\/index.php?rest_route=%2Fwp%2Fv2%2Ftags&post=12313"}],"curies":[{"name":"wp","href":"https:\/\/api.w.org\/{rel}","templated":true}]}}