{"id":12325,"date":"2009-11-07T06:30:44","date_gmt":"2009-11-07T09:30:44","guid":{"rendered":"http:\/\/www.inclusive.org.br\/?p=12325"},"modified":"2009-11-07T06:30:44","modified_gmt":"2009-11-07T09:30:44","slug":"telinha-na-escola-chega-a-rondonia","status":"publish","type":"post","link":"https:\/\/inclusivenews.com.br\/?p=12325","title":{"rendered":"Telinha na Escola chega \u00e0 Rond\u00f4nia"},"content":{"rendered":"<div class=\"mceTemp\">\n<dl class=\"wp-caption alignleft\" style=\"width: 190px;\">\n<dt class=\"wp-caption-dt\"><img loading=\"lazy\" decoding=\"async\" title=\"Foto: Telinha Rond\u00f4nia - Os alunos e \u201ccineastas\u201d Hosana e Gabriel: celular em favor da educa\u00e7\u00e3o\" src=\"http:\/\/www.rts.org.br\/noticias\/destaque-2\/imagens2009\/telinha-na-escola-chega-a-rondonia.jpg\" alt=\"Foto: Telinha Rond\u00f4nia - Os alunos e \u201ccineastas\u201d Hosana e Gabriel: celular em favor da educa\u00e7\u00e3o\" width=\"180\" height=\"135\" \/><\/dt>\n<dd class=\"wp-caption-dd\"><\/dd>\n<\/dl>\n<\/div>\n<p>Finalista do Pr\u00eamio Funda\u00e7\u00e3o Banco do Brasil de Tecnologia Social, o projeto Telinha de Cinema acaba de chegar a Porto Velho (RO). L\u00e1, onde ganhou o nome de Telinha na Escola, a iniciativa j\u00e1 mobiliza 40 estudantes das escolas p\u00fablicas Maria C\u00e2ndia e Flora Calheiros em atividades de filmagem, produ\u00e7\u00e3o, edi\u00e7\u00e3o e distribui\u00e7\u00e3o de v\u00eddeos por meio de telefones celulares. As li\u00e7\u00f5es s\u00e3o ministradas no contraturno das aulas pelos pr\u00f3prios professores, preparados para utilizar conte\u00fados did\u00e1ticos como base para o roteiro dos v\u00eddeos.<br \/>\n\u201cFizemos uma chamada de ci\u00eancia e tecnologia e recebemos mais de 550 v\u00eddeos. Ficou at\u00e9 dif\u00edcil escolher os melhores entre tantos\u201d, brinca o professor de f\u00edsica da escola Marcelo C\u00e2ndia, Ant\u00f4nio Moura F\u00e9, para quem o projeto tamb\u00e9m alterou positivamente o uso do laborat\u00f3rio de inform\u00e1tica pelos alunos. \u201cAntes era s\u00f3 MSN, Orkut. Agora a internet \u00e9 usada como instrumento, de forma mais criativa\u201d, diz Moura, que apresentou a experi\u00eancia durante a I Mostra de Tecnologias Sociais de Porto Velho.<\/p>\n<p>H\u00e1 dois meses na iniciativa, a produtora e rep\u00f3rter Hosana Morais, de 15 anos, e o c\u00e2mera e editor Gabriel Perote, de 16, tamb\u00e9m participaram do encontro. \u201cComecei a trabalhar como rep\u00f3rter na segunda gincana de conhecimento da escola. Hoje sei mexer no youtube, em tudo\u201d, comemora Hosana, cuja \u00faltima produ\u00e7\u00e3o foi um v\u00eddeo sobre a hist\u00f3ria dos rel\u00f3gios. \u201cE a gente sempre coloca os cr\u00e9ditos das imagens que a gente usa\u201d, antecipa-se Gabriel, autor de v\u00eddeo sobre a hist\u00f3ria da avia\u00e7\u00e3o.<\/p>\n<p>Hist\u00f3ria<\/p>\n<p>O projeto Telinha na Escola \u00e9 viabilizado por meio de parceria entre a Secretaria Estadual de Educa\u00e7\u00e3o de Rond\u00f4nia, o Instituto Vivo e a Casa da \u00c1rvore Projetos Sociais, ONG de Tocantins respons\u00e1vel pelo desenvolvimento da metodologia.<\/p>\n<p>No Espa\u00e7o Telinha, situado em Palmas (TO), cerca de 80 jovens estudantes da rede p\u00fablica j\u00e1 integram o Telinha de Cinema, um n\u00facleo de est\u00edmulo a produ\u00e7\u00e3o audiovisual e de forma\u00e7\u00e3o de jovens realizadores atrav\u00e9s do curso regular de v\u00eddeos produzidos, editados e distribu\u00eddos com telefones celulares. A cada semestre, duas novas turmas s\u00e3o abertas com 20 vagas cada. Em agosto deste ano, a procura por matr\u00edcula superou em 100% as vagas oferecidas.<\/p>\n<p>\u201cEm dois anos, o resultado foi t\u00e3o positivo que a Secretaria entrou em contato com a gente para aplicar nossa metodologia diretamente nas escolas de turno integral\u201d, afirma Leila Dias, membro da Casa da \u00c1rvore e coordenadora do Telinha de Cinema.<\/p>\n<p>A mais recente linha de a\u00e7\u00e3o desenvolvida pelo projeto Telinha \u00e9 o N\u00facleo de Empreendedorismo e Express\u00e3o. Realizado no Espa\u00e7o Telinha, na periferia da capital tocantinense, o NEE re\u00fane jovens realizadores formados pelo Telinha de Cinema e tem o objetivo de transformar o conhecimento art\u00edstico tecnol\u00f3gico em oportunidade, por meio do desenvolvimento de produtos e servi\u00e7os inovadores. Neste N\u00facleo, os jovens realizadores aprofundam seus conhecimentos em audiovisual e sua rela\u00e7\u00e3o com o mercado, identificando produtos e servi\u00e7os com potencial para se transformarem em um neg\u00f3cio. Entre as \u00e1reas de atua\u00e7\u00e3o est\u00e3o a web tv, transmiss\u00f5es scream, o marketing bluettoth e as m\u00eddias locativas.<\/p>\n<p><strong>______________________<\/strong><\/p>\n<p><strong>Fonte de informa\u00e7\u00e3o: <\/strong><a href=\"http:\/\/www.rts.org.br\/noticias\/destaque-2\/telinha-na-escola-chega-a-rondonia\" target=\"_blank\" rel=\"noopener\">RTS <img loading=\"lazy\" decoding=\"async\" title=\"Link abrir\u00e1 em uma nova janela ou aba.\" src=\"http:\/\/www.inclusive.org.br\/images\/new_window.gif\" alt=\"Link abrir\u00e1 em uma nova janela ou aba.\" width=\"16\" height=\"14\" \/><\/a><\/p>\n","protected":false},"excerpt":{"rendered":"<p>Finalista do Pr\u00eamio Funda\u00e7\u00e3o Banco do Brasil de Tecnologia Social, o projeto Telinha de Cinema acaba de chegar a Porto Velho (RO). L\u00e1, onde ganhou o nome de Telinha na Escola, a iniciativa j\u00e1 mobiliza 40 estudantes das escolas p\u00fablicas Maria C\u00e2ndia e Flora Calheiros em atividades de filmagem, produ\u00e7\u00e3o, edi\u00e7\u00e3o e distribui\u00e7\u00e3o de v\u00eddeos [&hellip;]<\/p>\n","protected":false},"author":1,"featured_media":0,"comment_status":"open","ping_status":"open","sticky":false,"template":"","format":"standard","meta":{"site-container-style":"default","site-container-layout":"default","site-sidebar-layout":"default","disable-article-header":"default","disable-site-header":"default","disable-site-footer":"default","disable-content-area-spacing":"default","footnotes":""},"categories":[6,4],"tags":[],"class_list":["post-12325","post","type-post","status-publish","format-standard","hentry","category-educacao","category-noticias"],"yoast_head":"<!-- This site is optimized with the Yoast SEO plugin v27.4 - https:\/\/yoast.com\/product\/yoast-seo-wordpress\/ -->\n<title>Telinha na Escola chega \u00e0 Rond\u00f4nia -<\/title>\n<meta name=\"robots\" content=\"index, follow, max-snippet:-1, max-image-preview:large, max-video-preview:-1\" \/>\n<link rel=\"canonical\" href=\"https:\/\/inclusivenews.com.br\/?p=12325\" \/>\n<meta property=\"og:locale\" content=\"pt_PT\" \/>\n<meta property=\"og:type\" content=\"article\" \/>\n<meta property=\"og:title\" content=\"Telinha na Escola chega \u00e0 Rond\u00f4nia -\" \/>\n<meta property=\"og:description\" content=\"Finalista do Pr\u00eamio Funda\u00e7\u00e3o Banco do Brasil de Tecnologia Social, o projeto Telinha de Cinema acaba de chegar a Porto Velho (RO). L\u00e1, onde ganhou o nome de Telinha na Escola, a iniciativa j\u00e1 mobiliza 40 estudantes das escolas p\u00fablicas Maria C\u00e2ndia e Flora Calheiros em atividades de filmagem, produ\u00e7\u00e3o, edi\u00e7\u00e3o e distribui\u00e7\u00e3o de v\u00eddeos [&hellip;]\" \/>\n<meta property=\"og:url\" content=\"https:\/\/inclusivenews.com.br\/?p=12325\" \/>\n<meta property=\"article:publisher\" content=\"https:\/\/www.facebook.com\/agenciainclusive\/\" \/>\n<meta property=\"article:published_time\" content=\"2009-11-07T09:30:44+00:00\" \/>\n<meta property=\"og:image\" content=\"http:\/\/www.rts.org.br\/noticias\/destaque-2\/imagens2009\/telinha-na-escola-chega-a-rondonia.jpg\" \/>\n<meta name=\"author\" content=\"inclusivenews2024\" \/>\n<meta name=\"twitter:card\" content=\"summary_large_image\" \/>\n<meta name=\"twitter:label1\" content=\"Escrito por\" \/>\n\t<meta name=\"twitter:data1\" content=\"inclusivenews2024\" \/>\n\t<meta name=\"twitter:label2\" content=\"Tempo estimado de leitura\" \/>\n\t<meta name=\"twitter:data2\" content=\"3 minutos\" \/>\n<script type=\"application\/ld+json\" class=\"yoast-schema-graph\">{\"@context\":\"https:\\\/\\\/schema.org\",\"@graph\":[{\"@type\":\"Article\",\"@id\":\"https:\\\/\\\/inclusivenews.com.br\\\/?p=12325#article\",\"isPartOf\":{\"@id\":\"https:\\\/\\\/inclusivenews.com.br\\\/?p=12325\"},\"author\":{\"name\":\"inclusivenews2024\",\"@id\":\"https:\\\/\\\/inclusivenews.com.br\\\/#\\\/schema\\\/person\\\/ae4ec7087559b8692fb33b6fffd2273b\"},\"headline\":\"Telinha na Escola chega \u00e0 Rond\u00f4nia\",\"datePublished\":\"2009-11-07T09:30:44+00:00\",\"mainEntityOfPage\":{\"@id\":\"https:\\\/\\\/inclusivenews.com.br\\\/?p=12325\"},\"wordCount\":569,\"commentCount\":0,\"publisher\":{\"@id\":\"https:\\\/\\\/inclusivenews.com.br\\\/#organization\"},\"image\":{\"@id\":\"https:\\\/\\\/inclusivenews.com.br\\\/?p=12325#primaryimage\"},\"thumbnailUrl\":\"http:\\\/\\\/www.rts.org.br\\\/noticias\\\/destaque-2\\\/imagens2009\\\/telinha-na-escola-chega-a-rondonia.jpg\",\"articleSection\":[\"EDUCA\u00c7\u00c3O\",\"NOT\u00cdCIAS\"],\"inLanguage\":\"pt-PT\",\"potentialAction\":[{\"@type\":\"CommentAction\",\"name\":\"Comment\",\"target\":[\"https:\\\/\\\/inclusivenews.com.br\\\/?p=12325#respond\"]}]},{\"@type\":\"WebPage\",\"@id\":\"https:\\\/\\\/inclusivenews.com.br\\\/?p=12325\",\"url\":\"https:\\\/\\\/inclusivenews.com.br\\\/?p=12325\",\"name\":\"Telinha na Escola chega \u00e0 Rond\u00f4nia -\",\"isPartOf\":{\"@id\":\"https:\\\/\\\/inclusivenews.com.br\\\/#website\"},\"primaryImageOfPage\":{\"@id\":\"https:\\\/\\\/inclusivenews.com.br\\\/?p=12325#primaryimage\"},\"image\":{\"@id\":\"https:\\\/\\\/inclusivenews.com.br\\\/?p=12325#primaryimage\"},\"thumbnailUrl\":\"http:\\\/\\\/www.rts.org.br\\\/noticias\\\/destaque-2\\\/imagens2009\\\/telinha-na-escola-chega-a-rondonia.jpg\",\"datePublished\":\"2009-11-07T09:30:44+00:00\",\"breadcrumb\":{\"@id\":\"https:\\\/\\\/inclusivenews.com.br\\\/?p=12325#breadcrumb\"},\"inLanguage\":\"pt-PT\",\"potentialAction\":[{\"@type\":\"ReadAction\",\"target\":[\"https:\\\/\\\/inclusivenews.com.br\\\/?p=12325\"]}]},{\"@type\":\"ImageObject\",\"inLanguage\":\"pt-PT\",\"@id\":\"https:\\\/\\\/inclusivenews.com.br\\\/?p=12325#primaryimage\",\"url\":\"http:\\\/\\\/www.rts.org.br\\\/noticias\\\/destaque-2\\\/imagens2009\\\/telinha-na-escola-chega-a-rondonia.jpg\",\"contentUrl\":\"http:\\\/\\\/www.rts.org.br\\\/noticias\\\/destaque-2\\\/imagens2009\\\/telinha-na-escola-chega-a-rondonia.jpg\"},{\"@type\":\"BreadcrumbList\",\"@id\":\"https:\\\/\\\/inclusivenews.com.br\\\/?p=12325#breadcrumb\",\"itemListElement\":[{\"@type\":\"ListItem\",\"position\":1,\"name\":\"In\u00edcio\",\"item\":\"https:\\\/\\\/inclusivenews.com.br\\\/\"},{\"@type\":\"ListItem\",\"position\":2,\"name\":\"Telinha na Escola chega \u00e0 Rond\u00f4nia\"}]},{\"@type\":\"WebSite\",\"@id\":\"https:\\\/\\\/inclusivenews.com.br\\\/#website\",\"url\":\"https:\\\/\\\/inclusivenews.com.br\\\/\",\"name\":\"Inclusive News\",\"description\":\"Inclusive News\",\"publisher\":{\"@id\":\"https:\\\/\\\/inclusivenews.com.br\\\/#organization\"},\"potentialAction\":[{\"@type\":\"SearchAction\",\"target\":{\"@type\":\"EntryPoint\",\"urlTemplate\":\"https:\\\/\\\/inclusivenews.com.br\\\/?s={search_term_string}\"},\"query-input\":{\"@type\":\"PropertyValueSpecification\",\"valueRequired\":true,\"valueName\":\"search_term_string\"}}],\"inLanguage\":\"pt-PT\"},{\"@type\":\"Organization\",\"@id\":\"https:\\\/\\\/inclusivenews.com.br\\\/#organization\",\"name\":\"Inclusive - inclus\u00e3o e cidadania\",\"url\":\"https:\\\/\\\/inclusivenews.com.br\\\/\",\"logo\":{\"@type\":\"ImageObject\",\"inLanguage\":\"pt-PT\",\"@id\":\"https:\\\/\\\/inclusivenews.com.br\\\/#\\\/schema\\\/logo\\\/image\\\/\",\"url\":\"https:\\\/\\\/inclusivenews.com.br\\\/wp-content\\\/uploads\\\/2024\\\/03\\\/@grandesite.png\",\"contentUrl\":\"https:\\\/\\\/inclusivenews.com.br\\\/wp-content\\\/uploads\\\/2024\\\/03\\\/@grandesite.png\",\"width\":1080,\"height\":1080,\"caption\":\"Inclusive - inclus\u00e3o e cidadania\"},\"image\":{\"@id\":\"https:\\\/\\\/inclusivenews.com.br\\\/#\\\/schema\\\/logo\\\/image\\\/\"},\"sameAs\":[\"https:\\\/\\\/www.facebook.com\\\/agenciainclusive\\\/\",\"https:\\\/\\\/www.instagram.com\\\/newsinclusive\\\/\"]},{\"@type\":\"Person\",\"@id\":\"https:\\\/\\\/inclusivenews.com.br\\\/#\\\/schema\\\/person\\\/ae4ec7087559b8692fb33b6fffd2273b\",\"name\":\"inclusivenews2024\",\"image\":{\"@type\":\"ImageObject\",\"inLanguage\":\"pt-PT\",\"@id\":\"https:\\\/\\\/secure.gravatar.com\\\/avatar\\\/c5a7ef84c66fa914f55bc4f7ce26cfa275a3b9a1c5568b907bd184fb4dde7b40?s=96&d=mm&r=g\",\"url\":\"https:\\\/\\\/secure.gravatar.com\\\/avatar\\\/c5a7ef84c66fa914f55bc4f7ce26cfa275a3b9a1c5568b907bd184fb4dde7b40?s=96&d=mm&r=g\",\"contentUrl\":\"https:\\\/\\\/secure.gravatar.com\\\/avatar\\\/c5a7ef84c66fa914f55bc4f7ce26cfa275a3b9a1c5568b907bd184fb4dde7b40?s=96&d=mm&r=g\",\"caption\":\"inclusivenews2024\"},\"sameAs\":[\"https:\\\/\\\/inclusivenews.com.br\"],\"url\":\"https:\\\/\\\/inclusivenews.com.br\\\/?author=1\"}]}<\/script>\n<!-- \/ Yoast SEO plugin. -->","yoast_head_json":{"title":"Telinha na Escola chega \u00e0 Rond\u00f4nia -","robots":{"index":"index","follow":"follow","max-snippet":"max-snippet:-1","max-image-preview":"max-image-preview:large","max-video-preview":"max-video-preview:-1"},"canonical":"https:\/\/inclusivenews.com.br\/?p=12325","og_locale":"pt_PT","og_type":"article","og_title":"Telinha na Escola chega \u00e0 Rond\u00f4nia -","og_description":"Finalista do Pr\u00eamio Funda\u00e7\u00e3o Banco do Brasil de Tecnologia Social, o projeto Telinha de Cinema acaba de chegar a Porto Velho (RO). L\u00e1, onde ganhou o nome de Telinha na Escola, a iniciativa j\u00e1 mobiliza 40 estudantes das escolas p\u00fablicas Maria C\u00e2ndia e Flora Calheiros em atividades de filmagem, produ\u00e7\u00e3o, edi\u00e7\u00e3o e distribui\u00e7\u00e3o de v\u00eddeos [&hellip;]","og_url":"https:\/\/inclusivenews.com.br\/?p=12325","article_publisher":"https:\/\/www.facebook.com\/agenciainclusive\/","article_published_time":"2009-11-07T09:30:44+00:00","og_image":[{"url":"http:\/\/www.rts.org.br\/noticias\/destaque-2\/imagens2009\/telinha-na-escola-chega-a-rondonia.jpg","type":"","width":"","height":""}],"author":"inclusivenews2024","twitter_card":"summary_large_image","twitter_misc":{"Escrito por":"inclusivenews2024","Tempo estimado de leitura":"3 minutos"},"schema":{"@context":"https:\/\/schema.org","@graph":[{"@type":"Article","@id":"https:\/\/inclusivenews.com.br\/?p=12325#article","isPartOf":{"@id":"https:\/\/inclusivenews.com.br\/?p=12325"},"author":{"name":"inclusivenews2024","@id":"https:\/\/inclusivenews.com.br\/#\/schema\/person\/ae4ec7087559b8692fb33b6fffd2273b"},"headline":"Telinha na Escola chega \u00e0 Rond\u00f4nia","datePublished":"2009-11-07T09:30:44+00:00","mainEntityOfPage":{"@id":"https:\/\/inclusivenews.com.br\/?p=12325"},"wordCount":569,"commentCount":0,"publisher":{"@id":"https:\/\/inclusivenews.com.br\/#organization"},"image":{"@id":"https:\/\/inclusivenews.com.br\/?p=12325#primaryimage"},"thumbnailUrl":"http:\/\/www.rts.org.br\/noticias\/destaque-2\/imagens2009\/telinha-na-escola-chega-a-rondonia.jpg","articleSection":["EDUCA\u00c7\u00c3O","NOT\u00cdCIAS"],"inLanguage":"pt-PT","potentialAction":[{"@type":"CommentAction","name":"Comment","target":["https:\/\/inclusivenews.com.br\/?p=12325#respond"]}]},{"@type":"WebPage","@id":"https:\/\/inclusivenews.com.br\/?p=12325","url":"https:\/\/inclusivenews.com.br\/?p=12325","name":"Telinha na Escola chega \u00e0 Rond\u00f4nia -","isPartOf":{"@id":"https:\/\/inclusivenews.com.br\/#website"},"primaryImageOfPage":{"@id":"https:\/\/inclusivenews.com.br\/?p=12325#primaryimage"},"image":{"@id":"https:\/\/inclusivenews.com.br\/?p=12325#primaryimage"},"thumbnailUrl":"http:\/\/www.rts.org.br\/noticias\/destaque-2\/imagens2009\/telinha-na-escola-chega-a-rondonia.jpg","datePublished":"2009-11-07T09:30:44+00:00","breadcrumb":{"@id":"https:\/\/inclusivenews.com.br\/?p=12325#breadcrumb"},"inLanguage":"pt-PT","potentialAction":[{"@type":"ReadAction","target":["https:\/\/inclusivenews.com.br\/?p=12325"]}]},{"@type":"ImageObject","inLanguage":"pt-PT","@id":"https:\/\/inclusivenews.com.br\/?p=12325#primaryimage","url":"http:\/\/www.rts.org.br\/noticias\/destaque-2\/imagens2009\/telinha-na-escola-chega-a-rondonia.jpg","contentUrl":"http:\/\/www.rts.org.br\/noticias\/destaque-2\/imagens2009\/telinha-na-escola-chega-a-rondonia.jpg"},{"@type":"BreadcrumbList","@id":"https:\/\/inclusivenews.com.br\/?p=12325#breadcrumb","itemListElement":[{"@type":"ListItem","position":1,"name":"In\u00edcio","item":"https:\/\/inclusivenews.com.br\/"},{"@type":"ListItem","position":2,"name":"Telinha na Escola chega \u00e0 Rond\u00f4nia"}]},{"@type":"WebSite","@id":"https:\/\/inclusivenews.com.br\/#website","url":"https:\/\/inclusivenews.com.br\/","name":"Inclusive News","description":"Inclusive News","publisher":{"@id":"https:\/\/inclusivenews.com.br\/#organization"},"potentialAction":[{"@type":"SearchAction","target":{"@type":"EntryPoint","urlTemplate":"https:\/\/inclusivenews.com.br\/?s={search_term_string}"},"query-input":{"@type":"PropertyValueSpecification","valueRequired":true,"valueName":"search_term_string"}}],"inLanguage":"pt-PT"},{"@type":"Organization","@id":"https:\/\/inclusivenews.com.br\/#organization","name":"Inclusive - inclus\u00e3o e cidadania","url":"https:\/\/inclusivenews.com.br\/","logo":{"@type":"ImageObject","inLanguage":"pt-PT","@id":"https:\/\/inclusivenews.com.br\/#\/schema\/logo\/image\/","url":"https:\/\/inclusivenews.com.br\/wp-content\/uploads\/2024\/03\/@grandesite.png","contentUrl":"https:\/\/inclusivenews.com.br\/wp-content\/uploads\/2024\/03\/@grandesite.png","width":1080,"height":1080,"caption":"Inclusive - inclus\u00e3o e cidadania"},"image":{"@id":"https:\/\/inclusivenews.com.br\/#\/schema\/logo\/image\/"},"sameAs":["https:\/\/www.facebook.com\/agenciainclusive\/","https:\/\/www.instagram.com\/newsinclusive\/"]},{"@type":"Person","@id":"https:\/\/inclusivenews.com.br\/#\/schema\/person\/ae4ec7087559b8692fb33b6fffd2273b","name":"inclusivenews2024","image":{"@type":"ImageObject","inLanguage":"pt-PT","@id":"https:\/\/secure.gravatar.com\/avatar\/c5a7ef84c66fa914f55bc4f7ce26cfa275a3b9a1c5568b907bd184fb4dde7b40?s=96&d=mm&r=g","url":"https:\/\/secure.gravatar.com\/avatar\/c5a7ef84c66fa914f55bc4f7ce26cfa275a3b9a1c5568b907bd184fb4dde7b40?s=96&d=mm&r=g","contentUrl":"https:\/\/secure.gravatar.com\/avatar\/c5a7ef84c66fa914f55bc4f7ce26cfa275a3b9a1c5568b907bd184fb4dde7b40?s=96&d=mm&r=g","caption":"inclusivenews2024"},"sameAs":["https:\/\/inclusivenews.com.br"],"url":"https:\/\/inclusivenews.com.br\/?author=1"}]}},"_links":{"self":[{"href":"https:\/\/inclusivenews.com.br\/index.php?rest_route=\/wp\/v2\/posts\/12325","targetHints":{"allow":["GET"]}}],"collection":[{"href":"https:\/\/inclusivenews.com.br\/index.php?rest_route=\/wp\/v2\/posts"}],"about":[{"href":"https:\/\/inclusivenews.com.br\/index.php?rest_route=\/wp\/v2\/types\/post"}],"author":[{"embeddable":true,"href":"https:\/\/inclusivenews.com.br\/index.php?rest_route=\/wp\/v2\/users\/1"}],"replies":[{"embeddable":true,"href":"https:\/\/inclusivenews.com.br\/index.php?rest_route=%2Fwp%2Fv2%2Fcomments&post=12325"}],"version-history":[{"count":0,"href":"https:\/\/inclusivenews.com.br\/index.php?rest_route=\/wp\/v2\/posts\/12325\/revisions"}],"wp:attachment":[{"href":"https:\/\/inclusivenews.com.br\/index.php?rest_route=%2Fwp%2Fv2%2Fmedia&parent=12325"}],"wp:term":[{"taxonomy":"category","embeddable":true,"href":"https:\/\/inclusivenews.com.br\/index.php?rest_route=%2Fwp%2Fv2%2Fcategories&post=12325"},{"taxonomy":"post_tag","embeddable":true,"href":"https:\/\/inclusivenews.com.br\/index.php?rest_route=%2Fwp%2Fv2%2Ftags&post=12325"}],"curies":[{"name":"wp","href":"https:\/\/api.w.org\/{rel}","templated":true}]}}