{"id":12331,"date":"2009-11-07T08:21:22","date_gmt":"2009-11-07T11:21:22","guid":{"rendered":"http:\/\/www.inclusive.org.br\/?p=12331"},"modified":"2009-11-07T08:21:22","modified_gmt":"2009-11-07T11:21:22","slug":"dragao-do-mar-lanca-a-exposicao-na-ponta-dos-dedos-em-braille","status":"publish","type":"post","link":"https:\/\/inclusivenews.com.br\/?p=12331","title":{"rendered":"Drag\u00e3o do Mar lan\u00e7a a exposi\u00e7\u00e3o \u201cNa Ponta dos Dedos\u201d, em braille"},"content":{"rendered":"<figure style=\"width: 300px\" class=\"wp-caption alignleft\"><img loading=\"lazy\" decoding=\"async\" title=\"Pessoa lendo livro em Braille\" src=\"http:\/\/www.zonamix.com.br\/cultucando\/wp-content\/uploads\/2009\/10\/braille11.jpg\" alt=\"\" width=\"300\" height=\"155\" \/><figcaption class=\"wp-caption-text\"> <\/figcaption><\/figure>\n<p style=\"text-align: justify;\">Foi lan\u00e7ado na noite do \u00faltimo dia 29, no Centro Drag\u00e3o do Mar de Arte e Cultura a exposi\u00e7\u00e3o \u201cNa Ponta dos Dedos\u201c, no Memorial da Cultura Cearense. A exposi\u00e7\u00e3o \u00e9 resultado de uma experi\u00eancia de curadoria participativa com os membros do projeto Acesso (a\u00e7\u00e3o de inclus\u00e3o social desenvolvida pelos museus do Centro Drag\u00e3o do Mar), representantes de v\u00e1rias institui\u00e7\u00f5es relacionadas ao tema, pessoas com defici\u00eancia e artistas locais.<\/p>\n<p>A exposi\u00e7\u00e3o vai mostrar quest\u00f5es do cotidiano destas pessoas, a expans\u00e3o do sistema Braille e as novas tecnologias de acessibilidade. Toda legendada em libras, \u201cNa Ponta dos Dedos\u201d, apresenta objetos da escrita em Braille, como livros e r\u00f3tulos, v\u00eddeo com depoimento de deficientes visuais, al\u00e9m dos resultados das oficinas realizadas em outubro acerca do tema, como, por exemplo, as obras do Ateli\u00ea Experimental, realizado entre os artistas S\u00f3lon Ribeiro e Marina de Botas, e pessoas com defici\u00eancia. Outra novidade \u00e9 a Sala Escura, onde o visitante pode realizar um percurso e sentir-se na condi\u00e7\u00e3o de deficiente visual.<\/p>\n<p style=\"text-align: justify;\">Na Ponta dos Dedos, no Memorial da Cultura Cearense do Centro Drag\u00e3o do Mar.<br \/>\nHor\u00e1rio de visita\u00e7\u00e3o: de ter\u00e7a a quinta, das 9h \u00e0s 18h30. De sexta a domingo, das 14h \u00e0s 20h30. Acesso livre. Outras informa\u00e7\u00f5es: (85) 3488.8621<\/p>\n<p style=\"text-align: justify;\">_________________________________<\/p>\n<p style=\"text-align: justify;\"><strong>Fonte de informa\u00e7\u00e3o :<\/strong> <a href=\"http:\/\/www.zonamix.com.br\/cultucando\/\" target=\"_blank\" rel=\"noopener\">CULTucando <img loading=\"lazy\" decoding=\"async\" title=\"Link abrir\u00e1 em uma nova janela ou aba.\" src=\"http:\/\/www.inclusive.org.br\/images\/new_window.gif\" alt=\"Link abrir\u00e1 em uma nova janela ou aba.\" width=\"16\" height=\"14\" \/><\/a><\/p>\n","protected":false},"excerpt":{"rendered":"<p>Foi lan\u00e7ado na noite do \u00faltimo dia 29, no Centro Drag\u00e3o do Mar de Arte e Cultura a exposi\u00e7\u00e3o \u201cNa Ponta dos Dedos\u201c, no Memorial da Cultura Cearense. A exposi\u00e7\u00e3o \u00e9 resultado de uma experi\u00eancia de curadoria participativa com os membros do projeto Acesso (a\u00e7\u00e3o de inclus\u00e3o social desenvolvida pelos museus do Centro Drag\u00e3o do [&hellip;]<\/p>\n","protected":false},"author":1,"featured_media":0,"comment_status":"open","ping_status":"open","sticky":false,"template":"","format":"standard","meta":{"site-container-style":"default","site-container-layout":"default","site-sidebar-layout":"default","disable-article-header":"default","disable-site-header":"default","disable-site-footer":"default","disable-content-area-spacing":"default","footnotes":""},"categories":[29,4],"tags":[],"class_list":["post-12331","post","type-post","status-publish","format-standard","hentry","category-cultura","category-noticias"],"yoast_head":"<!-- This site is optimized with the Yoast SEO plugin v27.4 - https:\/\/yoast.com\/product\/yoast-seo-wordpress\/ -->\n<title>Drag\u00e3o do Mar lan\u00e7a a exposi\u00e7\u00e3o \u201cNa Ponta dos Dedos\u201d, em braille -<\/title>\n<meta name=\"robots\" content=\"index, follow, max-snippet:-1, max-image-preview:large, max-video-preview:-1\" \/>\n<link rel=\"canonical\" href=\"https:\/\/inclusivenews.com.br\/?p=12331\" \/>\n<meta property=\"og:locale\" content=\"pt_PT\" \/>\n<meta property=\"og:type\" content=\"article\" \/>\n<meta property=\"og:title\" content=\"Drag\u00e3o do Mar lan\u00e7a a exposi\u00e7\u00e3o \u201cNa Ponta dos Dedos\u201d, em braille -\" \/>\n<meta property=\"og:description\" content=\"Foi lan\u00e7ado na noite do \u00faltimo dia 29, no Centro Drag\u00e3o do Mar de Arte e Cultura a exposi\u00e7\u00e3o \u201cNa Ponta dos Dedos\u201c, no Memorial da Cultura Cearense. A exposi\u00e7\u00e3o \u00e9 resultado de uma experi\u00eancia de curadoria participativa com os membros do projeto Acesso (a\u00e7\u00e3o de inclus\u00e3o social desenvolvida pelos museus do Centro Drag\u00e3o do [&hellip;]\" \/>\n<meta property=\"og:url\" content=\"https:\/\/inclusivenews.com.br\/?p=12331\" \/>\n<meta property=\"article:publisher\" content=\"https:\/\/www.facebook.com\/agenciainclusive\/\" \/>\n<meta property=\"article:published_time\" content=\"2009-11-07T11:21:22+00:00\" \/>\n<meta property=\"og:image\" content=\"http:\/\/www.zonamix.com.br\/cultucando\/wp-content\/uploads\/2009\/10\/braille11.jpg\" \/>\n<meta name=\"author\" content=\"inclusivenews2024\" \/>\n<meta name=\"twitter:card\" content=\"summary_large_image\" \/>\n<meta name=\"twitter:label1\" content=\"Escrito por\" \/>\n\t<meta name=\"twitter:data1\" content=\"inclusivenews2024\" \/>\n\t<meta name=\"twitter:label2\" content=\"Tempo estimado de leitura\" \/>\n\t<meta name=\"twitter:data2\" content=\"1 minuto\" \/>\n<script type=\"application\/ld+json\" class=\"yoast-schema-graph\">{\"@context\":\"https:\\\/\\\/schema.org\",\"@graph\":[{\"@type\":\"Article\",\"@id\":\"https:\\\/\\\/inclusivenews.com.br\\\/?p=12331#article\",\"isPartOf\":{\"@id\":\"https:\\\/\\\/inclusivenews.com.br\\\/?p=12331\"},\"author\":{\"name\":\"inclusivenews2024\",\"@id\":\"https:\\\/\\\/inclusivenews.com.br\\\/#\\\/schema\\\/person\\\/ae4ec7087559b8692fb33b6fffd2273b\"},\"headline\":\"Drag\u00e3o do Mar lan\u00e7a a exposi\u00e7\u00e3o \u201cNa Ponta dos Dedos\u201d, em braille\",\"datePublished\":\"2009-11-07T11:21:22+00:00\",\"mainEntityOfPage\":{\"@id\":\"https:\\\/\\\/inclusivenews.com.br\\\/?p=12331\"},\"wordCount\":252,\"commentCount\":0,\"publisher\":{\"@id\":\"https:\\\/\\\/inclusivenews.com.br\\\/#organization\"},\"image\":{\"@id\":\"https:\\\/\\\/inclusivenews.com.br\\\/?p=12331#primaryimage\"},\"thumbnailUrl\":\"http:\\\/\\\/www.zonamix.com.br\\\/cultucando\\\/wp-content\\\/uploads\\\/2009\\\/10\\\/braille11.jpg\",\"articleSection\":[\"Cultura\",\"NOT\u00cdCIAS\"],\"inLanguage\":\"pt-PT\",\"potentialAction\":[{\"@type\":\"CommentAction\",\"name\":\"Comment\",\"target\":[\"https:\\\/\\\/inclusivenews.com.br\\\/?p=12331#respond\"]}]},{\"@type\":\"WebPage\",\"@id\":\"https:\\\/\\\/inclusivenews.com.br\\\/?p=12331\",\"url\":\"https:\\\/\\\/inclusivenews.com.br\\\/?p=12331\",\"name\":\"Drag\u00e3o do Mar lan\u00e7a a exposi\u00e7\u00e3o \u201cNa Ponta dos Dedos\u201d, em braille -\",\"isPartOf\":{\"@id\":\"https:\\\/\\\/inclusivenews.com.br\\\/#website\"},\"primaryImageOfPage\":{\"@id\":\"https:\\\/\\\/inclusivenews.com.br\\\/?p=12331#primaryimage\"},\"image\":{\"@id\":\"https:\\\/\\\/inclusivenews.com.br\\\/?p=12331#primaryimage\"},\"thumbnailUrl\":\"http:\\\/\\\/www.zonamix.com.br\\\/cultucando\\\/wp-content\\\/uploads\\\/2009\\\/10\\\/braille11.jpg\",\"datePublished\":\"2009-11-07T11:21:22+00:00\",\"breadcrumb\":{\"@id\":\"https:\\\/\\\/inclusivenews.com.br\\\/?p=12331#breadcrumb\"},\"inLanguage\":\"pt-PT\",\"potentialAction\":[{\"@type\":\"ReadAction\",\"target\":[\"https:\\\/\\\/inclusivenews.com.br\\\/?p=12331\"]}]},{\"@type\":\"ImageObject\",\"inLanguage\":\"pt-PT\",\"@id\":\"https:\\\/\\\/inclusivenews.com.br\\\/?p=12331#primaryimage\",\"url\":\"http:\\\/\\\/www.zonamix.com.br\\\/cultucando\\\/wp-content\\\/uploads\\\/2009\\\/10\\\/braille11.jpg\",\"contentUrl\":\"http:\\\/\\\/www.zonamix.com.br\\\/cultucando\\\/wp-content\\\/uploads\\\/2009\\\/10\\\/braille11.jpg\"},{\"@type\":\"BreadcrumbList\",\"@id\":\"https:\\\/\\\/inclusivenews.com.br\\\/?p=12331#breadcrumb\",\"itemListElement\":[{\"@type\":\"ListItem\",\"position\":1,\"name\":\"In\u00edcio\",\"item\":\"https:\\\/\\\/inclusivenews.com.br\\\/\"},{\"@type\":\"ListItem\",\"position\":2,\"name\":\"Drag\u00e3o do Mar lan\u00e7a a exposi\u00e7\u00e3o \u201cNa Ponta dos Dedos\u201d, em braille\"}]},{\"@type\":\"WebSite\",\"@id\":\"https:\\\/\\\/inclusivenews.com.br\\\/#website\",\"url\":\"https:\\\/\\\/inclusivenews.com.br\\\/\",\"name\":\"Inclusive News\",\"description\":\"Inclusive News\",\"publisher\":{\"@id\":\"https:\\\/\\\/inclusivenews.com.br\\\/#organization\"},\"potentialAction\":[{\"@type\":\"SearchAction\",\"target\":{\"@type\":\"EntryPoint\",\"urlTemplate\":\"https:\\\/\\\/inclusivenews.com.br\\\/?s={search_term_string}\"},\"query-input\":{\"@type\":\"PropertyValueSpecification\",\"valueRequired\":true,\"valueName\":\"search_term_string\"}}],\"inLanguage\":\"pt-PT\"},{\"@type\":\"Organization\",\"@id\":\"https:\\\/\\\/inclusivenews.com.br\\\/#organization\",\"name\":\"Inclusive - inclus\u00e3o e cidadania\",\"url\":\"https:\\\/\\\/inclusivenews.com.br\\\/\",\"logo\":{\"@type\":\"ImageObject\",\"inLanguage\":\"pt-PT\",\"@id\":\"https:\\\/\\\/inclusivenews.com.br\\\/#\\\/schema\\\/logo\\\/image\\\/\",\"url\":\"https:\\\/\\\/inclusivenews.com.br\\\/wp-content\\\/uploads\\\/2024\\\/03\\\/@grandesite.png\",\"contentUrl\":\"https:\\\/\\\/inclusivenews.com.br\\\/wp-content\\\/uploads\\\/2024\\\/03\\\/@grandesite.png\",\"width\":1080,\"height\":1080,\"caption\":\"Inclusive - inclus\u00e3o e cidadania\"},\"image\":{\"@id\":\"https:\\\/\\\/inclusivenews.com.br\\\/#\\\/schema\\\/logo\\\/image\\\/\"},\"sameAs\":[\"https:\\\/\\\/www.facebook.com\\\/agenciainclusive\\\/\",\"https:\\\/\\\/www.instagram.com\\\/newsinclusive\\\/\"]},{\"@type\":\"Person\",\"@id\":\"https:\\\/\\\/inclusivenews.com.br\\\/#\\\/schema\\\/person\\\/ae4ec7087559b8692fb33b6fffd2273b\",\"name\":\"inclusivenews2024\",\"image\":{\"@type\":\"ImageObject\",\"inLanguage\":\"pt-PT\",\"@id\":\"https:\\\/\\\/secure.gravatar.com\\\/avatar\\\/c5a7ef84c66fa914f55bc4f7ce26cfa275a3b9a1c5568b907bd184fb4dde7b40?s=96&d=mm&r=g\",\"url\":\"https:\\\/\\\/secure.gravatar.com\\\/avatar\\\/c5a7ef84c66fa914f55bc4f7ce26cfa275a3b9a1c5568b907bd184fb4dde7b40?s=96&d=mm&r=g\",\"contentUrl\":\"https:\\\/\\\/secure.gravatar.com\\\/avatar\\\/c5a7ef84c66fa914f55bc4f7ce26cfa275a3b9a1c5568b907bd184fb4dde7b40?s=96&d=mm&r=g\",\"caption\":\"inclusivenews2024\"},\"sameAs\":[\"https:\\\/\\\/inclusivenews.com.br\"],\"url\":\"https:\\\/\\\/inclusivenews.com.br\\\/?author=1\"}]}<\/script>\n<!-- \/ Yoast SEO plugin. -->","yoast_head_json":{"title":"Drag\u00e3o do Mar lan\u00e7a a exposi\u00e7\u00e3o \u201cNa Ponta dos Dedos\u201d, em braille -","robots":{"index":"index","follow":"follow","max-snippet":"max-snippet:-1","max-image-preview":"max-image-preview:large","max-video-preview":"max-video-preview:-1"},"canonical":"https:\/\/inclusivenews.com.br\/?p=12331","og_locale":"pt_PT","og_type":"article","og_title":"Drag\u00e3o do Mar lan\u00e7a a exposi\u00e7\u00e3o \u201cNa Ponta dos Dedos\u201d, em braille -","og_description":"Foi lan\u00e7ado na noite do \u00faltimo dia 29, no Centro Drag\u00e3o do Mar de Arte e Cultura a exposi\u00e7\u00e3o \u201cNa Ponta dos Dedos\u201c, no Memorial da Cultura Cearense. A exposi\u00e7\u00e3o \u00e9 resultado de uma experi\u00eancia de curadoria participativa com os membros do projeto Acesso (a\u00e7\u00e3o de inclus\u00e3o social desenvolvida pelos museus do Centro Drag\u00e3o do [&hellip;]","og_url":"https:\/\/inclusivenews.com.br\/?p=12331","article_publisher":"https:\/\/www.facebook.com\/agenciainclusive\/","article_published_time":"2009-11-07T11:21:22+00:00","og_image":[{"url":"http:\/\/www.zonamix.com.br\/cultucando\/wp-content\/uploads\/2009\/10\/braille11.jpg","type":"","width":"","height":""}],"author":"inclusivenews2024","twitter_card":"summary_large_image","twitter_misc":{"Escrito por":"inclusivenews2024","Tempo estimado de leitura":"1 minuto"},"schema":{"@context":"https:\/\/schema.org","@graph":[{"@type":"Article","@id":"https:\/\/inclusivenews.com.br\/?p=12331#article","isPartOf":{"@id":"https:\/\/inclusivenews.com.br\/?p=12331"},"author":{"name":"inclusivenews2024","@id":"https:\/\/inclusivenews.com.br\/#\/schema\/person\/ae4ec7087559b8692fb33b6fffd2273b"},"headline":"Drag\u00e3o do Mar lan\u00e7a a exposi\u00e7\u00e3o \u201cNa Ponta dos Dedos\u201d, em braille","datePublished":"2009-11-07T11:21:22+00:00","mainEntityOfPage":{"@id":"https:\/\/inclusivenews.com.br\/?p=12331"},"wordCount":252,"commentCount":0,"publisher":{"@id":"https:\/\/inclusivenews.com.br\/#organization"},"image":{"@id":"https:\/\/inclusivenews.com.br\/?p=12331#primaryimage"},"thumbnailUrl":"http:\/\/www.zonamix.com.br\/cultucando\/wp-content\/uploads\/2009\/10\/braille11.jpg","articleSection":["Cultura","NOT\u00cdCIAS"],"inLanguage":"pt-PT","potentialAction":[{"@type":"CommentAction","name":"Comment","target":["https:\/\/inclusivenews.com.br\/?p=12331#respond"]}]},{"@type":"WebPage","@id":"https:\/\/inclusivenews.com.br\/?p=12331","url":"https:\/\/inclusivenews.com.br\/?p=12331","name":"Drag\u00e3o do Mar lan\u00e7a a exposi\u00e7\u00e3o \u201cNa Ponta dos Dedos\u201d, em braille -","isPartOf":{"@id":"https:\/\/inclusivenews.com.br\/#website"},"primaryImageOfPage":{"@id":"https:\/\/inclusivenews.com.br\/?p=12331#primaryimage"},"image":{"@id":"https:\/\/inclusivenews.com.br\/?p=12331#primaryimage"},"thumbnailUrl":"http:\/\/www.zonamix.com.br\/cultucando\/wp-content\/uploads\/2009\/10\/braille11.jpg","datePublished":"2009-11-07T11:21:22+00:00","breadcrumb":{"@id":"https:\/\/inclusivenews.com.br\/?p=12331#breadcrumb"},"inLanguage":"pt-PT","potentialAction":[{"@type":"ReadAction","target":["https:\/\/inclusivenews.com.br\/?p=12331"]}]},{"@type":"ImageObject","inLanguage":"pt-PT","@id":"https:\/\/inclusivenews.com.br\/?p=12331#primaryimage","url":"http:\/\/www.zonamix.com.br\/cultucando\/wp-content\/uploads\/2009\/10\/braille11.jpg","contentUrl":"http:\/\/www.zonamix.com.br\/cultucando\/wp-content\/uploads\/2009\/10\/braille11.jpg"},{"@type":"BreadcrumbList","@id":"https:\/\/inclusivenews.com.br\/?p=12331#breadcrumb","itemListElement":[{"@type":"ListItem","position":1,"name":"In\u00edcio","item":"https:\/\/inclusivenews.com.br\/"},{"@type":"ListItem","position":2,"name":"Drag\u00e3o do Mar lan\u00e7a a exposi\u00e7\u00e3o \u201cNa Ponta dos Dedos\u201d, em braille"}]},{"@type":"WebSite","@id":"https:\/\/inclusivenews.com.br\/#website","url":"https:\/\/inclusivenews.com.br\/","name":"Inclusive News","description":"Inclusive News","publisher":{"@id":"https:\/\/inclusivenews.com.br\/#organization"},"potentialAction":[{"@type":"SearchAction","target":{"@type":"EntryPoint","urlTemplate":"https:\/\/inclusivenews.com.br\/?s={search_term_string}"},"query-input":{"@type":"PropertyValueSpecification","valueRequired":true,"valueName":"search_term_string"}}],"inLanguage":"pt-PT"},{"@type":"Organization","@id":"https:\/\/inclusivenews.com.br\/#organization","name":"Inclusive - inclus\u00e3o e cidadania","url":"https:\/\/inclusivenews.com.br\/","logo":{"@type":"ImageObject","inLanguage":"pt-PT","@id":"https:\/\/inclusivenews.com.br\/#\/schema\/logo\/image\/","url":"https:\/\/inclusivenews.com.br\/wp-content\/uploads\/2024\/03\/@grandesite.png","contentUrl":"https:\/\/inclusivenews.com.br\/wp-content\/uploads\/2024\/03\/@grandesite.png","width":1080,"height":1080,"caption":"Inclusive - inclus\u00e3o e cidadania"},"image":{"@id":"https:\/\/inclusivenews.com.br\/#\/schema\/logo\/image\/"},"sameAs":["https:\/\/www.facebook.com\/agenciainclusive\/","https:\/\/www.instagram.com\/newsinclusive\/"]},{"@type":"Person","@id":"https:\/\/inclusivenews.com.br\/#\/schema\/person\/ae4ec7087559b8692fb33b6fffd2273b","name":"inclusivenews2024","image":{"@type":"ImageObject","inLanguage":"pt-PT","@id":"https:\/\/secure.gravatar.com\/avatar\/c5a7ef84c66fa914f55bc4f7ce26cfa275a3b9a1c5568b907bd184fb4dde7b40?s=96&d=mm&r=g","url":"https:\/\/secure.gravatar.com\/avatar\/c5a7ef84c66fa914f55bc4f7ce26cfa275a3b9a1c5568b907bd184fb4dde7b40?s=96&d=mm&r=g","contentUrl":"https:\/\/secure.gravatar.com\/avatar\/c5a7ef84c66fa914f55bc4f7ce26cfa275a3b9a1c5568b907bd184fb4dde7b40?s=96&d=mm&r=g","caption":"inclusivenews2024"},"sameAs":["https:\/\/inclusivenews.com.br"],"url":"https:\/\/inclusivenews.com.br\/?author=1"}]}},"_links":{"self":[{"href":"https:\/\/inclusivenews.com.br\/index.php?rest_route=\/wp\/v2\/posts\/12331","targetHints":{"allow":["GET"]}}],"collection":[{"href":"https:\/\/inclusivenews.com.br\/index.php?rest_route=\/wp\/v2\/posts"}],"about":[{"href":"https:\/\/inclusivenews.com.br\/index.php?rest_route=\/wp\/v2\/types\/post"}],"author":[{"embeddable":true,"href":"https:\/\/inclusivenews.com.br\/index.php?rest_route=\/wp\/v2\/users\/1"}],"replies":[{"embeddable":true,"href":"https:\/\/inclusivenews.com.br\/index.php?rest_route=%2Fwp%2Fv2%2Fcomments&post=12331"}],"version-history":[{"count":0,"href":"https:\/\/inclusivenews.com.br\/index.php?rest_route=\/wp\/v2\/posts\/12331\/revisions"}],"wp:attachment":[{"href":"https:\/\/inclusivenews.com.br\/index.php?rest_route=%2Fwp%2Fv2%2Fmedia&parent=12331"}],"wp:term":[{"taxonomy":"category","embeddable":true,"href":"https:\/\/inclusivenews.com.br\/index.php?rest_route=%2Fwp%2Fv2%2Fcategories&post=12331"},{"taxonomy":"post_tag","embeddable":true,"href":"https:\/\/inclusivenews.com.br\/index.php?rest_route=%2Fwp%2Fv2%2Ftags&post=12331"}],"curies":[{"name":"wp","href":"https:\/\/api.w.org\/{rel}","templated":true}]}}