{"id":12333,"date":"2009-11-07T08:27:50","date_gmt":"2009-11-07T11:27:50","guid":{"rendered":"http:\/\/www.inclusive.org.br\/?p=12333"},"modified":"2009-11-07T08:27:50","modified_gmt":"2009-11-07T11:27:50","slug":"mpf-e-conselho-lancam-cartilha-sobre-direitos-dos-cidadao","status":"publish","type":"post","link":"https:\/\/inclusivenews.com.br\/?p=12333","title":{"rendered":"MPF e Conselho lan\u00e7am cartilha sobre Direitos dos Cidad\u00e3o"},"content":{"rendered":"<p style=\"text-align: justify;\"><a href=\"http:\/\/www.inclusivenews.com.br\/wp-content\/uploads\/2009\/11\/vinheta_justica_big.jpg\"><img loading=\"lazy\" decoding=\"async\" class=\"alignleft size-full wp-image-12291\" title=\"Balan\u00e7a representando a justi\u00e7a.\" src=\"http:\/\/inclusivenews.com.br\/wp-content\/uploads\/2009\/11\/vinheta_justica_big.jpg\" alt=\"Balan\u00e7a representando a justi\u00e7a.\" width=\"220\" height=\"210\" \/><\/a>O Minist\u00e9rio P\u00fablico Federal, por meio da Procuradoria Federal dos Direitos do Cidad\u00e3o, e o Conselho de Defesa dos Direitos da Pessoa Humana em Mato Grosso (CDDPH) lan\u00e7aram em parceria uma cartilha sobre os Direitos do Cidad\u00e3o.<\/p>\n<p style=\"text-align: justify\">Com uma linguagem simples e ilustra\u00e7\u00f5es, a cartilha tem duas vers\u00f5es, uma que ser\u00e1 distribu\u00edda pelo Conselho de Defesa dos Direitos da Pessoa Humana nas cidades mato-grossenses e outra vers\u00e3o que ser\u00e1 distribu\u00edda nacionalmente pela Procuradoria Federal dos Direitos do Cidad\u00e3o.<\/p>\n<p style=\"text-align: justify\">A cartilha tem por objetivo disseminar \u00e0 popula\u00e7\u00e3o quais s\u00e3o os direitos humanos previstos na Constitui\u00e7\u00e3o da Rep\u00fablica e que precisam ser reconhecidos para que as pessoas vivam com dignidade, como, por exemplo, o direito \u00e0 vida, \u00e0 sa\u00fade, \u00e0 liberdade, \u00e0 igualdade, \u00e0 privacidade, \u00e0 educa\u00e7\u00e3o, \u00e0 informa\u00e7\u00e3o e \u00e0 alimenta\u00e7\u00e3o adequada.<\/p>\n<p style=\"text-align: justify\">A procuradora regional dos Direitos do Cidad\u00e3o substituta Vanessa Ribeiro Scarmagnani ressaltou a necessidade de as pessoas conhecerem quais s\u00e3o seus direitos e do poder p\u00fablico e dos entes privados reconhecerem e fazerem cumprir esses direitos.<\/p>\n<p style=\"text-align: justify\">O evento de lan\u00e7amento da cartilha contou com a participa\u00e7\u00e3o de representantes da sociedade civil organizada, do CDDPH e do Minist\u00e9rio P\u00fablico Federal.<\/p>\n<p>Defesa dos direitos humanos<\/p>\n<p style=\"text-align: justify\">Durante o evento, a procuradora ressaltou quatro frentes de trabalho do Minist\u00e9rio P\u00fablico Federal na defesa do cidad\u00e3o em Mato Grosso, que s\u00e3o a cria\u00e7\u00e3o de um programa estadual de prote\u00e7\u00e3o \u00e0 testemunhas, a repress\u00e3o ao trabalho escravo, a inser\u00e7\u00e3o dos portadores de necessidades especiais na sociedade e o direito \u00e0 sa\u00fade.<\/p>\n<p style=\"text-align: justify\">O estado de Mato Grosso n\u00e3o tem um programa pr\u00f3prio de prote\u00e7\u00e3o \u00e0 testemunha, ficando \u00e0 merc\u00ea de um longo tr\u00e2mite burocr\u00e1tico e de vagas no programa em Bras\u00edlia. Essa \u00e9 uma das demandas apresentadas pelo Minist\u00e9rio P\u00fablico Federal ao CDDPH.<\/p>\n<p style=\"text-align: justify\">Sobre a atua\u00e7\u00e3o repressiva ao trabalho escravo, a procuradora destacou a mobiliza\u00e7\u00e3o realizada pr\u00f3ximo ao dia do trabalhador, 1\u00ba de maio. Os procuradores priorizaram a an\u00e1lise dos procedimentos administrativos referentes ao trabalho escravo em tr\u00e2mite no Minist\u00e9rio P\u00fablico Federal. Quase a totalidade foi analisada em menos de dez dias. O resultado foi a propositura de 30 a\u00e7\u00f5es, num total de 60 pessoas denunciadas por submeterem trabalhadores \u00e0 condi\u00e7\u00f5es semelhantes \u00e0 de escravos. Se somadas as quantidades de trabalhadores resgatados de todas as fazendas que tiverem seus propriet\u00e1rios denunciados, o total \u00e9 de 683 pessoas.<\/p>\n<p style=\"text-align: justify\">Outra frente de trabalho priorit\u00e1ria est\u00e1 relacionada aos portadores de necessidades especiais (PNE). A atua\u00e7\u00e3o do MPF busca, h\u00e1 tempos, garantir a reserva de vagas aos PNE nos concursos p\u00fablicos e a acessibilidade aos locais p\u00fablicos. Nesse sentido, o MPF e o Conselho Regional de Engenharia, Arquitetura e Agronomia de Mato Grosso (Crea\/MT) assinaram um Termo de Coopera\u00e7\u00e3o T\u00e9cnica com o objetivo de fiscalizar o cumprimento da legisla\u00e7\u00e3o que prev\u00ea condi\u00e7\u00f5es de acesso \u00e0s pessoas com defici\u00eancia f\u00edsica aos pr\u00e9dios p\u00fablicos. Na pr\u00f3pria sede do MPF em Cuiab\u00e1, uma s\u00e9rie de ajustes foram providenciados, entre eles, a fixa\u00e7\u00e3o de pisos t\u00e1teis nas rampas de acesso na cal\u00e7ada e em todos os andares do edif\u00edcio para auxiliar o deslocamento de deficientes visuais. Tamb\u00e9m ser\u00e3o adaptados os vasos sanit\u00e1rios, torneiras, saboneteiras e espelhos dos banheiros; e modificados o sentido de abertura das portas das escadarias para que n\u00e3o ofere\u00e7am risco de acidente. As pinturas das vagas destinadas a deficientes ser\u00e3o real\u00e7adas nos estacionamentos internos e externo, com a marca\u00e7\u00e3o da \u00e1rea de desembarque de acordo com as normas da ABNT.<\/p>\n<p style=\"text-align: justify\">Na \u00e1rea da sa\u00fade, a procuradora Vanessa Ribeiro Scarmagnani destacou a atua\u00e7\u00e3o para coibir a comercializa\u00e7\u00e3o de rem\u00e9dios falsificados, contrabandeados e irregulares em Mato Grosso. Durante a maior apreens\u00e3o j\u00e1 realizada no Brasil, mais de 60 toneladas de medicamentos irregulares foram encontrados e apreendidos.<\/p>\n<p>Distribui\u00e7\u00e3o<\/p>\n<p style=\"text-align: justify\">Em todo Brasil, as cartilhas ser\u00e3o distribu\u00eddas pelas unidades do Minist\u00e9rio P\u00fablico Federal em cada estado.<\/p>\n<p style=\"text-align: justify\">Em Mato Grosso, a distribui\u00e7\u00e3o ser\u00e1 planejada e executada pelo CDDPH. A sede do Conselho fica localizada na rua Baltazar Navarros, bairro Bandeirantes, n\u00ba 567, em Cuiab\u00e1, e o telefone de contato \u00e9 o (65) 3613-9900.<\/p>\n<p style=\"text-align: justify;\">_____________________________<\/p>\n<p style=\"text-align: justify;\"><strong>Fonte de informa\u00e7\u00e3o:<\/strong> <a href=\"http:\/\/www.24horasnews.com.br\/index.php?mat=310590\" target=\"_blank\" rel=\"noopener\">24 horas <img loading=\"lazy\" decoding=\"async\" title=\"Link abrir\u00e1 em uma nova janela ou aba.\" src=\"http:\/\/www.inclusive.org.br\/images\/new_window.gif\" alt=\"Link abrir\u00e1 em uma nova janela ou aba.\" width=\"16\" height=\"14\" \/><\/a><\/p>\n","protected":false},"excerpt":{"rendered":"<p>O Minist\u00e9rio P\u00fablico Federal, por meio da Procuradoria Federal dos Direitos do Cidad\u00e3o, e o Conselho de Defesa dos Direitos da Pessoa Humana em Mato Grosso (CDDPH) lan\u00e7aram em parceria uma cartilha sobre os Direitos do Cidad\u00e3o. Com uma linguagem simples e ilustra\u00e7\u00f5es, a cartilha tem duas vers\u00f5es, uma que ser\u00e1 distribu\u00edda pelo Conselho de [&hellip;]<\/p>\n","protected":false},"author":1,"featured_media":0,"comment_status":"open","ping_status":"open","sticky":false,"template":"","format":"standard","meta":{"site-container-style":"default","site-container-layout":"default","site-sidebar-layout":"default","disable-article-header":"default","disable-site-header":"default","disable-site-footer":"default","disable-content-area-spacing":"default","footnotes":""},"categories":[11,4],"tags":[],"class_list":["post-12333","post","type-post","status-publish","format-standard","hentry","category-direitos-humanos","category-noticias"],"yoast_head":"<!-- This site is optimized with the Yoast SEO plugin v27.4 - https:\/\/yoast.com\/product\/yoast-seo-wordpress\/ -->\n<title>MPF e Conselho lan\u00e7am cartilha sobre Direitos dos Cidad\u00e3o -<\/title>\n<meta name=\"robots\" content=\"index, follow, max-snippet:-1, max-image-preview:large, max-video-preview:-1\" \/>\n<link rel=\"canonical\" href=\"https:\/\/inclusivenews.com.br\/?p=12333\" \/>\n<meta property=\"og:locale\" content=\"pt_PT\" \/>\n<meta property=\"og:type\" content=\"article\" \/>\n<meta property=\"og:title\" content=\"MPF e Conselho lan\u00e7am cartilha sobre Direitos dos Cidad\u00e3o -\" \/>\n<meta property=\"og:description\" content=\"O Minist\u00e9rio P\u00fablico Federal, por meio da Procuradoria Federal dos Direitos do Cidad\u00e3o, e o Conselho de Defesa dos Direitos da Pessoa Humana em Mato Grosso (CDDPH) lan\u00e7aram em parceria uma cartilha sobre os Direitos do Cidad\u00e3o. Com uma linguagem simples e ilustra\u00e7\u00f5es, a cartilha tem duas vers\u00f5es, uma que ser\u00e1 distribu\u00edda pelo Conselho de [&hellip;]\" \/>\n<meta property=\"og:url\" content=\"https:\/\/inclusivenews.com.br\/?p=12333\" \/>\n<meta property=\"article:publisher\" content=\"https:\/\/www.facebook.com\/agenciainclusive\/\" \/>\n<meta property=\"article:published_time\" content=\"2009-11-07T11:27:50+00:00\" \/>\n<meta property=\"og:image\" content=\"http:\/\/inclusivenews.com.br\/wp-content\/uploads\/2009\/11\/vinheta_justica_big.jpg\" \/>\n<meta name=\"author\" content=\"inclusivenews2024\" \/>\n<meta name=\"twitter:card\" content=\"summary_large_image\" \/>\n<meta name=\"twitter:label1\" content=\"Escrito por\" \/>\n\t<meta name=\"twitter:data1\" content=\"inclusivenews2024\" \/>\n\t<meta name=\"twitter:label2\" content=\"Tempo estimado de leitura\" \/>\n\t<meta name=\"twitter:data2\" content=\"4 minutos\" \/>\n<script type=\"application\/ld+json\" class=\"yoast-schema-graph\">{\"@context\":\"https:\\\/\\\/schema.org\",\"@graph\":[{\"@type\":\"Article\",\"@id\":\"https:\\\/\\\/inclusivenews.com.br\\\/?p=12333#article\",\"isPartOf\":{\"@id\":\"https:\\\/\\\/inclusivenews.com.br\\\/?p=12333\"},\"author\":{\"name\":\"inclusivenews2024\",\"@id\":\"https:\\\/\\\/inclusivenews.com.br\\\/#\\\/schema\\\/person\\\/ae4ec7087559b8692fb33b6fffd2273b\"},\"headline\":\"MPF e Conselho lan\u00e7am cartilha sobre Direitos dos Cidad\u00e3o\",\"datePublished\":\"2009-11-07T11:27:50+00:00\",\"mainEntityOfPage\":{\"@id\":\"https:\\\/\\\/inclusivenews.com.br\\\/?p=12333\"},\"wordCount\":738,\"commentCount\":0,\"publisher\":{\"@id\":\"https:\\\/\\\/inclusivenews.com.br\\\/#organization\"},\"image\":{\"@id\":\"https:\\\/\\\/inclusivenews.com.br\\\/?p=12333#primaryimage\"},\"thumbnailUrl\":\"http:\\\/\\\/inclusivenews.com.br\\\/wp-content\\\/uploads\\\/2009\\\/11\\\/vinheta_justica_big.jpg\",\"articleSection\":[\"DIREITOS HUMANOS\",\"NOT\u00cdCIAS\"],\"inLanguage\":\"pt-PT\",\"potentialAction\":[{\"@type\":\"CommentAction\",\"name\":\"Comment\",\"target\":[\"https:\\\/\\\/inclusivenews.com.br\\\/?p=12333#respond\"]}]},{\"@type\":\"WebPage\",\"@id\":\"https:\\\/\\\/inclusivenews.com.br\\\/?p=12333\",\"url\":\"https:\\\/\\\/inclusivenews.com.br\\\/?p=12333\",\"name\":\"MPF e Conselho lan\u00e7am cartilha sobre Direitos dos Cidad\u00e3o -\",\"isPartOf\":{\"@id\":\"https:\\\/\\\/inclusivenews.com.br\\\/#website\"},\"primaryImageOfPage\":{\"@id\":\"https:\\\/\\\/inclusivenews.com.br\\\/?p=12333#primaryimage\"},\"image\":{\"@id\":\"https:\\\/\\\/inclusivenews.com.br\\\/?p=12333#primaryimage\"},\"thumbnailUrl\":\"http:\\\/\\\/inclusivenews.com.br\\\/wp-content\\\/uploads\\\/2009\\\/11\\\/vinheta_justica_big.jpg\",\"datePublished\":\"2009-11-07T11:27:50+00:00\",\"breadcrumb\":{\"@id\":\"https:\\\/\\\/inclusivenews.com.br\\\/?p=12333#breadcrumb\"},\"inLanguage\":\"pt-PT\",\"potentialAction\":[{\"@type\":\"ReadAction\",\"target\":[\"https:\\\/\\\/inclusivenews.com.br\\\/?p=12333\"]}]},{\"@type\":\"ImageObject\",\"inLanguage\":\"pt-PT\",\"@id\":\"https:\\\/\\\/inclusivenews.com.br\\\/?p=12333#primaryimage\",\"url\":\"\",\"contentUrl\":\"\"},{\"@type\":\"BreadcrumbList\",\"@id\":\"https:\\\/\\\/inclusivenews.com.br\\\/?p=12333#breadcrumb\",\"itemListElement\":[{\"@type\":\"ListItem\",\"position\":1,\"name\":\"In\u00edcio\",\"item\":\"https:\\\/\\\/inclusivenews.com.br\\\/\"},{\"@type\":\"ListItem\",\"position\":2,\"name\":\"MPF e Conselho lan\u00e7am cartilha sobre Direitos dos Cidad\u00e3o\"}]},{\"@type\":\"WebSite\",\"@id\":\"https:\\\/\\\/inclusivenews.com.br\\\/#website\",\"url\":\"https:\\\/\\\/inclusivenews.com.br\\\/\",\"name\":\"Inclusive News\",\"description\":\"Inclusive News\",\"publisher\":{\"@id\":\"https:\\\/\\\/inclusivenews.com.br\\\/#organization\"},\"potentialAction\":[{\"@type\":\"SearchAction\",\"target\":{\"@type\":\"EntryPoint\",\"urlTemplate\":\"https:\\\/\\\/inclusivenews.com.br\\\/?s={search_term_string}\"},\"query-input\":{\"@type\":\"PropertyValueSpecification\",\"valueRequired\":true,\"valueName\":\"search_term_string\"}}],\"inLanguage\":\"pt-PT\"},{\"@type\":\"Organization\",\"@id\":\"https:\\\/\\\/inclusivenews.com.br\\\/#organization\",\"name\":\"Inclusive - inclus\u00e3o e cidadania\",\"url\":\"https:\\\/\\\/inclusivenews.com.br\\\/\",\"logo\":{\"@type\":\"ImageObject\",\"inLanguage\":\"pt-PT\",\"@id\":\"https:\\\/\\\/inclusivenews.com.br\\\/#\\\/schema\\\/logo\\\/image\\\/\",\"url\":\"https:\\\/\\\/inclusivenews.com.br\\\/wp-content\\\/uploads\\\/2024\\\/03\\\/@grandesite.png\",\"contentUrl\":\"https:\\\/\\\/inclusivenews.com.br\\\/wp-content\\\/uploads\\\/2024\\\/03\\\/@grandesite.png\",\"width\":1080,\"height\":1080,\"caption\":\"Inclusive - inclus\u00e3o e cidadania\"},\"image\":{\"@id\":\"https:\\\/\\\/inclusivenews.com.br\\\/#\\\/schema\\\/logo\\\/image\\\/\"},\"sameAs\":[\"https:\\\/\\\/www.facebook.com\\\/agenciainclusive\\\/\",\"https:\\\/\\\/www.instagram.com\\\/newsinclusive\\\/\"]},{\"@type\":\"Person\",\"@id\":\"https:\\\/\\\/inclusivenews.com.br\\\/#\\\/schema\\\/person\\\/ae4ec7087559b8692fb33b6fffd2273b\",\"name\":\"inclusivenews2024\",\"image\":{\"@type\":\"ImageObject\",\"inLanguage\":\"pt-PT\",\"@id\":\"https:\\\/\\\/secure.gravatar.com\\\/avatar\\\/c5a7ef84c66fa914f55bc4f7ce26cfa275a3b9a1c5568b907bd184fb4dde7b40?s=96&d=mm&r=g\",\"url\":\"https:\\\/\\\/secure.gravatar.com\\\/avatar\\\/c5a7ef84c66fa914f55bc4f7ce26cfa275a3b9a1c5568b907bd184fb4dde7b40?s=96&d=mm&r=g\",\"contentUrl\":\"https:\\\/\\\/secure.gravatar.com\\\/avatar\\\/c5a7ef84c66fa914f55bc4f7ce26cfa275a3b9a1c5568b907bd184fb4dde7b40?s=96&d=mm&r=g\",\"caption\":\"inclusivenews2024\"},\"sameAs\":[\"https:\\\/\\\/inclusivenews.com.br\"],\"url\":\"https:\\\/\\\/inclusivenews.com.br\\\/?author=1\"}]}<\/script>\n<!-- \/ Yoast SEO plugin. -->","yoast_head_json":{"title":"MPF e Conselho lan\u00e7am cartilha sobre Direitos dos Cidad\u00e3o -","robots":{"index":"index","follow":"follow","max-snippet":"max-snippet:-1","max-image-preview":"max-image-preview:large","max-video-preview":"max-video-preview:-1"},"canonical":"https:\/\/inclusivenews.com.br\/?p=12333","og_locale":"pt_PT","og_type":"article","og_title":"MPF e Conselho lan\u00e7am cartilha sobre Direitos dos Cidad\u00e3o -","og_description":"O Minist\u00e9rio P\u00fablico Federal, por meio da Procuradoria Federal dos Direitos do Cidad\u00e3o, e o Conselho de Defesa dos Direitos da Pessoa Humana em Mato Grosso (CDDPH) lan\u00e7aram em parceria uma cartilha sobre os Direitos do Cidad\u00e3o. Com uma linguagem simples e ilustra\u00e7\u00f5es, a cartilha tem duas vers\u00f5es, uma que ser\u00e1 distribu\u00edda pelo Conselho de [&hellip;]","og_url":"https:\/\/inclusivenews.com.br\/?p=12333","article_publisher":"https:\/\/www.facebook.com\/agenciainclusive\/","article_published_time":"2009-11-07T11:27:50+00:00","og_image":[{"url":"http:\/\/inclusivenews.com.br\/wp-content\/uploads\/2009\/11\/vinheta_justica_big.jpg","type":"","width":"","height":""}],"author":"inclusivenews2024","twitter_card":"summary_large_image","twitter_misc":{"Escrito por":"inclusivenews2024","Tempo estimado de leitura":"4 minutos"},"schema":{"@context":"https:\/\/schema.org","@graph":[{"@type":"Article","@id":"https:\/\/inclusivenews.com.br\/?p=12333#article","isPartOf":{"@id":"https:\/\/inclusivenews.com.br\/?p=12333"},"author":{"name":"inclusivenews2024","@id":"https:\/\/inclusivenews.com.br\/#\/schema\/person\/ae4ec7087559b8692fb33b6fffd2273b"},"headline":"MPF e Conselho lan\u00e7am cartilha sobre Direitos dos Cidad\u00e3o","datePublished":"2009-11-07T11:27:50+00:00","mainEntityOfPage":{"@id":"https:\/\/inclusivenews.com.br\/?p=12333"},"wordCount":738,"commentCount":0,"publisher":{"@id":"https:\/\/inclusivenews.com.br\/#organization"},"image":{"@id":"https:\/\/inclusivenews.com.br\/?p=12333#primaryimage"},"thumbnailUrl":"http:\/\/inclusivenews.com.br\/wp-content\/uploads\/2009\/11\/vinheta_justica_big.jpg","articleSection":["DIREITOS HUMANOS","NOT\u00cdCIAS"],"inLanguage":"pt-PT","potentialAction":[{"@type":"CommentAction","name":"Comment","target":["https:\/\/inclusivenews.com.br\/?p=12333#respond"]}]},{"@type":"WebPage","@id":"https:\/\/inclusivenews.com.br\/?p=12333","url":"https:\/\/inclusivenews.com.br\/?p=12333","name":"MPF e Conselho lan\u00e7am cartilha sobre Direitos dos Cidad\u00e3o -","isPartOf":{"@id":"https:\/\/inclusivenews.com.br\/#website"},"primaryImageOfPage":{"@id":"https:\/\/inclusivenews.com.br\/?p=12333#primaryimage"},"image":{"@id":"https:\/\/inclusivenews.com.br\/?p=12333#primaryimage"},"thumbnailUrl":"http:\/\/inclusivenews.com.br\/wp-content\/uploads\/2009\/11\/vinheta_justica_big.jpg","datePublished":"2009-11-07T11:27:50+00:00","breadcrumb":{"@id":"https:\/\/inclusivenews.com.br\/?p=12333#breadcrumb"},"inLanguage":"pt-PT","potentialAction":[{"@type":"ReadAction","target":["https:\/\/inclusivenews.com.br\/?p=12333"]}]},{"@type":"ImageObject","inLanguage":"pt-PT","@id":"https:\/\/inclusivenews.com.br\/?p=12333#primaryimage","url":"","contentUrl":""},{"@type":"BreadcrumbList","@id":"https:\/\/inclusivenews.com.br\/?p=12333#breadcrumb","itemListElement":[{"@type":"ListItem","position":1,"name":"In\u00edcio","item":"https:\/\/inclusivenews.com.br\/"},{"@type":"ListItem","position":2,"name":"MPF e Conselho lan\u00e7am cartilha sobre Direitos dos Cidad\u00e3o"}]},{"@type":"WebSite","@id":"https:\/\/inclusivenews.com.br\/#website","url":"https:\/\/inclusivenews.com.br\/","name":"Inclusive News","description":"Inclusive News","publisher":{"@id":"https:\/\/inclusivenews.com.br\/#organization"},"potentialAction":[{"@type":"SearchAction","target":{"@type":"EntryPoint","urlTemplate":"https:\/\/inclusivenews.com.br\/?s={search_term_string}"},"query-input":{"@type":"PropertyValueSpecification","valueRequired":true,"valueName":"search_term_string"}}],"inLanguage":"pt-PT"},{"@type":"Organization","@id":"https:\/\/inclusivenews.com.br\/#organization","name":"Inclusive - inclus\u00e3o e cidadania","url":"https:\/\/inclusivenews.com.br\/","logo":{"@type":"ImageObject","inLanguage":"pt-PT","@id":"https:\/\/inclusivenews.com.br\/#\/schema\/logo\/image\/","url":"https:\/\/inclusivenews.com.br\/wp-content\/uploads\/2024\/03\/@grandesite.png","contentUrl":"https:\/\/inclusivenews.com.br\/wp-content\/uploads\/2024\/03\/@grandesite.png","width":1080,"height":1080,"caption":"Inclusive - inclus\u00e3o e cidadania"},"image":{"@id":"https:\/\/inclusivenews.com.br\/#\/schema\/logo\/image\/"},"sameAs":["https:\/\/www.facebook.com\/agenciainclusive\/","https:\/\/www.instagram.com\/newsinclusive\/"]},{"@type":"Person","@id":"https:\/\/inclusivenews.com.br\/#\/schema\/person\/ae4ec7087559b8692fb33b6fffd2273b","name":"inclusivenews2024","image":{"@type":"ImageObject","inLanguage":"pt-PT","@id":"https:\/\/secure.gravatar.com\/avatar\/c5a7ef84c66fa914f55bc4f7ce26cfa275a3b9a1c5568b907bd184fb4dde7b40?s=96&d=mm&r=g","url":"https:\/\/secure.gravatar.com\/avatar\/c5a7ef84c66fa914f55bc4f7ce26cfa275a3b9a1c5568b907bd184fb4dde7b40?s=96&d=mm&r=g","contentUrl":"https:\/\/secure.gravatar.com\/avatar\/c5a7ef84c66fa914f55bc4f7ce26cfa275a3b9a1c5568b907bd184fb4dde7b40?s=96&d=mm&r=g","caption":"inclusivenews2024"},"sameAs":["https:\/\/inclusivenews.com.br"],"url":"https:\/\/inclusivenews.com.br\/?author=1"}]}},"_links":{"self":[{"href":"https:\/\/inclusivenews.com.br\/index.php?rest_route=\/wp\/v2\/posts\/12333","targetHints":{"allow":["GET"]}}],"collection":[{"href":"https:\/\/inclusivenews.com.br\/index.php?rest_route=\/wp\/v2\/posts"}],"about":[{"href":"https:\/\/inclusivenews.com.br\/index.php?rest_route=\/wp\/v2\/types\/post"}],"author":[{"embeddable":true,"href":"https:\/\/inclusivenews.com.br\/index.php?rest_route=\/wp\/v2\/users\/1"}],"replies":[{"embeddable":true,"href":"https:\/\/inclusivenews.com.br\/index.php?rest_route=%2Fwp%2Fv2%2Fcomments&post=12333"}],"version-history":[{"count":0,"href":"https:\/\/inclusivenews.com.br\/index.php?rest_route=\/wp\/v2\/posts\/12333\/revisions"}],"wp:attachment":[{"href":"https:\/\/inclusivenews.com.br\/index.php?rest_route=%2Fwp%2Fv2%2Fmedia&parent=12333"}],"wp:term":[{"taxonomy":"category","embeddable":true,"href":"https:\/\/inclusivenews.com.br\/index.php?rest_route=%2Fwp%2Fv2%2Fcategories&post=12333"},{"taxonomy":"post_tag","embeddable":true,"href":"https:\/\/inclusivenews.com.br\/index.php?rest_route=%2Fwp%2Fv2%2Ftags&post=12333"}],"curies":[{"name":"wp","href":"https:\/\/api.w.org\/{rel}","templated":true}]}}