{"id":12335,"date":"2009-11-08T09:18:35","date_gmt":"2009-11-08T12:18:35","guid":{"rendered":"http:\/\/www.inclusive.org.br\/?p=12335"},"modified":"2009-11-08T09:18:35","modified_gmt":"2009-11-08T12:18:35","slug":"regra-e-excecao","status":"publish","type":"post","link":"https:\/\/inclusivenews.com.br\/?p=12335","title":{"rendered":"Regra e exce\u00e7\u00e3o, por Andrei Bastos"},"content":{"rendered":"<figure id=\"attachment_12254\" aria-describedby=\"caption-attachment-12254\" style=\"width: 154px\" class=\"wp-caption alignleft\"><a href=\"http:\/\/www.inclusivenews.com.br\/wp-content\/uploads\/2009\/10\/andrei.jpg\"><img loading=\"lazy\" decoding=\"async\" class=\"size-full wp-image-12254\" title=\"Andrei Bastos\" src=\"http:\/\/inclusivenews.com.br\/wp-content\/uploads\/2009\/10\/andrei.jpg\" alt=\"Andrei Bastos\" width=\"154\" height=\"152\" \/><\/a><figcaption id=\"caption-attachment-12254\" class=\"wp-caption-text\"> <\/figcaption><\/figure>\n<p style=\"text-align: justify\"><strong>Andrei Bastos *<\/strong><\/p>\n<p style=\"text-align: justify;\">Minhas convic\u00e7\u00f5es relativas \u00e0 inclus\u00e3o da pessoa com defici\u00eancia s\u00e3o tais que me levam a rejeitar a pr\u00f3pria palavra defici\u00eancia, e o conceito que ela expressa. Sou uma pessoa amputada, assim como existem pessoas cegas, parapl\u00e9gicas, com s\u00edndrome de Down, surdas, com paralisia cerebral etc. Para mim, as chamadas defici\u00eancias n\u00e3o existem, sendo apenas atributos dos seres humanos que as t\u00eam, da mesma forma que as pessoas s\u00e3o gordas ou magras, altas ou baixas, feias ou bonitas.<\/p>\n<p style=\"text-align: justify;\">Quem me conhece sabe que sou absolutamente contr\u00e1rio a qualquer coisa que configure, material ou imaterialmente, discrimina\u00e7\u00e3o e segrega\u00e7\u00e3o de pessoas com as ainda chamadas defici\u00eancias. Quando todos acreditavam que a excresc\u00eancia do Estatuto do Portador de Defici\u00eancia dos senadores Paulo Paim e Fl\u00e1vio Arns, o \u201cEstatuto do Coitadinho\u201d, era inevit\u00e1vel, o denunciei pelo simples fato de ser uma proposta de Estatuto e por conter em seu texto armadilhas e trai\u00e7\u00f5es ao segmento que supostamente beneficiava. Indo mais longe, at\u00e9 fiz com que um advogado parapl\u00e9gico meu amigo fizesse a leitura dessa baboseira comigo, os dois trancados no escrit\u00f3rio durante um carnaval.<\/p>\n<p style=\"text-align: justify;\">Por outro lado, ser\u00e1 t\u00e3o equivocada quanto a aceita\u00e7\u00e3o do \u201cEstatuto do Coitadinho\u201d qualquer tentativa de implementar a Educa\u00e7\u00e3o Inclusiva com canetadas.<\/p>\n<p style=\"text-align: justify;\">Descontando qualquer tra\u00e7o evolucionista, os seres humanos s\u00e3o os mesmos desde sempre, com ou sem as chamadas defici\u00eancias. O que mudou foi o conhecimento e o entendimento das condi\u00e7\u00f5es e possibilidades reais de todas as pessoas, particularmente daquelas com atributos ainda identificados como defici\u00eancias. O Imperial Instituto dos Meninos Cegos, o atual Instituto Benjamin Constant, foi criado em 1854 por D. Pedro II, nosso Imperador, que em 1857 apoiou o professor franc\u00eas Hernest Huet na cria\u00e7\u00e3o do Imperial Instituto de Surdos Mudos, o INES dos dias de hoje.<\/p>\n<p style=\"text-align: justify;\">Do tempo do Imp\u00e9rio para c\u00e1, no Brasil como no mundo, muita \u00e1gua rolou por baixo da ponte das pessoas com as chamadas defici\u00eancias. A motiva\u00e7\u00e3o do interesse pela quest\u00e3o, que era caridosa ou humanista, passou a ser pol\u00edtica e de luta por direitos, o atendimento, que era assistencialista e filantr\u00f3pico, passou a ser obriga\u00e7\u00e3o legal, e a abordagem t\u00e9cnica, que se baseava em par\u00e2metros m\u00e9dicos, passou a se basear em par\u00e2metros de funcionalidade.<\/p>\n<p style=\"text-align: justify;\">Antes da chamada Educa\u00e7\u00e3o Inclusiva, que come\u00e7ou com uma lei nos EUA em 1975, passou pela Declara\u00e7\u00e3o de Salamanca em 1994, existia uma regra e suas exce\u00e7\u00f5es, quando o que se conhecia era a \u201cEduca\u00e7\u00e3o Especial\u201d.<\/p>\n<p style=\"text-align: justify;\">Nesse per\u00edodo, anterior \u00e0s conquistas consolidadas pela Conven\u00e7\u00e3o da ONU sobre os Direitos das Pessoas com Defici\u00eancia, ratificada no Brasil com equival\u00eancia de Emenda Constitucional, a regra era de que todas as pessoas com as chamadas defici\u00eancias deveriam frequentar escolas especiais. As exce\u00e7\u00f5es eram representadas pelos Beethovens e Louis Brailles da vida, todas geniais.<\/p>\n<p style=\"text-align: justify;\">Depois que as conquistas de direitos, os avan\u00e7os da ci\u00eancia e os progressos tecnol\u00f3gicos evidenciaram que a maioria das pessoas com as chamadas defici\u00eancias tinha potencial para frequentar as escolas regulares, precisando apenas de atendimento a necessidades espec\u00edficas, arquitet\u00f4nicas ou tecnol\u00f3gicas, o que era regra passou a ser exce\u00e7\u00e3o e o que era exce\u00e7\u00e3o passou a ser regra. Os g\u00eanios, estes continuam e continuar\u00e3o a existir, independente de seus atributos f\u00edsicos, intelectuais ou sensoriais.<\/p>\n<p style=\"text-align: justify;\">Ou seja: nem tanto ao mar e nem tanto \u00e0 terra, apesar de tudo de bom que foi conquistado, n\u00e3o sendo poss\u00edvel esquecer as atuais exce\u00e7\u00f5es, de alto grau de comprometimento, em qualquer discuss\u00e3o sobre implementa\u00e7\u00e3o da Educa\u00e7\u00e3o Inclusiva, e sendo rigorosamente imposs\u00edvel eliminar do mapa as chamadas escolas especiais, que ainda t\u00eam importante papel a desempenhar no processo de inclus\u00e3o, particularmente nos rinc\u00f5es brasileiros, que ainda vivem na Idade M\u00e9dia da Inclus\u00e3o.<\/p>\n<p style=\"text-align: justify;\">Se institui\u00e7\u00f5es como o Benjamin Constant e o INES hoje s\u00e3o dinossauros gigantes e burocr\u00e1ticos, cabe a n\u00f3s atuar para ajust\u00e1-los \u00e0 nova realidade do p\u00fablico que atendem, otimizando o uso das suas grandes estruturas e imprimindo-lhes o dinamismo que a pressa dos nossos dias imp\u00f5e.<\/p>\n<p style=\"text-align: justify;\">A equa\u00e7\u00e3o se inverteu, mas permanece sendo de regra e exce\u00e7\u00e3o.<\/p>\n<p style=\"text-align: justify\">__________________________________<\/p>\n<p style=\"text-align: justify\"><strong>* Andrei Bastos \u00e9 jornalista e atua na ONG Terra dos Homens e na Comiss\u00e3o de Direitos Humanos da OAB\/RJ<\/strong><\/p>\n<p style=\"text-align: justify;\">\n","protected":false},"excerpt":{"rendered":"<p>Andrei Bastos * Minhas convic\u00e7\u00f5es relativas \u00e0 inclus\u00e3o da pessoa com defici\u00eancia s\u00e3o tais que me levam a rejeitar a pr\u00f3pria palavra defici\u00eancia, e o conceito que ela expressa. Sou uma pessoa amputada, assim como existem pessoas cegas, parapl\u00e9gicas, com s\u00edndrome de Down, surdas, com paralisia cerebral etc. Para mim, as chamadas defici\u00eancias n\u00e3o existem, [&hellip;]<\/p>\n","protected":false},"author":1,"featured_media":0,"comment_status":"open","ping_status":"open","sticky":false,"template":"","format":"standard","meta":{"site-container-style":"default","site-container-layout":"default","site-sidebar-layout":"default","disable-article-header":"default","disable-site-header":"default","disable-site-footer":"default","disable-content-area-spacing":"default","footnotes":""},"categories":[8],"tags":[],"class_list":["post-12335","post","type-post","status-publish","format-standard","hentry","category-textos-e-artigos"],"yoast_head":"<!-- This site is optimized with the Yoast SEO plugin v27.4 - https:\/\/yoast.com\/product\/yoast-seo-wordpress\/ -->\n<title>Regra e exce\u00e7\u00e3o, por Andrei Bastos -<\/title>\n<meta name=\"robots\" content=\"index, follow, max-snippet:-1, max-image-preview:large, max-video-preview:-1\" \/>\n<link rel=\"canonical\" href=\"https:\/\/inclusivenews.com.br\/?p=12335\" \/>\n<meta property=\"og:locale\" content=\"pt_PT\" \/>\n<meta property=\"og:type\" content=\"article\" \/>\n<meta property=\"og:title\" content=\"Regra e exce\u00e7\u00e3o, por Andrei Bastos -\" \/>\n<meta property=\"og:description\" content=\"Andrei Bastos * Minhas convic\u00e7\u00f5es relativas \u00e0 inclus\u00e3o da pessoa com defici\u00eancia s\u00e3o tais que me levam a rejeitar a pr\u00f3pria palavra defici\u00eancia, e o conceito que ela expressa. Sou uma pessoa amputada, assim como existem pessoas cegas, parapl\u00e9gicas, com s\u00edndrome de Down, surdas, com paralisia cerebral etc. Para mim, as chamadas defici\u00eancias n\u00e3o existem, [&hellip;]\" \/>\n<meta property=\"og:url\" content=\"https:\/\/inclusivenews.com.br\/?p=12335\" \/>\n<meta property=\"article:publisher\" content=\"https:\/\/www.facebook.com\/agenciainclusive\/\" \/>\n<meta property=\"article:published_time\" content=\"2009-11-08T12:18:35+00:00\" \/>\n<meta property=\"og:image\" content=\"http:\/\/inclusivenews.com.br\/wp-content\/uploads\/2009\/10\/andrei.jpg\" \/>\n<meta name=\"author\" content=\"inclusivenews2024\" \/>\n<meta name=\"twitter:card\" content=\"summary_large_image\" \/>\n<meta name=\"twitter:label1\" content=\"Escrito por\" \/>\n\t<meta name=\"twitter:data1\" content=\"inclusivenews2024\" \/>\n\t<meta name=\"twitter:label2\" content=\"Tempo estimado de leitura\" \/>\n\t<meta name=\"twitter:data2\" content=\"4 minutos\" \/>\n<script type=\"application\/ld+json\" class=\"yoast-schema-graph\">{\"@context\":\"https:\\\/\\\/schema.org\",\"@graph\":[{\"@type\":\"Article\",\"@id\":\"https:\\\/\\\/inclusivenews.com.br\\\/?p=12335#article\",\"isPartOf\":{\"@id\":\"https:\\\/\\\/inclusivenews.com.br\\\/?p=12335\"},\"author\":{\"name\":\"inclusivenews2024\",\"@id\":\"https:\\\/\\\/inclusivenews.com.br\\\/#\\\/schema\\\/person\\\/ae4ec7087559b8692fb33b6fffd2273b\"},\"headline\":\"Regra e exce\u00e7\u00e3o, por Andrei Bastos\",\"datePublished\":\"2009-11-08T12:18:35+00:00\",\"mainEntityOfPage\":{\"@id\":\"https:\\\/\\\/inclusivenews.com.br\\\/?p=12335\"},\"wordCount\":775,\"commentCount\":0,\"publisher\":{\"@id\":\"https:\\\/\\\/inclusivenews.com.br\\\/#organization\"},\"image\":{\"@id\":\"https:\\\/\\\/inclusivenews.com.br\\\/?p=12335#primaryimage\"},\"thumbnailUrl\":\"http:\\\/\\\/inclusivenews.com.br\\\/wp-content\\\/uploads\\\/2009\\\/10\\\/andrei.jpg\",\"articleSection\":[\"OPINI\u00c3O\"],\"inLanguage\":\"pt-PT\",\"potentialAction\":[{\"@type\":\"CommentAction\",\"name\":\"Comment\",\"target\":[\"https:\\\/\\\/inclusivenews.com.br\\\/?p=12335#respond\"]}]},{\"@type\":\"WebPage\",\"@id\":\"https:\\\/\\\/inclusivenews.com.br\\\/?p=12335\",\"url\":\"https:\\\/\\\/inclusivenews.com.br\\\/?p=12335\",\"name\":\"Regra e exce\u00e7\u00e3o, por Andrei Bastos -\",\"isPartOf\":{\"@id\":\"https:\\\/\\\/inclusivenews.com.br\\\/#website\"},\"primaryImageOfPage\":{\"@id\":\"https:\\\/\\\/inclusivenews.com.br\\\/?p=12335#primaryimage\"},\"image\":{\"@id\":\"https:\\\/\\\/inclusivenews.com.br\\\/?p=12335#primaryimage\"},\"thumbnailUrl\":\"http:\\\/\\\/inclusivenews.com.br\\\/wp-content\\\/uploads\\\/2009\\\/10\\\/andrei.jpg\",\"datePublished\":\"2009-11-08T12:18:35+00:00\",\"breadcrumb\":{\"@id\":\"https:\\\/\\\/inclusivenews.com.br\\\/?p=12335#breadcrumb\"},\"inLanguage\":\"pt-PT\",\"potentialAction\":[{\"@type\":\"ReadAction\",\"target\":[\"https:\\\/\\\/inclusivenews.com.br\\\/?p=12335\"]}]},{\"@type\":\"ImageObject\",\"inLanguage\":\"pt-PT\",\"@id\":\"https:\\\/\\\/inclusivenews.com.br\\\/?p=12335#primaryimage\",\"url\":\"https:\\\/\\\/inclusivenews.com.br\\\/wp-content\\\/uploads\\\/2009\\\/10\\\/andrei.jpg\",\"contentUrl\":\"https:\\\/\\\/inclusivenews.com.br\\\/wp-content\\\/uploads\\\/2009\\\/10\\\/andrei.jpg\",\"width\":220,\"height\":217,\"caption\":\"Foto de Andrei Bastos\"},{\"@type\":\"BreadcrumbList\",\"@id\":\"https:\\\/\\\/inclusivenews.com.br\\\/?p=12335#breadcrumb\",\"itemListElement\":[{\"@type\":\"ListItem\",\"position\":1,\"name\":\"In\u00edcio\",\"item\":\"https:\\\/\\\/inclusivenews.com.br\\\/\"},{\"@type\":\"ListItem\",\"position\":2,\"name\":\"Regra e exce\u00e7\u00e3o, por Andrei Bastos\"}]},{\"@type\":\"WebSite\",\"@id\":\"https:\\\/\\\/inclusivenews.com.br\\\/#website\",\"url\":\"https:\\\/\\\/inclusivenews.com.br\\\/\",\"name\":\"Inclusive News\",\"description\":\"Inclusive News\",\"publisher\":{\"@id\":\"https:\\\/\\\/inclusivenews.com.br\\\/#organization\"},\"potentialAction\":[{\"@type\":\"SearchAction\",\"target\":{\"@type\":\"EntryPoint\",\"urlTemplate\":\"https:\\\/\\\/inclusivenews.com.br\\\/?s={search_term_string}\"},\"query-input\":{\"@type\":\"PropertyValueSpecification\",\"valueRequired\":true,\"valueName\":\"search_term_string\"}}],\"inLanguage\":\"pt-PT\"},{\"@type\":\"Organization\",\"@id\":\"https:\\\/\\\/inclusivenews.com.br\\\/#organization\",\"name\":\"Inclusive - inclus\u00e3o e cidadania\",\"url\":\"https:\\\/\\\/inclusivenews.com.br\\\/\",\"logo\":{\"@type\":\"ImageObject\",\"inLanguage\":\"pt-PT\",\"@id\":\"https:\\\/\\\/inclusivenews.com.br\\\/#\\\/schema\\\/logo\\\/image\\\/\",\"url\":\"https:\\\/\\\/inclusivenews.com.br\\\/wp-content\\\/uploads\\\/2024\\\/03\\\/@grandesite.png\",\"contentUrl\":\"https:\\\/\\\/inclusivenews.com.br\\\/wp-content\\\/uploads\\\/2024\\\/03\\\/@grandesite.png\",\"width\":1080,\"height\":1080,\"caption\":\"Inclusive - inclus\u00e3o e cidadania\"},\"image\":{\"@id\":\"https:\\\/\\\/inclusivenews.com.br\\\/#\\\/schema\\\/logo\\\/image\\\/\"},\"sameAs\":[\"https:\\\/\\\/www.facebook.com\\\/agenciainclusive\\\/\",\"https:\\\/\\\/www.instagram.com\\\/newsinclusive\\\/\"]},{\"@type\":\"Person\",\"@id\":\"https:\\\/\\\/inclusivenews.com.br\\\/#\\\/schema\\\/person\\\/ae4ec7087559b8692fb33b6fffd2273b\",\"name\":\"inclusivenews2024\",\"image\":{\"@type\":\"ImageObject\",\"inLanguage\":\"pt-PT\",\"@id\":\"https:\\\/\\\/secure.gravatar.com\\\/avatar\\\/c5a7ef84c66fa914f55bc4f7ce26cfa275a3b9a1c5568b907bd184fb4dde7b40?s=96&d=mm&r=g\",\"url\":\"https:\\\/\\\/secure.gravatar.com\\\/avatar\\\/c5a7ef84c66fa914f55bc4f7ce26cfa275a3b9a1c5568b907bd184fb4dde7b40?s=96&d=mm&r=g\",\"contentUrl\":\"https:\\\/\\\/secure.gravatar.com\\\/avatar\\\/c5a7ef84c66fa914f55bc4f7ce26cfa275a3b9a1c5568b907bd184fb4dde7b40?s=96&d=mm&r=g\",\"caption\":\"inclusivenews2024\"},\"sameAs\":[\"https:\\\/\\\/inclusivenews.com.br\"],\"url\":\"https:\\\/\\\/inclusivenews.com.br\\\/?author=1\"}]}<\/script>\n<!-- \/ Yoast SEO plugin. -->","yoast_head_json":{"title":"Regra e exce\u00e7\u00e3o, por Andrei Bastos -","robots":{"index":"index","follow":"follow","max-snippet":"max-snippet:-1","max-image-preview":"max-image-preview:large","max-video-preview":"max-video-preview:-1"},"canonical":"https:\/\/inclusivenews.com.br\/?p=12335","og_locale":"pt_PT","og_type":"article","og_title":"Regra e exce\u00e7\u00e3o, por Andrei Bastos -","og_description":"Andrei Bastos * Minhas convic\u00e7\u00f5es relativas \u00e0 inclus\u00e3o da pessoa com defici\u00eancia s\u00e3o tais que me levam a rejeitar a pr\u00f3pria palavra defici\u00eancia, e o conceito que ela expressa. Sou uma pessoa amputada, assim como existem pessoas cegas, parapl\u00e9gicas, com s\u00edndrome de Down, surdas, com paralisia cerebral etc. Para mim, as chamadas defici\u00eancias n\u00e3o existem, [&hellip;]","og_url":"https:\/\/inclusivenews.com.br\/?p=12335","article_publisher":"https:\/\/www.facebook.com\/agenciainclusive\/","article_published_time":"2009-11-08T12:18:35+00:00","og_image":[{"url":"http:\/\/inclusivenews.com.br\/wp-content\/uploads\/2009\/10\/andrei.jpg","type":"","width":"","height":""}],"author":"inclusivenews2024","twitter_card":"summary_large_image","twitter_misc":{"Escrito por":"inclusivenews2024","Tempo estimado de leitura":"4 minutos"},"schema":{"@context":"https:\/\/schema.org","@graph":[{"@type":"Article","@id":"https:\/\/inclusivenews.com.br\/?p=12335#article","isPartOf":{"@id":"https:\/\/inclusivenews.com.br\/?p=12335"},"author":{"name":"inclusivenews2024","@id":"https:\/\/inclusivenews.com.br\/#\/schema\/person\/ae4ec7087559b8692fb33b6fffd2273b"},"headline":"Regra e exce\u00e7\u00e3o, por Andrei Bastos","datePublished":"2009-11-08T12:18:35+00:00","mainEntityOfPage":{"@id":"https:\/\/inclusivenews.com.br\/?p=12335"},"wordCount":775,"commentCount":0,"publisher":{"@id":"https:\/\/inclusivenews.com.br\/#organization"},"image":{"@id":"https:\/\/inclusivenews.com.br\/?p=12335#primaryimage"},"thumbnailUrl":"http:\/\/inclusivenews.com.br\/wp-content\/uploads\/2009\/10\/andrei.jpg","articleSection":["OPINI\u00c3O"],"inLanguage":"pt-PT","potentialAction":[{"@type":"CommentAction","name":"Comment","target":["https:\/\/inclusivenews.com.br\/?p=12335#respond"]}]},{"@type":"WebPage","@id":"https:\/\/inclusivenews.com.br\/?p=12335","url":"https:\/\/inclusivenews.com.br\/?p=12335","name":"Regra e exce\u00e7\u00e3o, por Andrei Bastos -","isPartOf":{"@id":"https:\/\/inclusivenews.com.br\/#website"},"primaryImageOfPage":{"@id":"https:\/\/inclusivenews.com.br\/?p=12335#primaryimage"},"image":{"@id":"https:\/\/inclusivenews.com.br\/?p=12335#primaryimage"},"thumbnailUrl":"http:\/\/inclusivenews.com.br\/wp-content\/uploads\/2009\/10\/andrei.jpg","datePublished":"2009-11-08T12:18:35+00:00","breadcrumb":{"@id":"https:\/\/inclusivenews.com.br\/?p=12335#breadcrumb"},"inLanguage":"pt-PT","potentialAction":[{"@type":"ReadAction","target":["https:\/\/inclusivenews.com.br\/?p=12335"]}]},{"@type":"ImageObject","inLanguage":"pt-PT","@id":"https:\/\/inclusivenews.com.br\/?p=12335#primaryimage","url":"https:\/\/inclusivenews.com.br\/wp-content\/uploads\/2009\/10\/andrei.jpg","contentUrl":"https:\/\/inclusivenews.com.br\/wp-content\/uploads\/2009\/10\/andrei.jpg","width":220,"height":217,"caption":"Foto de Andrei Bastos"},{"@type":"BreadcrumbList","@id":"https:\/\/inclusivenews.com.br\/?p=12335#breadcrumb","itemListElement":[{"@type":"ListItem","position":1,"name":"In\u00edcio","item":"https:\/\/inclusivenews.com.br\/"},{"@type":"ListItem","position":2,"name":"Regra e exce\u00e7\u00e3o, por Andrei Bastos"}]},{"@type":"WebSite","@id":"https:\/\/inclusivenews.com.br\/#website","url":"https:\/\/inclusivenews.com.br\/","name":"Inclusive News","description":"Inclusive News","publisher":{"@id":"https:\/\/inclusivenews.com.br\/#organization"},"potentialAction":[{"@type":"SearchAction","target":{"@type":"EntryPoint","urlTemplate":"https:\/\/inclusivenews.com.br\/?s={search_term_string}"},"query-input":{"@type":"PropertyValueSpecification","valueRequired":true,"valueName":"search_term_string"}}],"inLanguage":"pt-PT"},{"@type":"Organization","@id":"https:\/\/inclusivenews.com.br\/#organization","name":"Inclusive - inclus\u00e3o e cidadania","url":"https:\/\/inclusivenews.com.br\/","logo":{"@type":"ImageObject","inLanguage":"pt-PT","@id":"https:\/\/inclusivenews.com.br\/#\/schema\/logo\/image\/","url":"https:\/\/inclusivenews.com.br\/wp-content\/uploads\/2024\/03\/@grandesite.png","contentUrl":"https:\/\/inclusivenews.com.br\/wp-content\/uploads\/2024\/03\/@grandesite.png","width":1080,"height":1080,"caption":"Inclusive - inclus\u00e3o e cidadania"},"image":{"@id":"https:\/\/inclusivenews.com.br\/#\/schema\/logo\/image\/"},"sameAs":["https:\/\/www.facebook.com\/agenciainclusive\/","https:\/\/www.instagram.com\/newsinclusive\/"]},{"@type":"Person","@id":"https:\/\/inclusivenews.com.br\/#\/schema\/person\/ae4ec7087559b8692fb33b6fffd2273b","name":"inclusivenews2024","image":{"@type":"ImageObject","inLanguage":"pt-PT","@id":"https:\/\/secure.gravatar.com\/avatar\/c5a7ef84c66fa914f55bc4f7ce26cfa275a3b9a1c5568b907bd184fb4dde7b40?s=96&d=mm&r=g","url":"https:\/\/secure.gravatar.com\/avatar\/c5a7ef84c66fa914f55bc4f7ce26cfa275a3b9a1c5568b907bd184fb4dde7b40?s=96&d=mm&r=g","contentUrl":"https:\/\/secure.gravatar.com\/avatar\/c5a7ef84c66fa914f55bc4f7ce26cfa275a3b9a1c5568b907bd184fb4dde7b40?s=96&d=mm&r=g","caption":"inclusivenews2024"},"sameAs":["https:\/\/inclusivenews.com.br"],"url":"https:\/\/inclusivenews.com.br\/?author=1"}]}},"_links":{"self":[{"href":"https:\/\/inclusivenews.com.br\/index.php?rest_route=\/wp\/v2\/posts\/12335","targetHints":{"allow":["GET"]}}],"collection":[{"href":"https:\/\/inclusivenews.com.br\/index.php?rest_route=\/wp\/v2\/posts"}],"about":[{"href":"https:\/\/inclusivenews.com.br\/index.php?rest_route=\/wp\/v2\/types\/post"}],"author":[{"embeddable":true,"href":"https:\/\/inclusivenews.com.br\/index.php?rest_route=\/wp\/v2\/users\/1"}],"replies":[{"embeddable":true,"href":"https:\/\/inclusivenews.com.br\/index.php?rest_route=%2Fwp%2Fv2%2Fcomments&post=12335"}],"version-history":[{"count":0,"href":"https:\/\/inclusivenews.com.br\/index.php?rest_route=\/wp\/v2\/posts\/12335\/revisions"}],"wp:attachment":[{"href":"https:\/\/inclusivenews.com.br\/index.php?rest_route=%2Fwp%2Fv2%2Fmedia&parent=12335"}],"wp:term":[{"taxonomy":"category","embeddable":true,"href":"https:\/\/inclusivenews.com.br\/index.php?rest_route=%2Fwp%2Fv2%2Fcategories&post=12335"},{"taxonomy":"post_tag","embeddable":true,"href":"https:\/\/inclusivenews.com.br\/index.php?rest_route=%2Fwp%2Fv2%2Ftags&post=12335"}],"curies":[{"name":"wp","href":"https:\/\/api.w.org\/{rel}","templated":true}]}}