{"id":12397,"date":"2009-11-13T06:03:53","date_gmt":"2009-11-13T09:03:53","guid":{"rendered":"http:\/\/www.inclusive.org.br\/?p=12397"},"modified":"2009-11-13T06:03:53","modified_gmt":"2009-11-13T09:03:53","slug":"primeira-transexual-brasiliense-a-chegar-a-um-doutorado-na-unb-fala-sobre-preconceito","status":"publish","type":"post","link":"https:\/\/inclusivenews.com.br\/?p=12397","title":{"rendered":"Primeira transexual brasiliense a chegar a um doutorado na UnB fala sobre preconceito"},"content":{"rendered":"<figure style=\"width: 276px\" class=\"wp-caption alignleft\"><img loading=\"lazy\" decoding=\"async\" src=\"http:\/\/www.correiobraziliense.com.br\/files\/app\/noticia182\/2009\/11\/08\/153389\/20091108085758730458o.jpg\" alt=\"\" width=\"276\" height=\"183\" \/><figcaption class=\"wp-caption-text\">&quot;Quero terminar meu doutorado, viver com o meu companheiro e lutar por todas as causas sociais e contra quaisquer formas de discrimina\u00e7\u00e3o&quot;<\/figcaption><\/figure>\n<p style=\"text-align: justify;\">Engajada em movimentos sociais e defensora das minorias, ela deseja que seu exemplo possa ser seguido por outras pessoas que sofrem o mesmo drama<\/p>\n<p style=\"text-align: justify;\">O encontro foi marcado na Universidade de Bras\u00edlia (UnB) ao meio-dia e meia da quinta-feira chuvosa. L\u00e1 estava ela, pontualmente. O ambiente lhe \u00e9 muito familiar. Afinal, as mais recentes conquistas \u2014 aquelas que conduziram e ainda conduzir\u00e3o seu destino profissional \u2014 ali aconteceram. De longe, avista-se aquela mulher negra, de 1,77m e 75 kg. O peso s\u00f3 foi revelado depois. Talvez, depois da idade, seja o maior e mais temido segredo de qualquer mulher. Os cabelos, em aplique, s\u00e3o m\u00e9dios e cuidadosamente cacheados. Veste terninho bege, com blusa de seda preta. Os sapatos, de salto alto, combinam com a blusa. A bolsa tamb\u00e9m \u00e9 preta.<\/p>\n<p style=\"text-align: justify;\">Nos dedos da m\u00e3o direita, dois grandes an\u00e9is. E uma alian\u00e7a muito especial no anelar da esquerda. \u00c9 a prova do compromisso de casamento. A mo\u00e7a ainda vive a lua de mel. O noivo \u2014 um homem solteiro, jornalista, pai de tr\u00eas filhos \u2014 mora no Rio de Janeiro, mas se prepara para mudar-se para Bras\u00edlia. A fala \u00e9 delicada, sutilmente delicada. N\u00e3o h\u00e1 falsete. Ela anda sem rebolar, sem estardalha\u00e7os, sem provoca\u00e7\u00f5es. N\u00e3o faz quest\u00e3o de chocar. A mo\u00e7a, de 31 anos, al\u00e9m de elegante, \u00e9 discreta. Tem o sorriso bonito, \u00e0s vezes t\u00edmido, como se ainda tivesse medo de sorrir. Dentes perfeitos. Olhos amendoados real\u00e7ados com l\u00e1pis preto e sombra. Nas unhas, esmalte vermelho. Nos l\u00e1bios, batom do mesmo tom.<\/p>\n<p style=\"text-align: justify;\">O nome dela? Jaqueline Jesus. Brasiliense, nascida no Hospital S\u00e3o Lucas, na Asa Sul. \u00c9 filha de um sergipano operador de computador e de uma professora mineira de ci\u00eancias. Fam\u00edlia pequena, s\u00f3 tem um irm\u00e3o, mais novo que ela. Jaqueline viveu a maior parte de sua vida em Ceil\u00e2ndia, no Setor O. Estudou em escolas com forma\u00e7\u00e3o religiosa. Sempre foi uma das melhores alunas da sala. Gostava de artes , especialmente desenho. \u00c9 funcion\u00e1ria da UnB, cedida ao Minist\u00e9rio do Planejamento. Formou-se em psicologia na universidade. Antes, por\u00e9m, havia passado para qu\u00edmica, mas desistiu no primeiro ano.<\/p>\n<p style=\"text-align: justify;\">Fez mestrado \u2014 foi aprovada em primeiro lugar. Ano que vem, defender\u00e1 sua tese de doutorado no Instituto de Psicologia da UnB. Em tempo: tamb\u00e9m foi aprovada em primeiro lugar na sele\u00e7\u00e3o para o doutorado. Em tudo que se prop\u00f4s fazer, Jaqueline se destacou como exemplo.<\/p>\n<p style=\"text-align: justify;\">E da\u00ed? O que esta hist\u00f3ria tem de t\u00e3o espetacular, al\u00e9m de revelar uma enorme capacidade de luta e conquista dessa mo\u00e7a? Quantos outros tamb\u00e9m n\u00e3o conseguiram tanto? A hist\u00f3ria de Jaqueline come\u00e7a a fazer toda a diferen\u00e7a quando se descobre que ela nem sempre foi Jaqueline. Como? Jaqueline \u00e9 uma impostora? Usou documentos de outra pessoa? Fraudou exames? Mentiu para todos o tempo todo? Nada disso. Na verdade, Jaqueline nasceu Jaques Jesus. H\u00e1 um m\u00eas virou, efetiva, assumida e psicologicamente Jaqueline \u2014 uma mulher transexual.<\/p>\n<p style=\"text-align: justify;\"><strong><a href=\"http:\/\/www.correiobraziliense.com.br\/app\/noticia182\/2009\/11\/08\/cidades,i=153389\/PRIMEIRA+TRANSEXUAL+BRASILIENSE+A+CHEGAR+A+UM+DOUTORADO+NA+UNB+FALA+SOBRE+PRECONCEITO.shtml\" target=\"_blank\" rel=\"noopener\">Leia a \u00edntegra da reportagem no Correio Brasiliense. <img loading=\"lazy\" decoding=\"async\" title=\"Link abrir\u00e1 em uma nova janela ou aba.\" src=\"http:\/\/www.inclusive.org.br\/images\/new_window.gif\" alt=\"Link abrir\u00e1 em uma nova janela ou aba.\" width=\"16\" height=\"14\" \/><\/a><\/strong><\/p>\n","protected":false},"excerpt":{"rendered":"<p>Engajada em movimentos sociais e defensora das minorias, ela deseja que seu exemplo possa ser seguido por outras pessoas que sofrem o mesmo drama O encontro foi marcado na Universidade de Bras\u00edlia (UnB) ao meio-dia e meia da quinta-feira chuvosa. L\u00e1 estava ela, pontualmente. O ambiente lhe \u00e9 muito familiar. Afinal, as mais recentes conquistas [&hellip;]<\/p>\n","protected":false},"author":1,"featured_media":0,"comment_status":"open","ping_status":"open","sticky":false,"template":"","format":"standard","meta":{"site-container-style":"default","site-container-layout":"default","site-sidebar-layout":"default","disable-article-header":"default","disable-site-header":"default","disable-site-footer":"default","disable-content-area-spacing":"default","footnotes":""},"categories":[11,40,4,41],"tags":[],"class_list":["post-12397","post","type-post","status-publish","format-standard","hentry","category-direitos-humanos","category-diversidade","category-noticias","category-preconceito"],"yoast_head":"<!-- This site is optimized with the Yoast SEO plugin v27.4 - https:\/\/yoast.com\/product\/yoast-seo-wordpress\/ -->\n<title>Primeira transexual brasiliense a chegar a um doutorado na UnB fala sobre preconceito -<\/title>\n<meta name=\"robots\" content=\"index, follow, max-snippet:-1, max-image-preview:large, max-video-preview:-1\" \/>\n<link rel=\"canonical\" href=\"https:\/\/inclusivenews.com.br\/?p=12397\" \/>\n<meta property=\"og:locale\" content=\"pt_PT\" \/>\n<meta property=\"og:type\" content=\"article\" \/>\n<meta property=\"og:title\" content=\"Primeira transexual brasiliense a chegar a um doutorado na UnB fala sobre preconceito -\" \/>\n<meta property=\"og:description\" content=\"Engajada em movimentos sociais e defensora das minorias, ela deseja que seu exemplo possa ser seguido por outras pessoas que sofrem o mesmo drama O encontro foi marcado na Universidade de Bras\u00edlia (UnB) ao meio-dia e meia da quinta-feira chuvosa. L\u00e1 estava ela, pontualmente. O ambiente lhe \u00e9 muito familiar. Afinal, as mais recentes conquistas [&hellip;]\" \/>\n<meta property=\"og:url\" content=\"https:\/\/inclusivenews.com.br\/?p=12397\" \/>\n<meta property=\"article:publisher\" content=\"https:\/\/www.facebook.com\/agenciainclusive\/\" \/>\n<meta property=\"article:published_time\" content=\"2009-11-13T09:03:53+00:00\" \/>\n<meta property=\"og:image\" content=\"http:\/\/www.correiobraziliense.com.br\/files\/app\/noticia182\/2009\/11\/08\/153389\/20091108085758730458o.jpg\" \/>\n<meta name=\"author\" content=\"inclusivenews2024\" \/>\n<meta name=\"twitter:card\" content=\"summary_large_image\" \/>\n<meta name=\"twitter:label1\" content=\"Escrito por\" \/>\n\t<meta name=\"twitter:data1\" content=\"inclusivenews2024\" \/>\n\t<meta name=\"twitter:label2\" content=\"Tempo estimado de leitura\" \/>\n\t<meta name=\"twitter:data2\" content=\"3 minutos\" \/>\n<script type=\"application\/ld+json\" class=\"yoast-schema-graph\">{\"@context\":\"https:\\\/\\\/schema.org\",\"@graph\":[{\"@type\":\"Article\",\"@id\":\"https:\\\/\\\/inclusivenews.com.br\\\/?p=12397#article\",\"isPartOf\":{\"@id\":\"https:\\\/\\\/inclusivenews.com.br\\\/?p=12397\"},\"author\":{\"name\":\"inclusivenews2024\",\"@id\":\"https:\\\/\\\/inclusivenews.com.br\\\/#\\\/schema\\\/person\\\/ae4ec7087559b8692fb33b6fffd2273b\"},\"headline\":\"Primeira transexual brasiliense a chegar a um doutorado na UnB fala sobre preconceito\",\"datePublished\":\"2009-11-13T09:03:53+00:00\",\"mainEntityOfPage\":{\"@id\":\"https:\\\/\\\/inclusivenews.com.br\\\/?p=12397\"},\"wordCount\":562,\"commentCount\":0,\"publisher\":{\"@id\":\"https:\\\/\\\/inclusivenews.com.br\\\/#organization\"},\"image\":{\"@id\":\"https:\\\/\\\/inclusivenews.com.br\\\/?p=12397#primaryimage\"},\"thumbnailUrl\":\"http:\\\/\\\/www.correiobraziliense.com.br\\\/files\\\/app\\\/noticia182\\\/2009\\\/11\\\/08\\\/153389\\\/20091108085758730458o.jpg\",\"articleSection\":[\"DIREITOS HUMANOS\",\"Diversidade\",\"NOT\u00cdCIAS\",\"Preconceito\"],\"inLanguage\":\"pt-PT\",\"potentialAction\":[{\"@type\":\"CommentAction\",\"name\":\"Comment\",\"target\":[\"https:\\\/\\\/inclusivenews.com.br\\\/?p=12397#respond\"]}]},{\"@type\":\"WebPage\",\"@id\":\"https:\\\/\\\/inclusivenews.com.br\\\/?p=12397\",\"url\":\"https:\\\/\\\/inclusivenews.com.br\\\/?p=12397\",\"name\":\"Primeira transexual brasiliense a chegar a um doutorado na UnB fala sobre preconceito -\",\"isPartOf\":{\"@id\":\"https:\\\/\\\/inclusivenews.com.br\\\/#website\"},\"primaryImageOfPage\":{\"@id\":\"https:\\\/\\\/inclusivenews.com.br\\\/?p=12397#primaryimage\"},\"image\":{\"@id\":\"https:\\\/\\\/inclusivenews.com.br\\\/?p=12397#primaryimage\"},\"thumbnailUrl\":\"http:\\\/\\\/www.correiobraziliense.com.br\\\/files\\\/app\\\/noticia182\\\/2009\\\/11\\\/08\\\/153389\\\/20091108085758730458o.jpg\",\"datePublished\":\"2009-11-13T09:03:53+00:00\",\"breadcrumb\":{\"@id\":\"https:\\\/\\\/inclusivenews.com.br\\\/?p=12397#breadcrumb\"},\"inLanguage\":\"pt-PT\",\"potentialAction\":[{\"@type\":\"ReadAction\",\"target\":[\"https:\\\/\\\/inclusivenews.com.br\\\/?p=12397\"]}]},{\"@type\":\"ImageObject\",\"inLanguage\":\"pt-PT\",\"@id\":\"https:\\\/\\\/inclusivenews.com.br\\\/?p=12397#primaryimage\",\"url\":\"http:\\\/\\\/www.correiobraziliense.com.br\\\/files\\\/app\\\/noticia182\\\/2009\\\/11\\\/08\\\/153389\\\/20091108085758730458o.jpg\",\"contentUrl\":\"http:\\\/\\\/www.correiobraziliense.com.br\\\/files\\\/app\\\/noticia182\\\/2009\\\/11\\\/08\\\/153389\\\/20091108085758730458o.jpg\"},{\"@type\":\"BreadcrumbList\",\"@id\":\"https:\\\/\\\/inclusivenews.com.br\\\/?p=12397#breadcrumb\",\"itemListElement\":[{\"@type\":\"ListItem\",\"position\":1,\"name\":\"In\u00edcio\",\"item\":\"https:\\\/\\\/inclusivenews.com.br\\\/\"},{\"@type\":\"ListItem\",\"position\":2,\"name\":\"Primeira transexual brasiliense a chegar a um doutorado na UnB fala sobre preconceito\"}]},{\"@type\":\"WebSite\",\"@id\":\"https:\\\/\\\/inclusivenews.com.br\\\/#website\",\"url\":\"https:\\\/\\\/inclusivenews.com.br\\\/\",\"name\":\"Inclusive News\",\"description\":\"Inclusive News\",\"publisher\":{\"@id\":\"https:\\\/\\\/inclusivenews.com.br\\\/#organization\"},\"potentialAction\":[{\"@type\":\"SearchAction\",\"target\":{\"@type\":\"EntryPoint\",\"urlTemplate\":\"https:\\\/\\\/inclusivenews.com.br\\\/?s={search_term_string}\"},\"query-input\":{\"@type\":\"PropertyValueSpecification\",\"valueRequired\":true,\"valueName\":\"search_term_string\"}}],\"inLanguage\":\"pt-PT\"},{\"@type\":\"Organization\",\"@id\":\"https:\\\/\\\/inclusivenews.com.br\\\/#organization\",\"name\":\"Inclusive - inclus\u00e3o e cidadania\",\"url\":\"https:\\\/\\\/inclusivenews.com.br\\\/\",\"logo\":{\"@type\":\"ImageObject\",\"inLanguage\":\"pt-PT\",\"@id\":\"https:\\\/\\\/inclusivenews.com.br\\\/#\\\/schema\\\/logo\\\/image\\\/\",\"url\":\"https:\\\/\\\/inclusivenews.com.br\\\/wp-content\\\/uploads\\\/2024\\\/03\\\/@grandesite.png\",\"contentUrl\":\"https:\\\/\\\/inclusivenews.com.br\\\/wp-content\\\/uploads\\\/2024\\\/03\\\/@grandesite.png\",\"width\":1080,\"height\":1080,\"caption\":\"Inclusive - inclus\u00e3o e cidadania\"},\"image\":{\"@id\":\"https:\\\/\\\/inclusivenews.com.br\\\/#\\\/schema\\\/logo\\\/image\\\/\"},\"sameAs\":[\"https:\\\/\\\/www.facebook.com\\\/agenciainclusive\\\/\",\"https:\\\/\\\/www.instagram.com\\\/newsinclusive\\\/\"]},{\"@type\":\"Person\",\"@id\":\"https:\\\/\\\/inclusivenews.com.br\\\/#\\\/schema\\\/person\\\/ae4ec7087559b8692fb33b6fffd2273b\",\"name\":\"inclusivenews2024\",\"image\":{\"@type\":\"ImageObject\",\"inLanguage\":\"pt-PT\",\"@id\":\"https:\\\/\\\/secure.gravatar.com\\\/avatar\\\/c5a7ef84c66fa914f55bc4f7ce26cfa275a3b9a1c5568b907bd184fb4dde7b40?s=96&d=mm&r=g\",\"url\":\"https:\\\/\\\/secure.gravatar.com\\\/avatar\\\/c5a7ef84c66fa914f55bc4f7ce26cfa275a3b9a1c5568b907bd184fb4dde7b40?s=96&d=mm&r=g\",\"contentUrl\":\"https:\\\/\\\/secure.gravatar.com\\\/avatar\\\/c5a7ef84c66fa914f55bc4f7ce26cfa275a3b9a1c5568b907bd184fb4dde7b40?s=96&d=mm&r=g\",\"caption\":\"inclusivenews2024\"},\"sameAs\":[\"https:\\\/\\\/inclusivenews.com.br\"],\"url\":\"https:\\\/\\\/inclusivenews.com.br\\\/?author=1\"}]}<\/script>\n<!-- \/ Yoast SEO plugin. -->","yoast_head_json":{"title":"Primeira transexual brasiliense a chegar a um doutorado na UnB fala sobre preconceito -","robots":{"index":"index","follow":"follow","max-snippet":"max-snippet:-1","max-image-preview":"max-image-preview:large","max-video-preview":"max-video-preview:-1"},"canonical":"https:\/\/inclusivenews.com.br\/?p=12397","og_locale":"pt_PT","og_type":"article","og_title":"Primeira transexual brasiliense a chegar a um doutorado na UnB fala sobre preconceito -","og_description":"Engajada em movimentos sociais e defensora das minorias, ela deseja que seu exemplo possa ser seguido por outras pessoas que sofrem o mesmo drama O encontro foi marcado na Universidade de Bras\u00edlia (UnB) ao meio-dia e meia da quinta-feira chuvosa. L\u00e1 estava ela, pontualmente. O ambiente lhe \u00e9 muito familiar. Afinal, as mais recentes conquistas [&hellip;]","og_url":"https:\/\/inclusivenews.com.br\/?p=12397","article_publisher":"https:\/\/www.facebook.com\/agenciainclusive\/","article_published_time":"2009-11-13T09:03:53+00:00","og_image":[{"url":"http:\/\/www.correiobraziliense.com.br\/files\/app\/noticia182\/2009\/11\/08\/153389\/20091108085758730458o.jpg","type":"","width":"","height":""}],"author":"inclusivenews2024","twitter_card":"summary_large_image","twitter_misc":{"Escrito por":"inclusivenews2024","Tempo estimado de leitura":"3 minutos"},"schema":{"@context":"https:\/\/schema.org","@graph":[{"@type":"Article","@id":"https:\/\/inclusivenews.com.br\/?p=12397#article","isPartOf":{"@id":"https:\/\/inclusivenews.com.br\/?p=12397"},"author":{"name":"inclusivenews2024","@id":"https:\/\/inclusivenews.com.br\/#\/schema\/person\/ae4ec7087559b8692fb33b6fffd2273b"},"headline":"Primeira transexual brasiliense a chegar a um doutorado na UnB fala sobre preconceito","datePublished":"2009-11-13T09:03:53+00:00","mainEntityOfPage":{"@id":"https:\/\/inclusivenews.com.br\/?p=12397"},"wordCount":562,"commentCount":0,"publisher":{"@id":"https:\/\/inclusivenews.com.br\/#organization"},"image":{"@id":"https:\/\/inclusivenews.com.br\/?p=12397#primaryimage"},"thumbnailUrl":"http:\/\/www.correiobraziliense.com.br\/files\/app\/noticia182\/2009\/11\/08\/153389\/20091108085758730458o.jpg","articleSection":["DIREITOS HUMANOS","Diversidade","NOT\u00cdCIAS","Preconceito"],"inLanguage":"pt-PT","potentialAction":[{"@type":"CommentAction","name":"Comment","target":["https:\/\/inclusivenews.com.br\/?p=12397#respond"]}]},{"@type":"WebPage","@id":"https:\/\/inclusivenews.com.br\/?p=12397","url":"https:\/\/inclusivenews.com.br\/?p=12397","name":"Primeira transexual brasiliense a chegar a um doutorado na UnB fala sobre preconceito -","isPartOf":{"@id":"https:\/\/inclusivenews.com.br\/#website"},"primaryImageOfPage":{"@id":"https:\/\/inclusivenews.com.br\/?p=12397#primaryimage"},"image":{"@id":"https:\/\/inclusivenews.com.br\/?p=12397#primaryimage"},"thumbnailUrl":"http:\/\/www.correiobraziliense.com.br\/files\/app\/noticia182\/2009\/11\/08\/153389\/20091108085758730458o.jpg","datePublished":"2009-11-13T09:03:53+00:00","breadcrumb":{"@id":"https:\/\/inclusivenews.com.br\/?p=12397#breadcrumb"},"inLanguage":"pt-PT","potentialAction":[{"@type":"ReadAction","target":["https:\/\/inclusivenews.com.br\/?p=12397"]}]},{"@type":"ImageObject","inLanguage":"pt-PT","@id":"https:\/\/inclusivenews.com.br\/?p=12397#primaryimage","url":"http:\/\/www.correiobraziliense.com.br\/files\/app\/noticia182\/2009\/11\/08\/153389\/20091108085758730458o.jpg","contentUrl":"http:\/\/www.correiobraziliense.com.br\/files\/app\/noticia182\/2009\/11\/08\/153389\/20091108085758730458o.jpg"},{"@type":"BreadcrumbList","@id":"https:\/\/inclusivenews.com.br\/?p=12397#breadcrumb","itemListElement":[{"@type":"ListItem","position":1,"name":"In\u00edcio","item":"https:\/\/inclusivenews.com.br\/"},{"@type":"ListItem","position":2,"name":"Primeira transexual brasiliense a chegar a um doutorado na UnB fala sobre preconceito"}]},{"@type":"WebSite","@id":"https:\/\/inclusivenews.com.br\/#website","url":"https:\/\/inclusivenews.com.br\/","name":"Inclusive News","description":"Inclusive News","publisher":{"@id":"https:\/\/inclusivenews.com.br\/#organization"},"potentialAction":[{"@type":"SearchAction","target":{"@type":"EntryPoint","urlTemplate":"https:\/\/inclusivenews.com.br\/?s={search_term_string}"},"query-input":{"@type":"PropertyValueSpecification","valueRequired":true,"valueName":"search_term_string"}}],"inLanguage":"pt-PT"},{"@type":"Organization","@id":"https:\/\/inclusivenews.com.br\/#organization","name":"Inclusive - inclus\u00e3o e cidadania","url":"https:\/\/inclusivenews.com.br\/","logo":{"@type":"ImageObject","inLanguage":"pt-PT","@id":"https:\/\/inclusivenews.com.br\/#\/schema\/logo\/image\/","url":"https:\/\/inclusivenews.com.br\/wp-content\/uploads\/2024\/03\/@grandesite.png","contentUrl":"https:\/\/inclusivenews.com.br\/wp-content\/uploads\/2024\/03\/@grandesite.png","width":1080,"height":1080,"caption":"Inclusive - inclus\u00e3o e cidadania"},"image":{"@id":"https:\/\/inclusivenews.com.br\/#\/schema\/logo\/image\/"},"sameAs":["https:\/\/www.facebook.com\/agenciainclusive\/","https:\/\/www.instagram.com\/newsinclusive\/"]},{"@type":"Person","@id":"https:\/\/inclusivenews.com.br\/#\/schema\/person\/ae4ec7087559b8692fb33b6fffd2273b","name":"inclusivenews2024","image":{"@type":"ImageObject","inLanguage":"pt-PT","@id":"https:\/\/secure.gravatar.com\/avatar\/c5a7ef84c66fa914f55bc4f7ce26cfa275a3b9a1c5568b907bd184fb4dde7b40?s=96&d=mm&r=g","url":"https:\/\/secure.gravatar.com\/avatar\/c5a7ef84c66fa914f55bc4f7ce26cfa275a3b9a1c5568b907bd184fb4dde7b40?s=96&d=mm&r=g","contentUrl":"https:\/\/secure.gravatar.com\/avatar\/c5a7ef84c66fa914f55bc4f7ce26cfa275a3b9a1c5568b907bd184fb4dde7b40?s=96&d=mm&r=g","caption":"inclusivenews2024"},"sameAs":["https:\/\/inclusivenews.com.br"],"url":"https:\/\/inclusivenews.com.br\/?author=1"}]}},"_links":{"self":[{"href":"https:\/\/inclusivenews.com.br\/index.php?rest_route=\/wp\/v2\/posts\/12397","targetHints":{"allow":["GET"]}}],"collection":[{"href":"https:\/\/inclusivenews.com.br\/index.php?rest_route=\/wp\/v2\/posts"}],"about":[{"href":"https:\/\/inclusivenews.com.br\/index.php?rest_route=\/wp\/v2\/types\/post"}],"author":[{"embeddable":true,"href":"https:\/\/inclusivenews.com.br\/index.php?rest_route=\/wp\/v2\/users\/1"}],"replies":[{"embeddable":true,"href":"https:\/\/inclusivenews.com.br\/index.php?rest_route=%2Fwp%2Fv2%2Fcomments&post=12397"}],"version-history":[{"count":0,"href":"https:\/\/inclusivenews.com.br\/index.php?rest_route=\/wp\/v2\/posts\/12397\/revisions"}],"wp:attachment":[{"href":"https:\/\/inclusivenews.com.br\/index.php?rest_route=%2Fwp%2Fv2%2Fmedia&parent=12397"}],"wp:term":[{"taxonomy":"category","embeddable":true,"href":"https:\/\/inclusivenews.com.br\/index.php?rest_route=%2Fwp%2Fv2%2Fcategories&post=12397"},{"taxonomy":"post_tag","embeddable":true,"href":"https:\/\/inclusivenews.com.br\/index.php?rest_route=%2Fwp%2Fv2%2Ftags&post=12397"}],"curies":[{"name":"wp","href":"https:\/\/api.w.org\/{rel}","templated":true}]}}