{"id":12423,"date":"2009-11-16T06:01:45","date_gmt":"2009-11-16T09:01:45","guid":{"rendered":"http:\/\/www.inclusive.org.br\/?p=12423"},"modified":"2009-11-16T06:01:45","modified_gmt":"2009-11-16T09:01:45","slug":"mpfsp-determinado-fornecimento-de-proteses-e-orteses-a-aposentados-com-deficiencia","status":"publish","type":"post","link":"https:\/\/inclusivenews.com.br\/?p=12423","title":{"rendered":"MPF\/SP: determinado fornecimento de pr\u00f3teses e \u00f3rteses a aposentados com defici\u00eancia"},"content":{"rendered":"<p style=\"text-align: justify;\">A Justi\u00e7a Federal de S\u00e3o Carlos (SP) concedeu parcialmente liminar em a\u00e7\u00e3o civil p\u00fablica, proposta pelo Minist\u00e9rio P\u00fablico Federal no munic\u00edpio, e determinou que o Instituto Nacional da Seguridade Social (INSS) retome imediatamente o fornecimento de \u00f3rteses, pr\u00f3teses ou quaisquer outros equipamentos necess\u00e1rios para a locomo\u00e7\u00e3o de aposentados e outros segurados da Previd\u00eancia Social com defici\u00eancia ou dificuldade de locomo\u00e7\u00e3o, ainda que sem perspectiva de retorno ao trabalho. A decis\u00e3o \u00e9 de 19 de outubro e o MPF tomou ci\u00eancia formal este m\u00eas.<\/p>\n<p style=\"text-align: justify;\">Na decis\u00e3o liminar, a ju\u00edza Carla Abrantkoski Rister, da 1\u00aa Vara Federal de S\u00e3o Carlos, ainda determinou que o INSS retome a repara\u00e7\u00e3o ou substitui\u00e7\u00e3o dos aparelhos, desgastados pelo uso normal; garanta o transporte do acidentado ao trabalho quando for necess\u00e1rio, atrav\u00e9s de conv\u00eanios com as prefeituras; e convoque todos os segurados, que tiveram seus pedidos de\u00a0 habilita\u00e7\u00e3o e reabilita\u00e7\u00e3o negados, em no m\u00e1ximo 180 dias.<\/p>\n<p style=\"text-align: justify;\">A Justi\u00e7a Federal, contudo, n\u00e3o estendeu o benef\u00edcio aos dependentes dos segurados. Por fim, a Justi\u00e7a Federal determinou que o INSS \u00e9 obrigado a fornecer, diretamente ou mediante conv\u00eanio, com os munic\u00edpios, transporte para os segurados naquelas condi\u00e7\u00f5es.<\/p>\n<p style=\"text-align: justify;\">Caso o INSS descumpra a decis\u00e3o, o \u00f3rg\u00e3o dever\u00e1 pagar multa de R$ 5 mil por dia. A decis\u00e3o \u00e9 v\u00e1lida apenas para as cidades da subse\u00e7\u00e3o judici\u00e1ria de S\u00e3o Carlos (Descalvado, Dourado, Ibat\u00e9, Pirassununga, Porto Ferreira, Ribeir\u00e3o Bonito, Sta Cruz da Concei\u00e7\u00e3o, Sta Cruz das Palmeiras, Sta Rita do Passa Quatro, S\u00e3o Carlos e Tamba\u00fa).<\/p>\n<p style=\"text-align: justify;\"><span style=\"font-weight: bold;\">A\u00e7\u00e3o<\/span> &#8211; O MPF em S\u00e3o Carlos abriu uma investiga\u00e7\u00e3o ap\u00f3s descobrir que, em outubro de 2005, o INSS suspendeu, \u201cde forma repentina e sem pr\u00e9vio aviso\u201d, o fornecimento de \u00f3rteses e pr\u00f3teses aos segurados com defici\u00eancia f\u00edsica ou sensorial, j\u00e1 aposentados, muitos dos quais dependentes desse benef\u00edcio h\u00e1 muitos anos.<\/p>\n<p style=\"text-align: justify;\">A nota t\u00e9cnica CGMBEN n\u00ba 70\/2005 determina que a obrigatoriedade do fornecimento de \u00f3rteses, pr\u00f3teses ou de qualquer outro equipamento de aux\u00edlio para locomo\u00e7\u00e3o dos segurados com defici\u00eancia f\u00edsica ou sensorial seja mantida, apenas, enquanto houver a possibilidade de reabilita\u00e7\u00e3o profissional do segurado. Cessada a incapacidade para o trabalho ou sendo definitivamente aposentado o segurado, o INSS n\u00e3o teria mais, segundo a nota, obriga\u00e7\u00e3o de fornecer ou prestar manuten\u00e7\u00e3o dos aparelhos.<\/p>\n<p style=\"text-align: justify;\">Para os procuradores da Rep\u00fablica em S\u00e3o Carlos, Marcos Angelo Grimone e Ronaldo Ruffo Bartolomazi, autores da a\u00e7\u00e3o, \u201ca conduta do INSS proporciona malef\u00edcios e sofrimentos dos mais diversos a in\u00fameros benefici\u00e1rios com defici\u00eancia, cuja situa\u00e7\u00e3o foi simplesmente ignorada\u201d.<\/p>\n<p style=\"text-align: justify;\">O procedimento administrativo foi instaurado a partir da representa\u00e7\u00e3o de um aposentado por invalidez, que sofreu um grave acidente automobil\u00edstico enquanto estava a caminho do trabalho e teve que amputar parte da perna direita. Por mais de um ano e meio, o aposentado utilizou muletas e cadeiras de rodas emprestadas de amigos para poder se locomover.<\/p>\n<p style=\"text-align: justify;\">Ap\u00f3s procurar o INSS, o aposentado soube que receberia gratuitamente a pr\u00f3tese. Imediatamente dirigiu-se \u00e0 ag\u00eancia do INSS de S\u00e3o Carlos para solicitar o benef\u00edcio, mas, a concess\u00e3o da pr\u00f3tese foi negada.<\/p>\n<p style=\"text-align: justify;\">O MPF pediu que o INSS retomasse o fornecimento de \u00f3rteses, pr\u00f3teses ou quaisquer outros equipamentos necess\u00e1rios para locomo\u00e7\u00e3o aos segurados, ainda que aposentados ou sem perspectiva de retorno ao mercado de trabalho, e que o \u00f3rg\u00e3o retome a repara\u00e7\u00e3o ou a substitui\u00e7\u00e3o dos aparelhos desgastados pelo uso. Foi pedido ainda o fornecimento da pr\u00f3tese ao autor da representa\u00e7\u00e3o, mas a ju\u00edza disse que o MPF n\u00e3o poderia agir no interesse individual.<\/p>\n<p>___________________________<\/p>\n<p><strong>Fonte de informa\u00e7\u00e3o:<\/strong> <a href=\"http:\/\/noticias.pgr.mpf.gov.br\/noticias\/noticias-do-site\/direitos-do-cidadao\/13-11-09-justica-determina-fornecimento-de-proteses-e-orteses-a-aposentados-com-deficiencia\" target=\"_blank\" rel=\"noopener\">PFDC <img loading=\"lazy\" decoding=\"async\" title=\"Link abrir\u00e1 em uma nova janela ou aba.\" src=\"http:\/\/www.inclusive.org.br\/images\/new_window.gif\" alt=\"Link abrir\u00e1 em uma nova janela ou aba.\" width=\"16\" height=\"14\" \/><\/a><\/p>\n","protected":false},"excerpt":{"rendered":"<p>A Justi\u00e7a Federal de S\u00e3o Carlos (SP) concedeu parcialmente liminar em a\u00e7\u00e3o civil p\u00fablica, proposta pelo Minist\u00e9rio P\u00fablico Federal no munic\u00edpio, e determinou que o Instituto Nacional da Seguridade Social (INSS) retome imediatamente o fornecimento de \u00f3rteses, pr\u00f3teses ou quaisquer outros equipamentos necess\u00e1rios para a locomo\u00e7\u00e3o de aposentados e outros segurados da Previd\u00eancia Social com [&hellip;]<\/p>\n","protected":false},"author":1,"featured_media":0,"comment_status":"open","ping_status":"open","sticky":false,"template":"","format":"standard","meta":{"site-container-style":"default","site-container-layout":"default","site-sidebar-layout":"default","disable-article-header":"default","disable-site-header":"default","disable-site-footer":"default","disable-content-area-spacing":"default","footnotes":""},"categories":[4],"tags":[],"class_list":["post-12423","post","type-post","status-publish","format-standard","hentry","category-noticias"],"yoast_head":"<!-- This site is optimized with the Yoast SEO plugin v27.4 - https:\/\/yoast.com\/product\/yoast-seo-wordpress\/ -->\n<title>MPF\/SP: determinado fornecimento de pr\u00f3teses e \u00f3rteses a aposentados com defici\u00eancia -<\/title>\n<meta name=\"robots\" content=\"index, follow, max-snippet:-1, max-image-preview:large, max-video-preview:-1\" \/>\n<link rel=\"canonical\" href=\"https:\/\/inclusivenews.com.br\/?p=12423\" \/>\n<meta property=\"og:locale\" content=\"pt_PT\" \/>\n<meta property=\"og:type\" content=\"article\" \/>\n<meta property=\"og:title\" content=\"MPF\/SP: determinado fornecimento de pr\u00f3teses e \u00f3rteses a aposentados com defici\u00eancia -\" \/>\n<meta property=\"og:description\" content=\"A Justi\u00e7a Federal de S\u00e3o Carlos (SP) concedeu parcialmente liminar em a\u00e7\u00e3o civil p\u00fablica, proposta pelo Minist\u00e9rio P\u00fablico Federal no munic\u00edpio, e determinou que o Instituto Nacional da Seguridade Social (INSS) retome imediatamente o fornecimento de \u00f3rteses, pr\u00f3teses ou quaisquer outros equipamentos necess\u00e1rios para a locomo\u00e7\u00e3o de aposentados e outros segurados da Previd\u00eancia Social com [&hellip;]\" \/>\n<meta property=\"og:url\" content=\"https:\/\/inclusivenews.com.br\/?p=12423\" \/>\n<meta property=\"article:publisher\" content=\"https:\/\/www.facebook.com\/agenciainclusive\/\" \/>\n<meta property=\"article:published_time\" content=\"2009-11-16T09:01:45+00:00\" \/>\n<meta property=\"og:image\" content=\"http:\/\/www.inclusive.org.br\/images\/new_window.gif\" \/>\n<meta name=\"author\" content=\"inclusivenews2024\" \/>\n<meta name=\"twitter:card\" content=\"summary_large_image\" \/>\n<meta name=\"twitter:label1\" content=\"Escrito por\" \/>\n\t<meta name=\"twitter:data1\" content=\"inclusivenews2024\" \/>\n\t<meta name=\"twitter:label2\" content=\"Tempo estimado de leitura\" \/>\n\t<meta name=\"twitter:data2\" content=\"3 minutos\" \/>\n<script type=\"application\/ld+json\" class=\"yoast-schema-graph\">{\"@context\":\"https:\\\/\\\/schema.org\",\"@graph\":[{\"@type\":\"Article\",\"@id\":\"https:\\\/\\\/inclusivenews.com.br\\\/?p=12423#article\",\"isPartOf\":{\"@id\":\"https:\\\/\\\/inclusivenews.com.br\\\/?p=12423\"},\"author\":{\"name\":\"inclusivenews2024\",\"@id\":\"https:\\\/\\\/inclusivenews.com.br\\\/#\\\/schema\\\/person\\\/ae4ec7087559b8692fb33b6fffd2273b\"},\"headline\":\"MPF\\\/SP: determinado fornecimento de pr\u00f3teses e \u00f3rteses a aposentados com defici\u00eancia\",\"datePublished\":\"2009-11-16T09:01:45+00:00\",\"mainEntityOfPage\":{\"@id\":\"https:\\\/\\\/inclusivenews.com.br\\\/?p=12423\"},\"wordCount\":663,\"commentCount\":0,\"publisher\":{\"@id\":\"https:\\\/\\\/inclusivenews.com.br\\\/#organization\"},\"image\":{\"@id\":\"https:\\\/\\\/inclusivenews.com.br\\\/?p=12423#primaryimage\"},\"thumbnailUrl\":\"http:\\\/\\\/www.inclusive.org.br\\\/images\\\/new_window.gif\",\"articleSection\":[\"NOT\u00cdCIAS\"],\"inLanguage\":\"pt-PT\",\"potentialAction\":[{\"@type\":\"CommentAction\",\"name\":\"Comment\",\"target\":[\"https:\\\/\\\/inclusivenews.com.br\\\/?p=12423#respond\"]}]},{\"@type\":\"WebPage\",\"@id\":\"https:\\\/\\\/inclusivenews.com.br\\\/?p=12423\",\"url\":\"https:\\\/\\\/inclusivenews.com.br\\\/?p=12423\",\"name\":\"MPF\\\/SP: determinado fornecimento de pr\u00f3teses e \u00f3rteses a aposentados com defici\u00eancia -\",\"isPartOf\":{\"@id\":\"https:\\\/\\\/inclusivenews.com.br\\\/#website\"},\"primaryImageOfPage\":{\"@id\":\"https:\\\/\\\/inclusivenews.com.br\\\/?p=12423#primaryimage\"},\"image\":{\"@id\":\"https:\\\/\\\/inclusivenews.com.br\\\/?p=12423#primaryimage\"},\"thumbnailUrl\":\"http:\\\/\\\/www.inclusive.org.br\\\/images\\\/new_window.gif\",\"datePublished\":\"2009-11-16T09:01:45+00:00\",\"breadcrumb\":{\"@id\":\"https:\\\/\\\/inclusivenews.com.br\\\/?p=12423#breadcrumb\"},\"inLanguage\":\"pt-PT\",\"potentialAction\":[{\"@type\":\"ReadAction\",\"target\":[\"https:\\\/\\\/inclusivenews.com.br\\\/?p=12423\"]}]},{\"@type\":\"ImageObject\",\"inLanguage\":\"pt-PT\",\"@id\":\"https:\\\/\\\/inclusivenews.com.br\\\/?p=12423#primaryimage\",\"url\":\"http:\\\/\\\/www.inclusive.org.br\\\/images\\\/new_window.gif\",\"contentUrl\":\"http:\\\/\\\/www.inclusive.org.br\\\/images\\\/new_window.gif\"},{\"@type\":\"BreadcrumbList\",\"@id\":\"https:\\\/\\\/inclusivenews.com.br\\\/?p=12423#breadcrumb\",\"itemListElement\":[{\"@type\":\"ListItem\",\"position\":1,\"name\":\"In\u00edcio\",\"item\":\"https:\\\/\\\/inclusivenews.com.br\\\/\"},{\"@type\":\"ListItem\",\"position\":2,\"name\":\"MPF\\\/SP: determinado fornecimento de pr\u00f3teses e \u00f3rteses a aposentados com defici\u00eancia\"}]},{\"@type\":\"WebSite\",\"@id\":\"https:\\\/\\\/inclusivenews.com.br\\\/#website\",\"url\":\"https:\\\/\\\/inclusivenews.com.br\\\/\",\"name\":\"Inclusive News\",\"description\":\"Inclusive News\",\"publisher\":{\"@id\":\"https:\\\/\\\/inclusivenews.com.br\\\/#organization\"},\"potentialAction\":[{\"@type\":\"SearchAction\",\"target\":{\"@type\":\"EntryPoint\",\"urlTemplate\":\"https:\\\/\\\/inclusivenews.com.br\\\/?s={search_term_string}\"},\"query-input\":{\"@type\":\"PropertyValueSpecification\",\"valueRequired\":true,\"valueName\":\"search_term_string\"}}],\"inLanguage\":\"pt-PT\"},{\"@type\":\"Organization\",\"@id\":\"https:\\\/\\\/inclusivenews.com.br\\\/#organization\",\"name\":\"Inclusive - inclus\u00e3o e cidadania\",\"url\":\"https:\\\/\\\/inclusivenews.com.br\\\/\",\"logo\":{\"@type\":\"ImageObject\",\"inLanguage\":\"pt-PT\",\"@id\":\"https:\\\/\\\/inclusivenews.com.br\\\/#\\\/schema\\\/logo\\\/image\\\/\",\"url\":\"https:\\\/\\\/inclusivenews.com.br\\\/wp-content\\\/uploads\\\/2024\\\/03\\\/@grandesite.png\",\"contentUrl\":\"https:\\\/\\\/inclusivenews.com.br\\\/wp-content\\\/uploads\\\/2024\\\/03\\\/@grandesite.png\",\"width\":1080,\"height\":1080,\"caption\":\"Inclusive - inclus\u00e3o e cidadania\"},\"image\":{\"@id\":\"https:\\\/\\\/inclusivenews.com.br\\\/#\\\/schema\\\/logo\\\/image\\\/\"},\"sameAs\":[\"https:\\\/\\\/www.facebook.com\\\/agenciainclusive\\\/\",\"https:\\\/\\\/www.instagram.com\\\/newsinclusive\\\/\"]},{\"@type\":\"Person\",\"@id\":\"https:\\\/\\\/inclusivenews.com.br\\\/#\\\/schema\\\/person\\\/ae4ec7087559b8692fb33b6fffd2273b\",\"name\":\"inclusivenews2024\",\"image\":{\"@type\":\"ImageObject\",\"inLanguage\":\"pt-PT\",\"@id\":\"https:\\\/\\\/secure.gravatar.com\\\/avatar\\\/c5a7ef84c66fa914f55bc4f7ce26cfa275a3b9a1c5568b907bd184fb4dde7b40?s=96&d=mm&r=g\",\"url\":\"https:\\\/\\\/secure.gravatar.com\\\/avatar\\\/c5a7ef84c66fa914f55bc4f7ce26cfa275a3b9a1c5568b907bd184fb4dde7b40?s=96&d=mm&r=g\",\"contentUrl\":\"https:\\\/\\\/secure.gravatar.com\\\/avatar\\\/c5a7ef84c66fa914f55bc4f7ce26cfa275a3b9a1c5568b907bd184fb4dde7b40?s=96&d=mm&r=g\",\"caption\":\"inclusivenews2024\"},\"sameAs\":[\"https:\\\/\\\/inclusivenews.com.br\"],\"url\":\"https:\\\/\\\/inclusivenews.com.br\\\/?author=1\"}]}<\/script>\n<!-- \/ Yoast SEO plugin. -->","yoast_head_json":{"title":"MPF\/SP: determinado fornecimento de pr\u00f3teses e \u00f3rteses a aposentados com defici\u00eancia -","robots":{"index":"index","follow":"follow","max-snippet":"max-snippet:-1","max-image-preview":"max-image-preview:large","max-video-preview":"max-video-preview:-1"},"canonical":"https:\/\/inclusivenews.com.br\/?p=12423","og_locale":"pt_PT","og_type":"article","og_title":"MPF\/SP: determinado fornecimento de pr\u00f3teses e \u00f3rteses a aposentados com defici\u00eancia -","og_description":"A Justi\u00e7a Federal de S\u00e3o Carlos (SP) concedeu parcialmente liminar em a\u00e7\u00e3o civil p\u00fablica, proposta pelo Minist\u00e9rio P\u00fablico Federal no munic\u00edpio, e determinou que o Instituto Nacional da Seguridade Social (INSS) retome imediatamente o fornecimento de \u00f3rteses, pr\u00f3teses ou quaisquer outros equipamentos necess\u00e1rios para a locomo\u00e7\u00e3o de aposentados e outros segurados da Previd\u00eancia Social com [&hellip;]","og_url":"https:\/\/inclusivenews.com.br\/?p=12423","article_publisher":"https:\/\/www.facebook.com\/agenciainclusive\/","article_published_time":"2009-11-16T09:01:45+00:00","og_image":[{"url":"http:\/\/www.inclusive.org.br\/images\/new_window.gif","type":"","width":"","height":""}],"author":"inclusivenews2024","twitter_card":"summary_large_image","twitter_misc":{"Escrito por":"inclusivenews2024","Tempo estimado de leitura":"3 minutos"},"schema":{"@context":"https:\/\/schema.org","@graph":[{"@type":"Article","@id":"https:\/\/inclusivenews.com.br\/?p=12423#article","isPartOf":{"@id":"https:\/\/inclusivenews.com.br\/?p=12423"},"author":{"name":"inclusivenews2024","@id":"https:\/\/inclusivenews.com.br\/#\/schema\/person\/ae4ec7087559b8692fb33b6fffd2273b"},"headline":"MPF\/SP: determinado fornecimento de pr\u00f3teses e \u00f3rteses a aposentados com defici\u00eancia","datePublished":"2009-11-16T09:01:45+00:00","mainEntityOfPage":{"@id":"https:\/\/inclusivenews.com.br\/?p=12423"},"wordCount":663,"commentCount":0,"publisher":{"@id":"https:\/\/inclusivenews.com.br\/#organization"},"image":{"@id":"https:\/\/inclusivenews.com.br\/?p=12423#primaryimage"},"thumbnailUrl":"http:\/\/www.inclusive.org.br\/images\/new_window.gif","articleSection":["NOT\u00cdCIAS"],"inLanguage":"pt-PT","potentialAction":[{"@type":"CommentAction","name":"Comment","target":["https:\/\/inclusivenews.com.br\/?p=12423#respond"]}]},{"@type":"WebPage","@id":"https:\/\/inclusivenews.com.br\/?p=12423","url":"https:\/\/inclusivenews.com.br\/?p=12423","name":"MPF\/SP: determinado fornecimento de pr\u00f3teses e \u00f3rteses a aposentados com defici\u00eancia -","isPartOf":{"@id":"https:\/\/inclusivenews.com.br\/#website"},"primaryImageOfPage":{"@id":"https:\/\/inclusivenews.com.br\/?p=12423#primaryimage"},"image":{"@id":"https:\/\/inclusivenews.com.br\/?p=12423#primaryimage"},"thumbnailUrl":"http:\/\/www.inclusive.org.br\/images\/new_window.gif","datePublished":"2009-11-16T09:01:45+00:00","breadcrumb":{"@id":"https:\/\/inclusivenews.com.br\/?p=12423#breadcrumb"},"inLanguage":"pt-PT","potentialAction":[{"@type":"ReadAction","target":["https:\/\/inclusivenews.com.br\/?p=12423"]}]},{"@type":"ImageObject","inLanguage":"pt-PT","@id":"https:\/\/inclusivenews.com.br\/?p=12423#primaryimage","url":"http:\/\/www.inclusive.org.br\/images\/new_window.gif","contentUrl":"http:\/\/www.inclusive.org.br\/images\/new_window.gif"},{"@type":"BreadcrumbList","@id":"https:\/\/inclusivenews.com.br\/?p=12423#breadcrumb","itemListElement":[{"@type":"ListItem","position":1,"name":"In\u00edcio","item":"https:\/\/inclusivenews.com.br\/"},{"@type":"ListItem","position":2,"name":"MPF\/SP: determinado fornecimento de pr\u00f3teses e \u00f3rteses a aposentados com defici\u00eancia"}]},{"@type":"WebSite","@id":"https:\/\/inclusivenews.com.br\/#website","url":"https:\/\/inclusivenews.com.br\/","name":"Inclusive News","description":"Inclusive News","publisher":{"@id":"https:\/\/inclusivenews.com.br\/#organization"},"potentialAction":[{"@type":"SearchAction","target":{"@type":"EntryPoint","urlTemplate":"https:\/\/inclusivenews.com.br\/?s={search_term_string}"},"query-input":{"@type":"PropertyValueSpecification","valueRequired":true,"valueName":"search_term_string"}}],"inLanguage":"pt-PT"},{"@type":"Organization","@id":"https:\/\/inclusivenews.com.br\/#organization","name":"Inclusive - inclus\u00e3o e cidadania","url":"https:\/\/inclusivenews.com.br\/","logo":{"@type":"ImageObject","inLanguage":"pt-PT","@id":"https:\/\/inclusivenews.com.br\/#\/schema\/logo\/image\/","url":"https:\/\/inclusivenews.com.br\/wp-content\/uploads\/2024\/03\/@grandesite.png","contentUrl":"https:\/\/inclusivenews.com.br\/wp-content\/uploads\/2024\/03\/@grandesite.png","width":1080,"height":1080,"caption":"Inclusive - inclus\u00e3o e cidadania"},"image":{"@id":"https:\/\/inclusivenews.com.br\/#\/schema\/logo\/image\/"},"sameAs":["https:\/\/www.facebook.com\/agenciainclusive\/","https:\/\/www.instagram.com\/newsinclusive\/"]},{"@type":"Person","@id":"https:\/\/inclusivenews.com.br\/#\/schema\/person\/ae4ec7087559b8692fb33b6fffd2273b","name":"inclusivenews2024","image":{"@type":"ImageObject","inLanguage":"pt-PT","@id":"https:\/\/secure.gravatar.com\/avatar\/c5a7ef84c66fa914f55bc4f7ce26cfa275a3b9a1c5568b907bd184fb4dde7b40?s=96&d=mm&r=g","url":"https:\/\/secure.gravatar.com\/avatar\/c5a7ef84c66fa914f55bc4f7ce26cfa275a3b9a1c5568b907bd184fb4dde7b40?s=96&d=mm&r=g","contentUrl":"https:\/\/secure.gravatar.com\/avatar\/c5a7ef84c66fa914f55bc4f7ce26cfa275a3b9a1c5568b907bd184fb4dde7b40?s=96&d=mm&r=g","caption":"inclusivenews2024"},"sameAs":["https:\/\/inclusivenews.com.br"],"url":"https:\/\/inclusivenews.com.br\/?author=1"}]}},"_links":{"self":[{"href":"https:\/\/inclusivenews.com.br\/index.php?rest_route=\/wp\/v2\/posts\/12423","targetHints":{"allow":["GET"]}}],"collection":[{"href":"https:\/\/inclusivenews.com.br\/index.php?rest_route=\/wp\/v2\/posts"}],"about":[{"href":"https:\/\/inclusivenews.com.br\/index.php?rest_route=\/wp\/v2\/types\/post"}],"author":[{"embeddable":true,"href":"https:\/\/inclusivenews.com.br\/index.php?rest_route=\/wp\/v2\/users\/1"}],"replies":[{"embeddable":true,"href":"https:\/\/inclusivenews.com.br\/index.php?rest_route=%2Fwp%2Fv2%2Fcomments&post=12423"}],"version-history":[{"count":0,"href":"https:\/\/inclusivenews.com.br\/index.php?rest_route=\/wp\/v2\/posts\/12423\/revisions"}],"wp:attachment":[{"href":"https:\/\/inclusivenews.com.br\/index.php?rest_route=%2Fwp%2Fv2%2Fmedia&parent=12423"}],"wp:term":[{"taxonomy":"category","embeddable":true,"href":"https:\/\/inclusivenews.com.br\/index.php?rest_route=%2Fwp%2Fv2%2Fcategories&post=12423"},{"taxonomy":"post_tag","embeddable":true,"href":"https:\/\/inclusivenews.com.br\/index.php?rest_route=%2Fwp%2Fv2%2Ftags&post=12423"}],"curies":[{"name":"wp","href":"https:\/\/api.w.org\/{rel}","templated":true}]}}