{"id":12432,"date":"2009-11-17T06:42:50","date_gmt":"2009-11-17T09:42:50","guid":{"rendered":"http:\/\/www.inclusive.org.br\/?p=12432"},"modified":"2009-11-17T06:42:50","modified_gmt":"2009-11-17T09:42:50","slug":"forum-internacional-da-sociedade-civil-acontece-no-fim-de-novembro","status":"publish","type":"post","link":"https:\/\/inclusivenews.com.br\/?p=12432","title":{"rendered":"F\u00f3rum Internacional da Sociedade Civil acontece no fim de novembro"},"content":{"rendered":"<p style=\"text-align: center;\"><em><a href=\"http:\/\/www.inclusivenews.com.br\/wp-content\/uploads\/2009\/11\/acao_educativa11.jpg\"><img loading=\"lazy\" decoding=\"async\" class=\"alignleft size-full wp-image-12449\" title=\"A\u00e7\u00e3o Educativa\" src=\"http:\/\/inclusivenews.com.br\/wp-content\/uploads\/2009\/11\/acao_educativa11.jpg\" alt=\"A\u00e7\u00e3o Educativa\" width=\"120\" height=\"151\" \/><\/a>Inscri\u00e7\u00f5es continuam abertas para o encontro pr\u00e9 Confer\u00eancia Internacional de Educa\u00e7\u00e3o de Pessoas Jovens e Adultas<\/em><\/p>\n<p style=\"text-align: justify\">As inscri\u00e7\u00f5es para o F\u00f3rum Internacional da Sociedade Civil (FISC), que acontecer\u00e1 entre os dias 28 e 30 de novembro, em Bel\u00e9m, continuam abertas. O evento \u00e9 aberto \u00e0 participa\u00e7\u00e3o de pessoas e organiza\u00e7\u00f5es de todos os pa\u00edses. A expectativa \u00e9 que se re\u00fanam em Bel\u00e9m em torno de 1.200 pessoas, entre militantes, educandos e educadores de todo o mundo e acad\u00eamicos do campo da Educa\u00e7\u00e3o de Pessoas Jovens e Adultas (EPJA).<\/p>\n<p style=\"text-align: justify\">Trata-se de um espa\u00e7o plural, de reflex\u00e3o e formula\u00e7\u00e3o de propostas, que busca fomentar o interc\u00e2mbio de experi\u00eancias e organizar o processo de incid\u00eancia na VI Confer\u00eancia Internacional de Educa\u00e7\u00e3o de Pessoas Jovens e Adultas (Confintea), que acontecer\u00e1 dos dias 1 a 4 de dezembro de 2009, tamb\u00e9m em Bel\u00e9m. A Confer\u00eancia se apresenta como movimento internacional a favor da diminui\u00e7\u00e3o das discrep\u00e2ncias em termos de pol\u00edticas sistem\u00e1ticas e efetivas para a Educa\u00e7\u00e3o de Pessoas Jovens e Adultas. Busca-se articular a Educa\u00e7\u00e3o e a Aprendizagem de Pessoas Jovens e Adultas com os principais arcabou\u00e7os internacionais em rela\u00e7\u00e3o \u00e0 educa\u00e7\u00e3o e desenvolvimento: as metas da Educa\u00e7\u00e3o Para Todos (EPT) e as Metas de Desenvolvimento do Mil\u00eanio (MDMs), a D\u00e9cada das Na\u00e7\u00f5es Unidas para a Alfabetiza\u00e7\u00e3o (UNLD), a Iniciativa de Alfabetiza\u00e7\u00e3o para o Empoderamento (LIFE) e a D\u00e9cada das Na\u00e7\u00f5es Unidas para Educa\u00e7\u00e3o e o Desenvolvimento Sustent\u00e1vel (DESD).<\/p>\n<p style=\"text-align: justify\">As Confinteas s\u00e3o eventos que priorizam a participa\u00e7\u00e3o dos atores governamentais, mas a sociedade civil organizada busca incidir tanto sobre a elabora\u00e7\u00e3o dos documentos nacionais que os pa\u00edses apresentam, bem como sobre as discuss\u00f5es que ocorrem durante o evento, com vistas a influir no documento final e nos compromissos dos governos. Nesse sentido se situa o FISC, como evento aberto preliminar.<\/p>\n<p style=\"text-align: justify\">A programa\u00e7\u00e3o do FISC inclui atividades conceituais, coordenadas por especialistas no tema da EPJA, ativistas, educadores\/as e educandos\/as. Educa\u00e7\u00e3o em contextos de priva\u00e7\u00e3o de liberdade, interculturalidade, educa\u00e7\u00e3o no campo e educa\u00e7\u00e3o para o meio ambiente, entre dezenas de outros, figuram entre os temas que ser\u00e3o debatidos no f\u00f3rum. Atividades autogestionadas, propostas por participantes de todo o mundo, tamb\u00e9m est\u00e3o previstas na programa\u00e7\u00e3o.<\/p>\n<p style=\"text-align: justify\">Os interessados, moradores do Estado do Par\u00e1 dever\u00e3o, entrar em contato pelo e-mail fiscpara@fisc2009.org para fazer suas inscri\u00e7\u00f5es. Todos os demais participantes, provenientes de outros Estados brasileiros ou do exterior, devem preencher a ficha de inscri\u00e7\u00e3o dispon\u00edvel aqui. Uma confirma\u00e7\u00e3o ser\u00e1 encaminhada por correio eletr\u00f4nico. Em caso de d\u00favida, escreva para o e-mail fisc2009@gmail.com.<\/p>\n<p style=\"text-align: justify\"><strong><a href=\"http:\/\/www.icae2.org\/files\/FISC_PROGRAM_PORT_8%20OCT.pdf\" target=\"_blank\" rel=\"noopener\">Veja aqui Programa\u00e7\u00e3o preliminar do FISC <img loading=\"lazy\" decoding=\"async\" title=\"Link abrir\u00e1 em uma nova janela ou aba.\" src=\"http:\/\/www.inclusive.org.br\/images\/new_window.gif\" alt=\"Link abrir\u00e1 em uma nova janela ou aba.\" width=\"16\" height=\"14\" \/><\/a><\/strong><\/p>\n<p style=\"text-align: justify\"><strong>Saiba mais pelo portal <a href=\"http:\/\/www.fisc2009.org\" target=\"_blank\" rel=\"noopener\">http:\/\/www.fisc2009.org <img loading=\"lazy\" decoding=\"async\" title=\"Link abrir\u00e1 em uma nova janela ou aba.\" src=\"http:\/\/www.inclusive.org.br\/images\/new_window.gif\" alt=\"Link abrir\u00e1 em uma nova janela ou aba.\" width=\"16\" height=\"14\" \/><\/a><\/strong><\/p>\n","protected":false},"excerpt":{"rendered":"<p>As inscri\u00e7\u00f5es para o F\u00f3rum Internacional da Sociedade Civil (FISC), que acontecer\u00e1 entre os dias 28 e 30 de novembro, em Bel\u00e9m, continuam abertas.<\/p>\n","protected":false},"author":1,"featured_media":0,"comment_status":"open","ping_status":"open","sticky":false,"template":"","format":"standard","meta":{"site-container-style":"default","site-container-layout":"default","site-sidebar-layout":"default","disable-article-header":"default","disable-site-header":"default","disable-site-footer":"default","disable-content-area-spacing":"default","footnotes":""},"categories":[6,4],"tags":[],"class_list":["post-12432","post","type-post","status-publish","format-standard","hentry","category-educacao","category-noticias"],"yoast_head":"<!-- This site is optimized with the Yoast SEO plugin v27.4 - https:\/\/yoast.com\/product\/yoast-seo-wordpress\/ -->\n<title>F\u00f3rum Internacional da Sociedade Civil acontece no fim de novembro -<\/title>\n<meta name=\"robots\" content=\"index, follow, max-snippet:-1, max-image-preview:large, max-video-preview:-1\" \/>\n<link rel=\"canonical\" href=\"https:\/\/inclusivenews.com.br\/?p=12432\" \/>\n<meta property=\"og:locale\" content=\"pt_PT\" \/>\n<meta property=\"og:type\" content=\"article\" \/>\n<meta property=\"og:title\" content=\"F\u00f3rum Internacional da Sociedade Civil acontece no fim de novembro -\" \/>\n<meta property=\"og:description\" content=\"As inscri\u00e7\u00f5es para o F\u00f3rum Internacional da Sociedade Civil (FISC), que acontecer\u00e1 entre os dias 28 e 30 de novembro, em Bel\u00e9m, continuam abertas.\" \/>\n<meta property=\"og:url\" content=\"https:\/\/inclusivenews.com.br\/?p=12432\" \/>\n<meta property=\"article:publisher\" content=\"https:\/\/www.facebook.com\/agenciainclusive\/\" \/>\n<meta property=\"article:published_time\" content=\"2009-11-17T09:42:50+00:00\" \/>\n<meta property=\"og:image\" content=\"http:\/\/inclusivenews.com.br\/wp-content\/uploads\/2009\/11\/acao_educativa11.jpg\" \/>\n<meta name=\"author\" content=\"inclusivenews2024\" \/>\n<meta name=\"twitter:card\" content=\"summary_large_image\" \/>\n<meta name=\"twitter:label1\" content=\"Escrito por\" \/>\n\t<meta name=\"twitter:data1\" content=\"inclusivenews2024\" \/>\n\t<meta name=\"twitter:label2\" content=\"Tempo estimado de leitura\" \/>\n\t<meta name=\"twitter:data2\" content=\"2 minutos\" \/>\n<script type=\"application\/ld+json\" class=\"yoast-schema-graph\">{\"@context\":\"https:\\\/\\\/schema.org\",\"@graph\":[{\"@type\":\"Article\",\"@id\":\"https:\\\/\\\/inclusivenews.com.br\\\/?p=12432#article\",\"isPartOf\":{\"@id\":\"https:\\\/\\\/inclusivenews.com.br\\\/?p=12432\"},\"author\":{\"name\":\"inclusivenews2024\",\"@id\":\"https:\\\/\\\/inclusivenews.com.br\\\/#\\\/schema\\\/person\\\/ae4ec7087559b8692fb33b6fffd2273b\"},\"headline\":\"F\u00f3rum Internacional da Sociedade Civil acontece no fim de novembro\",\"datePublished\":\"2009-11-17T09:42:50+00:00\",\"mainEntityOfPage\":{\"@id\":\"https:\\\/\\\/inclusivenews.com.br\\\/?p=12432\"},\"wordCount\":498,\"commentCount\":0,\"publisher\":{\"@id\":\"https:\\\/\\\/inclusivenews.com.br\\\/#organization\"},\"image\":{\"@id\":\"https:\\\/\\\/inclusivenews.com.br\\\/?p=12432#primaryimage\"},\"thumbnailUrl\":\"http:\\\/\\\/inclusivenews.com.br\\\/wp-content\\\/uploads\\\/2009\\\/11\\\/acao_educativa11.jpg\",\"articleSection\":[\"EDUCA\u00c7\u00c3O\",\"NOT\u00cdCIAS\"],\"inLanguage\":\"pt-PT\",\"potentialAction\":[{\"@type\":\"CommentAction\",\"name\":\"Comment\",\"target\":[\"https:\\\/\\\/inclusivenews.com.br\\\/?p=12432#respond\"]}]},{\"@type\":\"WebPage\",\"@id\":\"https:\\\/\\\/inclusivenews.com.br\\\/?p=12432\",\"url\":\"https:\\\/\\\/inclusivenews.com.br\\\/?p=12432\",\"name\":\"F\u00f3rum Internacional da Sociedade Civil acontece no fim de novembro -\",\"isPartOf\":{\"@id\":\"https:\\\/\\\/inclusivenews.com.br\\\/#website\"},\"primaryImageOfPage\":{\"@id\":\"https:\\\/\\\/inclusivenews.com.br\\\/?p=12432#primaryimage\"},\"image\":{\"@id\":\"https:\\\/\\\/inclusivenews.com.br\\\/?p=12432#primaryimage\"},\"thumbnailUrl\":\"http:\\\/\\\/inclusivenews.com.br\\\/wp-content\\\/uploads\\\/2009\\\/11\\\/acao_educativa11.jpg\",\"datePublished\":\"2009-11-17T09:42:50+00:00\",\"breadcrumb\":{\"@id\":\"https:\\\/\\\/inclusivenews.com.br\\\/?p=12432#breadcrumb\"},\"inLanguage\":\"pt-PT\",\"potentialAction\":[{\"@type\":\"ReadAction\",\"target\":[\"https:\\\/\\\/inclusivenews.com.br\\\/?p=12432\"]}]},{\"@type\":\"ImageObject\",\"inLanguage\":\"pt-PT\",\"@id\":\"https:\\\/\\\/inclusivenews.com.br\\\/?p=12432#primaryimage\",\"url\":\"https:\\\/\\\/inclusivenews.com.br\\\/wp-content\\\/uploads\\\/2009\\\/11\\\/acao_educativa11.jpg\",\"contentUrl\":\"https:\\\/\\\/inclusivenews.com.br\\\/wp-content\\\/uploads\\\/2009\\\/11\\\/acao_educativa11.jpg\",\"width\":136,\"height\":160},{\"@type\":\"BreadcrumbList\",\"@id\":\"https:\\\/\\\/inclusivenews.com.br\\\/?p=12432#breadcrumb\",\"itemListElement\":[{\"@type\":\"ListItem\",\"position\":1,\"name\":\"In\u00edcio\",\"item\":\"https:\\\/\\\/inclusivenews.com.br\\\/\"},{\"@type\":\"ListItem\",\"position\":2,\"name\":\"F\u00f3rum Internacional da Sociedade Civil acontece no fim de novembro\"}]},{\"@type\":\"WebSite\",\"@id\":\"https:\\\/\\\/inclusivenews.com.br\\\/#website\",\"url\":\"https:\\\/\\\/inclusivenews.com.br\\\/\",\"name\":\"Inclusive News\",\"description\":\"Inclusive News\",\"publisher\":{\"@id\":\"https:\\\/\\\/inclusivenews.com.br\\\/#organization\"},\"potentialAction\":[{\"@type\":\"SearchAction\",\"target\":{\"@type\":\"EntryPoint\",\"urlTemplate\":\"https:\\\/\\\/inclusivenews.com.br\\\/?s={search_term_string}\"},\"query-input\":{\"@type\":\"PropertyValueSpecification\",\"valueRequired\":true,\"valueName\":\"search_term_string\"}}],\"inLanguage\":\"pt-PT\"},{\"@type\":\"Organization\",\"@id\":\"https:\\\/\\\/inclusivenews.com.br\\\/#organization\",\"name\":\"Inclusive - inclus\u00e3o e cidadania\",\"url\":\"https:\\\/\\\/inclusivenews.com.br\\\/\",\"logo\":{\"@type\":\"ImageObject\",\"inLanguage\":\"pt-PT\",\"@id\":\"https:\\\/\\\/inclusivenews.com.br\\\/#\\\/schema\\\/logo\\\/image\\\/\",\"url\":\"https:\\\/\\\/inclusivenews.com.br\\\/wp-content\\\/uploads\\\/2024\\\/03\\\/@grandesite.png\",\"contentUrl\":\"https:\\\/\\\/inclusivenews.com.br\\\/wp-content\\\/uploads\\\/2024\\\/03\\\/@grandesite.png\",\"width\":1080,\"height\":1080,\"caption\":\"Inclusive - inclus\u00e3o e cidadania\"},\"image\":{\"@id\":\"https:\\\/\\\/inclusivenews.com.br\\\/#\\\/schema\\\/logo\\\/image\\\/\"},\"sameAs\":[\"https:\\\/\\\/www.facebook.com\\\/agenciainclusive\\\/\",\"https:\\\/\\\/www.instagram.com\\\/newsinclusive\\\/\"]},{\"@type\":\"Person\",\"@id\":\"https:\\\/\\\/inclusivenews.com.br\\\/#\\\/schema\\\/person\\\/ae4ec7087559b8692fb33b6fffd2273b\",\"name\":\"inclusivenews2024\",\"image\":{\"@type\":\"ImageObject\",\"inLanguage\":\"pt-PT\",\"@id\":\"https:\\\/\\\/secure.gravatar.com\\\/avatar\\\/c5a7ef84c66fa914f55bc4f7ce26cfa275a3b9a1c5568b907bd184fb4dde7b40?s=96&d=mm&r=g\",\"url\":\"https:\\\/\\\/secure.gravatar.com\\\/avatar\\\/c5a7ef84c66fa914f55bc4f7ce26cfa275a3b9a1c5568b907bd184fb4dde7b40?s=96&d=mm&r=g\",\"contentUrl\":\"https:\\\/\\\/secure.gravatar.com\\\/avatar\\\/c5a7ef84c66fa914f55bc4f7ce26cfa275a3b9a1c5568b907bd184fb4dde7b40?s=96&d=mm&r=g\",\"caption\":\"inclusivenews2024\"},\"sameAs\":[\"https:\\\/\\\/inclusivenews.com.br\"],\"url\":\"https:\\\/\\\/inclusivenews.com.br\\\/?author=1\"}]}<\/script>\n<!-- \/ Yoast SEO plugin. -->","yoast_head_json":{"title":"F\u00f3rum Internacional da Sociedade Civil acontece no fim de novembro -","robots":{"index":"index","follow":"follow","max-snippet":"max-snippet:-1","max-image-preview":"max-image-preview:large","max-video-preview":"max-video-preview:-1"},"canonical":"https:\/\/inclusivenews.com.br\/?p=12432","og_locale":"pt_PT","og_type":"article","og_title":"F\u00f3rum Internacional da Sociedade Civil acontece no fim de novembro -","og_description":"As inscri\u00e7\u00f5es para o F\u00f3rum Internacional da Sociedade Civil (FISC), que acontecer\u00e1 entre os dias 28 e 30 de novembro, em Bel\u00e9m, continuam abertas.","og_url":"https:\/\/inclusivenews.com.br\/?p=12432","article_publisher":"https:\/\/www.facebook.com\/agenciainclusive\/","article_published_time":"2009-11-17T09:42:50+00:00","og_image":[{"url":"http:\/\/inclusivenews.com.br\/wp-content\/uploads\/2009\/11\/acao_educativa11.jpg","type":"","width":"","height":""}],"author":"inclusivenews2024","twitter_card":"summary_large_image","twitter_misc":{"Escrito por":"inclusivenews2024","Tempo estimado de leitura":"2 minutos"},"schema":{"@context":"https:\/\/schema.org","@graph":[{"@type":"Article","@id":"https:\/\/inclusivenews.com.br\/?p=12432#article","isPartOf":{"@id":"https:\/\/inclusivenews.com.br\/?p=12432"},"author":{"name":"inclusivenews2024","@id":"https:\/\/inclusivenews.com.br\/#\/schema\/person\/ae4ec7087559b8692fb33b6fffd2273b"},"headline":"F\u00f3rum Internacional da Sociedade Civil acontece no fim de novembro","datePublished":"2009-11-17T09:42:50+00:00","mainEntityOfPage":{"@id":"https:\/\/inclusivenews.com.br\/?p=12432"},"wordCount":498,"commentCount":0,"publisher":{"@id":"https:\/\/inclusivenews.com.br\/#organization"},"image":{"@id":"https:\/\/inclusivenews.com.br\/?p=12432#primaryimage"},"thumbnailUrl":"http:\/\/inclusivenews.com.br\/wp-content\/uploads\/2009\/11\/acao_educativa11.jpg","articleSection":["EDUCA\u00c7\u00c3O","NOT\u00cdCIAS"],"inLanguage":"pt-PT","potentialAction":[{"@type":"CommentAction","name":"Comment","target":["https:\/\/inclusivenews.com.br\/?p=12432#respond"]}]},{"@type":"WebPage","@id":"https:\/\/inclusivenews.com.br\/?p=12432","url":"https:\/\/inclusivenews.com.br\/?p=12432","name":"F\u00f3rum Internacional da Sociedade Civil acontece no fim de novembro -","isPartOf":{"@id":"https:\/\/inclusivenews.com.br\/#website"},"primaryImageOfPage":{"@id":"https:\/\/inclusivenews.com.br\/?p=12432#primaryimage"},"image":{"@id":"https:\/\/inclusivenews.com.br\/?p=12432#primaryimage"},"thumbnailUrl":"http:\/\/inclusivenews.com.br\/wp-content\/uploads\/2009\/11\/acao_educativa11.jpg","datePublished":"2009-11-17T09:42:50+00:00","breadcrumb":{"@id":"https:\/\/inclusivenews.com.br\/?p=12432#breadcrumb"},"inLanguage":"pt-PT","potentialAction":[{"@type":"ReadAction","target":["https:\/\/inclusivenews.com.br\/?p=12432"]}]},{"@type":"ImageObject","inLanguage":"pt-PT","@id":"https:\/\/inclusivenews.com.br\/?p=12432#primaryimage","url":"https:\/\/inclusivenews.com.br\/wp-content\/uploads\/2009\/11\/acao_educativa11.jpg","contentUrl":"https:\/\/inclusivenews.com.br\/wp-content\/uploads\/2009\/11\/acao_educativa11.jpg","width":136,"height":160},{"@type":"BreadcrumbList","@id":"https:\/\/inclusivenews.com.br\/?p=12432#breadcrumb","itemListElement":[{"@type":"ListItem","position":1,"name":"In\u00edcio","item":"https:\/\/inclusivenews.com.br\/"},{"@type":"ListItem","position":2,"name":"F\u00f3rum Internacional da Sociedade Civil acontece no fim de novembro"}]},{"@type":"WebSite","@id":"https:\/\/inclusivenews.com.br\/#website","url":"https:\/\/inclusivenews.com.br\/","name":"Inclusive News","description":"Inclusive News","publisher":{"@id":"https:\/\/inclusivenews.com.br\/#organization"},"potentialAction":[{"@type":"SearchAction","target":{"@type":"EntryPoint","urlTemplate":"https:\/\/inclusivenews.com.br\/?s={search_term_string}"},"query-input":{"@type":"PropertyValueSpecification","valueRequired":true,"valueName":"search_term_string"}}],"inLanguage":"pt-PT"},{"@type":"Organization","@id":"https:\/\/inclusivenews.com.br\/#organization","name":"Inclusive - inclus\u00e3o e cidadania","url":"https:\/\/inclusivenews.com.br\/","logo":{"@type":"ImageObject","inLanguage":"pt-PT","@id":"https:\/\/inclusivenews.com.br\/#\/schema\/logo\/image\/","url":"https:\/\/inclusivenews.com.br\/wp-content\/uploads\/2024\/03\/@grandesite.png","contentUrl":"https:\/\/inclusivenews.com.br\/wp-content\/uploads\/2024\/03\/@grandesite.png","width":1080,"height":1080,"caption":"Inclusive - inclus\u00e3o e cidadania"},"image":{"@id":"https:\/\/inclusivenews.com.br\/#\/schema\/logo\/image\/"},"sameAs":["https:\/\/www.facebook.com\/agenciainclusive\/","https:\/\/www.instagram.com\/newsinclusive\/"]},{"@type":"Person","@id":"https:\/\/inclusivenews.com.br\/#\/schema\/person\/ae4ec7087559b8692fb33b6fffd2273b","name":"inclusivenews2024","image":{"@type":"ImageObject","inLanguage":"pt-PT","@id":"https:\/\/secure.gravatar.com\/avatar\/c5a7ef84c66fa914f55bc4f7ce26cfa275a3b9a1c5568b907bd184fb4dde7b40?s=96&d=mm&r=g","url":"https:\/\/secure.gravatar.com\/avatar\/c5a7ef84c66fa914f55bc4f7ce26cfa275a3b9a1c5568b907bd184fb4dde7b40?s=96&d=mm&r=g","contentUrl":"https:\/\/secure.gravatar.com\/avatar\/c5a7ef84c66fa914f55bc4f7ce26cfa275a3b9a1c5568b907bd184fb4dde7b40?s=96&d=mm&r=g","caption":"inclusivenews2024"},"sameAs":["https:\/\/inclusivenews.com.br"],"url":"https:\/\/inclusivenews.com.br\/?author=1"}]}},"_links":{"self":[{"href":"https:\/\/inclusivenews.com.br\/index.php?rest_route=\/wp\/v2\/posts\/12432","targetHints":{"allow":["GET"]}}],"collection":[{"href":"https:\/\/inclusivenews.com.br\/index.php?rest_route=\/wp\/v2\/posts"}],"about":[{"href":"https:\/\/inclusivenews.com.br\/index.php?rest_route=\/wp\/v2\/types\/post"}],"author":[{"embeddable":true,"href":"https:\/\/inclusivenews.com.br\/index.php?rest_route=\/wp\/v2\/users\/1"}],"replies":[{"embeddable":true,"href":"https:\/\/inclusivenews.com.br\/index.php?rest_route=%2Fwp%2Fv2%2Fcomments&post=12432"}],"version-history":[{"count":0,"href":"https:\/\/inclusivenews.com.br\/index.php?rest_route=\/wp\/v2\/posts\/12432\/revisions"}],"wp:attachment":[{"href":"https:\/\/inclusivenews.com.br\/index.php?rest_route=%2Fwp%2Fv2%2Fmedia&parent=12432"}],"wp:term":[{"taxonomy":"category","embeddable":true,"href":"https:\/\/inclusivenews.com.br\/index.php?rest_route=%2Fwp%2Fv2%2Fcategories&post=12432"},{"taxonomy":"post_tag","embeddable":true,"href":"https:\/\/inclusivenews.com.br\/index.php?rest_route=%2Fwp%2Fv2%2Ftags&post=12432"}],"curies":[{"name":"wp","href":"https:\/\/api.w.org\/{rel}","templated":true}]}}