{"id":12462,"date":"2009-11-18T08:06:06","date_gmt":"2009-11-18T11:06:06","guid":{"rendered":"http:\/\/www.inclusive.org.br\/?p=12462"},"modified":"2009-11-18T08:06:06","modified_gmt":"2009-11-18T11:06:06","slug":"caminhos-da-democracia","status":"publish","type":"post","link":"https:\/\/inclusivenews.com.br\/?p=12462","title":{"rendered":"Caminhos da democracia"},"content":{"rendered":"<figure style=\"width: 357px\" class=\"wp-caption aligncenter\"><a href=\"http:\/\/www.cdvhs.org.br\/oktiva.net\/anexo\/267495\"><img loading=\"lazy\" decoding=\"async\" title=\"Flyer do evento - sem descri\u00e7\u00e3o.\" src=\"http:\/\/www.cdvhs.org.br\/oktiva.net\/anexo\/267495\" alt=\"\" width=\"357\" height=\"505\" \/><\/a><figcaption class=\"wp-caption-text\">Flyer do evento - sem descri\u00e7\u00e3o.<\/figcaption><\/figure>\n<p style=\"text-align: justify;\"><span class=\"texto\">Ibase, Canal Imagin\u00e1rio e Centro de Defesa da Vida Herbert de Souza lan\u00e7am document\u00e1rio sobre a hist\u00f3ria contempor\u00e2nea do Brasil, com falas do Betinho, na Vila das Artes, sexta-feira, 20 de novembro, \u00e0s 8h30 da manh\u00e3. Ap\u00f3s o lan\u00e7amento acontece oficinas para multiplicadores do document\u00e1rio direcionada a professores, animadores comunit\u00e1rios e do movimento social. As oficinas t\u00eam o apoio da ABONG e da Prefeitura de Fortaleza e se estendem at\u00e9 s\u00e1bado.O document\u00e1rio &#8220;Caminhos da Democracia na Vis\u00e3o de Betinho&#8221;, realizado pelo Canal Imagin\u00e1rio tem falas in\u00e9ditas do soci\u00f3logo Herbert de Souza, Betinho, sobre a hist\u00f3ria contempor\u00e2nea do Brasil, complementados por depoimentos de Alcione Ara\u00fajo, Andr\u00e9 Spitz, Airton Soares, Bernardo Kucinski, Candido Gribowsky, Carlos Afonso, Carlos Fico, Claudius Ceccon, Dom Mauro Morelli, Dulce Pandolfi, Faf\u00e1 de Bel\u00e9m, Fernanda Carvalho, Fernando Gabeira, Jos\u00e9 Marcio Camargo, Leonardo Boff, Miro Teixeira, Nadia Rebou\u00e7as, Oscar Niemeyer, Paulo Markun, Pl\u00ednio de Arruda Sampaio, Sebasti\u00e3o Soares, S\u00e9rgio Ferreira e Theotonio dos Santos. Trata-se de uma s\u00e9rie composta por cinco epis\u00f3dios, com mais de dez horas de depoimentos do Betinho (foto), seguida de um livro e um manual de apoio para multiplica\u00e7\u00e3o de exibi\u00e7\u00f5es e debates em escolas e organiza\u00e7\u00f5es sociais.As oficinas acontecem nos dias 20 e 21 de novembro, das 8h \u00e0s 17h. Para participar \u00e9 preciso solicitar a ficha de inscri\u00e7\u00e3o atrav\u00e9s do e-mail <a class=\"moz-txt-link-abbreviated\" href=\"mailto:revistacotidiana@gmail.com\">revistacotidiana@gmail.com<\/a> Preencher e devolver atrav\u00e9s do mesmo e-mail at\u00e9 quarta-feira, dia 18. A confirma\u00e7\u00e3o das inscri\u00e7\u00f5es se dar\u00e1 por ordem de chegada das fichas preenchidas, com limite para 40 participantes. As inscri\u00e7\u00f5es s\u00e3o gratuitas.As oficinas ser\u00e3o orientadas pelos pesquisadores e educadores Cleyde Afonso, Felipe Mello e Zilda Junqueira.O evento \u00e9 realizado pelo Canal Imagin\u00e1rio e Centro de Defesa da Vida Herbert de Souza, com apoio da Associa\u00e7\u00e3o Brasileira de Organiza\u00e7\u00f5es N\u00e3o-Governamentais (ABONG) \u2013 Regional NE3 e da Prefeitura de Fortaleza, atrav\u00e9s da Vila das Artes.<br \/>\nServi\u00e7o:<br \/>\nLan\u00e7amento de Document\u00e1rio com falas in\u00e9ditas do Betinho<br \/>\nData: 20\/11\/2009.<br \/>\nHora: 8h30 da manh\u00e3<br \/>\nLocal: Vila das Artes &#8211; Rua 24 de Maio, 1221 (esquina com Meton de Alencar), Centro. Fortaleza. Cear\u00e1. BrasilTel. (85) 3252-1444 <a class=\"moz-txt-link-abbreviated\" href=\"mailto:comunicacaoviladasartes@gmail.com\">comunicacaoviladasartes@gmail.com<\/a><br \/>\n(85) 9989.9012 \u2013 Elizeu de Sousa \u2013 Centro de Defesa da Vida Herbert de Souza<\/span><\/p>\n<p>____________________________<\/p>\n<p><strong>Fonte de informa\u00e7\u00e3o: <\/strong><a href=\"http:\/\/www.cdvhs.org.br\/oktiva.net\/1029\/nota\/157970\/\">CDVHS\u00a0<img loading=\"lazy\" decoding=\"async\" title=\"Link abrir\u00e1 em uma nova janela ou aba.\" src=\"http:\/\/www.inclusive.org.br\/images\/new_window.gif\" alt=\"Link abrir\u00e1 em uma nova janela ou aba.\" width=\"16\" height=\"14\" \/><\/a><\/p>\n","protected":false},"excerpt":{"rendered":"<p>Ibase, Canal Imagin\u00e1rio e Centro de Defesa da Vida Herbert de Souza lan\u00e7am document\u00e1rio sobre a hist\u00f3ria contempor\u00e2nea do Brasil, com falas do Betinho.<\/p>\n","protected":false},"author":1,"featured_media":0,"comment_status":"open","ping_status":"open","sticky":false,"template":"","format":"standard","meta":{"site-container-style":"default","site-container-layout":"default","site-sidebar-layout":"default","disable-article-header":"default","disable-site-header":"default","disable-site-footer":"default","disable-content-area-spacing":"default","footnotes":""},"categories":[12,11,4],"tags":[],"class_list":["post-12462","post","type-post","status-publish","format-standard","hentry","category-cursos-e-eventos","category-direitos-humanos","category-noticias"],"yoast_head":"<!-- This site is optimized with the Yoast SEO plugin v27.4 - https:\/\/yoast.com\/product\/yoast-seo-wordpress\/ -->\n<title>Caminhos da democracia -<\/title>\n<meta name=\"robots\" content=\"index, follow, max-snippet:-1, max-image-preview:large, max-video-preview:-1\" \/>\n<link rel=\"canonical\" href=\"https:\/\/inclusivenews.com.br\/?p=12462\" \/>\n<meta property=\"og:locale\" content=\"pt_PT\" \/>\n<meta property=\"og:type\" content=\"article\" \/>\n<meta property=\"og:title\" content=\"Caminhos da democracia -\" \/>\n<meta property=\"og:description\" content=\"Ibase, Canal Imagin\u00e1rio e Centro de Defesa da Vida Herbert de Souza lan\u00e7am document\u00e1rio sobre a hist\u00f3ria contempor\u00e2nea do Brasil, com falas do Betinho.\" \/>\n<meta property=\"og:url\" content=\"https:\/\/inclusivenews.com.br\/?p=12462\" \/>\n<meta property=\"article:publisher\" content=\"https:\/\/www.facebook.com\/agenciainclusive\/\" \/>\n<meta property=\"article:published_time\" content=\"2009-11-18T11:06:06+00:00\" \/>\n<meta property=\"og:image\" content=\"http:\/\/www.cdvhs.org.br\/oktiva.net\/anexo\/267495\" \/>\n<meta name=\"author\" content=\"inclusivenews2024\" \/>\n<meta name=\"twitter:card\" content=\"summary_large_image\" \/>\n<meta name=\"twitter:label1\" content=\"Escrito por\" \/>\n\t<meta name=\"twitter:data1\" content=\"inclusivenews2024\" \/>\n\t<meta name=\"twitter:label2\" content=\"Tempo estimado de leitura\" \/>\n\t<meta name=\"twitter:data2\" content=\"2 minutos\" \/>\n<script type=\"application\/ld+json\" class=\"yoast-schema-graph\">{\"@context\":\"https:\\\/\\\/schema.org\",\"@graph\":[{\"@type\":\"Article\",\"@id\":\"https:\\\/\\\/inclusivenews.com.br\\\/?p=12462#article\",\"isPartOf\":{\"@id\":\"https:\\\/\\\/inclusivenews.com.br\\\/?p=12462\"},\"author\":{\"name\":\"inclusivenews2024\",\"@id\":\"https:\\\/\\\/inclusivenews.com.br\\\/#\\\/schema\\\/person\\\/ae4ec7087559b8692fb33b6fffd2273b\"},\"headline\":\"Caminhos da democracia\",\"datePublished\":\"2009-11-18T11:06:06+00:00\",\"mainEntityOfPage\":{\"@id\":\"https:\\\/\\\/inclusivenews.com.br\\\/?p=12462\"},\"wordCount\":415,\"commentCount\":0,\"publisher\":{\"@id\":\"https:\\\/\\\/inclusivenews.com.br\\\/#organization\"},\"image\":{\"@id\":\"https:\\\/\\\/inclusivenews.com.br\\\/?p=12462#primaryimage\"},\"thumbnailUrl\":\"http:\\\/\\\/www.cdvhs.org.br\\\/oktiva.net\\\/anexo\\\/267495\",\"articleSection\":[\"Cursos e eventos\",\"DIREITOS HUMANOS\",\"NOT\u00cdCIAS\"],\"inLanguage\":\"pt-PT\",\"potentialAction\":[{\"@type\":\"CommentAction\",\"name\":\"Comment\",\"target\":[\"https:\\\/\\\/inclusivenews.com.br\\\/?p=12462#respond\"]}]},{\"@type\":\"WebPage\",\"@id\":\"https:\\\/\\\/inclusivenews.com.br\\\/?p=12462\",\"url\":\"https:\\\/\\\/inclusivenews.com.br\\\/?p=12462\",\"name\":\"Caminhos da democracia -\",\"isPartOf\":{\"@id\":\"https:\\\/\\\/inclusivenews.com.br\\\/#website\"},\"primaryImageOfPage\":{\"@id\":\"https:\\\/\\\/inclusivenews.com.br\\\/?p=12462#primaryimage\"},\"image\":{\"@id\":\"https:\\\/\\\/inclusivenews.com.br\\\/?p=12462#primaryimage\"},\"thumbnailUrl\":\"http:\\\/\\\/www.cdvhs.org.br\\\/oktiva.net\\\/anexo\\\/267495\",\"datePublished\":\"2009-11-18T11:06:06+00:00\",\"breadcrumb\":{\"@id\":\"https:\\\/\\\/inclusivenews.com.br\\\/?p=12462#breadcrumb\"},\"inLanguage\":\"pt-PT\",\"potentialAction\":[{\"@type\":\"ReadAction\",\"target\":[\"https:\\\/\\\/inclusivenews.com.br\\\/?p=12462\"]}]},{\"@type\":\"ImageObject\",\"inLanguage\":\"pt-PT\",\"@id\":\"https:\\\/\\\/inclusivenews.com.br\\\/?p=12462#primaryimage\",\"url\":\"http:\\\/\\\/www.cdvhs.org.br\\\/oktiva.net\\\/anexo\\\/267495\",\"contentUrl\":\"http:\\\/\\\/www.cdvhs.org.br\\\/oktiva.net\\\/anexo\\\/267495\"},{\"@type\":\"BreadcrumbList\",\"@id\":\"https:\\\/\\\/inclusivenews.com.br\\\/?p=12462#breadcrumb\",\"itemListElement\":[{\"@type\":\"ListItem\",\"position\":1,\"name\":\"In\u00edcio\",\"item\":\"https:\\\/\\\/inclusivenews.com.br\\\/\"},{\"@type\":\"ListItem\",\"position\":2,\"name\":\"Caminhos da democracia\"}]},{\"@type\":\"WebSite\",\"@id\":\"https:\\\/\\\/inclusivenews.com.br\\\/#website\",\"url\":\"https:\\\/\\\/inclusivenews.com.br\\\/\",\"name\":\"Inclusive News\",\"description\":\"Inclusive News\",\"publisher\":{\"@id\":\"https:\\\/\\\/inclusivenews.com.br\\\/#organization\"},\"potentialAction\":[{\"@type\":\"SearchAction\",\"target\":{\"@type\":\"EntryPoint\",\"urlTemplate\":\"https:\\\/\\\/inclusivenews.com.br\\\/?s={search_term_string}\"},\"query-input\":{\"@type\":\"PropertyValueSpecification\",\"valueRequired\":true,\"valueName\":\"search_term_string\"}}],\"inLanguage\":\"pt-PT\"},{\"@type\":\"Organization\",\"@id\":\"https:\\\/\\\/inclusivenews.com.br\\\/#organization\",\"name\":\"Inclusive - inclus\u00e3o e cidadania\",\"url\":\"https:\\\/\\\/inclusivenews.com.br\\\/\",\"logo\":{\"@type\":\"ImageObject\",\"inLanguage\":\"pt-PT\",\"@id\":\"https:\\\/\\\/inclusivenews.com.br\\\/#\\\/schema\\\/logo\\\/image\\\/\",\"url\":\"https:\\\/\\\/inclusivenews.com.br\\\/wp-content\\\/uploads\\\/2024\\\/03\\\/@grandesite.png\",\"contentUrl\":\"https:\\\/\\\/inclusivenews.com.br\\\/wp-content\\\/uploads\\\/2024\\\/03\\\/@grandesite.png\",\"width\":1080,\"height\":1080,\"caption\":\"Inclusive - inclus\u00e3o e cidadania\"},\"image\":{\"@id\":\"https:\\\/\\\/inclusivenews.com.br\\\/#\\\/schema\\\/logo\\\/image\\\/\"},\"sameAs\":[\"https:\\\/\\\/www.facebook.com\\\/agenciainclusive\\\/\",\"https:\\\/\\\/www.instagram.com\\\/newsinclusive\\\/\"]},{\"@type\":\"Person\",\"@id\":\"https:\\\/\\\/inclusivenews.com.br\\\/#\\\/schema\\\/person\\\/ae4ec7087559b8692fb33b6fffd2273b\",\"name\":\"inclusivenews2024\",\"image\":{\"@type\":\"ImageObject\",\"inLanguage\":\"pt-PT\",\"@id\":\"https:\\\/\\\/secure.gravatar.com\\\/avatar\\\/c5a7ef84c66fa914f55bc4f7ce26cfa275a3b9a1c5568b907bd184fb4dde7b40?s=96&d=mm&r=g\",\"url\":\"https:\\\/\\\/secure.gravatar.com\\\/avatar\\\/c5a7ef84c66fa914f55bc4f7ce26cfa275a3b9a1c5568b907bd184fb4dde7b40?s=96&d=mm&r=g\",\"contentUrl\":\"https:\\\/\\\/secure.gravatar.com\\\/avatar\\\/c5a7ef84c66fa914f55bc4f7ce26cfa275a3b9a1c5568b907bd184fb4dde7b40?s=96&d=mm&r=g\",\"caption\":\"inclusivenews2024\"},\"sameAs\":[\"https:\\\/\\\/inclusivenews.com.br\"],\"url\":\"https:\\\/\\\/inclusivenews.com.br\\\/?author=1\"}]}<\/script>\n<!-- \/ Yoast SEO plugin. -->","yoast_head_json":{"title":"Caminhos da democracia -","robots":{"index":"index","follow":"follow","max-snippet":"max-snippet:-1","max-image-preview":"max-image-preview:large","max-video-preview":"max-video-preview:-1"},"canonical":"https:\/\/inclusivenews.com.br\/?p=12462","og_locale":"pt_PT","og_type":"article","og_title":"Caminhos da democracia -","og_description":"Ibase, Canal Imagin\u00e1rio e Centro de Defesa da Vida Herbert de Souza lan\u00e7am document\u00e1rio sobre a hist\u00f3ria contempor\u00e2nea do Brasil, com falas do Betinho.","og_url":"https:\/\/inclusivenews.com.br\/?p=12462","article_publisher":"https:\/\/www.facebook.com\/agenciainclusive\/","article_published_time":"2009-11-18T11:06:06+00:00","og_image":[{"url":"http:\/\/www.cdvhs.org.br\/oktiva.net\/anexo\/267495","type":"","width":"","height":""}],"author":"inclusivenews2024","twitter_card":"summary_large_image","twitter_misc":{"Escrito por":"inclusivenews2024","Tempo estimado de leitura":"2 minutos"},"schema":{"@context":"https:\/\/schema.org","@graph":[{"@type":"Article","@id":"https:\/\/inclusivenews.com.br\/?p=12462#article","isPartOf":{"@id":"https:\/\/inclusivenews.com.br\/?p=12462"},"author":{"name":"inclusivenews2024","@id":"https:\/\/inclusivenews.com.br\/#\/schema\/person\/ae4ec7087559b8692fb33b6fffd2273b"},"headline":"Caminhos da democracia","datePublished":"2009-11-18T11:06:06+00:00","mainEntityOfPage":{"@id":"https:\/\/inclusivenews.com.br\/?p=12462"},"wordCount":415,"commentCount":0,"publisher":{"@id":"https:\/\/inclusivenews.com.br\/#organization"},"image":{"@id":"https:\/\/inclusivenews.com.br\/?p=12462#primaryimage"},"thumbnailUrl":"http:\/\/www.cdvhs.org.br\/oktiva.net\/anexo\/267495","articleSection":["Cursos e eventos","DIREITOS HUMANOS","NOT\u00cdCIAS"],"inLanguage":"pt-PT","potentialAction":[{"@type":"CommentAction","name":"Comment","target":["https:\/\/inclusivenews.com.br\/?p=12462#respond"]}]},{"@type":"WebPage","@id":"https:\/\/inclusivenews.com.br\/?p=12462","url":"https:\/\/inclusivenews.com.br\/?p=12462","name":"Caminhos da democracia -","isPartOf":{"@id":"https:\/\/inclusivenews.com.br\/#website"},"primaryImageOfPage":{"@id":"https:\/\/inclusivenews.com.br\/?p=12462#primaryimage"},"image":{"@id":"https:\/\/inclusivenews.com.br\/?p=12462#primaryimage"},"thumbnailUrl":"http:\/\/www.cdvhs.org.br\/oktiva.net\/anexo\/267495","datePublished":"2009-11-18T11:06:06+00:00","breadcrumb":{"@id":"https:\/\/inclusivenews.com.br\/?p=12462#breadcrumb"},"inLanguage":"pt-PT","potentialAction":[{"@type":"ReadAction","target":["https:\/\/inclusivenews.com.br\/?p=12462"]}]},{"@type":"ImageObject","inLanguage":"pt-PT","@id":"https:\/\/inclusivenews.com.br\/?p=12462#primaryimage","url":"http:\/\/www.cdvhs.org.br\/oktiva.net\/anexo\/267495","contentUrl":"http:\/\/www.cdvhs.org.br\/oktiva.net\/anexo\/267495"},{"@type":"BreadcrumbList","@id":"https:\/\/inclusivenews.com.br\/?p=12462#breadcrumb","itemListElement":[{"@type":"ListItem","position":1,"name":"In\u00edcio","item":"https:\/\/inclusivenews.com.br\/"},{"@type":"ListItem","position":2,"name":"Caminhos da democracia"}]},{"@type":"WebSite","@id":"https:\/\/inclusivenews.com.br\/#website","url":"https:\/\/inclusivenews.com.br\/","name":"Inclusive News","description":"Inclusive News","publisher":{"@id":"https:\/\/inclusivenews.com.br\/#organization"},"potentialAction":[{"@type":"SearchAction","target":{"@type":"EntryPoint","urlTemplate":"https:\/\/inclusivenews.com.br\/?s={search_term_string}"},"query-input":{"@type":"PropertyValueSpecification","valueRequired":true,"valueName":"search_term_string"}}],"inLanguage":"pt-PT"},{"@type":"Organization","@id":"https:\/\/inclusivenews.com.br\/#organization","name":"Inclusive - inclus\u00e3o e cidadania","url":"https:\/\/inclusivenews.com.br\/","logo":{"@type":"ImageObject","inLanguage":"pt-PT","@id":"https:\/\/inclusivenews.com.br\/#\/schema\/logo\/image\/","url":"https:\/\/inclusivenews.com.br\/wp-content\/uploads\/2024\/03\/@grandesite.png","contentUrl":"https:\/\/inclusivenews.com.br\/wp-content\/uploads\/2024\/03\/@grandesite.png","width":1080,"height":1080,"caption":"Inclusive - inclus\u00e3o e cidadania"},"image":{"@id":"https:\/\/inclusivenews.com.br\/#\/schema\/logo\/image\/"},"sameAs":["https:\/\/www.facebook.com\/agenciainclusive\/","https:\/\/www.instagram.com\/newsinclusive\/"]},{"@type":"Person","@id":"https:\/\/inclusivenews.com.br\/#\/schema\/person\/ae4ec7087559b8692fb33b6fffd2273b","name":"inclusivenews2024","image":{"@type":"ImageObject","inLanguage":"pt-PT","@id":"https:\/\/secure.gravatar.com\/avatar\/c5a7ef84c66fa914f55bc4f7ce26cfa275a3b9a1c5568b907bd184fb4dde7b40?s=96&d=mm&r=g","url":"https:\/\/secure.gravatar.com\/avatar\/c5a7ef84c66fa914f55bc4f7ce26cfa275a3b9a1c5568b907bd184fb4dde7b40?s=96&d=mm&r=g","contentUrl":"https:\/\/secure.gravatar.com\/avatar\/c5a7ef84c66fa914f55bc4f7ce26cfa275a3b9a1c5568b907bd184fb4dde7b40?s=96&d=mm&r=g","caption":"inclusivenews2024"},"sameAs":["https:\/\/inclusivenews.com.br"],"url":"https:\/\/inclusivenews.com.br\/?author=1"}]}},"_links":{"self":[{"href":"https:\/\/inclusivenews.com.br\/index.php?rest_route=\/wp\/v2\/posts\/12462","targetHints":{"allow":["GET"]}}],"collection":[{"href":"https:\/\/inclusivenews.com.br\/index.php?rest_route=\/wp\/v2\/posts"}],"about":[{"href":"https:\/\/inclusivenews.com.br\/index.php?rest_route=\/wp\/v2\/types\/post"}],"author":[{"embeddable":true,"href":"https:\/\/inclusivenews.com.br\/index.php?rest_route=\/wp\/v2\/users\/1"}],"replies":[{"embeddable":true,"href":"https:\/\/inclusivenews.com.br\/index.php?rest_route=%2Fwp%2Fv2%2Fcomments&post=12462"}],"version-history":[{"count":0,"href":"https:\/\/inclusivenews.com.br\/index.php?rest_route=\/wp\/v2\/posts\/12462\/revisions"}],"wp:attachment":[{"href":"https:\/\/inclusivenews.com.br\/index.php?rest_route=%2Fwp%2Fv2%2Fmedia&parent=12462"}],"wp:term":[{"taxonomy":"category","embeddable":true,"href":"https:\/\/inclusivenews.com.br\/index.php?rest_route=%2Fwp%2Fv2%2Fcategories&post=12462"},{"taxonomy":"post_tag","embeddable":true,"href":"https:\/\/inclusivenews.com.br\/index.php?rest_route=%2Fwp%2Fv2%2Ftags&post=12462"}],"curies":[{"name":"wp","href":"https:\/\/api.w.org\/{rel}","templated":true}]}}