{"id":12498,"date":"2009-11-18T20:38:55","date_gmt":"2009-11-18T23:38:55","guid":{"rendered":"http:\/\/www.inclusive.org.br\/?p=12498"},"modified":"2009-11-18T20:38:55","modified_gmt":"2009-11-18T23:38:55","slug":"20-anos-da-convencao-da-onu-dos-direitos-da-crianca","status":"publish","type":"post","link":"https:\/\/inclusivenews.com.br\/?p=12498","title":{"rendered":"20 anos da Conven\u00e7\u00e3o da ONU dos Direitos da Crian\u00e7a"},"content":{"rendered":"<p style=\"text-align: right;\"><strong>por Ariel de Castro Alves<\/strong><\/p>\n<p style=\"text-align: justify;\"><a href=\"http:\/\/www.inclusivenews.com.br\/wp-content\/uploads\/2009\/11\/11634.jpg\"><img loading=\"lazy\" decoding=\"async\" class=\"alignleft size-full wp-image-12515\" title=\"Ariel de Castro Alves.  Foto: Luciano Vicion\" src=\"http:\/\/inclusivenews.com.br\/wp-content\/uploads\/2009\/11\/11634.jpg\" alt=\"Ariel de Castro Alves. Foto: Luciano Vicion\" width=\"184\" height=\"184\" srcset=\"https:\/\/inclusivenews.com.br\/wp-content\/uploads\/2009\/11\/11634.jpg 184w, https:\/\/inclusivenews.com.br\/wp-content\/uploads\/2009\/11\/11634-150x150.jpg 150w\" sizes=\"auto, (max-width: 184px) 100vw, 184px\" \/><\/a>A Conven\u00e7\u00e3o sobre os Direitos da Crian\u00e7a foi adotada pela Assembl\u00e9ia Geral das Na\u00e7\u00f5es Unidas em 20 de novembro de 1989 e ratificada pelo Brasil em 1990. Ao todo, 192 pa\u00edses ratificaram a Conven\u00e7\u00e3o, com exce\u00e7\u00e3o dos Estados Unidos e da Som\u00e1lia.<br \/>\nA Conven\u00e7\u00e3o traz um conjunto de direitos fundamentais de crian\u00e7as e adolescentes, sendo considerado o tratado mais completo em mat\u00e9ria de direitos humanos. Sua import\u00e2ncia se deve pelo fato de provocar a mudan\u00e7a de pensamento sobre o papel da crian\u00e7a na sociedade moderna, visto que o p\u00fablico infanto-juvenil, at\u00e9 ent\u00e3o, n\u00e3o tinha seus direitos reconhecidos e garantidos.<br \/>\nO Brasil adotou plenamente a Conven\u00e7\u00e3o, no \u00e2mbito legislativo, atrav\u00e9s da Lei n\u00ba 8.069 de 1990- O Estatuto da Crian\u00e7a e do Adolescente, que completou 19 anos e, igualmente a Conven\u00e7\u00e3o, adota a doutrina da prote\u00e7\u00e3o integral, regulamentando o artigo 227 da Constitui\u00e7\u00e3o Federal de 1988.<\/p>\n<p style=\"text-align: justify;\">Nesses 20 anos de Conven\u00e7\u00e3o, devemos considerar os avan\u00e7os e os desafios do nosso Pa\u00eds. Dados do Minist\u00e9rio da Educa\u00e7\u00e3o e do UNICEF (Fundo das Na\u00e7\u00f5es Unidas para a Inf\u00e2ncia) demonstram a universaliza\u00e7\u00e3o do acesso \u00e0 educa\u00e7\u00e3o j\u00e1 que 98% das crian\u00e7as brasileiras est\u00e3o matriculadas no ensino fundamental e 82% dos adolescentes no ensino m\u00e9dio, mas \u00e9 not\u00f3ria a baixa qualidade do ensino em boa parte das escolas p\u00fablicas. Mais grave mesmo \u00e9 a falta de acesso ao ensino infantil. Segundo o \u00faltimo levantamento do IBGE (Instituto Brasileiro de Geografia e Estat\u00edsticas), feito em 2006, apenas 1,7 milh\u00e3o de alunos (15,5%) de um universo de cerca de 11 milh\u00f5es de crian\u00e7as, com idades de 0 a 3 anos, t\u00eam acesso ao ensino infantil.<\/p>\n<p style=\"text-align: justify;\">A OIT (Organiza\u00e7\u00e3o Internacional do Trabalho) afirma que 4,5 milh\u00f5es de crian\u00e7as s\u00e3o exploradas no trabalho infantil. Apesar desse alto n\u00famero, nos \u00faltimos 19 anos a redu\u00e7\u00e3o foi de 50%.<\/p>\n<p style=\"text-align: justify;\">O n\u00famero de partos realizados na rede p\u00fablica de sa\u00fade em meninas entre 10 a 19 anos caiu 30,6% nos \u00faltimos dez anos, demonstrando que as a\u00e7\u00f5es desenvolvidas no Sistema \u00danico de Sa\u00fade tiveram um impacto positivo.<\/p>\n<p style=\"text-align: justify;\">A mortalidade infantil tamb\u00e9m reduziu mais de 50% nos \u00faltimos 20 anos. Atualmente, em m\u00e9dia, s\u00e3o 21 mortes para cada grupo de 1.000 crian\u00e7as nascidas.<\/p>\n<p style=\"text-align: justify;\">Por\u00e9m, enquanto a mortalidade infantil diminuiu, as mortes violentas de crian\u00e7as e jovens aumentaram nos \u00faltimos anos. Relat\u00f3rio do UNICEF, divulgado em 2005, mostra que em m\u00e9dia, 16 crian\u00e7as e adolescentes s\u00e3o assassinados por dia no Pa\u00eds. Desde 2003, o disque &#8211; den\u00fancia contra a viol\u00eancia: Disque 100, recebeu mais de 100 mil den\u00fancias de maus-tratos, abusos e explora\u00e7\u00e3o sexual. Atualmente, s\u00e3o 92 den\u00fancias por dia. Levantamento recente feito pela Secretaria da Sa\u00fade do Estado de S\u00e3o Paulo apontou que 37,8% dos casos de viol\u00eancia atendidos nos servi\u00e7os p\u00fablicos de sa\u00fade do Estado referem-se a maus-tratos contra crian\u00e7as e adolescentes.<br \/>\nO estudo, que avaliou 3.111 ocorr\u00eancias de viol\u00eancia notificadas pelos servi\u00e7os entre janeiro e maio deste ano, revelou que 29,1% das v\u00edtimas t\u00eam menos de 14 anos. As meninas representam a maioria dos atendimentos: cerca de 60% do total. Em 93% dos casos, o agressor da crian\u00e7a \u00e9 homem.<\/p>\n<p style=\"text-align: justify;\">Os tipos de viol\u00eancia contra crian\u00e7as que prevaleceram foi a f\u00edsica, com 33% do total, e a sexual, com 29%, seguidas pela viol\u00eancia psicol\u00f3gica, com 19%, e a neglig\u00eancia que representou 17% dos casos.<\/p>\n<p style=\"text-align: justify;\">Lembrando o soci\u00f3logo Betinho: \u201cQuando uma sociedade deixa matar crian\u00e7as \u00e9 que come\u00e7ou o seu suic\u00eddio enquanto sociedade\u201d. Nesse contexto, certamente o enfrentamento \u00e0 viol\u00eancia \u00e9 o principal desafio dos pr\u00f3ximos 10 anos!<\/p>\n<p style=\"text-align: justify;\"><strong><br \/>\nAriel de Castro Alves<\/strong>, 32 anos, advogado, especialista em pol\u00edticas de seguran\u00e7a p\u00fablica pela PUC-SP, diretor presidente da Funda\u00e7\u00e3o Crian\u00e7a de S\u00e3o Bernardo do Campo, membro da Comiss\u00e3o da Crian\u00e7a e do Adolescente do Conselho Federal da OAB e conselheiro do Conselho Nacional dos Direitos da Crian\u00e7a e do Adolescente (CONANDA) e do Conselho Estadual dos Direitos da Pessoa Humana (CONDEPE- SP).<\/p>\n<p style=\"text-align: justify;\">____________________________<\/p>\n<p style=\"text-align: justify;\"><strong>Fonte de informa\u00e7\u00e3o:<\/strong> <a href=\"http:\/\/www.direitos.org.br\/index.php?option=com_content&amp;task=view&amp;id=5464&amp;Itemid=1\">FENDH <img loading=\"lazy\" decoding=\"async\" title=\"Link abrir\u00e1 em uma nova janela ou aba.\" src=\"http:\/\/www.inclusive.org.br\/images\/new_window.gif\" alt=\"Link abrir\u00e1 em uma nova janela ou aba.\" width=\"16\" height=\"14\" \/><\/a><\/p>\n","protected":false},"excerpt":{"rendered":"<p>A Conven\u00e7\u00e3o sobre os Direitos da Crian\u00e7a foi adotada pela Assembl\u00e9ia Geral das Na\u00e7\u00f5es Unidas em 20 de novembro de 1989 e ratificada pelo Brasil em 1990.<\/p>\n","protected":false},"author":1,"featured_media":0,"comment_status":"open","ping_status":"open","sticky":false,"template":"","format":"standard","meta":{"site-container-style":"default","site-container-layout":"default","site-sidebar-layout":"default","disable-article-header":"default","disable-site-header":"default","disable-site-footer":"default","disable-content-area-spacing":"default","footnotes":""},"categories":[11,49],"tags":[],"class_list":["post-12498","post","type-post","status-publish","format-standard","hentry","category-direitos-humanos","category-politicas-publicas"],"yoast_head":"<!-- This site is optimized with the Yoast SEO plugin v27.4 - https:\/\/yoast.com\/product\/yoast-seo-wordpress\/ -->\n<title>20 anos da Conven\u00e7\u00e3o da ONU dos Direitos da Crian\u00e7a -<\/title>\n<meta name=\"robots\" content=\"index, follow, max-snippet:-1, max-image-preview:large, max-video-preview:-1\" \/>\n<link rel=\"canonical\" href=\"https:\/\/inclusivenews.com.br\/?p=12498\" \/>\n<meta property=\"og:locale\" content=\"pt_PT\" \/>\n<meta property=\"og:type\" content=\"article\" \/>\n<meta property=\"og:title\" content=\"20 anos da Conven\u00e7\u00e3o da ONU dos Direitos da Crian\u00e7a -\" \/>\n<meta property=\"og:description\" content=\"A Conven\u00e7\u00e3o sobre os Direitos da Crian\u00e7a foi adotada pela Assembl\u00e9ia Geral das Na\u00e7\u00f5es Unidas em 20 de novembro de 1989 e ratificada pelo Brasil em 1990.\" \/>\n<meta property=\"og:url\" content=\"https:\/\/inclusivenews.com.br\/?p=12498\" \/>\n<meta property=\"article:publisher\" content=\"https:\/\/www.facebook.com\/agenciainclusive\/\" \/>\n<meta property=\"article:published_time\" content=\"2009-11-18T23:38:55+00:00\" \/>\n<meta property=\"og:image\" content=\"http:\/\/inclusivenews.com.br\/wp-content\/uploads\/2009\/11\/11634.jpg\" \/>\n<meta name=\"author\" content=\"inclusivenews2024\" \/>\n<meta name=\"twitter:card\" content=\"summary_large_image\" \/>\n<meta name=\"twitter:label1\" content=\"Escrito por\" \/>\n\t<meta name=\"twitter:data1\" content=\"inclusivenews2024\" \/>\n\t<meta name=\"twitter:label2\" content=\"Tempo estimado de leitura\" \/>\n\t<meta name=\"twitter:data2\" content=\"4 minutos\" \/>\n<script type=\"application\/ld+json\" class=\"yoast-schema-graph\">{\"@context\":\"https:\\\/\\\/schema.org\",\"@graph\":[{\"@type\":\"Article\",\"@id\":\"https:\\\/\\\/inclusivenews.com.br\\\/?p=12498#article\",\"isPartOf\":{\"@id\":\"https:\\\/\\\/inclusivenews.com.br\\\/?p=12498\"},\"author\":{\"name\":\"inclusivenews2024\",\"@id\":\"https:\\\/\\\/inclusivenews.com.br\\\/#\\\/schema\\\/person\\\/ae4ec7087559b8692fb33b6fffd2273b\"},\"headline\":\"20 anos da Conven\u00e7\u00e3o da ONU dos Direitos da Crian\u00e7a\",\"datePublished\":\"2009-11-18T23:38:55+00:00\",\"mainEntityOfPage\":{\"@id\":\"https:\\\/\\\/inclusivenews.com.br\\\/?p=12498\"},\"wordCount\":711,\"commentCount\":0,\"publisher\":{\"@id\":\"https:\\\/\\\/inclusivenews.com.br\\\/#organization\"},\"image\":{\"@id\":\"https:\\\/\\\/inclusivenews.com.br\\\/?p=12498#primaryimage\"},\"thumbnailUrl\":\"http:\\\/\\\/inclusivenews.com.br\\\/wp-content\\\/uploads\\\/2009\\\/11\\\/11634.jpg\",\"articleSection\":[\"DIREITOS HUMANOS\",\"Pol\u00edticas p\u00fablicas\"],\"inLanguage\":\"pt-PT\",\"potentialAction\":[{\"@type\":\"CommentAction\",\"name\":\"Comment\",\"target\":[\"https:\\\/\\\/inclusivenews.com.br\\\/?p=12498#respond\"]}]},{\"@type\":\"WebPage\",\"@id\":\"https:\\\/\\\/inclusivenews.com.br\\\/?p=12498\",\"url\":\"https:\\\/\\\/inclusivenews.com.br\\\/?p=12498\",\"name\":\"20 anos da Conven\u00e7\u00e3o da ONU dos Direitos da Crian\u00e7a -\",\"isPartOf\":{\"@id\":\"https:\\\/\\\/inclusivenews.com.br\\\/#website\"},\"primaryImageOfPage\":{\"@id\":\"https:\\\/\\\/inclusivenews.com.br\\\/?p=12498#primaryimage\"},\"image\":{\"@id\":\"https:\\\/\\\/inclusivenews.com.br\\\/?p=12498#primaryimage\"},\"thumbnailUrl\":\"http:\\\/\\\/inclusivenews.com.br\\\/wp-content\\\/uploads\\\/2009\\\/11\\\/11634.jpg\",\"datePublished\":\"2009-11-18T23:38:55+00:00\",\"breadcrumb\":{\"@id\":\"https:\\\/\\\/inclusivenews.com.br\\\/?p=12498#breadcrumb\"},\"inLanguage\":\"pt-PT\",\"potentialAction\":[{\"@type\":\"ReadAction\",\"target\":[\"https:\\\/\\\/inclusivenews.com.br\\\/?p=12498\"]}]},{\"@type\":\"ImageObject\",\"inLanguage\":\"pt-PT\",\"@id\":\"https:\\\/\\\/inclusivenews.com.br\\\/?p=12498#primaryimage\",\"url\":\"https:\\\/\\\/inclusivenews.com.br\\\/wp-content\\\/uploads\\\/2009\\\/11\\\/11634.jpg\",\"contentUrl\":\"https:\\\/\\\/inclusivenews.com.br\\\/wp-content\\\/uploads\\\/2009\\\/11\\\/11634.jpg\",\"width\":184,\"height\":184},{\"@type\":\"BreadcrumbList\",\"@id\":\"https:\\\/\\\/inclusivenews.com.br\\\/?p=12498#breadcrumb\",\"itemListElement\":[{\"@type\":\"ListItem\",\"position\":1,\"name\":\"In\u00edcio\",\"item\":\"https:\\\/\\\/inclusivenews.com.br\\\/\"},{\"@type\":\"ListItem\",\"position\":2,\"name\":\"20 anos da Conven\u00e7\u00e3o da ONU dos Direitos da Crian\u00e7a\"}]},{\"@type\":\"WebSite\",\"@id\":\"https:\\\/\\\/inclusivenews.com.br\\\/#website\",\"url\":\"https:\\\/\\\/inclusivenews.com.br\\\/\",\"name\":\"Inclusive News\",\"description\":\"Inclusive News\",\"publisher\":{\"@id\":\"https:\\\/\\\/inclusivenews.com.br\\\/#organization\"},\"potentialAction\":[{\"@type\":\"SearchAction\",\"target\":{\"@type\":\"EntryPoint\",\"urlTemplate\":\"https:\\\/\\\/inclusivenews.com.br\\\/?s={search_term_string}\"},\"query-input\":{\"@type\":\"PropertyValueSpecification\",\"valueRequired\":true,\"valueName\":\"search_term_string\"}}],\"inLanguage\":\"pt-PT\"},{\"@type\":\"Organization\",\"@id\":\"https:\\\/\\\/inclusivenews.com.br\\\/#organization\",\"name\":\"Inclusive - inclus\u00e3o e cidadania\",\"url\":\"https:\\\/\\\/inclusivenews.com.br\\\/\",\"logo\":{\"@type\":\"ImageObject\",\"inLanguage\":\"pt-PT\",\"@id\":\"https:\\\/\\\/inclusivenews.com.br\\\/#\\\/schema\\\/logo\\\/image\\\/\",\"url\":\"https:\\\/\\\/inclusivenews.com.br\\\/wp-content\\\/uploads\\\/2024\\\/03\\\/@grandesite.png\",\"contentUrl\":\"https:\\\/\\\/inclusivenews.com.br\\\/wp-content\\\/uploads\\\/2024\\\/03\\\/@grandesite.png\",\"width\":1080,\"height\":1080,\"caption\":\"Inclusive - inclus\u00e3o e cidadania\"},\"image\":{\"@id\":\"https:\\\/\\\/inclusivenews.com.br\\\/#\\\/schema\\\/logo\\\/image\\\/\"},\"sameAs\":[\"https:\\\/\\\/www.facebook.com\\\/agenciainclusive\\\/\",\"https:\\\/\\\/www.instagram.com\\\/newsinclusive\\\/\"]},{\"@type\":\"Person\",\"@id\":\"https:\\\/\\\/inclusivenews.com.br\\\/#\\\/schema\\\/person\\\/ae4ec7087559b8692fb33b6fffd2273b\",\"name\":\"inclusivenews2024\",\"image\":{\"@type\":\"ImageObject\",\"inLanguage\":\"pt-PT\",\"@id\":\"https:\\\/\\\/secure.gravatar.com\\\/avatar\\\/c5a7ef84c66fa914f55bc4f7ce26cfa275a3b9a1c5568b907bd184fb4dde7b40?s=96&d=mm&r=g\",\"url\":\"https:\\\/\\\/secure.gravatar.com\\\/avatar\\\/c5a7ef84c66fa914f55bc4f7ce26cfa275a3b9a1c5568b907bd184fb4dde7b40?s=96&d=mm&r=g\",\"contentUrl\":\"https:\\\/\\\/secure.gravatar.com\\\/avatar\\\/c5a7ef84c66fa914f55bc4f7ce26cfa275a3b9a1c5568b907bd184fb4dde7b40?s=96&d=mm&r=g\",\"caption\":\"inclusivenews2024\"},\"sameAs\":[\"https:\\\/\\\/inclusivenews.com.br\"],\"url\":\"https:\\\/\\\/inclusivenews.com.br\\\/?author=1\"}]}<\/script>\n<!-- \/ Yoast SEO plugin. -->","yoast_head_json":{"title":"20 anos da Conven\u00e7\u00e3o da ONU dos Direitos da Crian\u00e7a -","robots":{"index":"index","follow":"follow","max-snippet":"max-snippet:-1","max-image-preview":"max-image-preview:large","max-video-preview":"max-video-preview:-1"},"canonical":"https:\/\/inclusivenews.com.br\/?p=12498","og_locale":"pt_PT","og_type":"article","og_title":"20 anos da Conven\u00e7\u00e3o da ONU dos Direitos da Crian\u00e7a -","og_description":"A Conven\u00e7\u00e3o sobre os Direitos da Crian\u00e7a foi adotada pela Assembl\u00e9ia Geral das Na\u00e7\u00f5es Unidas em 20 de novembro de 1989 e ratificada pelo Brasil em 1990.","og_url":"https:\/\/inclusivenews.com.br\/?p=12498","article_publisher":"https:\/\/www.facebook.com\/agenciainclusive\/","article_published_time":"2009-11-18T23:38:55+00:00","og_image":[{"url":"http:\/\/inclusivenews.com.br\/wp-content\/uploads\/2009\/11\/11634.jpg","type":"","width":"","height":""}],"author":"inclusivenews2024","twitter_card":"summary_large_image","twitter_misc":{"Escrito por":"inclusivenews2024","Tempo estimado de leitura":"4 minutos"},"schema":{"@context":"https:\/\/schema.org","@graph":[{"@type":"Article","@id":"https:\/\/inclusivenews.com.br\/?p=12498#article","isPartOf":{"@id":"https:\/\/inclusivenews.com.br\/?p=12498"},"author":{"name":"inclusivenews2024","@id":"https:\/\/inclusivenews.com.br\/#\/schema\/person\/ae4ec7087559b8692fb33b6fffd2273b"},"headline":"20 anos da Conven\u00e7\u00e3o da ONU dos Direitos da Crian\u00e7a","datePublished":"2009-11-18T23:38:55+00:00","mainEntityOfPage":{"@id":"https:\/\/inclusivenews.com.br\/?p=12498"},"wordCount":711,"commentCount":0,"publisher":{"@id":"https:\/\/inclusivenews.com.br\/#organization"},"image":{"@id":"https:\/\/inclusivenews.com.br\/?p=12498#primaryimage"},"thumbnailUrl":"http:\/\/inclusivenews.com.br\/wp-content\/uploads\/2009\/11\/11634.jpg","articleSection":["DIREITOS HUMANOS","Pol\u00edticas p\u00fablicas"],"inLanguage":"pt-PT","potentialAction":[{"@type":"CommentAction","name":"Comment","target":["https:\/\/inclusivenews.com.br\/?p=12498#respond"]}]},{"@type":"WebPage","@id":"https:\/\/inclusivenews.com.br\/?p=12498","url":"https:\/\/inclusivenews.com.br\/?p=12498","name":"20 anos da Conven\u00e7\u00e3o da ONU dos Direitos da Crian\u00e7a -","isPartOf":{"@id":"https:\/\/inclusivenews.com.br\/#website"},"primaryImageOfPage":{"@id":"https:\/\/inclusivenews.com.br\/?p=12498#primaryimage"},"image":{"@id":"https:\/\/inclusivenews.com.br\/?p=12498#primaryimage"},"thumbnailUrl":"http:\/\/inclusivenews.com.br\/wp-content\/uploads\/2009\/11\/11634.jpg","datePublished":"2009-11-18T23:38:55+00:00","breadcrumb":{"@id":"https:\/\/inclusivenews.com.br\/?p=12498#breadcrumb"},"inLanguage":"pt-PT","potentialAction":[{"@type":"ReadAction","target":["https:\/\/inclusivenews.com.br\/?p=12498"]}]},{"@type":"ImageObject","inLanguage":"pt-PT","@id":"https:\/\/inclusivenews.com.br\/?p=12498#primaryimage","url":"https:\/\/inclusivenews.com.br\/wp-content\/uploads\/2009\/11\/11634.jpg","contentUrl":"https:\/\/inclusivenews.com.br\/wp-content\/uploads\/2009\/11\/11634.jpg","width":184,"height":184},{"@type":"BreadcrumbList","@id":"https:\/\/inclusivenews.com.br\/?p=12498#breadcrumb","itemListElement":[{"@type":"ListItem","position":1,"name":"In\u00edcio","item":"https:\/\/inclusivenews.com.br\/"},{"@type":"ListItem","position":2,"name":"20 anos da Conven\u00e7\u00e3o da ONU dos Direitos da Crian\u00e7a"}]},{"@type":"WebSite","@id":"https:\/\/inclusivenews.com.br\/#website","url":"https:\/\/inclusivenews.com.br\/","name":"Inclusive News","description":"Inclusive News","publisher":{"@id":"https:\/\/inclusivenews.com.br\/#organization"},"potentialAction":[{"@type":"SearchAction","target":{"@type":"EntryPoint","urlTemplate":"https:\/\/inclusivenews.com.br\/?s={search_term_string}"},"query-input":{"@type":"PropertyValueSpecification","valueRequired":true,"valueName":"search_term_string"}}],"inLanguage":"pt-PT"},{"@type":"Organization","@id":"https:\/\/inclusivenews.com.br\/#organization","name":"Inclusive - inclus\u00e3o e cidadania","url":"https:\/\/inclusivenews.com.br\/","logo":{"@type":"ImageObject","inLanguage":"pt-PT","@id":"https:\/\/inclusivenews.com.br\/#\/schema\/logo\/image\/","url":"https:\/\/inclusivenews.com.br\/wp-content\/uploads\/2024\/03\/@grandesite.png","contentUrl":"https:\/\/inclusivenews.com.br\/wp-content\/uploads\/2024\/03\/@grandesite.png","width":1080,"height":1080,"caption":"Inclusive - inclus\u00e3o e cidadania"},"image":{"@id":"https:\/\/inclusivenews.com.br\/#\/schema\/logo\/image\/"},"sameAs":["https:\/\/www.facebook.com\/agenciainclusive\/","https:\/\/www.instagram.com\/newsinclusive\/"]},{"@type":"Person","@id":"https:\/\/inclusivenews.com.br\/#\/schema\/person\/ae4ec7087559b8692fb33b6fffd2273b","name":"inclusivenews2024","image":{"@type":"ImageObject","inLanguage":"pt-PT","@id":"https:\/\/secure.gravatar.com\/avatar\/c5a7ef84c66fa914f55bc4f7ce26cfa275a3b9a1c5568b907bd184fb4dde7b40?s=96&d=mm&r=g","url":"https:\/\/secure.gravatar.com\/avatar\/c5a7ef84c66fa914f55bc4f7ce26cfa275a3b9a1c5568b907bd184fb4dde7b40?s=96&d=mm&r=g","contentUrl":"https:\/\/secure.gravatar.com\/avatar\/c5a7ef84c66fa914f55bc4f7ce26cfa275a3b9a1c5568b907bd184fb4dde7b40?s=96&d=mm&r=g","caption":"inclusivenews2024"},"sameAs":["https:\/\/inclusivenews.com.br"],"url":"https:\/\/inclusivenews.com.br\/?author=1"}]}},"_links":{"self":[{"href":"https:\/\/inclusivenews.com.br\/index.php?rest_route=\/wp\/v2\/posts\/12498","targetHints":{"allow":["GET"]}}],"collection":[{"href":"https:\/\/inclusivenews.com.br\/index.php?rest_route=\/wp\/v2\/posts"}],"about":[{"href":"https:\/\/inclusivenews.com.br\/index.php?rest_route=\/wp\/v2\/types\/post"}],"author":[{"embeddable":true,"href":"https:\/\/inclusivenews.com.br\/index.php?rest_route=\/wp\/v2\/users\/1"}],"replies":[{"embeddable":true,"href":"https:\/\/inclusivenews.com.br\/index.php?rest_route=%2Fwp%2Fv2%2Fcomments&post=12498"}],"version-history":[{"count":0,"href":"https:\/\/inclusivenews.com.br\/index.php?rest_route=\/wp\/v2\/posts\/12498\/revisions"}],"wp:attachment":[{"href":"https:\/\/inclusivenews.com.br\/index.php?rest_route=%2Fwp%2Fv2%2Fmedia&parent=12498"}],"wp:term":[{"taxonomy":"category","embeddable":true,"href":"https:\/\/inclusivenews.com.br\/index.php?rest_route=%2Fwp%2Fv2%2Fcategories&post=12498"},{"taxonomy":"post_tag","embeddable":true,"href":"https:\/\/inclusivenews.com.br\/index.php?rest_route=%2Fwp%2Fv2%2Ftags&post=12498"}],"curies":[{"name":"wp","href":"https:\/\/api.w.org\/{rel}","templated":true}]}}