{"id":12499,"date":"2009-11-18T20:34:09","date_gmt":"2009-11-18T23:34:09","guid":{"rendered":"http:\/\/www.inclusive.org.br\/?p=12499"},"modified":"2009-11-18T20:34:09","modified_gmt":"2009-11-18T23:34:09","slug":"mpfsp-quer-que-plano-de-saude-aceite-companheiro-homossexual-como-dependente","status":"publish","type":"post","link":"https:\/\/inclusivenews.com.br\/?p=12499","title":{"rendered":"MPF\/SP quer que plano de sa\u00fade aceite companheiro homossexual como dependente"},"content":{"rendered":"<p style=\"text-align: center;\"><em>Omint alega que n\u00e3o inclui parceiro do mesmo sexo como benefici\u00e1rio por \u201cfalta de previs\u00e3o legal\u201d; ANS tamb\u00e9m \u00e9 processada<\/em><\/p>\n<p style=\"text-align: justify;\"><a href=\"http:\/\/www.inclusivenews.com.br\/wp-content\/uploads\/2009\/11\/411.jpg\"><img loading=\"lazy\" decoding=\"async\" class=\"alignleft size-full wp-image-12513\" title=\"Jefferson Aparecido Dias. Foto: www.joseursilio.com.br\" src=\"http:\/\/inclusivenews.com.br\/wp-content\/uploads\/2009\/11\/411.jpg\" alt=\"Jefferson Aparecido Dias. Foto: www.joseursilio.com.br\" width=\"240\" height=\"240\" srcset=\"https:\/\/inclusivenews.com.br\/wp-content\/uploads\/2009\/11\/411.jpg 280w, https:\/\/inclusivenews.com.br\/wp-content\/uploads\/2009\/11\/411-150x150.jpg 150w\" sizes=\"auto, (max-width: 240px) 100vw, 240px\" \/><\/a>O Minist\u00e9rio P\u00fablico Federal em S\u00e3o Paulo (MPF\/SP) protocolou na segunda-feira, 16 de novembro, a\u00e7\u00e3o civil p\u00fablica <a href=\"http:\/\/www.prsp.mpf.gov.br\/prdc\/sala-de-imprensa\/pdfs-das-noticias\/ACP_Omint_ANS.pdf\">http:\/\/www.prsp.mpf.gov.br\/prdc\/sala-de-imprensa\/pdfs-das-noticias\/ACP_Omint_ANS.pdf<\/a>, com pedido de liminar, para que o plano de sa\u00fade Omint inclua companheiros homossexuais como dependentes do titular nos planos de sa\u00fade. A Omint alega que n\u00e3o inclui o companheiro do mesmo sexo como benefici\u00e1rio dependente do plano por \u201cfalta de previs\u00e3o legal\u201d.<\/p>\n<p style=\"text-align: justify;\">O procurador regional dos Direitos do Cidad\u00e3o Jefferson Aparecido Dias, autor da a\u00e7\u00e3o, entende que, com essa atitude, a empresa est\u00e1 ferindo os princ\u00edpios norteadores da Constitui\u00e7\u00e3o Federal, que consagram a dignidade da pessoa humana, a liberdade (de op\u00e7\u00e3o sexual), a promo\u00e7\u00e3o de bem de todos, a prote\u00e7\u00e3o \u00e0 sa\u00fade e a exclus\u00e3o de quaisquer formas de discrimina\u00e7\u00e3o.<\/p>\n<p style=\"text-align: justify;\">De acordo com o procurador, al\u00e9m da Constitui\u00e7\u00e3o, a Declara\u00e7\u00e3o dos Direitos Humanos, a Conven\u00e7\u00e3o Americana de Direitos Humanos (Pacto de San Jos\u00e9 da Costa Rica) e o Pacto Internacional de Direitos Econ\u00f4micos, Sociais e Culturais, dos quais o Brasil \u00e9 signat\u00e1rio e foram incorporados no ordenamento jur\u00eddico brasileiro, vedam a discrimina\u00e7\u00e3o sexual.<\/p>\n<p style=\"text-align: justify;\">\u201cO direito \u00e0 orienta\u00e7\u00e3o sexual deve ser considerado como essencial \u00e0 pessoa humana, como direito da personalidade, inserido dentro dentro dos direitos humanos, sendo inalien\u00e1vel, indispon\u00edvel, imprescind\u00edvel e intransmiss\u00edvel, cuja prote\u00e7\u00e3o \u00e9 indispens\u00e1vel para resguardar a dignidade da pessoa humana\u201d, ressaltou Dias.<\/p>\n<p style=\"text-align: justify;\">A ANS (Ag\u00eancia Nacional de Sa\u00fade) tamb\u00e9m \u00e9 processada e, na a\u00e7\u00e3o, \u00e9 pedido que o \u00f3rg\u00e3o fiscalize e penalize a Omint se a empresa n\u00e3o aceitar fazer planos de sa\u00fade para casais homossexuais.<\/p>\n<p style=\"text-align: justify;\">\u201cA uni\u00e3o homoafetiva \u00e9 uma realidade social e \u00e9 dever do Estado garantir o direito fundamental \u00e0 escolha sexual, mediante a garantia do tratamento ison\u00f4mico aos casais homossexuais, e determinar que a Omint permita a inclus\u00e3o dos companheiros (as) homossexuais como dependentes de plano de sa\u00fade do titular\u201d, destacou o procurador.<\/p>\n<p style=\"text-align: justify;\">Poder Judici\u00e1rio \u2013 Dias ressaltou que \u00e9 o Poder Judici\u00e1rio que vem sendo exigido para garantir que os homossexuais n\u00e3o sejam discriminados, assim como prev\u00ea a constitui\u00e7\u00e3o brasileira e os tratados internacionais ratificados pelo Brasil. _____________________________ * Fonte de informa\u00e7\u00e3o:* PFDC <a href=\"http:\/\/noticias.pgr.mpf.gov.br\/noticias\/noticias-do-site\/direitos-do-cidadao\/18-11-09-mpf-quer-que-plano-de-saude-aceite-companheiro-homossexual-como-dependente\">http:\/\/noticias.pgr.mpf.gov.br\/noticias\/noticias-do-site\/direitos-do-cidadao\/18-11-09-mpf-quer-que-plano-de-saude-aceite-companheiro-homossexual-como-dependente<\/a><\/p>\n","protected":false},"excerpt":{"rendered":"<p>Omint alega que n\u00e3o inclui parceiro do mesmo sexo como benefici\u00e1rio por \u201cfalta de previs\u00e3o legal\u201d; ANS tamb\u00e9m \u00e9 processada.<\/p>\n","protected":false},"author":1,"featured_media":0,"comment_status":"open","ping_status":"open","sticky":false,"template":"","format":"standard","meta":{"site-container-style":"default","site-container-layout":"default","site-sidebar-layout":"default","disable-article-header":"default","disable-site-header":"default","disable-site-footer":"default","disable-content-area-spacing":"default","footnotes":""},"categories":[26,4,41],"tags":[],"class_list":["post-12499","post","type-post","status-publish","format-standard","hentry","category-legislacao","category-noticias","category-preconceito"],"yoast_head":"<!-- This site is optimized with the Yoast SEO plugin v27.4 - https:\/\/yoast.com\/product\/yoast-seo-wordpress\/ -->\n<title>MPF\/SP quer que plano de sa\u00fade aceite companheiro homossexual como dependente -<\/title>\n<meta name=\"robots\" content=\"index, follow, max-snippet:-1, max-image-preview:large, max-video-preview:-1\" \/>\n<link rel=\"canonical\" href=\"https:\/\/inclusivenews.com.br\/?p=12499\" \/>\n<meta property=\"og:locale\" content=\"pt_PT\" \/>\n<meta property=\"og:type\" content=\"article\" \/>\n<meta property=\"og:title\" content=\"MPF\/SP quer que plano de sa\u00fade aceite companheiro homossexual como dependente -\" \/>\n<meta property=\"og:description\" content=\"Omint alega que n\u00e3o inclui parceiro do mesmo sexo como benefici\u00e1rio por \u201cfalta de previs\u00e3o legal\u201d; ANS tamb\u00e9m \u00e9 processada.\" \/>\n<meta property=\"og:url\" content=\"https:\/\/inclusivenews.com.br\/?p=12499\" \/>\n<meta property=\"article:publisher\" content=\"https:\/\/www.facebook.com\/agenciainclusive\/\" \/>\n<meta property=\"article:published_time\" content=\"2009-11-18T23:34:09+00:00\" \/>\n<meta property=\"og:image\" content=\"http:\/\/inclusivenews.com.br\/wp-content\/uploads\/2009\/11\/411.jpg\" \/>\n<meta name=\"author\" content=\"inclusivenews2024\" \/>\n<meta name=\"twitter:card\" content=\"summary_large_image\" \/>\n<meta name=\"twitter:label1\" content=\"Escrito por\" \/>\n\t<meta name=\"twitter:data1\" content=\"inclusivenews2024\" \/>\n\t<meta name=\"twitter:label2\" content=\"Tempo estimado de leitura\" \/>\n\t<meta name=\"twitter:data2\" content=\"2 minutos\" \/>\n<script type=\"application\/ld+json\" class=\"yoast-schema-graph\">{\"@context\":\"https:\\\/\\\/schema.org\",\"@graph\":[{\"@type\":\"Article\",\"@id\":\"https:\\\/\\\/inclusivenews.com.br\\\/?p=12499#article\",\"isPartOf\":{\"@id\":\"https:\\\/\\\/inclusivenews.com.br\\\/?p=12499\"},\"author\":{\"name\":\"inclusivenews2024\",\"@id\":\"https:\\\/\\\/inclusivenews.com.br\\\/#\\\/schema\\\/person\\\/ae4ec7087559b8692fb33b6fffd2273b\"},\"headline\":\"MPF\\\/SP quer que plano de sa\u00fade aceite companheiro homossexual como dependente\",\"datePublished\":\"2009-11-18T23:34:09+00:00\",\"mainEntityOfPage\":{\"@id\":\"https:\\\/\\\/inclusivenews.com.br\\\/?p=12499\"},\"wordCount\":437,\"commentCount\":0,\"publisher\":{\"@id\":\"https:\\\/\\\/inclusivenews.com.br\\\/#organization\"},\"image\":{\"@id\":\"https:\\\/\\\/inclusivenews.com.br\\\/?p=12499#primaryimage\"},\"thumbnailUrl\":\"http:\\\/\\\/inclusivenews.com.br\\\/wp-content\\\/uploads\\\/2009\\\/11\\\/411.jpg\",\"articleSection\":[\"Legisla\u00e7\u00e3o ...\",\"NOT\u00cdCIAS\",\"Preconceito\"],\"inLanguage\":\"pt-PT\",\"potentialAction\":[{\"@type\":\"CommentAction\",\"name\":\"Comment\",\"target\":[\"https:\\\/\\\/inclusivenews.com.br\\\/?p=12499#respond\"]}]},{\"@type\":\"WebPage\",\"@id\":\"https:\\\/\\\/inclusivenews.com.br\\\/?p=12499\",\"url\":\"https:\\\/\\\/inclusivenews.com.br\\\/?p=12499\",\"name\":\"MPF\\\/SP quer que plano de sa\u00fade aceite companheiro homossexual como dependente -\",\"isPartOf\":{\"@id\":\"https:\\\/\\\/inclusivenews.com.br\\\/#website\"},\"primaryImageOfPage\":{\"@id\":\"https:\\\/\\\/inclusivenews.com.br\\\/?p=12499#primaryimage\"},\"image\":{\"@id\":\"https:\\\/\\\/inclusivenews.com.br\\\/?p=12499#primaryimage\"},\"thumbnailUrl\":\"http:\\\/\\\/inclusivenews.com.br\\\/wp-content\\\/uploads\\\/2009\\\/11\\\/411.jpg\",\"datePublished\":\"2009-11-18T23:34:09+00:00\",\"breadcrumb\":{\"@id\":\"https:\\\/\\\/inclusivenews.com.br\\\/?p=12499#breadcrumb\"},\"inLanguage\":\"pt-PT\",\"potentialAction\":[{\"@type\":\"ReadAction\",\"target\":[\"https:\\\/\\\/inclusivenews.com.br\\\/?p=12499\"]}]},{\"@type\":\"ImageObject\",\"inLanguage\":\"pt-PT\",\"@id\":\"https:\\\/\\\/inclusivenews.com.br\\\/?p=12499#primaryimage\",\"url\":\"https:\\\/\\\/inclusivenews.com.br\\\/wp-content\\\/uploads\\\/2009\\\/11\\\/411.jpg\",\"contentUrl\":\"https:\\\/\\\/inclusivenews.com.br\\\/wp-content\\\/uploads\\\/2009\\\/11\\\/411.jpg\",\"width\":280,\"height\":280},{\"@type\":\"BreadcrumbList\",\"@id\":\"https:\\\/\\\/inclusivenews.com.br\\\/?p=12499#breadcrumb\",\"itemListElement\":[{\"@type\":\"ListItem\",\"position\":1,\"name\":\"In\u00edcio\",\"item\":\"https:\\\/\\\/inclusivenews.com.br\\\/\"},{\"@type\":\"ListItem\",\"position\":2,\"name\":\"MPF\\\/SP quer que plano de sa\u00fade aceite companheiro homossexual como dependente\"}]},{\"@type\":\"WebSite\",\"@id\":\"https:\\\/\\\/inclusivenews.com.br\\\/#website\",\"url\":\"https:\\\/\\\/inclusivenews.com.br\\\/\",\"name\":\"Inclusive News\",\"description\":\"Inclusive News\",\"publisher\":{\"@id\":\"https:\\\/\\\/inclusivenews.com.br\\\/#organization\"},\"potentialAction\":[{\"@type\":\"SearchAction\",\"target\":{\"@type\":\"EntryPoint\",\"urlTemplate\":\"https:\\\/\\\/inclusivenews.com.br\\\/?s={search_term_string}\"},\"query-input\":{\"@type\":\"PropertyValueSpecification\",\"valueRequired\":true,\"valueName\":\"search_term_string\"}}],\"inLanguage\":\"pt-PT\"},{\"@type\":\"Organization\",\"@id\":\"https:\\\/\\\/inclusivenews.com.br\\\/#organization\",\"name\":\"Inclusive - inclus\u00e3o e cidadania\",\"url\":\"https:\\\/\\\/inclusivenews.com.br\\\/\",\"logo\":{\"@type\":\"ImageObject\",\"inLanguage\":\"pt-PT\",\"@id\":\"https:\\\/\\\/inclusivenews.com.br\\\/#\\\/schema\\\/logo\\\/image\\\/\",\"url\":\"https:\\\/\\\/inclusivenews.com.br\\\/wp-content\\\/uploads\\\/2024\\\/03\\\/@grandesite.png\",\"contentUrl\":\"https:\\\/\\\/inclusivenews.com.br\\\/wp-content\\\/uploads\\\/2024\\\/03\\\/@grandesite.png\",\"width\":1080,\"height\":1080,\"caption\":\"Inclusive - inclus\u00e3o e cidadania\"},\"image\":{\"@id\":\"https:\\\/\\\/inclusivenews.com.br\\\/#\\\/schema\\\/logo\\\/image\\\/\"},\"sameAs\":[\"https:\\\/\\\/www.facebook.com\\\/agenciainclusive\\\/\",\"https:\\\/\\\/www.instagram.com\\\/newsinclusive\\\/\"]},{\"@type\":\"Person\",\"@id\":\"https:\\\/\\\/inclusivenews.com.br\\\/#\\\/schema\\\/person\\\/ae4ec7087559b8692fb33b6fffd2273b\",\"name\":\"inclusivenews2024\",\"image\":{\"@type\":\"ImageObject\",\"inLanguage\":\"pt-PT\",\"@id\":\"https:\\\/\\\/secure.gravatar.com\\\/avatar\\\/c5a7ef84c66fa914f55bc4f7ce26cfa275a3b9a1c5568b907bd184fb4dde7b40?s=96&d=mm&r=g\",\"url\":\"https:\\\/\\\/secure.gravatar.com\\\/avatar\\\/c5a7ef84c66fa914f55bc4f7ce26cfa275a3b9a1c5568b907bd184fb4dde7b40?s=96&d=mm&r=g\",\"contentUrl\":\"https:\\\/\\\/secure.gravatar.com\\\/avatar\\\/c5a7ef84c66fa914f55bc4f7ce26cfa275a3b9a1c5568b907bd184fb4dde7b40?s=96&d=mm&r=g\",\"caption\":\"inclusivenews2024\"},\"sameAs\":[\"https:\\\/\\\/inclusivenews.com.br\"],\"url\":\"https:\\\/\\\/inclusivenews.com.br\\\/?author=1\"}]}<\/script>\n<!-- \/ Yoast SEO plugin. -->","yoast_head_json":{"title":"MPF\/SP quer que plano de sa\u00fade aceite companheiro homossexual como dependente -","robots":{"index":"index","follow":"follow","max-snippet":"max-snippet:-1","max-image-preview":"max-image-preview:large","max-video-preview":"max-video-preview:-1"},"canonical":"https:\/\/inclusivenews.com.br\/?p=12499","og_locale":"pt_PT","og_type":"article","og_title":"MPF\/SP quer que plano de sa\u00fade aceite companheiro homossexual como dependente -","og_description":"Omint alega que n\u00e3o inclui parceiro do mesmo sexo como benefici\u00e1rio por \u201cfalta de previs\u00e3o legal\u201d; ANS tamb\u00e9m \u00e9 processada.","og_url":"https:\/\/inclusivenews.com.br\/?p=12499","article_publisher":"https:\/\/www.facebook.com\/agenciainclusive\/","article_published_time":"2009-11-18T23:34:09+00:00","og_image":[{"url":"http:\/\/inclusivenews.com.br\/wp-content\/uploads\/2009\/11\/411.jpg","type":"","width":"","height":""}],"author":"inclusivenews2024","twitter_card":"summary_large_image","twitter_misc":{"Escrito por":"inclusivenews2024","Tempo estimado de leitura":"2 minutos"},"schema":{"@context":"https:\/\/schema.org","@graph":[{"@type":"Article","@id":"https:\/\/inclusivenews.com.br\/?p=12499#article","isPartOf":{"@id":"https:\/\/inclusivenews.com.br\/?p=12499"},"author":{"name":"inclusivenews2024","@id":"https:\/\/inclusivenews.com.br\/#\/schema\/person\/ae4ec7087559b8692fb33b6fffd2273b"},"headline":"MPF\/SP quer que plano de sa\u00fade aceite companheiro homossexual como dependente","datePublished":"2009-11-18T23:34:09+00:00","mainEntityOfPage":{"@id":"https:\/\/inclusivenews.com.br\/?p=12499"},"wordCount":437,"commentCount":0,"publisher":{"@id":"https:\/\/inclusivenews.com.br\/#organization"},"image":{"@id":"https:\/\/inclusivenews.com.br\/?p=12499#primaryimage"},"thumbnailUrl":"http:\/\/inclusivenews.com.br\/wp-content\/uploads\/2009\/11\/411.jpg","articleSection":["Legisla\u00e7\u00e3o ...","NOT\u00cdCIAS","Preconceito"],"inLanguage":"pt-PT","potentialAction":[{"@type":"CommentAction","name":"Comment","target":["https:\/\/inclusivenews.com.br\/?p=12499#respond"]}]},{"@type":"WebPage","@id":"https:\/\/inclusivenews.com.br\/?p=12499","url":"https:\/\/inclusivenews.com.br\/?p=12499","name":"MPF\/SP quer que plano de sa\u00fade aceite companheiro homossexual como dependente -","isPartOf":{"@id":"https:\/\/inclusivenews.com.br\/#website"},"primaryImageOfPage":{"@id":"https:\/\/inclusivenews.com.br\/?p=12499#primaryimage"},"image":{"@id":"https:\/\/inclusivenews.com.br\/?p=12499#primaryimage"},"thumbnailUrl":"http:\/\/inclusivenews.com.br\/wp-content\/uploads\/2009\/11\/411.jpg","datePublished":"2009-11-18T23:34:09+00:00","breadcrumb":{"@id":"https:\/\/inclusivenews.com.br\/?p=12499#breadcrumb"},"inLanguage":"pt-PT","potentialAction":[{"@type":"ReadAction","target":["https:\/\/inclusivenews.com.br\/?p=12499"]}]},{"@type":"ImageObject","inLanguage":"pt-PT","@id":"https:\/\/inclusivenews.com.br\/?p=12499#primaryimage","url":"https:\/\/inclusivenews.com.br\/wp-content\/uploads\/2009\/11\/411.jpg","contentUrl":"https:\/\/inclusivenews.com.br\/wp-content\/uploads\/2009\/11\/411.jpg","width":280,"height":280},{"@type":"BreadcrumbList","@id":"https:\/\/inclusivenews.com.br\/?p=12499#breadcrumb","itemListElement":[{"@type":"ListItem","position":1,"name":"In\u00edcio","item":"https:\/\/inclusivenews.com.br\/"},{"@type":"ListItem","position":2,"name":"MPF\/SP quer que plano de sa\u00fade aceite companheiro homossexual como dependente"}]},{"@type":"WebSite","@id":"https:\/\/inclusivenews.com.br\/#website","url":"https:\/\/inclusivenews.com.br\/","name":"Inclusive News","description":"Inclusive News","publisher":{"@id":"https:\/\/inclusivenews.com.br\/#organization"},"potentialAction":[{"@type":"SearchAction","target":{"@type":"EntryPoint","urlTemplate":"https:\/\/inclusivenews.com.br\/?s={search_term_string}"},"query-input":{"@type":"PropertyValueSpecification","valueRequired":true,"valueName":"search_term_string"}}],"inLanguage":"pt-PT"},{"@type":"Organization","@id":"https:\/\/inclusivenews.com.br\/#organization","name":"Inclusive - inclus\u00e3o e cidadania","url":"https:\/\/inclusivenews.com.br\/","logo":{"@type":"ImageObject","inLanguage":"pt-PT","@id":"https:\/\/inclusivenews.com.br\/#\/schema\/logo\/image\/","url":"https:\/\/inclusivenews.com.br\/wp-content\/uploads\/2024\/03\/@grandesite.png","contentUrl":"https:\/\/inclusivenews.com.br\/wp-content\/uploads\/2024\/03\/@grandesite.png","width":1080,"height":1080,"caption":"Inclusive - inclus\u00e3o e cidadania"},"image":{"@id":"https:\/\/inclusivenews.com.br\/#\/schema\/logo\/image\/"},"sameAs":["https:\/\/www.facebook.com\/agenciainclusive\/","https:\/\/www.instagram.com\/newsinclusive\/"]},{"@type":"Person","@id":"https:\/\/inclusivenews.com.br\/#\/schema\/person\/ae4ec7087559b8692fb33b6fffd2273b","name":"inclusivenews2024","image":{"@type":"ImageObject","inLanguage":"pt-PT","@id":"https:\/\/secure.gravatar.com\/avatar\/c5a7ef84c66fa914f55bc4f7ce26cfa275a3b9a1c5568b907bd184fb4dde7b40?s=96&d=mm&r=g","url":"https:\/\/secure.gravatar.com\/avatar\/c5a7ef84c66fa914f55bc4f7ce26cfa275a3b9a1c5568b907bd184fb4dde7b40?s=96&d=mm&r=g","contentUrl":"https:\/\/secure.gravatar.com\/avatar\/c5a7ef84c66fa914f55bc4f7ce26cfa275a3b9a1c5568b907bd184fb4dde7b40?s=96&d=mm&r=g","caption":"inclusivenews2024"},"sameAs":["https:\/\/inclusivenews.com.br"],"url":"https:\/\/inclusivenews.com.br\/?author=1"}]}},"_links":{"self":[{"href":"https:\/\/inclusivenews.com.br\/index.php?rest_route=\/wp\/v2\/posts\/12499","targetHints":{"allow":["GET"]}}],"collection":[{"href":"https:\/\/inclusivenews.com.br\/index.php?rest_route=\/wp\/v2\/posts"}],"about":[{"href":"https:\/\/inclusivenews.com.br\/index.php?rest_route=\/wp\/v2\/types\/post"}],"author":[{"embeddable":true,"href":"https:\/\/inclusivenews.com.br\/index.php?rest_route=\/wp\/v2\/users\/1"}],"replies":[{"embeddable":true,"href":"https:\/\/inclusivenews.com.br\/index.php?rest_route=%2Fwp%2Fv2%2Fcomments&post=12499"}],"version-history":[{"count":0,"href":"https:\/\/inclusivenews.com.br\/index.php?rest_route=\/wp\/v2\/posts\/12499\/revisions"}],"wp:attachment":[{"href":"https:\/\/inclusivenews.com.br\/index.php?rest_route=%2Fwp%2Fv2%2Fmedia&parent=12499"}],"wp:term":[{"taxonomy":"category","embeddable":true,"href":"https:\/\/inclusivenews.com.br\/index.php?rest_route=%2Fwp%2Fv2%2Fcategories&post=12499"},{"taxonomy":"post_tag","embeddable":true,"href":"https:\/\/inclusivenews.com.br\/index.php?rest_route=%2Fwp%2Fv2%2Ftags&post=12499"}],"curies":[{"name":"wp","href":"https:\/\/api.w.org\/{rel}","templated":true}]}}