{"id":12502,"date":"2009-11-18T19:58:26","date_gmt":"2009-11-18T22:58:26","guid":{"rendered":"http:\/\/www.inclusive.org.br\/?p=12502"},"modified":"2009-11-18T19:58:26","modified_gmt":"2009-11-18T22:58:26","slug":"estudantes-com-deficiencia-sao-impedidos-de-entrar-em-supermercado-em-sao-luis","status":"publish","type":"post","link":"https:\/\/inclusivenews.com.br\/?p=12502","title":{"rendered":"Estudantes com defici\u00eancia s\u00e3o impedidos de entrar em supermercado em S\u00e3o Lu\u00eds"},"content":{"rendered":"<p style=\"text-align: justify;\">O Art. 5\u00ba da Constitui\u00e7<a href=\"http:\/\/www.inclusivenews.com.br\/wp-content\/uploads\/2009\/11\/logo_Fbranco.jpg\"><img loading=\"lazy\" decoding=\"async\" class=\"alignleft size-full wp-image-12506\" title=\"ANDI\" src=\"http:\/\/inclusivenews.com.br\/wp-content\/uploads\/2009\/11\/logo_Fbranco.jpg\" alt=\"ANDI\" width=\"152\" height=\"152\" srcset=\"https:\/\/inclusivenews.com.br\/wp-content\/uploads\/2009\/11\/logo_Fbranco.jpg 152w, https:\/\/inclusivenews.com.br\/wp-content\/uploads\/2009\/11\/logo_Fbranco-150x150.jpg 150w\" sizes=\"auto, (max-width: 152px) 100vw, 152px\" \/><\/a>\u00e3o preconiza que Todos s\u00e3o iguais perante a lei, sem distin\u00e7\u00e3o de qualquer natureza, garantindo-se aos brasileiros e aos estrangeiros residentes no pa\u00eds a inviolabilidade do direito \u00e0 vida, \u00e0 liberdade, \u00e0 igualdade, \u00e0 seguran\u00e7a e \u00e0 propriedade. Segundo o Estatuto da Crian\u00e7a e do Adolescente (ECA) toda crian\u00e7a tem o respeito \u00e0 dignidade como pessoas humanas em processo de desenvolvimento e como sujeitos de direito civis, humanos e sociais.<\/p>\n<p style=\"text-align: justify;\">Na \u00faltima quinta-feira (22) a Rede de Supermercados Mateus (maior do estado) violou estes princ\u00edpios quando n\u00e3o permitiu que crian\u00e7as e adolescentes com defici\u00eancia permanecessem em um dos supermercados do grupo, localizado no bairro da Cohama, em S\u00e3o Lu\u00eds-MA.<\/p>\n<p style=\"text-align: justify;\">Segundo Gard\u00eania Maria Araujo, m\u00e3e de uma das crian\u00e7as, a escola que as crian\u00e7as estudam estava realizando a semana de inclus\u00e3o social e decidiu levar as crian\u00e7as para fazer compras nos supermercado. \u201cFomos fazer compras para o encerramento da semana, e n\u00e3o pedir nada l\u00e1. Chegamos todos empolgados com nossos filhos e os funcion\u00e1rios fizeram uma barreira de seguran\u00e7as para n\u00e3o entrarmos, me senti um lixo\u201d.<\/p>\n<p style=\"text-align: justify;\">As crian\u00e7as foram at\u00e9 o supermercado, acompanhadas por professores, pais e t\u00e9cnicos da escola \u2013 fisioterapeutas, enfermeiros, psic\u00f3logos \u2013 que estavam preparados para atend\u00ea-las diante de qualquer dificuldade, mas n\u00e3o conseguiram permanecer no local. De acordo com Raquel Castelo Branco, m\u00e3e de outro aluno, funcion\u00e1rios do supermercado alegaram que s\u00f3 poderiam entrar cinco crian\u00e7as.\u00a0 \u201cTentamos entrar no estabelecimento, e logo na entrada uma funcion\u00e1ria disse que n\u00e3o poder\u00edamos permanecer com crian\u00e7as com defici\u00eancia, pois precis\u00e1vamos de uma autoriza\u00e7\u00e3o\u201d.<\/p>\n<p style=\"text-align: justify;\">O que diz a Lei \u2013 O Art. 227 da Constitui\u00e7\u00e3o Federal estabelece que, \u00e9 dever da fam\u00edlia, da sociedade e do Estado assegurar \u00e0 crian\u00e7a e ao adolescente, com absoluta prioridade, o direito \u00e0 vida, \u00e0 sa\u00fade, \u00e0 alimenta\u00e7\u00e3o, \u00e0 educa\u00e7\u00e3o, ao lazer, \u00e0 profissionaliza\u00e7\u00e3o, \u00e0 cultura, \u00e0 dignidade, ao respeito, \u00e0 liberdade conviv\u00eancia familiar e comunit\u00e1ria, al\u00e9m de coloc\u00e1-los a salvo de toda forma de neglig\u00eancia, discrimina\u00e7\u00e3o, explora\u00e7\u00e3o, viol\u00eancia, crueldade e opress\u00e3o.<br \/>\nO ECA estabelece os casos de suspeita ou confirma\u00e7\u00e3o de maus-tratos contra crian\u00e7a ou adolescente ser\u00e3o obrigatoriamente comunicados ao Conselho Tutelar da respectiva localidade, sem preju\u00edzo de outras provid\u00eancias legais.<\/p>\n<p style=\"text-align: justify;\">A Assessoria de Comunica\u00e7\u00e3o do Grupo Mateus, Futura \u2013 Assessoria de Comunica\u00e7\u00e3o, disse que n\u00e3o poderia se pronunciar sobre o assunto, mas que os tr\u00eas funcion\u00e1rios envolvidos no incidente foram afastados do cargo, e que o pr\u00f3prio dono da Rede, tinha ido at\u00e9 a escola das crian\u00e7as, conversar com os professores e a diretoria e que, inclusive, se reuniu com os pais e respons\u00e1veis das crian\u00e7as na \u00faltima quarta-feira (28).<\/p>\n<p style=\"text-align: justify;\">O presidente do Conselho Municipal dos Direitos da Pessoa Portadora de Defici\u00eancia, D\u00edlson Bessa tentou entrar em contato com a diretoria da escola, mas n\u00e3o conseguiu. \u201cEstamos tentando conversar com a diretoria da escola, mas eles afirmam que tiveram orienta\u00e7\u00e3o da Secretaria Estadual de Educa\u00e7\u00e3o para n\u00e3o falar sobre o caso, pois tudo n\u00e3o passou de um mal entendido\u201d, garantiu o presidente.<\/p>\n<p style=\"text-align: justify;\">O dono do supermercado foi na sexta-feira (23) na escola, para saber como poderia ajudar a resolver o ocorrido. \u201cPra mim \u00e9 um absurdo, hoje ele faz isso, mas n\u00e3o ser\u00e3o todos os dias que ele vai estar no supermercado para fiscalizar\u201d, afirma Raquel Oliveira.<\/p>\n<p style=\"text-align: justify;\">Perguntados sobre o caso, O Centro de Ensino de Educa\u00e7\u00e3o Especial Padre Jo\u00e3o Mohana, localizado no bairro do Vinhais, alegou, por interm\u00e9dio, da funcion\u00e1ria identificada por Rejane, que a escola n\u00e3o iria mais falar sobre o assunto. \u201cN\u00e3o podemos mais falar sobre este assunto, o caso j\u00e1 foi levado \u00e0 Secretaria Estadual de Educa\u00e7\u00e3o e as medidas cab\u00edveis j\u00e1 est\u00e3o sendo tomadas\u201d, afirmou a funcion\u00e1ria.<\/p>\n<p style=\"text-align: justify;\">O Conselho Municipal dos Direitos da Pessoa Portadora de Defici\u00eancia est\u00e1 juntando as informa\u00e7\u00f5es necess\u00e1rias para entrar em contato com os conselhos de direito das crian\u00e7as e adolescentes para posteriormente entrar com um boletim de ocorr\u00eancia na Delegacia de Prote\u00e7\u00e3o da Crian\u00e7a e do Adolescente (DPCA). \u201cJ\u00e1 estamos em contato com os respons\u00e1veis das crian\u00e7as, para marcar uma reuni\u00e3o e tentar levarmos este caso a DPCA\u201d.<br \/>\nMinist\u00e9rio P\u00fablico &#8211; O Minist\u00e9rio P\u00fablico do Maranh\u00e3o est\u00e1 investigando os motivos pelos quais os estudantes foram proibidos de entrar no supermercado. A den\u00fancia foi recebida pelo titular da 1\u00aa Promotoria de Justi\u00e7a da Inf\u00e2ncia e Juventude de S\u00e3o Lu\u00eds, M\u00e1rcio Thadeu Silva Marques, que encaminhou, na \u00faltima ter\u00e7a-feira, 27, o caso \u00e0 Promotoria de Justi\u00e7a de Crimes contra a Crian\u00e7a e o Adolescente.<\/p>\n<p style=\"text-align: justify;\">\u201cCrian\u00e7as e adolescentes, independentemente de condi\u00e7\u00e3o f\u00edsica, mental ou sensorial, s\u00e3o sempre sujeitos em condi\u00e7\u00e3o peculiar de desenvolvimento e devem ter atendimento baseado na prioridade absoluta de seus interesses em todos os locais e circunst\u00e2ncias. \u00c9 obriga\u00e7\u00e3o do Poder P\u00fablico, da fam\u00edlia, das empresas ou outras organiza\u00e7\u00f5es sociais atend\u00ea-los dentro do marco da dignidade da pessoa humana e dos direitos fundamentais\u201d, afirma o promotor de Justi\u00e7a M\u00e1rcio Thadeu Silva Marques.<\/p>\n<p style=\"text-align: justify;\">Silva Marques explica que a fam\u00edlia e a escola dos estudantes podem ingressar criminalmente na Justi\u00e7a para responsabilizar o funcion\u00e1rio que barrou a entrada do grupo no estabelecimento. Tamb\u00e9m cabe uma a\u00e7\u00e3o por danos morais coletivos contra a empresa, em fun\u00e7\u00e3o da atitude de seu funcion\u00e1rio.<\/p>\n<p style=\"text-align: justify;\">O caso est\u00e1 sob an\u00e1lise o promotor de Justi\u00e7a Washington Luiz Maciel Cantanhede, titular da Promotoria de Justi\u00e7a de Crimes contra a Crian\u00e7a e o Adolescente.<br \/>\n______________________________<\/p>\n<p style=\"text-align: justify;\"><strong>Fonte de informa\u00e7\u00e3o:<\/strong> <a href=\"http:\/\/www.andi.org.br\/noticias\/anmviewer.asp?a=24039&amp;z=18\">ANDI<\/a><\/p>\n","protected":false},"excerpt":{"rendered":"<p>Segundo o Estatuto da Crian\u00e7a e do Adolescente toda crian\u00e7a tem o respeito \u00e0 dignidade como pessoas humanas em processo de desenvolvimento.<\/p>\n","protected":false},"author":1,"featured_media":0,"comment_status":"open","ping_status":"open","sticky":false,"template":"","format":"standard","meta":{"site-container-style":"default","site-container-layout":"default","site-sidebar-layout":"default","disable-article-header":"default","disable-site-header":"default","disable-site-footer":"default","disable-content-area-spacing":"default","footnotes":""},"categories":[44,4,41],"tags":[],"class_list":["post-12502","post","type-post","status-publish","format-standard","hentry","category-acessibilidade","category-noticias","category-preconceito"],"yoast_head":"<!-- This site is optimized with the Yoast SEO plugin v27.4 - https:\/\/yoast.com\/product\/yoast-seo-wordpress\/ -->\n<title>Estudantes com defici\u00eancia s\u00e3o impedidos de entrar em supermercado em S\u00e3o Lu\u00eds -<\/title>\n<meta name=\"robots\" content=\"index, follow, max-snippet:-1, max-image-preview:large, max-video-preview:-1\" \/>\n<link rel=\"canonical\" href=\"https:\/\/inclusivenews.com.br\/?p=12502\" \/>\n<meta property=\"og:locale\" content=\"pt_PT\" \/>\n<meta property=\"og:type\" content=\"article\" \/>\n<meta property=\"og:title\" content=\"Estudantes com defici\u00eancia s\u00e3o impedidos de entrar em supermercado em S\u00e3o Lu\u00eds -\" \/>\n<meta property=\"og:description\" content=\"Segundo o Estatuto da Crian\u00e7a e do Adolescente toda crian\u00e7a tem o respeito \u00e0 dignidade como pessoas humanas em processo de desenvolvimento.\" \/>\n<meta property=\"og:url\" content=\"https:\/\/inclusivenews.com.br\/?p=12502\" \/>\n<meta property=\"article:publisher\" content=\"https:\/\/www.facebook.com\/agenciainclusive\/\" \/>\n<meta property=\"article:published_time\" content=\"2009-11-18T22:58:26+00:00\" \/>\n<meta property=\"og:image\" content=\"http:\/\/inclusivenews.com.br\/wp-content\/uploads\/2009\/11\/logo_Fbranco.jpg\" \/>\n<meta name=\"author\" content=\"inclusivenews2024\" \/>\n<meta name=\"twitter:card\" content=\"summary_large_image\" \/>\n<meta name=\"twitter:label1\" content=\"Escrito por\" \/>\n\t<meta name=\"twitter:data1\" content=\"inclusivenews2024\" \/>\n\t<meta name=\"twitter:label2\" content=\"Tempo estimado de leitura\" \/>\n\t<meta name=\"twitter:data2\" content=\"5 minutos\" \/>\n<script type=\"application\/ld+json\" class=\"yoast-schema-graph\">{\"@context\":\"https:\\\/\\\/schema.org\",\"@graph\":[{\"@type\":\"Article\",\"@id\":\"https:\\\/\\\/inclusivenews.com.br\\\/?p=12502#article\",\"isPartOf\":{\"@id\":\"https:\\\/\\\/inclusivenews.com.br\\\/?p=12502\"},\"author\":{\"name\":\"inclusivenews2024\",\"@id\":\"https:\\\/\\\/inclusivenews.com.br\\\/#\\\/schema\\\/person\\\/ae4ec7087559b8692fb33b6fffd2273b\"},\"headline\":\"Estudantes com defici\u00eancia s\u00e3o impedidos de entrar em supermercado em S\u00e3o Lu\u00eds\",\"datePublished\":\"2009-11-18T22:58:26+00:00\",\"mainEntityOfPage\":{\"@id\":\"https:\\\/\\\/inclusivenews.com.br\\\/?p=12502\"},\"wordCount\":1000,\"commentCount\":0,\"publisher\":{\"@id\":\"https:\\\/\\\/inclusivenews.com.br\\\/#organization\"},\"image\":{\"@id\":\"https:\\\/\\\/inclusivenews.com.br\\\/?p=12502#primaryimage\"},\"thumbnailUrl\":\"http:\\\/\\\/inclusivenews.com.br\\\/wp-content\\\/uploads\\\/2009\\\/11\\\/logo_Fbranco.jpg\",\"articleSection\":[\"ACESSIBILIDADE\",\"NOT\u00cdCIAS\",\"Preconceito\"],\"inLanguage\":\"pt-PT\",\"potentialAction\":[{\"@type\":\"CommentAction\",\"name\":\"Comment\",\"target\":[\"https:\\\/\\\/inclusivenews.com.br\\\/?p=12502#respond\"]}]},{\"@type\":\"WebPage\",\"@id\":\"https:\\\/\\\/inclusivenews.com.br\\\/?p=12502\",\"url\":\"https:\\\/\\\/inclusivenews.com.br\\\/?p=12502\",\"name\":\"Estudantes com defici\u00eancia s\u00e3o impedidos de entrar em supermercado em S\u00e3o Lu\u00eds -\",\"isPartOf\":{\"@id\":\"https:\\\/\\\/inclusivenews.com.br\\\/#website\"},\"primaryImageOfPage\":{\"@id\":\"https:\\\/\\\/inclusivenews.com.br\\\/?p=12502#primaryimage\"},\"image\":{\"@id\":\"https:\\\/\\\/inclusivenews.com.br\\\/?p=12502#primaryimage\"},\"thumbnailUrl\":\"http:\\\/\\\/inclusivenews.com.br\\\/wp-content\\\/uploads\\\/2009\\\/11\\\/logo_Fbranco.jpg\",\"datePublished\":\"2009-11-18T22:58:26+00:00\",\"breadcrumb\":{\"@id\":\"https:\\\/\\\/inclusivenews.com.br\\\/?p=12502#breadcrumb\"},\"inLanguage\":\"pt-PT\",\"potentialAction\":[{\"@type\":\"ReadAction\",\"target\":[\"https:\\\/\\\/inclusivenews.com.br\\\/?p=12502\"]}]},{\"@type\":\"ImageObject\",\"inLanguage\":\"pt-PT\",\"@id\":\"https:\\\/\\\/inclusivenews.com.br\\\/?p=12502#primaryimage\",\"url\":\"https:\\\/\\\/inclusivenews.com.br\\\/wp-content\\\/uploads\\\/2009\\\/11\\\/logo_Fbranco.jpg\",\"contentUrl\":\"https:\\\/\\\/inclusivenews.com.br\\\/wp-content\\\/uploads\\\/2009\\\/11\\\/logo_Fbranco.jpg\",\"width\":152,\"height\":152},{\"@type\":\"BreadcrumbList\",\"@id\":\"https:\\\/\\\/inclusivenews.com.br\\\/?p=12502#breadcrumb\",\"itemListElement\":[{\"@type\":\"ListItem\",\"position\":1,\"name\":\"In\u00edcio\",\"item\":\"https:\\\/\\\/inclusivenews.com.br\\\/\"},{\"@type\":\"ListItem\",\"position\":2,\"name\":\"Estudantes com defici\u00eancia s\u00e3o impedidos de entrar em supermercado em S\u00e3o Lu\u00eds\"}]},{\"@type\":\"WebSite\",\"@id\":\"https:\\\/\\\/inclusivenews.com.br\\\/#website\",\"url\":\"https:\\\/\\\/inclusivenews.com.br\\\/\",\"name\":\"Inclusive News\",\"description\":\"Inclusive News\",\"publisher\":{\"@id\":\"https:\\\/\\\/inclusivenews.com.br\\\/#organization\"},\"potentialAction\":[{\"@type\":\"SearchAction\",\"target\":{\"@type\":\"EntryPoint\",\"urlTemplate\":\"https:\\\/\\\/inclusivenews.com.br\\\/?s={search_term_string}\"},\"query-input\":{\"@type\":\"PropertyValueSpecification\",\"valueRequired\":true,\"valueName\":\"search_term_string\"}}],\"inLanguage\":\"pt-PT\"},{\"@type\":\"Organization\",\"@id\":\"https:\\\/\\\/inclusivenews.com.br\\\/#organization\",\"name\":\"Inclusive - inclus\u00e3o e cidadania\",\"url\":\"https:\\\/\\\/inclusivenews.com.br\\\/\",\"logo\":{\"@type\":\"ImageObject\",\"inLanguage\":\"pt-PT\",\"@id\":\"https:\\\/\\\/inclusivenews.com.br\\\/#\\\/schema\\\/logo\\\/image\\\/\",\"url\":\"https:\\\/\\\/inclusivenews.com.br\\\/wp-content\\\/uploads\\\/2024\\\/03\\\/@grandesite.png\",\"contentUrl\":\"https:\\\/\\\/inclusivenews.com.br\\\/wp-content\\\/uploads\\\/2024\\\/03\\\/@grandesite.png\",\"width\":1080,\"height\":1080,\"caption\":\"Inclusive - inclus\u00e3o e cidadania\"},\"image\":{\"@id\":\"https:\\\/\\\/inclusivenews.com.br\\\/#\\\/schema\\\/logo\\\/image\\\/\"},\"sameAs\":[\"https:\\\/\\\/www.facebook.com\\\/agenciainclusive\\\/\",\"https:\\\/\\\/www.instagram.com\\\/newsinclusive\\\/\"]},{\"@type\":\"Person\",\"@id\":\"https:\\\/\\\/inclusivenews.com.br\\\/#\\\/schema\\\/person\\\/ae4ec7087559b8692fb33b6fffd2273b\",\"name\":\"inclusivenews2024\",\"image\":{\"@type\":\"ImageObject\",\"inLanguage\":\"pt-PT\",\"@id\":\"https:\\\/\\\/secure.gravatar.com\\\/avatar\\\/c5a7ef84c66fa914f55bc4f7ce26cfa275a3b9a1c5568b907bd184fb4dde7b40?s=96&d=mm&r=g\",\"url\":\"https:\\\/\\\/secure.gravatar.com\\\/avatar\\\/c5a7ef84c66fa914f55bc4f7ce26cfa275a3b9a1c5568b907bd184fb4dde7b40?s=96&d=mm&r=g\",\"contentUrl\":\"https:\\\/\\\/secure.gravatar.com\\\/avatar\\\/c5a7ef84c66fa914f55bc4f7ce26cfa275a3b9a1c5568b907bd184fb4dde7b40?s=96&d=mm&r=g\",\"caption\":\"inclusivenews2024\"},\"sameAs\":[\"https:\\\/\\\/inclusivenews.com.br\"],\"url\":\"https:\\\/\\\/inclusivenews.com.br\\\/?author=1\"}]}<\/script>\n<!-- \/ Yoast SEO plugin. -->","yoast_head_json":{"title":"Estudantes com defici\u00eancia s\u00e3o impedidos de entrar em supermercado em S\u00e3o Lu\u00eds -","robots":{"index":"index","follow":"follow","max-snippet":"max-snippet:-1","max-image-preview":"max-image-preview:large","max-video-preview":"max-video-preview:-1"},"canonical":"https:\/\/inclusivenews.com.br\/?p=12502","og_locale":"pt_PT","og_type":"article","og_title":"Estudantes com defici\u00eancia s\u00e3o impedidos de entrar em supermercado em S\u00e3o Lu\u00eds -","og_description":"Segundo o Estatuto da Crian\u00e7a e do Adolescente toda crian\u00e7a tem o respeito \u00e0 dignidade como pessoas humanas em processo de desenvolvimento.","og_url":"https:\/\/inclusivenews.com.br\/?p=12502","article_publisher":"https:\/\/www.facebook.com\/agenciainclusive\/","article_published_time":"2009-11-18T22:58:26+00:00","og_image":[{"url":"http:\/\/inclusivenews.com.br\/wp-content\/uploads\/2009\/11\/logo_Fbranco.jpg","type":"","width":"","height":""}],"author":"inclusivenews2024","twitter_card":"summary_large_image","twitter_misc":{"Escrito por":"inclusivenews2024","Tempo estimado de leitura":"5 minutos"},"schema":{"@context":"https:\/\/schema.org","@graph":[{"@type":"Article","@id":"https:\/\/inclusivenews.com.br\/?p=12502#article","isPartOf":{"@id":"https:\/\/inclusivenews.com.br\/?p=12502"},"author":{"name":"inclusivenews2024","@id":"https:\/\/inclusivenews.com.br\/#\/schema\/person\/ae4ec7087559b8692fb33b6fffd2273b"},"headline":"Estudantes com defici\u00eancia s\u00e3o impedidos de entrar em supermercado em S\u00e3o Lu\u00eds","datePublished":"2009-11-18T22:58:26+00:00","mainEntityOfPage":{"@id":"https:\/\/inclusivenews.com.br\/?p=12502"},"wordCount":1000,"commentCount":0,"publisher":{"@id":"https:\/\/inclusivenews.com.br\/#organization"},"image":{"@id":"https:\/\/inclusivenews.com.br\/?p=12502#primaryimage"},"thumbnailUrl":"http:\/\/inclusivenews.com.br\/wp-content\/uploads\/2009\/11\/logo_Fbranco.jpg","articleSection":["ACESSIBILIDADE","NOT\u00cdCIAS","Preconceito"],"inLanguage":"pt-PT","potentialAction":[{"@type":"CommentAction","name":"Comment","target":["https:\/\/inclusivenews.com.br\/?p=12502#respond"]}]},{"@type":"WebPage","@id":"https:\/\/inclusivenews.com.br\/?p=12502","url":"https:\/\/inclusivenews.com.br\/?p=12502","name":"Estudantes com defici\u00eancia s\u00e3o impedidos de entrar em supermercado em S\u00e3o Lu\u00eds -","isPartOf":{"@id":"https:\/\/inclusivenews.com.br\/#website"},"primaryImageOfPage":{"@id":"https:\/\/inclusivenews.com.br\/?p=12502#primaryimage"},"image":{"@id":"https:\/\/inclusivenews.com.br\/?p=12502#primaryimage"},"thumbnailUrl":"http:\/\/inclusivenews.com.br\/wp-content\/uploads\/2009\/11\/logo_Fbranco.jpg","datePublished":"2009-11-18T22:58:26+00:00","breadcrumb":{"@id":"https:\/\/inclusivenews.com.br\/?p=12502#breadcrumb"},"inLanguage":"pt-PT","potentialAction":[{"@type":"ReadAction","target":["https:\/\/inclusivenews.com.br\/?p=12502"]}]},{"@type":"ImageObject","inLanguage":"pt-PT","@id":"https:\/\/inclusivenews.com.br\/?p=12502#primaryimage","url":"https:\/\/inclusivenews.com.br\/wp-content\/uploads\/2009\/11\/logo_Fbranco.jpg","contentUrl":"https:\/\/inclusivenews.com.br\/wp-content\/uploads\/2009\/11\/logo_Fbranco.jpg","width":152,"height":152},{"@type":"BreadcrumbList","@id":"https:\/\/inclusivenews.com.br\/?p=12502#breadcrumb","itemListElement":[{"@type":"ListItem","position":1,"name":"In\u00edcio","item":"https:\/\/inclusivenews.com.br\/"},{"@type":"ListItem","position":2,"name":"Estudantes com defici\u00eancia s\u00e3o impedidos de entrar em supermercado em S\u00e3o Lu\u00eds"}]},{"@type":"WebSite","@id":"https:\/\/inclusivenews.com.br\/#website","url":"https:\/\/inclusivenews.com.br\/","name":"Inclusive News","description":"Inclusive News","publisher":{"@id":"https:\/\/inclusivenews.com.br\/#organization"},"potentialAction":[{"@type":"SearchAction","target":{"@type":"EntryPoint","urlTemplate":"https:\/\/inclusivenews.com.br\/?s={search_term_string}"},"query-input":{"@type":"PropertyValueSpecification","valueRequired":true,"valueName":"search_term_string"}}],"inLanguage":"pt-PT"},{"@type":"Organization","@id":"https:\/\/inclusivenews.com.br\/#organization","name":"Inclusive - inclus\u00e3o e cidadania","url":"https:\/\/inclusivenews.com.br\/","logo":{"@type":"ImageObject","inLanguage":"pt-PT","@id":"https:\/\/inclusivenews.com.br\/#\/schema\/logo\/image\/","url":"https:\/\/inclusivenews.com.br\/wp-content\/uploads\/2024\/03\/@grandesite.png","contentUrl":"https:\/\/inclusivenews.com.br\/wp-content\/uploads\/2024\/03\/@grandesite.png","width":1080,"height":1080,"caption":"Inclusive - inclus\u00e3o e cidadania"},"image":{"@id":"https:\/\/inclusivenews.com.br\/#\/schema\/logo\/image\/"},"sameAs":["https:\/\/www.facebook.com\/agenciainclusive\/","https:\/\/www.instagram.com\/newsinclusive\/"]},{"@type":"Person","@id":"https:\/\/inclusivenews.com.br\/#\/schema\/person\/ae4ec7087559b8692fb33b6fffd2273b","name":"inclusivenews2024","image":{"@type":"ImageObject","inLanguage":"pt-PT","@id":"https:\/\/secure.gravatar.com\/avatar\/c5a7ef84c66fa914f55bc4f7ce26cfa275a3b9a1c5568b907bd184fb4dde7b40?s=96&d=mm&r=g","url":"https:\/\/secure.gravatar.com\/avatar\/c5a7ef84c66fa914f55bc4f7ce26cfa275a3b9a1c5568b907bd184fb4dde7b40?s=96&d=mm&r=g","contentUrl":"https:\/\/secure.gravatar.com\/avatar\/c5a7ef84c66fa914f55bc4f7ce26cfa275a3b9a1c5568b907bd184fb4dde7b40?s=96&d=mm&r=g","caption":"inclusivenews2024"},"sameAs":["https:\/\/inclusivenews.com.br"],"url":"https:\/\/inclusivenews.com.br\/?author=1"}]}},"_links":{"self":[{"href":"https:\/\/inclusivenews.com.br\/index.php?rest_route=\/wp\/v2\/posts\/12502","targetHints":{"allow":["GET"]}}],"collection":[{"href":"https:\/\/inclusivenews.com.br\/index.php?rest_route=\/wp\/v2\/posts"}],"about":[{"href":"https:\/\/inclusivenews.com.br\/index.php?rest_route=\/wp\/v2\/types\/post"}],"author":[{"embeddable":true,"href":"https:\/\/inclusivenews.com.br\/index.php?rest_route=\/wp\/v2\/users\/1"}],"replies":[{"embeddable":true,"href":"https:\/\/inclusivenews.com.br\/index.php?rest_route=%2Fwp%2Fv2%2Fcomments&post=12502"}],"version-history":[{"count":0,"href":"https:\/\/inclusivenews.com.br\/index.php?rest_route=\/wp\/v2\/posts\/12502\/revisions"}],"wp:attachment":[{"href":"https:\/\/inclusivenews.com.br\/index.php?rest_route=%2Fwp%2Fv2%2Fmedia&parent=12502"}],"wp:term":[{"taxonomy":"category","embeddable":true,"href":"https:\/\/inclusivenews.com.br\/index.php?rest_route=%2Fwp%2Fv2%2Fcategories&post=12502"},{"taxonomy":"post_tag","embeddable":true,"href":"https:\/\/inclusivenews.com.br\/index.php?rest_route=%2Fwp%2Fv2%2Ftags&post=12502"}],"curies":[{"name":"wp","href":"https:\/\/api.w.org\/{rel}","templated":true}]}}