{"id":12503,"date":"2009-11-18T15:18:14","date_gmt":"2009-11-18T18:18:14","guid":{"rendered":"http:\/\/www.inclusive.org.br\/?p=12503"},"modified":"2009-11-18T15:18:14","modified_gmt":"2009-11-18T18:18:14","slug":"adiada-votacao-de-projeto-que-criminaliza-preconceito-contra-idosos-deficientes-e-homossexuais","status":"publish","type":"post","link":"https:\/\/inclusivenews.com.br\/?p=12503","title":{"rendered":"Adiada vota\u00e7\u00e3o de projeto que criminaliza preconceito contra idosos, deficientes e  homossexuais"},"content":{"rendered":"<p style=\"text-align: justify;\"><a href=\"http:\/\/www.inclusivenews.com.br\/wp-content\/uploads\/2009\/11\/verImagem.aspx_.jpg\"><img loading=\"lazy\" decoding=\"async\" class=\"alignleft size-full wp-image-12507\" title=\"Ag\u00eancia Estado. Foto: Marcia Kalume\" src=\"http:\/\/inclusivenews.com.br\/wp-content\/uploads\/2009\/11\/verImagem.aspx_.jpg\" alt=\"Ag\u00eancia Estado. Foto: Marcia Kalume\" width=\"209\" height=\"209\" srcset=\"https:\/\/inclusivenews.com.br\/wp-content\/uploads\/2009\/11\/verImagem.aspx_.jpg 209w, https:\/\/inclusivenews.com.br\/wp-content\/uploads\/2009\/11\/verImagem.aspx_-150x150.jpg 150w\" sizes=\"auto, (max-width: 209px) 100vw, 209px\" \/><\/a>Foi concedido pedido de vista coletiva ao substitutivo da senadora F\u00e1tima Cleide (PT-RO) ao PLC 122\/06, que torna crime a discrimina\u00e7\u00e3o contra idosos, deficientes e homossexuais. A expectativa \u00e9 que a proposi\u00e7\u00e3o entre novamente em pauta na reuni\u00e3o da pr\u00f3xima semana.<\/p>\n<p style=\"text-align: justify;\">O projeto divide opini\u00f5es: os senadores Marcelo Crivella (PRB-RJ) e Magno Malta (PR-ES), por exemplo, temem que os religiosos possam ser punidos por ensinar a seus filhos que a homossexualidade \u00e9 um pecado, de acordo com valores religiosos. Malta afirma temer que se crie uma &#8220;casta&#8221; ao proteger pessoas que, segundo afirma, j\u00e1 tem direitos como cidad\u00e3os garantidos na Constitui\u00e7\u00e3o.<\/p>\n<p style=\"text-align: justify;\">J\u00e1 a relatora da proposta, senadora F\u00e1tima Cleide, salienta que a sociedade brasileira &#8220;n\u00e3o pode mais continuar se omitindo&#8221; diante da viol\u00eancia, f\u00edsica e psicol\u00f3gica, a que s\u00e3o submetidos os homossexuais. O presidente da CDH, senador Cristovam Buarque (PDT-DF), afirmou que o projeto j\u00e1 n\u00e3o se trata mais de homofobia, mas sim de &#8220;sociofobias&#8221;.<\/p>\n<p style=\"text-align: justify;\">A CDH dever\u00e1 realizar uma audi\u00eancia p\u00fablica para discutir o tema.<br \/>\n<strong>________________________________<br \/>\n<\/strong><\/p>\n<p style=\"text-align: justify;\"><strong>Fonte de informa\u00e7\u00e3o:<\/strong> <a href=\"http:\/\/www.senado.gov.br\/agencia\/verNoticia.aspx?codNoticia=97470&amp;codAplicativo=2\">Ag\u00eancia Senado <img loading=\"lazy\" decoding=\"async\" title=\"Link abrir\u00e1 em uma nova janela ou aba.\" src=\"http:\/\/www.inclusive.org.br\/images\/new_window.gif\" alt=\"Link abrir\u00e1 em uma nova janela ou aba.\" width=\"16\" height=\"14\" \/><\/a><\/p>\n","protected":false},"excerpt":{"rendered":"<p>Foi concedido pedido de vista coletiva ao substitutivo da senadora F\u00e1tima Cleide (PT-RO) ao PLC 122\/06, que torna crime a discrimina\u00e7\u00e3o contra idosos, deficientes&#8230;<\/p>\n","protected":false},"author":1,"featured_media":0,"comment_status":"open","ping_status":"open","sticky":false,"template":"","format":"standard","meta":{"site-container-style":"default","site-container-layout":"default","site-sidebar-layout":"default","disable-article-header":"default","disable-site-header":"default","disable-site-footer":"default","disable-content-area-spacing":"default","footnotes":""},"categories":[11,26,4,41],"tags":[],"class_list":["post-12503","post","type-post","status-publish","format-standard","hentry","category-direitos-humanos","category-legislacao","category-noticias","category-preconceito"],"yoast_head":"<!-- This site is optimized with the Yoast SEO plugin v27.4 - https:\/\/yoast.com\/product\/yoast-seo-wordpress\/ -->\n<title>Adiada vota\u00e7\u00e3o de projeto que criminaliza preconceito contra idosos, deficientes e homossexuais -<\/title>\n<meta name=\"robots\" content=\"index, follow, max-snippet:-1, max-image-preview:large, max-video-preview:-1\" \/>\n<link rel=\"canonical\" href=\"https:\/\/inclusivenews.com.br\/?p=12503\" \/>\n<meta property=\"og:locale\" content=\"pt_PT\" \/>\n<meta property=\"og:type\" content=\"article\" \/>\n<meta property=\"og:title\" content=\"Adiada vota\u00e7\u00e3o de projeto que criminaliza preconceito contra idosos, deficientes e homossexuais -\" \/>\n<meta property=\"og:description\" content=\"Foi concedido pedido de vista coletiva ao substitutivo da senadora F\u00e1tima Cleide (PT-RO) ao PLC 122\/06, que torna crime a discrimina\u00e7\u00e3o contra idosos, deficientes...\" \/>\n<meta property=\"og:url\" content=\"https:\/\/inclusivenews.com.br\/?p=12503\" \/>\n<meta property=\"article:publisher\" content=\"https:\/\/www.facebook.com\/agenciainclusive\/\" \/>\n<meta property=\"article:published_time\" content=\"2009-11-18T18:18:14+00:00\" \/>\n<meta property=\"og:image\" content=\"http:\/\/inclusivenews.com.br\/wp-content\/uploads\/2009\/11\/verImagem.aspx_.jpg\" \/>\n<meta name=\"author\" content=\"inclusivenews2024\" \/>\n<meta name=\"twitter:card\" content=\"summary_large_image\" \/>\n<meta name=\"twitter:label1\" content=\"Escrito por\" \/>\n\t<meta name=\"twitter:data1\" content=\"inclusivenews2024\" \/>\n\t<meta name=\"twitter:label2\" content=\"Tempo estimado de leitura\" \/>\n\t<meta name=\"twitter:data2\" content=\"1 minuto\" \/>\n<script type=\"application\/ld+json\" class=\"yoast-schema-graph\">{\"@context\":\"https:\\\/\\\/schema.org\",\"@graph\":[{\"@type\":\"Article\",\"@id\":\"https:\\\/\\\/inclusivenews.com.br\\\/?p=12503#article\",\"isPartOf\":{\"@id\":\"https:\\\/\\\/inclusivenews.com.br\\\/?p=12503\"},\"author\":{\"name\":\"inclusivenews2024\",\"@id\":\"https:\\\/\\\/inclusivenews.com.br\\\/#\\\/schema\\\/person\\\/ae4ec7087559b8692fb33b6fffd2273b\"},\"headline\":\"Adiada vota\u00e7\u00e3o de projeto que criminaliza preconceito contra idosos, deficientes e homossexuais\",\"datePublished\":\"2009-11-18T18:18:14+00:00\",\"mainEntityOfPage\":{\"@id\":\"https:\\\/\\\/inclusivenews.com.br\\\/?p=12503\"},\"wordCount\":200,\"commentCount\":0,\"publisher\":{\"@id\":\"https:\\\/\\\/inclusivenews.com.br\\\/#organization\"},\"image\":{\"@id\":\"https:\\\/\\\/inclusivenews.com.br\\\/?p=12503#primaryimage\"},\"thumbnailUrl\":\"http:\\\/\\\/inclusivenews.com.br\\\/wp-content\\\/uploads\\\/2009\\\/11\\\/verImagem.aspx_.jpg\",\"articleSection\":[\"DIREITOS HUMANOS\",\"Legisla\u00e7\u00e3o ...\",\"NOT\u00cdCIAS\",\"Preconceito\"],\"inLanguage\":\"pt-PT\",\"potentialAction\":[{\"@type\":\"CommentAction\",\"name\":\"Comment\",\"target\":[\"https:\\\/\\\/inclusivenews.com.br\\\/?p=12503#respond\"]}]},{\"@type\":\"WebPage\",\"@id\":\"https:\\\/\\\/inclusivenews.com.br\\\/?p=12503\",\"url\":\"https:\\\/\\\/inclusivenews.com.br\\\/?p=12503\",\"name\":\"Adiada vota\u00e7\u00e3o de projeto que criminaliza preconceito contra idosos, deficientes e homossexuais -\",\"isPartOf\":{\"@id\":\"https:\\\/\\\/inclusivenews.com.br\\\/#website\"},\"primaryImageOfPage\":{\"@id\":\"https:\\\/\\\/inclusivenews.com.br\\\/?p=12503#primaryimage\"},\"image\":{\"@id\":\"https:\\\/\\\/inclusivenews.com.br\\\/?p=12503#primaryimage\"},\"thumbnailUrl\":\"http:\\\/\\\/inclusivenews.com.br\\\/wp-content\\\/uploads\\\/2009\\\/11\\\/verImagem.aspx_.jpg\",\"datePublished\":\"2009-11-18T18:18:14+00:00\",\"breadcrumb\":{\"@id\":\"https:\\\/\\\/inclusivenews.com.br\\\/?p=12503#breadcrumb\"},\"inLanguage\":\"pt-PT\",\"potentialAction\":[{\"@type\":\"ReadAction\",\"target\":[\"https:\\\/\\\/inclusivenews.com.br\\\/?p=12503\"]}]},{\"@type\":\"ImageObject\",\"inLanguage\":\"pt-PT\",\"@id\":\"https:\\\/\\\/inclusivenews.com.br\\\/?p=12503#primaryimage\",\"url\":\"https:\\\/\\\/inclusivenews.com.br\\\/wp-content\\\/uploads\\\/2009\\\/11\\\/verImagem.aspx_.jpg\",\"contentUrl\":\"https:\\\/\\\/inclusivenews.com.br\\\/wp-content\\\/uploads\\\/2009\\\/11\\\/verImagem.aspx_.jpg\",\"width\":209,\"height\":209},{\"@type\":\"BreadcrumbList\",\"@id\":\"https:\\\/\\\/inclusivenews.com.br\\\/?p=12503#breadcrumb\",\"itemListElement\":[{\"@type\":\"ListItem\",\"position\":1,\"name\":\"In\u00edcio\",\"item\":\"https:\\\/\\\/inclusivenews.com.br\\\/\"},{\"@type\":\"ListItem\",\"position\":2,\"name\":\"Adiada vota\u00e7\u00e3o de projeto que criminaliza preconceito contra idosos, deficientes e homossexuais\"}]},{\"@type\":\"WebSite\",\"@id\":\"https:\\\/\\\/inclusivenews.com.br\\\/#website\",\"url\":\"https:\\\/\\\/inclusivenews.com.br\\\/\",\"name\":\"Inclusive News\",\"description\":\"Inclusive News\",\"publisher\":{\"@id\":\"https:\\\/\\\/inclusivenews.com.br\\\/#organization\"},\"potentialAction\":[{\"@type\":\"SearchAction\",\"target\":{\"@type\":\"EntryPoint\",\"urlTemplate\":\"https:\\\/\\\/inclusivenews.com.br\\\/?s={search_term_string}\"},\"query-input\":{\"@type\":\"PropertyValueSpecification\",\"valueRequired\":true,\"valueName\":\"search_term_string\"}}],\"inLanguage\":\"pt-PT\"},{\"@type\":\"Organization\",\"@id\":\"https:\\\/\\\/inclusivenews.com.br\\\/#organization\",\"name\":\"Inclusive - inclus\u00e3o e cidadania\",\"url\":\"https:\\\/\\\/inclusivenews.com.br\\\/\",\"logo\":{\"@type\":\"ImageObject\",\"inLanguage\":\"pt-PT\",\"@id\":\"https:\\\/\\\/inclusivenews.com.br\\\/#\\\/schema\\\/logo\\\/image\\\/\",\"url\":\"https:\\\/\\\/inclusivenews.com.br\\\/wp-content\\\/uploads\\\/2024\\\/03\\\/@grandesite.png\",\"contentUrl\":\"https:\\\/\\\/inclusivenews.com.br\\\/wp-content\\\/uploads\\\/2024\\\/03\\\/@grandesite.png\",\"width\":1080,\"height\":1080,\"caption\":\"Inclusive - inclus\u00e3o e cidadania\"},\"image\":{\"@id\":\"https:\\\/\\\/inclusivenews.com.br\\\/#\\\/schema\\\/logo\\\/image\\\/\"},\"sameAs\":[\"https:\\\/\\\/www.facebook.com\\\/agenciainclusive\\\/\",\"https:\\\/\\\/www.instagram.com\\\/newsinclusive\\\/\"]},{\"@type\":\"Person\",\"@id\":\"https:\\\/\\\/inclusivenews.com.br\\\/#\\\/schema\\\/person\\\/ae4ec7087559b8692fb33b6fffd2273b\",\"name\":\"inclusivenews2024\",\"image\":{\"@type\":\"ImageObject\",\"inLanguage\":\"pt-PT\",\"@id\":\"https:\\\/\\\/secure.gravatar.com\\\/avatar\\\/c5a7ef84c66fa914f55bc4f7ce26cfa275a3b9a1c5568b907bd184fb4dde7b40?s=96&d=mm&r=g\",\"url\":\"https:\\\/\\\/secure.gravatar.com\\\/avatar\\\/c5a7ef84c66fa914f55bc4f7ce26cfa275a3b9a1c5568b907bd184fb4dde7b40?s=96&d=mm&r=g\",\"contentUrl\":\"https:\\\/\\\/secure.gravatar.com\\\/avatar\\\/c5a7ef84c66fa914f55bc4f7ce26cfa275a3b9a1c5568b907bd184fb4dde7b40?s=96&d=mm&r=g\",\"caption\":\"inclusivenews2024\"},\"sameAs\":[\"https:\\\/\\\/inclusivenews.com.br\"],\"url\":\"https:\\\/\\\/inclusivenews.com.br\\\/?author=1\"}]}<\/script>\n<!-- \/ Yoast SEO plugin. -->","yoast_head_json":{"title":"Adiada vota\u00e7\u00e3o de projeto que criminaliza preconceito contra idosos, deficientes e homossexuais -","robots":{"index":"index","follow":"follow","max-snippet":"max-snippet:-1","max-image-preview":"max-image-preview:large","max-video-preview":"max-video-preview:-1"},"canonical":"https:\/\/inclusivenews.com.br\/?p=12503","og_locale":"pt_PT","og_type":"article","og_title":"Adiada vota\u00e7\u00e3o de projeto que criminaliza preconceito contra idosos, deficientes e homossexuais -","og_description":"Foi concedido pedido de vista coletiva ao substitutivo da senadora F\u00e1tima Cleide (PT-RO) ao PLC 122\/06, que torna crime a discrimina\u00e7\u00e3o contra idosos, deficientes...","og_url":"https:\/\/inclusivenews.com.br\/?p=12503","article_publisher":"https:\/\/www.facebook.com\/agenciainclusive\/","article_published_time":"2009-11-18T18:18:14+00:00","og_image":[{"url":"http:\/\/inclusivenews.com.br\/wp-content\/uploads\/2009\/11\/verImagem.aspx_.jpg","type":"","width":"","height":""}],"author":"inclusivenews2024","twitter_card":"summary_large_image","twitter_misc":{"Escrito por":"inclusivenews2024","Tempo estimado de leitura":"1 minuto"},"schema":{"@context":"https:\/\/schema.org","@graph":[{"@type":"Article","@id":"https:\/\/inclusivenews.com.br\/?p=12503#article","isPartOf":{"@id":"https:\/\/inclusivenews.com.br\/?p=12503"},"author":{"name":"inclusivenews2024","@id":"https:\/\/inclusivenews.com.br\/#\/schema\/person\/ae4ec7087559b8692fb33b6fffd2273b"},"headline":"Adiada vota\u00e7\u00e3o de projeto que criminaliza preconceito contra idosos, deficientes e homossexuais","datePublished":"2009-11-18T18:18:14+00:00","mainEntityOfPage":{"@id":"https:\/\/inclusivenews.com.br\/?p=12503"},"wordCount":200,"commentCount":0,"publisher":{"@id":"https:\/\/inclusivenews.com.br\/#organization"},"image":{"@id":"https:\/\/inclusivenews.com.br\/?p=12503#primaryimage"},"thumbnailUrl":"http:\/\/inclusivenews.com.br\/wp-content\/uploads\/2009\/11\/verImagem.aspx_.jpg","articleSection":["DIREITOS HUMANOS","Legisla\u00e7\u00e3o ...","NOT\u00cdCIAS","Preconceito"],"inLanguage":"pt-PT","potentialAction":[{"@type":"CommentAction","name":"Comment","target":["https:\/\/inclusivenews.com.br\/?p=12503#respond"]}]},{"@type":"WebPage","@id":"https:\/\/inclusivenews.com.br\/?p=12503","url":"https:\/\/inclusivenews.com.br\/?p=12503","name":"Adiada vota\u00e7\u00e3o de projeto que criminaliza preconceito contra idosos, deficientes e homossexuais -","isPartOf":{"@id":"https:\/\/inclusivenews.com.br\/#website"},"primaryImageOfPage":{"@id":"https:\/\/inclusivenews.com.br\/?p=12503#primaryimage"},"image":{"@id":"https:\/\/inclusivenews.com.br\/?p=12503#primaryimage"},"thumbnailUrl":"http:\/\/inclusivenews.com.br\/wp-content\/uploads\/2009\/11\/verImagem.aspx_.jpg","datePublished":"2009-11-18T18:18:14+00:00","breadcrumb":{"@id":"https:\/\/inclusivenews.com.br\/?p=12503#breadcrumb"},"inLanguage":"pt-PT","potentialAction":[{"@type":"ReadAction","target":["https:\/\/inclusivenews.com.br\/?p=12503"]}]},{"@type":"ImageObject","inLanguage":"pt-PT","@id":"https:\/\/inclusivenews.com.br\/?p=12503#primaryimage","url":"https:\/\/inclusivenews.com.br\/wp-content\/uploads\/2009\/11\/verImagem.aspx_.jpg","contentUrl":"https:\/\/inclusivenews.com.br\/wp-content\/uploads\/2009\/11\/verImagem.aspx_.jpg","width":209,"height":209},{"@type":"BreadcrumbList","@id":"https:\/\/inclusivenews.com.br\/?p=12503#breadcrumb","itemListElement":[{"@type":"ListItem","position":1,"name":"In\u00edcio","item":"https:\/\/inclusivenews.com.br\/"},{"@type":"ListItem","position":2,"name":"Adiada vota\u00e7\u00e3o de projeto que criminaliza preconceito contra idosos, deficientes e homossexuais"}]},{"@type":"WebSite","@id":"https:\/\/inclusivenews.com.br\/#website","url":"https:\/\/inclusivenews.com.br\/","name":"Inclusive News","description":"Inclusive News","publisher":{"@id":"https:\/\/inclusivenews.com.br\/#organization"},"potentialAction":[{"@type":"SearchAction","target":{"@type":"EntryPoint","urlTemplate":"https:\/\/inclusivenews.com.br\/?s={search_term_string}"},"query-input":{"@type":"PropertyValueSpecification","valueRequired":true,"valueName":"search_term_string"}}],"inLanguage":"pt-PT"},{"@type":"Organization","@id":"https:\/\/inclusivenews.com.br\/#organization","name":"Inclusive - inclus\u00e3o e cidadania","url":"https:\/\/inclusivenews.com.br\/","logo":{"@type":"ImageObject","inLanguage":"pt-PT","@id":"https:\/\/inclusivenews.com.br\/#\/schema\/logo\/image\/","url":"https:\/\/inclusivenews.com.br\/wp-content\/uploads\/2024\/03\/@grandesite.png","contentUrl":"https:\/\/inclusivenews.com.br\/wp-content\/uploads\/2024\/03\/@grandesite.png","width":1080,"height":1080,"caption":"Inclusive - inclus\u00e3o e cidadania"},"image":{"@id":"https:\/\/inclusivenews.com.br\/#\/schema\/logo\/image\/"},"sameAs":["https:\/\/www.facebook.com\/agenciainclusive\/","https:\/\/www.instagram.com\/newsinclusive\/"]},{"@type":"Person","@id":"https:\/\/inclusivenews.com.br\/#\/schema\/person\/ae4ec7087559b8692fb33b6fffd2273b","name":"inclusivenews2024","image":{"@type":"ImageObject","inLanguage":"pt-PT","@id":"https:\/\/secure.gravatar.com\/avatar\/c5a7ef84c66fa914f55bc4f7ce26cfa275a3b9a1c5568b907bd184fb4dde7b40?s=96&d=mm&r=g","url":"https:\/\/secure.gravatar.com\/avatar\/c5a7ef84c66fa914f55bc4f7ce26cfa275a3b9a1c5568b907bd184fb4dde7b40?s=96&d=mm&r=g","contentUrl":"https:\/\/secure.gravatar.com\/avatar\/c5a7ef84c66fa914f55bc4f7ce26cfa275a3b9a1c5568b907bd184fb4dde7b40?s=96&d=mm&r=g","caption":"inclusivenews2024"},"sameAs":["https:\/\/inclusivenews.com.br"],"url":"https:\/\/inclusivenews.com.br\/?author=1"}]}},"_links":{"self":[{"href":"https:\/\/inclusivenews.com.br\/index.php?rest_route=\/wp\/v2\/posts\/12503","targetHints":{"allow":["GET"]}}],"collection":[{"href":"https:\/\/inclusivenews.com.br\/index.php?rest_route=\/wp\/v2\/posts"}],"about":[{"href":"https:\/\/inclusivenews.com.br\/index.php?rest_route=\/wp\/v2\/types\/post"}],"author":[{"embeddable":true,"href":"https:\/\/inclusivenews.com.br\/index.php?rest_route=\/wp\/v2\/users\/1"}],"replies":[{"embeddable":true,"href":"https:\/\/inclusivenews.com.br\/index.php?rest_route=%2Fwp%2Fv2%2Fcomments&post=12503"}],"version-history":[{"count":0,"href":"https:\/\/inclusivenews.com.br\/index.php?rest_route=\/wp\/v2\/posts\/12503\/revisions"}],"wp:attachment":[{"href":"https:\/\/inclusivenews.com.br\/index.php?rest_route=%2Fwp%2Fv2%2Fmedia&parent=12503"}],"wp:term":[{"taxonomy":"category","embeddable":true,"href":"https:\/\/inclusivenews.com.br\/index.php?rest_route=%2Fwp%2Fv2%2Fcategories&post=12503"},{"taxonomy":"post_tag","embeddable":true,"href":"https:\/\/inclusivenews.com.br\/index.php?rest_route=%2Fwp%2Fv2%2Ftags&post=12503"}],"curies":[{"name":"wp","href":"https:\/\/api.w.org\/{rel}","templated":true}]}}