{"id":12519,"date":"2009-11-18T20:58:07","date_gmt":"2009-11-18T23:58:07","guid":{"rendered":"http:\/\/www.inclusive.org.br\/?p=12519"},"modified":"2009-11-18T20:58:07","modified_gmt":"2009-11-18T23:58:07","slug":"educadores-debatem-discriminacao-racial-no-ambiente-escolar","status":"publish","type":"post","link":"https:\/\/inclusivenews.com.br\/?p=12519","title":{"rendered":"Educadores debatem discrimina\u00e7\u00e3o racial no ambiente escolar"},"content":{"rendered":"<p><strong>Da Reda\u00e7\u00e3o<\/strong><br \/>\n<em>Ag\u00eancia Par\u00e1<\/em><\/p>\n<div id=\"texto\">\n<p style=\"background: transparent none repeat scroll 0% 0%; -moz-background-clip: border; -moz-background-origin: padding; -moz-background-inline-policy: continuous;\" align=\"justify\"><a href=\"http:\/\/www.inclusivenews.com.br\/wp-content\/uploads\/2009\/11\/Untitled-12.jpg\"><img loading=\"lazy\" decoding=\"async\" class=\"alignleft size-full wp-image-12520\" title=\"CULTURA, RA\u00c7A E EDUCA\u00c7\u00c3O\" src=\"http:\/\/inclusivenews.com.br\/wp-content\/uploads\/2009\/11\/Untitled-12.jpg\" alt=\"CULTURA, RA\u00c7A E EDUCA\u00c7\u00c3O\" width=\"240\" height=\"240\" srcset=\"https:\/\/inclusivenews.com.br\/wp-content\/uploads\/2009\/11\/Untitled-12.jpg 240w, https:\/\/inclusivenews.com.br\/wp-content\/uploads\/2009\/11\/Untitled-12-150x150.jpg 150w\" sizes=\"auto, (max-width: 240px) 100vw, 240px\" \/><\/a>Superar pr\u00e1ticas discriminat\u00f3rias \u00e9tnico-raciais no ambiente escolar. \u00c9 com essa finalidade que professores da educa\u00e7\u00e3o b\u00e1sica, das redes p\u00fablicas e privada de ensino, participam do I Semin\u00e1rio Nacional e III Semin\u00e1rio Regional de Forma\u00e7\u00e3o de Professores e Rela\u00e7\u00f5es \u00c9tnico-raciais, que ser\u00e1 realizado entre os dias 18 e 20 de novembro, em Bel\u00e9m.<\/p>\n<p style=\"background: transparent none repeat scroll 0% 0%; -moz-background-clip: border; -moz-background-origin: padding; -moz-background-inline-policy: continuous;\" align=\"justify\">Com o tema \u201cCultura, Ra\u00e7a e Educa\u00e7\u00e3o: Tem\u00e1ticas Contempor\u00e2neas na Forma\u00e7\u00e3o de Professores\u201d, os semin\u00e1rios t\u00eam como objetivo fazer com que professores, pesquisadores, alunos de gradua\u00e7\u00e3o e profissionais de outras \u00e1reas de conhecimento, em conjunto, estudem medidas que possam solucionar ou amenizar os casos de preconceito e discrimina\u00e7\u00e3o racial nas escolas, avaliando tamb\u00e9m a aplica\u00e7\u00e3o das Diretrizes Curriculares Nacionais para a educa\u00e7\u00e3o das rela\u00e7\u00f5es \u00e9tnico-raciais e ensino de Hist\u00f3ria e Cultura Afro-Brasileira e Africana.<\/p>\n<p style=\"background: transparent none repeat scroll 0% 0%; -moz-background-clip: border; -moz-background-origin: padding; -moz-background-inline-policy: continuous;\" align=\"justify\">Em 2003, uma pesquisa realizada pelo Sistema Nacional de Avalia\u00e7\u00e3o da Educa\u00e7\u00e3o B\u00e1sica (Saeb) em cinco capitais brasileiras \u2013 Bel\u00e9m, Salvador, Rio de Janeiro, S\u00e3o Paulo, Porto Alegre \u2013 e no Distrito Federal, revelou que os alunos negros s\u00e3o os que mais se destacam ao assumir que sofrem preconceito por causa da cor, discrimina\u00e7\u00e3o manifestada atrav\u00e9s de brincadeiras, xingamentos e apelidos dentro do pr\u00f3prio ambiente escolar.<\/p>\n<p style=\"background: transparent none repeat scroll 0% 0%; -moz-background-clip: border; -moz-background-origin: padding; -moz-background-inline-policy: continuous;\" align=\"justify\">Estat\u00edsticas como essa ser\u00e3o apresentadas durante a programa\u00e7\u00e3o dos semin\u00e1rios, destacando sobretudo as especificidades e a realidade dessas quest\u00f5es na regi\u00e3o amaz\u00f4nica.<\/p>\n<p style=\"background: transparent none repeat scroll 0% 0%; -moz-background-clip: border; -moz-background-origin: padding; -moz-background-inline-policy: continuous;\" align=\"justify\">Considerando os aspectos te\u00f3rico-metodol\u00f3gicos da pedagogia que trata essa tem\u00e1tica em sala de aula, o evento busca o incentivo \u00e0 valoriza\u00e7\u00e3o das etnias e diversidade cultural, reconhecendo ainda a necessidade de um redimensionamento e reorienta\u00e7\u00e3o dos estudos sobre a forma\u00e7\u00e3o da sociedade brasileira.<\/p>\n<p style=\"background: transparent none repeat scroll 0% 0%; -moz-background-clip: border; -moz-background-origin: padding; -moz-background-inline-policy: continuous;\" align=\"justify\">\n<p style=\"background: transparent none repeat scroll 0% 0%; -moz-background-clip: border; -moz-background-origin: padding; -moz-background-inline-policy: continuous;\" align=\"justify\"><strong>SERVI\u00c7O<\/strong><\/p>\n<p style=\"background: transparent none repeat scroll 0% 0%; -moz-background-clip: border; -moz-background-origin: padding; -moz-background-inline-policy: continuous;\" align=\"justify\">O I Semin\u00e1rio Nacional e III Semin\u00e1rio Regional de Forma\u00e7\u00e3o de Professores e Rela\u00e7\u00f5es \u00c9tnico-Raciais acontece de 18 a 20 de novembro no audit\u00f3rio Dom Alberto Gald\u00eancio Ramos \u2013 Unama\/Senador Lemos. O plano de atividades dos semin\u00e1rios inclui tamb\u00e9m palestras, mesas-redondas, exposi\u00e7\u00e3o de grupos de trabalho, oficinas e mini cursos.<\/p>\n<p style=\"text-align: justify;\">__________________________<\/p>\n<p style=\"text-align: justify;\"><strong>Fonte de informa\u00e7\u00e3o:<\/strong> <a href=\"http:\/\/www.agenciapara.com.br\/exibe_noticias_new.asp?id_ver=54131\" target=\"_blank\" rel=\"noopener\"> Ag\u00eancia Par\u00e1 de Not\u00edcias<\/a><a onclick=\"javascript:pageTracker._trackPageview('\/outbound\/article\/www.concepto.com.br');\" href=\"http:\/\/www.concepto.com.br\/cclf\/admin\/modules\/noticia\/?id=708\"><img loading=\"lazy\" decoding=\"async\" title=\"Link abrir\u00e1 em uma nova janela ou aba.\" src=\"..\/images\/new_window.gif\" alt=\"Link abrir\u00e1 em uma nova janela ou aba.\" width=\"16\" height=\"14\" \/><\/a><\/p>\n<\/div>\n","protected":false},"excerpt":{"rendered":"<p>Superar pr\u00e1ticas discriminat\u00f3rias \u00e9tnico-raciais no ambiente escolar. \u00c9 com essa finalidade que professores da educa\u00e7\u00e3o b\u00e1sica, das redes p\u00fablicas e privada de ensino, participam do I Semin\u00e1rio Nacional e III Semin\u00e1rio Regional de Forma\u00e7\u00e3o de Professores e Rela\u00e7\u00f5es \u00c9tnico-raciais, que ser\u00e1 realizado entre os dias 18 e 20 de novembro, em Bel\u00e9m.<\/p>\n","protected":false},"author":1,"featured_media":0,"comment_status":"open","ping_status":"open","sticky":false,"template":"","format":"standard","meta":{"site-container-style":"default","site-container-layout":"default","site-sidebar-layout":"default","disable-article-header":"default","disable-site-header":"default","disable-site-footer":"default","disable-content-area-spacing":"default","footnotes":""},"categories":[12,48,4],"tags":[],"class_list":["post-12519","post","type-post","status-publish","format-standard","hentry","category-cursos-e-eventos","category-inclusao","category-noticias"],"yoast_head":"<!-- This site is optimized with the Yoast SEO plugin v27.4 - https:\/\/yoast.com\/product\/yoast-seo-wordpress\/ -->\n<title>Educadores debatem discrimina\u00e7\u00e3o racial no ambiente escolar -<\/title>\n<meta name=\"robots\" content=\"index, follow, max-snippet:-1, max-image-preview:large, max-video-preview:-1\" \/>\n<link rel=\"canonical\" href=\"https:\/\/inclusivenews.com.br\/?p=12519\" \/>\n<meta property=\"og:locale\" content=\"pt_PT\" \/>\n<meta property=\"og:type\" content=\"article\" \/>\n<meta property=\"og:title\" content=\"Educadores debatem discrimina\u00e7\u00e3o racial no ambiente escolar -\" \/>\n<meta property=\"og:description\" content=\"Superar pr\u00e1ticas discriminat\u00f3rias \u00e9tnico-raciais no ambiente escolar. \u00c9 com essa finalidade que professores da educa\u00e7\u00e3o b\u00e1sica, das redes p\u00fablicas e privada de ensino, participam do I Semin\u00e1rio Nacional e III Semin\u00e1rio Regional de Forma\u00e7\u00e3o de Professores e Rela\u00e7\u00f5es \u00c9tnico-raciais, que ser\u00e1 realizado entre os dias 18 e 20 de novembro, em Bel\u00e9m.\" \/>\n<meta property=\"og:url\" content=\"https:\/\/inclusivenews.com.br\/?p=12519\" \/>\n<meta property=\"article:publisher\" content=\"https:\/\/www.facebook.com\/agenciainclusive\/\" \/>\n<meta property=\"article:published_time\" content=\"2009-11-18T23:58:07+00:00\" \/>\n<meta property=\"og:image\" content=\"http:\/\/inclusivenews.com.br\/wp-content\/uploads\/2009\/11\/Untitled-12.jpg\" \/>\n<meta name=\"author\" content=\"inclusivenews2024\" \/>\n<meta name=\"twitter:card\" content=\"summary_large_image\" \/>\n<meta name=\"twitter:label1\" content=\"Escrito por\" \/>\n\t<meta name=\"twitter:data1\" content=\"inclusivenews2024\" \/>\n\t<meta name=\"twitter:label2\" content=\"Tempo estimado de leitura\" \/>\n\t<meta name=\"twitter:data2\" content=\"2 minutos\" \/>\n<script type=\"application\/ld+json\" class=\"yoast-schema-graph\">{\"@context\":\"https:\\\/\\\/schema.org\",\"@graph\":[{\"@type\":\"Article\",\"@id\":\"https:\\\/\\\/inclusivenews.com.br\\\/?p=12519#article\",\"isPartOf\":{\"@id\":\"https:\\\/\\\/inclusivenews.com.br\\\/?p=12519\"},\"author\":{\"name\":\"inclusivenews2024\",\"@id\":\"https:\\\/\\\/inclusivenews.com.br\\\/#\\\/schema\\\/person\\\/ae4ec7087559b8692fb33b6fffd2273b\"},\"headline\":\"Educadores debatem discrimina\u00e7\u00e3o racial no ambiente escolar\",\"datePublished\":\"2009-11-18T23:58:07+00:00\",\"mainEntityOfPage\":{\"@id\":\"https:\\\/\\\/inclusivenews.com.br\\\/?p=12519\"},\"wordCount\":379,\"commentCount\":0,\"publisher\":{\"@id\":\"https:\\\/\\\/inclusivenews.com.br\\\/#organization\"},\"image\":{\"@id\":\"https:\\\/\\\/inclusivenews.com.br\\\/?p=12519#primaryimage\"},\"thumbnailUrl\":\"http:\\\/\\\/inclusivenews.com.br\\\/wp-content\\\/uploads\\\/2009\\\/11\\\/Untitled-12.jpg\",\"articleSection\":[\"Cursos e eventos\",\"INCLUS\u00c3O SOCIAL\",\"NOT\u00cdCIAS\"],\"inLanguage\":\"pt-PT\",\"potentialAction\":[{\"@type\":\"CommentAction\",\"name\":\"Comment\",\"target\":[\"https:\\\/\\\/inclusivenews.com.br\\\/?p=12519#respond\"]}]},{\"@type\":\"WebPage\",\"@id\":\"https:\\\/\\\/inclusivenews.com.br\\\/?p=12519\",\"url\":\"https:\\\/\\\/inclusivenews.com.br\\\/?p=12519\",\"name\":\"Educadores debatem discrimina\u00e7\u00e3o racial no ambiente escolar -\",\"isPartOf\":{\"@id\":\"https:\\\/\\\/inclusivenews.com.br\\\/#website\"},\"primaryImageOfPage\":{\"@id\":\"https:\\\/\\\/inclusivenews.com.br\\\/?p=12519#primaryimage\"},\"image\":{\"@id\":\"https:\\\/\\\/inclusivenews.com.br\\\/?p=12519#primaryimage\"},\"thumbnailUrl\":\"http:\\\/\\\/inclusivenews.com.br\\\/wp-content\\\/uploads\\\/2009\\\/11\\\/Untitled-12.jpg\",\"datePublished\":\"2009-11-18T23:58:07+00:00\",\"breadcrumb\":{\"@id\":\"https:\\\/\\\/inclusivenews.com.br\\\/?p=12519#breadcrumb\"},\"inLanguage\":\"pt-PT\",\"potentialAction\":[{\"@type\":\"ReadAction\",\"target\":[\"https:\\\/\\\/inclusivenews.com.br\\\/?p=12519\"]}]},{\"@type\":\"ImageObject\",\"inLanguage\":\"pt-PT\",\"@id\":\"https:\\\/\\\/inclusivenews.com.br\\\/?p=12519#primaryimage\",\"url\":\"https:\\\/\\\/inclusivenews.com.br\\\/wp-content\\\/uploads\\\/2009\\\/11\\\/Untitled-12.jpg\",\"contentUrl\":\"https:\\\/\\\/inclusivenews.com.br\\\/wp-content\\\/uploads\\\/2009\\\/11\\\/Untitled-12.jpg\",\"width\":240,\"height\":240,\"caption\":\"Na imagem, a representa\u00e7\u00e3o ilustrativa do tema do evento: um mosaico onde s\u00e3o apresentados e distribu\u00eddos v\u00e1rios rostos e de diversas caracter\u00edsticas.\"},{\"@type\":\"BreadcrumbList\",\"@id\":\"https:\\\/\\\/inclusivenews.com.br\\\/?p=12519#breadcrumb\",\"itemListElement\":[{\"@type\":\"ListItem\",\"position\":1,\"name\":\"In\u00edcio\",\"item\":\"https:\\\/\\\/inclusivenews.com.br\\\/\"},{\"@type\":\"ListItem\",\"position\":2,\"name\":\"Educadores debatem discrimina\u00e7\u00e3o racial no ambiente escolar\"}]},{\"@type\":\"WebSite\",\"@id\":\"https:\\\/\\\/inclusivenews.com.br\\\/#website\",\"url\":\"https:\\\/\\\/inclusivenews.com.br\\\/\",\"name\":\"Inclusive News\",\"description\":\"Inclusive News\",\"publisher\":{\"@id\":\"https:\\\/\\\/inclusivenews.com.br\\\/#organization\"},\"potentialAction\":[{\"@type\":\"SearchAction\",\"target\":{\"@type\":\"EntryPoint\",\"urlTemplate\":\"https:\\\/\\\/inclusivenews.com.br\\\/?s={search_term_string}\"},\"query-input\":{\"@type\":\"PropertyValueSpecification\",\"valueRequired\":true,\"valueName\":\"search_term_string\"}}],\"inLanguage\":\"pt-PT\"},{\"@type\":\"Organization\",\"@id\":\"https:\\\/\\\/inclusivenews.com.br\\\/#organization\",\"name\":\"Inclusive - inclus\u00e3o e cidadania\",\"url\":\"https:\\\/\\\/inclusivenews.com.br\\\/\",\"logo\":{\"@type\":\"ImageObject\",\"inLanguage\":\"pt-PT\",\"@id\":\"https:\\\/\\\/inclusivenews.com.br\\\/#\\\/schema\\\/logo\\\/image\\\/\",\"url\":\"https:\\\/\\\/inclusivenews.com.br\\\/wp-content\\\/uploads\\\/2024\\\/03\\\/@grandesite.png\",\"contentUrl\":\"https:\\\/\\\/inclusivenews.com.br\\\/wp-content\\\/uploads\\\/2024\\\/03\\\/@grandesite.png\",\"width\":1080,\"height\":1080,\"caption\":\"Inclusive - inclus\u00e3o e cidadania\"},\"image\":{\"@id\":\"https:\\\/\\\/inclusivenews.com.br\\\/#\\\/schema\\\/logo\\\/image\\\/\"},\"sameAs\":[\"https:\\\/\\\/www.facebook.com\\\/agenciainclusive\\\/\",\"https:\\\/\\\/www.instagram.com\\\/newsinclusive\\\/\"]},{\"@type\":\"Person\",\"@id\":\"https:\\\/\\\/inclusivenews.com.br\\\/#\\\/schema\\\/person\\\/ae4ec7087559b8692fb33b6fffd2273b\",\"name\":\"inclusivenews2024\",\"image\":{\"@type\":\"ImageObject\",\"inLanguage\":\"pt-PT\",\"@id\":\"https:\\\/\\\/secure.gravatar.com\\\/avatar\\\/c5a7ef84c66fa914f55bc4f7ce26cfa275a3b9a1c5568b907bd184fb4dde7b40?s=96&d=mm&r=g\",\"url\":\"https:\\\/\\\/secure.gravatar.com\\\/avatar\\\/c5a7ef84c66fa914f55bc4f7ce26cfa275a3b9a1c5568b907bd184fb4dde7b40?s=96&d=mm&r=g\",\"contentUrl\":\"https:\\\/\\\/secure.gravatar.com\\\/avatar\\\/c5a7ef84c66fa914f55bc4f7ce26cfa275a3b9a1c5568b907bd184fb4dde7b40?s=96&d=mm&r=g\",\"caption\":\"inclusivenews2024\"},\"sameAs\":[\"https:\\\/\\\/inclusivenews.com.br\"],\"url\":\"https:\\\/\\\/inclusivenews.com.br\\\/?author=1\"}]}<\/script>\n<!-- \/ Yoast SEO plugin. -->","yoast_head_json":{"title":"Educadores debatem discrimina\u00e7\u00e3o racial no ambiente escolar -","robots":{"index":"index","follow":"follow","max-snippet":"max-snippet:-1","max-image-preview":"max-image-preview:large","max-video-preview":"max-video-preview:-1"},"canonical":"https:\/\/inclusivenews.com.br\/?p=12519","og_locale":"pt_PT","og_type":"article","og_title":"Educadores debatem discrimina\u00e7\u00e3o racial no ambiente escolar -","og_description":"Superar pr\u00e1ticas discriminat\u00f3rias \u00e9tnico-raciais no ambiente escolar. \u00c9 com essa finalidade que professores da educa\u00e7\u00e3o b\u00e1sica, das redes p\u00fablicas e privada de ensino, participam do I Semin\u00e1rio Nacional e III Semin\u00e1rio Regional de Forma\u00e7\u00e3o de Professores e Rela\u00e7\u00f5es \u00c9tnico-raciais, que ser\u00e1 realizado entre os dias 18 e 20 de novembro, em Bel\u00e9m.","og_url":"https:\/\/inclusivenews.com.br\/?p=12519","article_publisher":"https:\/\/www.facebook.com\/agenciainclusive\/","article_published_time":"2009-11-18T23:58:07+00:00","og_image":[{"url":"http:\/\/inclusivenews.com.br\/wp-content\/uploads\/2009\/11\/Untitled-12.jpg","type":"","width":"","height":""}],"author":"inclusivenews2024","twitter_card":"summary_large_image","twitter_misc":{"Escrito por":"inclusivenews2024","Tempo estimado de leitura":"2 minutos"},"schema":{"@context":"https:\/\/schema.org","@graph":[{"@type":"Article","@id":"https:\/\/inclusivenews.com.br\/?p=12519#article","isPartOf":{"@id":"https:\/\/inclusivenews.com.br\/?p=12519"},"author":{"name":"inclusivenews2024","@id":"https:\/\/inclusivenews.com.br\/#\/schema\/person\/ae4ec7087559b8692fb33b6fffd2273b"},"headline":"Educadores debatem discrimina\u00e7\u00e3o racial no ambiente escolar","datePublished":"2009-11-18T23:58:07+00:00","mainEntityOfPage":{"@id":"https:\/\/inclusivenews.com.br\/?p=12519"},"wordCount":379,"commentCount":0,"publisher":{"@id":"https:\/\/inclusivenews.com.br\/#organization"},"image":{"@id":"https:\/\/inclusivenews.com.br\/?p=12519#primaryimage"},"thumbnailUrl":"http:\/\/inclusivenews.com.br\/wp-content\/uploads\/2009\/11\/Untitled-12.jpg","articleSection":["Cursos e eventos","INCLUS\u00c3O SOCIAL","NOT\u00cdCIAS"],"inLanguage":"pt-PT","potentialAction":[{"@type":"CommentAction","name":"Comment","target":["https:\/\/inclusivenews.com.br\/?p=12519#respond"]}]},{"@type":"WebPage","@id":"https:\/\/inclusivenews.com.br\/?p=12519","url":"https:\/\/inclusivenews.com.br\/?p=12519","name":"Educadores debatem discrimina\u00e7\u00e3o racial no ambiente escolar -","isPartOf":{"@id":"https:\/\/inclusivenews.com.br\/#website"},"primaryImageOfPage":{"@id":"https:\/\/inclusivenews.com.br\/?p=12519#primaryimage"},"image":{"@id":"https:\/\/inclusivenews.com.br\/?p=12519#primaryimage"},"thumbnailUrl":"http:\/\/inclusivenews.com.br\/wp-content\/uploads\/2009\/11\/Untitled-12.jpg","datePublished":"2009-11-18T23:58:07+00:00","breadcrumb":{"@id":"https:\/\/inclusivenews.com.br\/?p=12519#breadcrumb"},"inLanguage":"pt-PT","potentialAction":[{"@type":"ReadAction","target":["https:\/\/inclusivenews.com.br\/?p=12519"]}]},{"@type":"ImageObject","inLanguage":"pt-PT","@id":"https:\/\/inclusivenews.com.br\/?p=12519#primaryimage","url":"https:\/\/inclusivenews.com.br\/wp-content\/uploads\/2009\/11\/Untitled-12.jpg","contentUrl":"https:\/\/inclusivenews.com.br\/wp-content\/uploads\/2009\/11\/Untitled-12.jpg","width":240,"height":240,"caption":"Na imagem, a representa\u00e7\u00e3o ilustrativa do tema do evento: um mosaico onde s\u00e3o apresentados e distribu\u00eddos v\u00e1rios rostos e de diversas caracter\u00edsticas."},{"@type":"BreadcrumbList","@id":"https:\/\/inclusivenews.com.br\/?p=12519#breadcrumb","itemListElement":[{"@type":"ListItem","position":1,"name":"In\u00edcio","item":"https:\/\/inclusivenews.com.br\/"},{"@type":"ListItem","position":2,"name":"Educadores debatem discrimina\u00e7\u00e3o racial no ambiente escolar"}]},{"@type":"WebSite","@id":"https:\/\/inclusivenews.com.br\/#website","url":"https:\/\/inclusivenews.com.br\/","name":"Inclusive News","description":"Inclusive News","publisher":{"@id":"https:\/\/inclusivenews.com.br\/#organization"},"potentialAction":[{"@type":"SearchAction","target":{"@type":"EntryPoint","urlTemplate":"https:\/\/inclusivenews.com.br\/?s={search_term_string}"},"query-input":{"@type":"PropertyValueSpecification","valueRequired":true,"valueName":"search_term_string"}}],"inLanguage":"pt-PT"},{"@type":"Organization","@id":"https:\/\/inclusivenews.com.br\/#organization","name":"Inclusive - inclus\u00e3o e cidadania","url":"https:\/\/inclusivenews.com.br\/","logo":{"@type":"ImageObject","inLanguage":"pt-PT","@id":"https:\/\/inclusivenews.com.br\/#\/schema\/logo\/image\/","url":"https:\/\/inclusivenews.com.br\/wp-content\/uploads\/2024\/03\/@grandesite.png","contentUrl":"https:\/\/inclusivenews.com.br\/wp-content\/uploads\/2024\/03\/@grandesite.png","width":1080,"height":1080,"caption":"Inclusive - inclus\u00e3o e cidadania"},"image":{"@id":"https:\/\/inclusivenews.com.br\/#\/schema\/logo\/image\/"},"sameAs":["https:\/\/www.facebook.com\/agenciainclusive\/","https:\/\/www.instagram.com\/newsinclusive\/"]},{"@type":"Person","@id":"https:\/\/inclusivenews.com.br\/#\/schema\/person\/ae4ec7087559b8692fb33b6fffd2273b","name":"inclusivenews2024","image":{"@type":"ImageObject","inLanguage":"pt-PT","@id":"https:\/\/secure.gravatar.com\/avatar\/c5a7ef84c66fa914f55bc4f7ce26cfa275a3b9a1c5568b907bd184fb4dde7b40?s=96&d=mm&r=g","url":"https:\/\/secure.gravatar.com\/avatar\/c5a7ef84c66fa914f55bc4f7ce26cfa275a3b9a1c5568b907bd184fb4dde7b40?s=96&d=mm&r=g","contentUrl":"https:\/\/secure.gravatar.com\/avatar\/c5a7ef84c66fa914f55bc4f7ce26cfa275a3b9a1c5568b907bd184fb4dde7b40?s=96&d=mm&r=g","caption":"inclusivenews2024"},"sameAs":["https:\/\/inclusivenews.com.br"],"url":"https:\/\/inclusivenews.com.br\/?author=1"}]}},"_links":{"self":[{"href":"https:\/\/inclusivenews.com.br\/index.php?rest_route=\/wp\/v2\/posts\/12519","targetHints":{"allow":["GET"]}}],"collection":[{"href":"https:\/\/inclusivenews.com.br\/index.php?rest_route=\/wp\/v2\/posts"}],"about":[{"href":"https:\/\/inclusivenews.com.br\/index.php?rest_route=\/wp\/v2\/types\/post"}],"author":[{"embeddable":true,"href":"https:\/\/inclusivenews.com.br\/index.php?rest_route=\/wp\/v2\/users\/1"}],"replies":[{"embeddable":true,"href":"https:\/\/inclusivenews.com.br\/index.php?rest_route=%2Fwp%2Fv2%2Fcomments&post=12519"}],"version-history":[{"count":0,"href":"https:\/\/inclusivenews.com.br\/index.php?rest_route=\/wp\/v2\/posts\/12519\/revisions"}],"wp:attachment":[{"href":"https:\/\/inclusivenews.com.br\/index.php?rest_route=%2Fwp%2Fv2%2Fmedia&parent=12519"}],"wp:term":[{"taxonomy":"category","embeddable":true,"href":"https:\/\/inclusivenews.com.br\/index.php?rest_route=%2Fwp%2Fv2%2Fcategories&post=12519"},{"taxonomy":"post_tag","embeddable":true,"href":"https:\/\/inclusivenews.com.br\/index.php?rest_route=%2Fwp%2Fv2%2Ftags&post=12519"}],"curies":[{"name":"wp","href":"https:\/\/api.w.org\/{rel}","templated":true}]}}