{"id":12522,"date":"2009-11-18T21:04:21","date_gmt":"2009-11-19T00:04:21","guid":{"rendered":"http:\/\/www.inclusive.org.br\/?p=12522"},"modified":"2009-11-18T21:04:21","modified_gmt":"2009-11-19T00:04:21","slug":"seminario-em-florianopolis-debatera-acessibilidade-para-todos","status":"publish","type":"post","link":"https:\/\/inclusivenews.com.br\/?p=12522","title":{"rendered":"Semin\u00e1rio em Florian\u00f3polis debater\u00e1 acessibilidade para todos"},"content":{"rendered":"<p style=\"text-align: justify;\"><a href=\"http:\/\/www.inclusivenews.com.br\/wp-content\/uploads\/2009\/11\/gera_img.php_.jpg\"><img loading=\"lazy\" decoding=\"async\" class=\"alignleft size-full wp-image-12523\" title=\"Semin\u00e1rio Acessibilidade em Florian\u00f3polis\" src=\"http:\/\/inclusivenews.com.br\/wp-content\/uploads\/2009\/11\/gera_img.php_.jpg\" alt=\"Semin\u00e1rio Acessibilidade em Florian\u00f3polis\" width=\"213\" height=\"213\" srcset=\"https:\/\/inclusivenews.com.br\/wp-content\/uploads\/2009\/11\/gera_img.php_.jpg 213w, https:\/\/inclusivenews.com.br\/wp-content\/uploads\/2009\/11\/gera_img.php_-150x150.jpg 150w\" sizes=\"auto, (max-width: 213px) 100vw, 213px\" \/><\/a>Uma parceria entre a Assembleia Legislativa e diversos \u00f3rg\u00e3os, entre eles o Tribunal de Contas do Estado (TCE), o Minist\u00e9rio P\u00fablico (MP), a Ordem dos Advogados do Brasil (OAB\/SC), a Funda\u00e7\u00e3o Catarinense de Educa\u00e7\u00e3o Especial (FCEE), o Conselho Regional de Engenharia, Arquitetura, Agronomia de Santa Catarina (CREA-SC), e universidades viabilizou a realiza\u00e7\u00e3o do II Semin\u00e1rio Estadual de Acessibilidade e do V Semin\u00e1rio Nacional de Acessibilidade.<\/p>\n<p style=\"text-align: justify;\">O evento acontece entre os dias 18 e 20 deste m\u00eas, no audit\u00f3rio Deputada Antonieta de Barros, na AL. Est\u00e1 previsto para a abertura a assinatura de um Termo de Coopera\u00e7\u00e3o T\u00e9cnica entre as entidades que apoiam o encontro, na tentativa de proporcionar acessibilidade a toda a popula\u00e7\u00e3o. Para o representante da Casa, o arquiteto Clerson Larroyd, a participa\u00e7\u00e3o do Parlamento catarinense \u00e9 fundamental para o Estado.<\/p>\n<p style=\"text-align: justify;\">\u201cA sua participa\u00e7\u00e3o \u00e9 extremamente importante, pois tem grande influ\u00eancia nas prefeituras de todo o Estado\u201d, salientou.<\/p>\n<p style=\"text-align: justify;\">Larroyd tamb\u00e9m falou sobre as mudan\u00e7as no segundo ano do evento, que contar\u00e1 com pain\u00e9is sobre diversos assuntos, ao contr\u00e1rio do que aconteceu na primeira edi\u00e7\u00e3o, que contou com palestras.<\/p>\n<p style=\"text-align: justify;\">A respeito da acessibilidade, ele lamentou a falta de fiscaliza\u00e7\u00e3o dos \u00f3rg\u00e3os durante a execu\u00e7\u00e3o dos projetos. \u201cFalta fiscaliza\u00e7\u00e3o. Os \u00f3rg\u00e3os cobram obras com acessibilidade, mas depois de prontas n\u00e3o v\u00e3o fiscalizar para ver se est\u00e1 dentro do que foi apresentado no projeto\u201d, comentou.<\/p>\n<p style=\"text-align: justify;\">\n<p style=\"text-align: justify;\"><strong>Servi\u00e7o:<\/strong><\/p>\n<p style=\"text-align: justify;\">O que: II Semin\u00e1rio Estadual de Acessibilidade e V Semin\u00e1rio Nacional de Acessibilidade<\/p>\n<p style=\"text-align: justify;\">Quando: quarta-feira (18), \u00e0s 18 horas<\/p>\n<p style=\"text-align: justify;\">Onde: Audit\u00f3rio Deputada Antonieta de Barros, na Assembleia Legislativa<\/p>\n<p style=\"text-align: justify;\">\n<p style=\"text-align: justify;\"><strong>Cronograma<\/strong><\/p>\n<p style=\"text-align: justify;\">Dia 18\/11<\/p>\n<p style=\"text-align: justify;\">18 horas: Credenciamento<\/p>\n<p style=\"text-align: justify;\">19 horas: Abertura oficial<\/p>\n<p style=\"text-align: justify;\">20h50min: Assinatura do Termo de Coopera\u00e7\u00e3o<\/p>\n<p style=\"text-align: justify;\">21 horas: Palestra com Linamara Rizzo Batistella, secret\u00e1ria de Direitos da Pessoa com Defici\u00eancia de S\u00e3o Paulo<\/p>\n<p style=\"text-align: justify;\">22 horas: Encerramento<\/p>\n<p style=\"text-align: justify;\">\n<p style=\"text-align: justify;\">Dia 19\/11<\/p>\n<p style=\"text-align: justify;\">08h30min: Abertura<\/p>\n<p style=\"text-align: justify;\">09 horas: Painel: Legisla\u00e7\u00e3o e Fiscaliza\u00e7\u00e3o na \u00e1rea de Acessibilidade: O que compete a cada um<\/p>\n<p style=\"text-align: justify;\">12h15min \u2013 Almo\u00e7o<\/p>\n<p style=\"text-align: justify;\">14 horas: Painel: Mobilidade Urbana: Programas e Fontes de recursos<\/p>\n<p style=\"text-align: justify;\">17h05min: Coffe Break<\/p>\n<p style=\"text-align: justify;\">17h20min: Palestra motivacional: Steven Dubner<\/p>\n<p style=\"text-align: justify;\">18 horas: Encerramento<\/p>\n<p style=\"text-align: justify;\">\n<p style=\"text-align: justify;\">Dia 20\/11<\/p>\n<p style=\"text-align: justify;\">08h30min: Abertura<\/p>\n<p style=\"text-align: justify;\">09 horas: Painel: Aprendendo com a Pr\u00e1tica: Percursos Urbanos Acess\u00edveis<\/p>\n<p style=\"text-align: justify;\">10h30min: Coff Break<\/p>\n<p style=\"text-align: justify;\">10h45min: Painel: Aprendendo com a Pr\u00e1tica: Percursos Urbanos Acess\u00edveis<\/p>\n<p style=\"text-align: justify;\">12h10min: Encerramento com Geraldo Magela \u2013 \u201cCeguinho \u00e9 a m\u00e3e\u201d<\/p>\n<p style=\"text-align: justify;\">13 horas: Encerramento Oficial<\/p>\n<p style=\"text-align: justify;\">__________________________<\/p>\n<p style=\"text-align: justify;\"><strong>Fonte de informa\u00e7\u00e3o:<\/strong><a href=\"http:\/\/www.deolhonailha.com.br\/\" target=\"_blank\" rel=\"noopener\"> De Olho na Ilha<\/a> <a onclick=\"javascript:pageTracker._trackPageview('\/outbound\/article\/www.concepto.com.br');\" href=\"http:\/\/www.concepto.com.br\/cclf\/admin\/modules\/noticia\/?id=708\"><img loading=\"lazy\" decoding=\"async\" title=\"Link abrir\u00e1 em uma nova janela ou aba.\" src=\"..\/images\/new_window.gif\" alt=\"Link abrir\u00e1 em uma nova janela ou aba.\" width=\"16\" height=\"14\" \/><\/a><\/p>\n","protected":false},"excerpt":{"rendered":"<p>Ser\u00e1 realizado o II Semin\u00e1rio Estadual de Acessibilidade e do V Semin\u00e1rio Nacional de Acessibilidade, nos dias 18 e 20 deste m\u00eas.<\/p>\n","protected":false},"author":1,"featured_media":0,"comment_status":"open","ping_status":"open","sticky":false,"template":"","format":"standard","meta":{"site-container-style":"default","site-container-layout":"default","site-sidebar-layout":"default","disable-article-header":"default","disable-site-header":"default","disable-site-footer":"default","disable-content-area-spacing":"default","footnotes":""},"categories":[44,12,4],"tags":[],"class_list":["post-12522","post","type-post","status-publish","format-standard","hentry","category-acessibilidade","category-cursos-e-eventos","category-noticias"],"yoast_head":"<!-- This site is optimized with the Yoast SEO plugin v27.4 - https:\/\/yoast.com\/product\/yoast-seo-wordpress\/ -->\n<title>Semin\u00e1rio em Florian\u00f3polis debater\u00e1 acessibilidade para todos -<\/title>\n<meta name=\"robots\" content=\"index, follow, max-snippet:-1, max-image-preview:large, max-video-preview:-1\" \/>\n<link rel=\"canonical\" href=\"https:\/\/inclusivenews.com.br\/?p=12522\" \/>\n<meta property=\"og:locale\" content=\"pt_PT\" \/>\n<meta property=\"og:type\" content=\"article\" \/>\n<meta property=\"og:title\" content=\"Semin\u00e1rio em Florian\u00f3polis debater\u00e1 acessibilidade para todos -\" \/>\n<meta property=\"og:description\" content=\"Ser\u00e1 realizado o II Semin\u00e1rio Estadual de Acessibilidade e do V Semin\u00e1rio Nacional de Acessibilidade, nos dias 18 e 20 deste m\u00eas.\" \/>\n<meta property=\"og:url\" content=\"https:\/\/inclusivenews.com.br\/?p=12522\" \/>\n<meta property=\"article:publisher\" content=\"https:\/\/www.facebook.com\/agenciainclusive\/\" \/>\n<meta property=\"article:published_time\" content=\"2009-11-19T00:04:21+00:00\" \/>\n<meta property=\"og:image\" content=\"http:\/\/inclusivenews.com.br\/wp-content\/uploads\/2009\/11\/gera_img.php_.jpg\" \/>\n<meta name=\"author\" content=\"inclusivenews2024\" \/>\n<meta name=\"twitter:card\" content=\"summary_large_image\" \/>\n<meta name=\"twitter:label1\" content=\"Escrito por\" \/>\n\t<meta name=\"twitter:data1\" content=\"inclusivenews2024\" \/>\n\t<meta name=\"twitter:label2\" content=\"Tempo estimado de leitura\" \/>\n\t<meta name=\"twitter:data2\" content=\"2 minutos\" \/>\n<script type=\"application\/ld+json\" class=\"yoast-schema-graph\">{\"@context\":\"https:\\\/\\\/schema.org\",\"@graph\":[{\"@type\":\"Article\",\"@id\":\"https:\\\/\\\/inclusivenews.com.br\\\/?p=12522#article\",\"isPartOf\":{\"@id\":\"https:\\\/\\\/inclusivenews.com.br\\\/?p=12522\"},\"author\":{\"name\":\"inclusivenews2024\",\"@id\":\"https:\\\/\\\/inclusivenews.com.br\\\/#\\\/schema\\\/person\\\/ae4ec7087559b8692fb33b6fffd2273b\"},\"headline\":\"Semin\u00e1rio em Florian\u00f3polis debater\u00e1 acessibilidade para todos\",\"datePublished\":\"2009-11-19T00:04:21+00:00\",\"mainEntityOfPage\":{\"@id\":\"https:\\\/\\\/inclusivenews.com.br\\\/?p=12522\"},\"wordCount\":422,\"commentCount\":0,\"publisher\":{\"@id\":\"https:\\\/\\\/inclusivenews.com.br\\\/#organization\"},\"image\":{\"@id\":\"https:\\\/\\\/inclusivenews.com.br\\\/?p=12522#primaryimage\"},\"thumbnailUrl\":\"http:\\\/\\\/inclusivenews.com.br\\\/wp-content\\\/uploads\\\/2009\\\/11\\\/gera_img.php_.jpg\",\"articleSection\":[\"ACESSIBILIDADE\",\"Cursos e eventos\",\"NOT\u00cdCIAS\"],\"inLanguage\":\"pt-PT\",\"potentialAction\":[{\"@type\":\"CommentAction\",\"name\":\"Comment\",\"target\":[\"https:\\\/\\\/inclusivenews.com.br\\\/?p=12522#respond\"]}]},{\"@type\":\"WebPage\",\"@id\":\"https:\\\/\\\/inclusivenews.com.br\\\/?p=12522\",\"url\":\"https:\\\/\\\/inclusivenews.com.br\\\/?p=12522\",\"name\":\"Semin\u00e1rio em Florian\u00f3polis debater\u00e1 acessibilidade para todos -\",\"isPartOf\":{\"@id\":\"https:\\\/\\\/inclusivenews.com.br\\\/#website\"},\"primaryImageOfPage\":{\"@id\":\"https:\\\/\\\/inclusivenews.com.br\\\/?p=12522#primaryimage\"},\"image\":{\"@id\":\"https:\\\/\\\/inclusivenews.com.br\\\/?p=12522#primaryimage\"},\"thumbnailUrl\":\"http:\\\/\\\/inclusivenews.com.br\\\/wp-content\\\/uploads\\\/2009\\\/11\\\/gera_img.php_.jpg\",\"datePublished\":\"2009-11-19T00:04:21+00:00\",\"breadcrumb\":{\"@id\":\"https:\\\/\\\/inclusivenews.com.br\\\/?p=12522#breadcrumb\"},\"inLanguage\":\"pt-PT\",\"potentialAction\":[{\"@type\":\"ReadAction\",\"target\":[\"https:\\\/\\\/inclusivenews.com.br\\\/?p=12522\"]}]},{\"@type\":\"ImageObject\",\"inLanguage\":\"pt-PT\",\"@id\":\"https:\\\/\\\/inclusivenews.com.br\\\/?p=12522#primaryimage\",\"url\":\"https:\\\/\\\/inclusivenews.com.br\\\/wp-content\\\/uploads\\\/2009\\\/11\\\/gera_img.php_.jpg\",\"contentUrl\":\"https:\\\/\\\/inclusivenews.com.br\\\/wp-content\\\/uploads\\\/2009\\\/11\\\/gera_img.php_.jpg\",\"width\":213,\"height\":213},{\"@type\":\"BreadcrumbList\",\"@id\":\"https:\\\/\\\/inclusivenews.com.br\\\/?p=12522#breadcrumb\",\"itemListElement\":[{\"@type\":\"ListItem\",\"position\":1,\"name\":\"In\u00edcio\",\"item\":\"https:\\\/\\\/inclusivenews.com.br\\\/\"},{\"@type\":\"ListItem\",\"position\":2,\"name\":\"Semin\u00e1rio em Florian\u00f3polis debater\u00e1 acessibilidade para todos\"}]},{\"@type\":\"WebSite\",\"@id\":\"https:\\\/\\\/inclusivenews.com.br\\\/#website\",\"url\":\"https:\\\/\\\/inclusivenews.com.br\\\/\",\"name\":\"Inclusive News\",\"description\":\"Inclusive News\",\"publisher\":{\"@id\":\"https:\\\/\\\/inclusivenews.com.br\\\/#organization\"},\"potentialAction\":[{\"@type\":\"SearchAction\",\"target\":{\"@type\":\"EntryPoint\",\"urlTemplate\":\"https:\\\/\\\/inclusivenews.com.br\\\/?s={search_term_string}\"},\"query-input\":{\"@type\":\"PropertyValueSpecification\",\"valueRequired\":true,\"valueName\":\"search_term_string\"}}],\"inLanguage\":\"pt-PT\"},{\"@type\":\"Organization\",\"@id\":\"https:\\\/\\\/inclusivenews.com.br\\\/#organization\",\"name\":\"Inclusive - inclus\u00e3o e cidadania\",\"url\":\"https:\\\/\\\/inclusivenews.com.br\\\/\",\"logo\":{\"@type\":\"ImageObject\",\"inLanguage\":\"pt-PT\",\"@id\":\"https:\\\/\\\/inclusivenews.com.br\\\/#\\\/schema\\\/logo\\\/image\\\/\",\"url\":\"https:\\\/\\\/inclusivenews.com.br\\\/wp-content\\\/uploads\\\/2024\\\/03\\\/@grandesite.png\",\"contentUrl\":\"https:\\\/\\\/inclusivenews.com.br\\\/wp-content\\\/uploads\\\/2024\\\/03\\\/@grandesite.png\",\"width\":1080,\"height\":1080,\"caption\":\"Inclusive - inclus\u00e3o e cidadania\"},\"image\":{\"@id\":\"https:\\\/\\\/inclusivenews.com.br\\\/#\\\/schema\\\/logo\\\/image\\\/\"},\"sameAs\":[\"https:\\\/\\\/www.facebook.com\\\/agenciainclusive\\\/\",\"https:\\\/\\\/www.instagram.com\\\/newsinclusive\\\/\"]},{\"@type\":\"Person\",\"@id\":\"https:\\\/\\\/inclusivenews.com.br\\\/#\\\/schema\\\/person\\\/ae4ec7087559b8692fb33b6fffd2273b\",\"name\":\"inclusivenews2024\",\"image\":{\"@type\":\"ImageObject\",\"inLanguage\":\"pt-PT\",\"@id\":\"https:\\\/\\\/secure.gravatar.com\\\/avatar\\\/c5a7ef84c66fa914f55bc4f7ce26cfa275a3b9a1c5568b907bd184fb4dde7b40?s=96&d=mm&r=g\",\"url\":\"https:\\\/\\\/secure.gravatar.com\\\/avatar\\\/c5a7ef84c66fa914f55bc4f7ce26cfa275a3b9a1c5568b907bd184fb4dde7b40?s=96&d=mm&r=g\",\"contentUrl\":\"https:\\\/\\\/secure.gravatar.com\\\/avatar\\\/c5a7ef84c66fa914f55bc4f7ce26cfa275a3b9a1c5568b907bd184fb4dde7b40?s=96&d=mm&r=g\",\"caption\":\"inclusivenews2024\"},\"sameAs\":[\"https:\\\/\\\/inclusivenews.com.br\"],\"url\":\"https:\\\/\\\/inclusivenews.com.br\\\/?author=1\"}]}<\/script>\n<!-- \/ Yoast SEO plugin. -->","yoast_head_json":{"title":"Semin\u00e1rio em Florian\u00f3polis debater\u00e1 acessibilidade para todos -","robots":{"index":"index","follow":"follow","max-snippet":"max-snippet:-1","max-image-preview":"max-image-preview:large","max-video-preview":"max-video-preview:-1"},"canonical":"https:\/\/inclusivenews.com.br\/?p=12522","og_locale":"pt_PT","og_type":"article","og_title":"Semin\u00e1rio em Florian\u00f3polis debater\u00e1 acessibilidade para todos -","og_description":"Ser\u00e1 realizado o II Semin\u00e1rio Estadual de Acessibilidade e do V Semin\u00e1rio Nacional de Acessibilidade, nos dias 18 e 20 deste m\u00eas.","og_url":"https:\/\/inclusivenews.com.br\/?p=12522","article_publisher":"https:\/\/www.facebook.com\/agenciainclusive\/","article_published_time":"2009-11-19T00:04:21+00:00","og_image":[{"url":"http:\/\/inclusivenews.com.br\/wp-content\/uploads\/2009\/11\/gera_img.php_.jpg","type":"","width":"","height":""}],"author":"inclusivenews2024","twitter_card":"summary_large_image","twitter_misc":{"Escrito por":"inclusivenews2024","Tempo estimado de leitura":"2 minutos"},"schema":{"@context":"https:\/\/schema.org","@graph":[{"@type":"Article","@id":"https:\/\/inclusivenews.com.br\/?p=12522#article","isPartOf":{"@id":"https:\/\/inclusivenews.com.br\/?p=12522"},"author":{"name":"inclusivenews2024","@id":"https:\/\/inclusivenews.com.br\/#\/schema\/person\/ae4ec7087559b8692fb33b6fffd2273b"},"headline":"Semin\u00e1rio em Florian\u00f3polis debater\u00e1 acessibilidade para todos","datePublished":"2009-11-19T00:04:21+00:00","mainEntityOfPage":{"@id":"https:\/\/inclusivenews.com.br\/?p=12522"},"wordCount":422,"commentCount":0,"publisher":{"@id":"https:\/\/inclusivenews.com.br\/#organization"},"image":{"@id":"https:\/\/inclusivenews.com.br\/?p=12522#primaryimage"},"thumbnailUrl":"http:\/\/inclusivenews.com.br\/wp-content\/uploads\/2009\/11\/gera_img.php_.jpg","articleSection":["ACESSIBILIDADE","Cursos e eventos","NOT\u00cdCIAS"],"inLanguage":"pt-PT","potentialAction":[{"@type":"CommentAction","name":"Comment","target":["https:\/\/inclusivenews.com.br\/?p=12522#respond"]}]},{"@type":"WebPage","@id":"https:\/\/inclusivenews.com.br\/?p=12522","url":"https:\/\/inclusivenews.com.br\/?p=12522","name":"Semin\u00e1rio em Florian\u00f3polis debater\u00e1 acessibilidade para todos -","isPartOf":{"@id":"https:\/\/inclusivenews.com.br\/#website"},"primaryImageOfPage":{"@id":"https:\/\/inclusivenews.com.br\/?p=12522#primaryimage"},"image":{"@id":"https:\/\/inclusivenews.com.br\/?p=12522#primaryimage"},"thumbnailUrl":"http:\/\/inclusivenews.com.br\/wp-content\/uploads\/2009\/11\/gera_img.php_.jpg","datePublished":"2009-11-19T00:04:21+00:00","breadcrumb":{"@id":"https:\/\/inclusivenews.com.br\/?p=12522#breadcrumb"},"inLanguage":"pt-PT","potentialAction":[{"@type":"ReadAction","target":["https:\/\/inclusivenews.com.br\/?p=12522"]}]},{"@type":"ImageObject","inLanguage":"pt-PT","@id":"https:\/\/inclusivenews.com.br\/?p=12522#primaryimage","url":"https:\/\/inclusivenews.com.br\/wp-content\/uploads\/2009\/11\/gera_img.php_.jpg","contentUrl":"https:\/\/inclusivenews.com.br\/wp-content\/uploads\/2009\/11\/gera_img.php_.jpg","width":213,"height":213},{"@type":"BreadcrumbList","@id":"https:\/\/inclusivenews.com.br\/?p=12522#breadcrumb","itemListElement":[{"@type":"ListItem","position":1,"name":"In\u00edcio","item":"https:\/\/inclusivenews.com.br\/"},{"@type":"ListItem","position":2,"name":"Semin\u00e1rio em Florian\u00f3polis debater\u00e1 acessibilidade para todos"}]},{"@type":"WebSite","@id":"https:\/\/inclusivenews.com.br\/#website","url":"https:\/\/inclusivenews.com.br\/","name":"Inclusive News","description":"Inclusive News","publisher":{"@id":"https:\/\/inclusivenews.com.br\/#organization"},"potentialAction":[{"@type":"SearchAction","target":{"@type":"EntryPoint","urlTemplate":"https:\/\/inclusivenews.com.br\/?s={search_term_string}"},"query-input":{"@type":"PropertyValueSpecification","valueRequired":true,"valueName":"search_term_string"}}],"inLanguage":"pt-PT"},{"@type":"Organization","@id":"https:\/\/inclusivenews.com.br\/#organization","name":"Inclusive - inclus\u00e3o e cidadania","url":"https:\/\/inclusivenews.com.br\/","logo":{"@type":"ImageObject","inLanguage":"pt-PT","@id":"https:\/\/inclusivenews.com.br\/#\/schema\/logo\/image\/","url":"https:\/\/inclusivenews.com.br\/wp-content\/uploads\/2024\/03\/@grandesite.png","contentUrl":"https:\/\/inclusivenews.com.br\/wp-content\/uploads\/2024\/03\/@grandesite.png","width":1080,"height":1080,"caption":"Inclusive - inclus\u00e3o e cidadania"},"image":{"@id":"https:\/\/inclusivenews.com.br\/#\/schema\/logo\/image\/"},"sameAs":["https:\/\/www.facebook.com\/agenciainclusive\/","https:\/\/www.instagram.com\/newsinclusive\/"]},{"@type":"Person","@id":"https:\/\/inclusivenews.com.br\/#\/schema\/person\/ae4ec7087559b8692fb33b6fffd2273b","name":"inclusivenews2024","image":{"@type":"ImageObject","inLanguage":"pt-PT","@id":"https:\/\/secure.gravatar.com\/avatar\/c5a7ef84c66fa914f55bc4f7ce26cfa275a3b9a1c5568b907bd184fb4dde7b40?s=96&d=mm&r=g","url":"https:\/\/secure.gravatar.com\/avatar\/c5a7ef84c66fa914f55bc4f7ce26cfa275a3b9a1c5568b907bd184fb4dde7b40?s=96&d=mm&r=g","contentUrl":"https:\/\/secure.gravatar.com\/avatar\/c5a7ef84c66fa914f55bc4f7ce26cfa275a3b9a1c5568b907bd184fb4dde7b40?s=96&d=mm&r=g","caption":"inclusivenews2024"},"sameAs":["https:\/\/inclusivenews.com.br"],"url":"https:\/\/inclusivenews.com.br\/?author=1"}]}},"_links":{"self":[{"href":"https:\/\/inclusivenews.com.br\/index.php?rest_route=\/wp\/v2\/posts\/12522","targetHints":{"allow":["GET"]}}],"collection":[{"href":"https:\/\/inclusivenews.com.br\/index.php?rest_route=\/wp\/v2\/posts"}],"about":[{"href":"https:\/\/inclusivenews.com.br\/index.php?rest_route=\/wp\/v2\/types\/post"}],"author":[{"embeddable":true,"href":"https:\/\/inclusivenews.com.br\/index.php?rest_route=\/wp\/v2\/users\/1"}],"replies":[{"embeddable":true,"href":"https:\/\/inclusivenews.com.br\/index.php?rest_route=%2Fwp%2Fv2%2Fcomments&post=12522"}],"version-history":[{"count":0,"href":"https:\/\/inclusivenews.com.br\/index.php?rest_route=\/wp\/v2\/posts\/12522\/revisions"}],"wp:attachment":[{"href":"https:\/\/inclusivenews.com.br\/index.php?rest_route=%2Fwp%2Fv2%2Fmedia&parent=12522"}],"wp:term":[{"taxonomy":"category","embeddable":true,"href":"https:\/\/inclusivenews.com.br\/index.php?rest_route=%2Fwp%2Fv2%2Fcategories&post=12522"},{"taxonomy":"post_tag","embeddable":true,"href":"https:\/\/inclusivenews.com.br\/index.php?rest_route=%2Fwp%2Fv2%2Ftags&post=12522"}],"curies":[{"name":"wp","href":"https:\/\/api.w.org\/{rel}","templated":true}]}}