{"id":12527,"date":"2009-11-18T21:31:20","date_gmt":"2009-11-19T00:31:20","guid":{"rendered":"http:\/\/www.inclusive.org.br\/?p=12527"},"modified":"2009-11-18T21:31:20","modified_gmt":"2009-11-19T00:31:20","slug":"encontro-defende-a-democratizacao-da-comunicacao-na-america-latina","status":"publish","type":"post","link":"https:\/\/inclusivenews.com.br\/?p=12527","title":{"rendered":"Encontro defende a democratiza\u00e7\u00e3o da comunica\u00e7\u00e3o na Am\u00e9rica Latina"},"content":{"rendered":"<p style=\"text-align: justify;\"><a href=\"http:\/\/www.inclusivenews.com.br\/wp-content\/uploads\/2009\/11\/logo1.gif\"><img loading=\"lazy\" decoding=\"async\" class=\"alignleft size-full wp-image-12528\" title=\"FNDC\" src=\"http:\/\/inclusivenews.com.br\/wp-content\/uploads\/2009\/11\/logo1.gif\" alt=\"FNDC\" width=\"139\" height=\"135\" \/><\/a>Realizado em Buenos Aires, no dia 9 de novembro, o 1\u00ba Encontro Internacional de Meios e Democracia na Am\u00e9rica Latina reuniu representantes de governos, organiza\u00e7\u00f5es sociais, sindicalistas acad\u00eamicos, comunicadores sociais e intelectuais Argentina, Uruguai, Brasil, Venezuela, Col\u00f4mbia e Honduras. Os debates abordaram a situa\u00e7\u00e3o dos meios de comunica\u00e7\u00e3o, os monop\u00f3lios midi\u00e1ticos e a uniformiza\u00e7\u00e3o da opini\u00e3o p\u00fablica.<\/p>\n<p style=\"text-align: justify;\">O evento se contrap\u00f4s \u00e0s posi\u00e7\u00f5es conservadoras da 65\u00aa assembleia geral da Sociedade Interamericana de Imprensa (SIP), tamb\u00e9m realizado na capital argentina, de 6 a 10 de novembro. A necessidade da democratiza\u00e7\u00e3o da comunica\u00e7\u00e3o na regi\u00e3o foi reafirmada pelos participantes do Encontro, que apontaram a SIP como promotora de a\u00e7\u00f5es autorit\u00e1rias nos ve\u00edculos de comunica\u00e7\u00e3o na Am\u00e9rica Latina.<\/p>\n<p style=\"text-align: justify;\">Criticada pela entidade que re\u00fane principalmente empres\u00e1rios de comunica\u00e7\u00e3o, a Lei dos Meios de Comunica\u00e7\u00e3o recentemente aprovada na Argentina foi elogiada pelo presidente da Federa\u00e7\u00e3o dos Jornalistas da Am\u00e9rica Latina e do Caribe e 1\u00ba vice-presidente da FENAJ, Celso Schr\u00f6der. \u201cUm dos destaques da nova lei argentina \u00e9 a regulamenta\u00e7\u00e3o da propriedade cruzada, impedindo a concentra\u00e7\u00e3o da propriedade dos ve\u00edculos e o monop\u00f3lio da comunica\u00e7\u00e3o\u201d, esclarece.<\/p>\n<p style=\"text-align: justify;\">Schr\u00f6der, que relatou tamb\u00e9m o processo de debates em torno da 1\u00aa Confer\u00eancia Nacional de Comunica\u00e7\u00e3o no Brasil, considera que a lei argentina &#8220;ser\u00e1 fundamental n\u00e3o s\u00f3 para a comunica\u00e7\u00e3o no pa\u00eds, mas para a Am\u00e9rica Latina&#8221;. Segundo ele, um dos fatores que foi determinante para a aprova\u00e7\u00e3o da nova lei no pa\u00eds vizinho foi a grande mobiliza\u00e7\u00e3o social. \u201cQuando a lei foi votada, havia 60 mil pessoas em frente ao parlamento argentino pedindo sua aprova\u00e7\u00e3o\u201d, conta.<\/p>\n<p style=\"text-align: justify;\">O sindicalista considera inadmiss\u00edveis situa\u00e7\u00f5es como a brasileira, onde o monop\u00f3lio das Organiza\u00e7\u00f5es Globo \u00e9 determinante na circula\u00e7\u00e3o de informa\u00e7\u00f5es no Pa\u00eds. \u201cEste esc\u00e2ndalo impede a pluralidade de vis\u00f5es sobre a realidade e o direito \u00e0 comunica\u00e7\u00e3o\u201d, reclama. \u201cIsto n\u00e3o ocorre em pa\u00edses europeus e nos Estados Unidos, mas no Brasil um \u00fanico grupo fica com 60% do bolo publicit\u00e1rio, 70% da audi\u00eancia, controla r\u00e1dio, televis\u00e3o, jornal, site e impede a democratiza\u00e7\u00e3o da comunica\u00e7\u00e3o\u201d, completa.<\/p>\n<p style=\"text-align: justify;\">\n<p style=\"text-align: justify;\"><strong>Contra o diploma<\/strong><\/p>\n<p style=\"text-align: justify;\">Apoiadora de diversos golpes militares ocorridos na Am\u00e9rica Latina, a SIP, que se autoproclama defensora das liberdades de imprensa e de express\u00e3o e que j\u00e1 se posicionou contra o processo da 1\u00aa Confecom, aprovou, em sua 65\u00aa assembleia geral, resolu\u00e7\u00e3o contra a exig\u00eancia do diploma para o exerc\u00edcio profissional do jornalismo no Brasil. No dia 10 de novembro, antecedendo a aprecia\u00e7\u00e3o das Propostas de Emenda Constitucional nas Comiss\u00f5es de Constitui\u00e7\u00e3o, Justi\u00e7a e de Cidadania da C\u00e2mara e do Senado, a entidade tentou influenciar o posicionamento dos parlamentares brasileiros. A entidade encaminhou documento aos presidentes das duas comiss\u00f5es pedindo que o diploma n\u00e3o seja obrigat\u00f3rio.<\/p>\n<p style=\"text-align: justify;\">\u201cO centro do argumento empresarial e da SIP \u00e9 que o diploma fera a liberdade de express\u00e3o\u201d, resgata Schr\u00f6der. \u201cDeliberadamente eles confundem conceitos porque n\u00e3o querem admitir que a liberdade de express\u00e3o \u00e9 um bem p\u00fablico, e n\u00e3o das empresas\u201d, denuncia.<\/p>\n<p style=\"text-align: justify;\">\n<p>______________________________<\/p>\n<p style=\"text-align: justify;\"><strong>Fonte de informa\u00e7\u00e3o:<\/strong> <a href=\"http:\/\/www.fndc.org.br\/internas.php?p=noticias&amp;cont_key=456079\" target=\"_blank\" rel=\"noopener\">FNDC<br \/>\n<\/a><\/p>\n<p><img loading=\"lazy\" decoding=\"async\" title=\"Link abrir\u00e1 em uma nova janela ou aba.\" src=\"http:\/\/www.inclusive.org.br\/images\/new_window.gif\" alt=\"Link abrir\u00e1 em uma nova janela ou aba.\" width=\"31\" height=\"27\" \/><\/p>\n<p style=\"text-align: justify;\">\n","protected":false},"excerpt":{"rendered":"<p>Os debates abordaram a situa\u00e7\u00e3o dos meios de comunica\u00e7\u00e3o, os monop\u00f3lios midi\u00e1ticos e a uniformiza\u00e7\u00e3o da opini\u00e3o p\u00fablica.<\/p>\n","protected":false},"author":1,"featured_media":0,"comment_status":"open","ping_status":"open","sticky":false,"template":"","format":"standard","meta":{"site-container-style":"default","site-container-layout":"default","site-sidebar-layout":"default","disable-article-header":"default","disable-site-header":"default","disable-site-footer":"default","disable-content-area-spacing":"default","footnotes":""},"categories":[12,4],"tags":[],"class_list":["post-12527","post","type-post","status-publish","format-standard","hentry","category-cursos-e-eventos","category-noticias"],"yoast_head":"<!-- This site is optimized with the Yoast SEO plugin v27.4 - https:\/\/yoast.com\/product\/yoast-seo-wordpress\/ -->\n<title>Encontro defende a democratiza\u00e7\u00e3o da comunica\u00e7\u00e3o na Am\u00e9rica Latina -<\/title>\n<meta name=\"robots\" content=\"index, follow, max-snippet:-1, max-image-preview:large, max-video-preview:-1\" \/>\n<link rel=\"canonical\" href=\"https:\/\/inclusivenews.com.br\/?p=12527\" \/>\n<meta property=\"og:locale\" content=\"pt_PT\" \/>\n<meta property=\"og:type\" content=\"article\" \/>\n<meta property=\"og:title\" content=\"Encontro defende a democratiza\u00e7\u00e3o da comunica\u00e7\u00e3o na Am\u00e9rica Latina -\" \/>\n<meta property=\"og:description\" content=\"Os debates abordaram a situa\u00e7\u00e3o dos meios de comunica\u00e7\u00e3o, os monop\u00f3lios midi\u00e1ticos e a uniformiza\u00e7\u00e3o da opini\u00e3o p\u00fablica.\" \/>\n<meta property=\"og:url\" content=\"https:\/\/inclusivenews.com.br\/?p=12527\" \/>\n<meta property=\"article:publisher\" content=\"https:\/\/www.facebook.com\/agenciainclusive\/\" \/>\n<meta property=\"article:published_time\" content=\"2009-11-19T00:31:20+00:00\" \/>\n<meta property=\"og:image\" content=\"http:\/\/inclusivenews.com.br\/wp-content\/uploads\/2009\/11\/logo1.gif\" \/>\n<meta name=\"author\" content=\"inclusivenews2024\" \/>\n<meta name=\"twitter:card\" content=\"summary_large_image\" \/>\n<meta name=\"twitter:label1\" content=\"Escrito por\" \/>\n\t<meta name=\"twitter:data1\" content=\"inclusivenews2024\" \/>\n\t<meta name=\"twitter:label2\" content=\"Tempo estimado de leitura\" \/>\n\t<meta name=\"twitter:data2\" content=\"3 minutos\" \/>\n<script type=\"application\/ld+json\" class=\"yoast-schema-graph\">{\"@context\":\"https:\\\/\\\/schema.org\",\"@graph\":[{\"@type\":\"Article\",\"@id\":\"https:\\\/\\\/inclusivenews.com.br\\\/?p=12527#article\",\"isPartOf\":{\"@id\":\"https:\\\/\\\/inclusivenews.com.br\\\/?p=12527\"},\"author\":{\"name\":\"inclusivenews2024\",\"@id\":\"https:\\\/\\\/inclusivenews.com.br\\\/#\\\/schema\\\/person\\\/ae4ec7087559b8692fb33b6fffd2273b\"},\"headline\":\"Encontro defende a democratiza\u00e7\u00e3o da comunica\u00e7\u00e3o na Am\u00e9rica Latina\",\"datePublished\":\"2009-11-19T00:31:20+00:00\",\"mainEntityOfPage\":{\"@id\":\"https:\\\/\\\/inclusivenews.com.br\\\/?p=12527\"},\"wordCount\":563,\"commentCount\":0,\"publisher\":{\"@id\":\"https:\\\/\\\/inclusivenews.com.br\\\/#organization\"},\"image\":{\"@id\":\"https:\\\/\\\/inclusivenews.com.br\\\/?p=12527#primaryimage\"},\"thumbnailUrl\":\"http:\\\/\\\/inclusivenews.com.br\\\/wp-content\\\/uploads\\\/2009\\\/11\\\/logo1.gif\",\"articleSection\":[\"Cursos e eventos\",\"NOT\u00cdCIAS\"],\"inLanguage\":\"pt-PT\",\"potentialAction\":[{\"@type\":\"CommentAction\",\"name\":\"Comment\",\"target\":[\"https:\\\/\\\/inclusivenews.com.br\\\/?p=12527#respond\"]}]},{\"@type\":\"WebPage\",\"@id\":\"https:\\\/\\\/inclusivenews.com.br\\\/?p=12527\",\"url\":\"https:\\\/\\\/inclusivenews.com.br\\\/?p=12527\",\"name\":\"Encontro defende a democratiza\u00e7\u00e3o da comunica\u00e7\u00e3o na Am\u00e9rica Latina -\",\"isPartOf\":{\"@id\":\"https:\\\/\\\/inclusivenews.com.br\\\/#website\"},\"primaryImageOfPage\":{\"@id\":\"https:\\\/\\\/inclusivenews.com.br\\\/?p=12527#primaryimage\"},\"image\":{\"@id\":\"https:\\\/\\\/inclusivenews.com.br\\\/?p=12527#primaryimage\"},\"thumbnailUrl\":\"http:\\\/\\\/inclusivenews.com.br\\\/wp-content\\\/uploads\\\/2009\\\/11\\\/logo1.gif\",\"datePublished\":\"2009-11-19T00:31:20+00:00\",\"breadcrumb\":{\"@id\":\"https:\\\/\\\/inclusivenews.com.br\\\/?p=12527#breadcrumb\"},\"inLanguage\":\"pt-PT\",\"potentialAction\":[{\"@type\":\"ReadAction\",\"target\":[\"https:\\\/\\\/inclusivenews.com.br\\\/?p=12527\"]}]},{\"@type\":\"ImageObject\",\"inLanguage\":\"pt-PT\",\"@id\":\"https:\\\/\\\/inclusivenews.com.br\\\/?p=12527#primaryimage\",\"url\":\"https:\\\/\\\/inclusivenews.com.br\\\/wp-content\\\/uploads\\\/2009\\\/11\\\/logo1.gif\",\"contentUrl\":\"https:\\\/\\\/inclusivenews.com.br\\\/wp-content\\\/uploads\\\/2009\\\/11\\\/logo1.gif\",\"width\":139,\"height\":135},{\"@type\":\"BreadcrumbList\",\"@id\":\"https:\\\/\\\/inclusivenews.com.br\\\/?p=12527#breadcrumb\",\"itemListElement\":[{\"@type\":\"ListItem\",\"position\":1,\"name\":\"In\u00edcio\",\"item\":\"https:\\\/\\\/inclusivenews.com.br\\\/\"},{\"@type\":\"ListItem\",\"position\":2,\"name\":\"Encontro defende a democratiza\u00e7\u00e3o da comunica\u00e7\u00e3o na Am\u00e9rica Latina\"}]},{\"@type\":\"WebSite\",\"@id\":\"https:\\\/\\\/inclusivenews.com.br\\\/#website\",\"url\":\"https:\\\/\\\/inclusivenews.com.br\\\/\",\"name\":\"Inclusive News\",\"description\":\"Inclusive News\",\"publisher\":{\"@id\":\"https:\\\/\\\/inclusivenews.com.br\\\/#organization\"},\"potentialAction\":[{\"@type\":\"SearchAction\",\"target\":{\"@type\":\"EntryPoint\",\"urlTemplate\":\"https:\\\/\\\/inclusivenews.com.br\\\/?s={search_term_string}\"},\"query-input\":{\"@type\":\"PropertyValueSpecification\",\"valueRequired\":true,\"valueName\":\"search_term_string\"}}],\"inLanguage\":\"pt-PT\"},{\"@type\":\"Organization\",\"@id\":\"https:\\\/\\\/inclusivenews.com.br\\\/#organization\",\"name\":\"Inclusive - inclus\u00e3o e cidadania\",\"url\":\"https:\\\/\\\/inclusivenews.com.br\\\/\",\"logo\":{\"@type\":\"ImageObject\",\"inLanguage\":\"pt-PT\",\"@id\":\"https:\\\/\\\/inclusivenews.com.br\\\/#\\\/schema\\\/logo\\\/image\\\/\",\"url\":\"https:\\\/\\\/inclusivenews.com.br\\\/wp-content\\\/uploads\\\/2024\\\/03\\\/@grandesite.png\",\"contentUrl\":\"https:\\\/\\\/inclusivenews.com.br\\\/wp-content\\\/uploads\\\/2024\\\/03\\\/@grandesite.png\",\"width\":1080,\"height\":1080,\"caption\":\"Inclusive - inclus\u00e3o e cidadania\"},\"image\":{\"@id\":\"https:\\\/\\\/inclusivenews.com.br\\\/#\\\/schema\\\/logo\\\/image\\\/\"},\"sameAs\":[\"https:\\\/\\\/www.facebook.com\\\/agenciainclusive\\\/\",\"https:\\\/\\\/www.instagram.com\\\/newsinclusive\\\/\"]},{\"@type\":\"Person\",\"@id\":\"https:\\\/\\\/inclusivenews.com.br\\\/#\\\/schema\\\/person\\\/ae4ec7087559b8692fb33b6fffd2273b\",\"name\":\"inclusivenews2024\",\"image\":{\"@type\":\"ImageObject\",\"inLanguage\":\"pt-PT\",\"@id\":\"https:\\\/\\\/secure.gravatar.com\\\/avatar\\\/c5a7ef84c66fa914f55bc4f7ce26cfa275a3b9a1c5568b907bd184fb4dde7b40?s=96&d=mm&r=g\",\"url\":\"https:\\\/\\\/secure.gravatar.com\\\/avatar\\\/c5a7ef84c66fa914f55bc4f7ce26cfa275a3b9a1c5568b907bd184fb4dde7b40?s=96&d=mm&r=g\",\"contentUrl\":\"https:\\\/\\\/secure.gravatar.com\\\/avatar\\\/c5a7ef84c66fa914f55bc4f7ce26cfa275a3b9a1c5568b907bd184fb4dde7b40?s=96&d=mm&r=g\",\"caption\":\"inclusivenews2024\"},\"sameAs\":[\"https:\\\/\\\/inclusivenews.com.br\"],\"url\":\"https:\\\/\\\/inclusivenews.com.br\\\/?author=1\"}]}<\/script>\n<!-- \/ Yoast SEO plugin. -->","yoast_head_json":{"title":"Encontro defende a democratiza\u00e7\u00e3o da comunica\u00e7\u00e3o na Am\u00e9rica Latina -","robots":{"index":"index","follow":"follow","max-snippet":"max-snippet:-1","max-image-preview":"max-image-preview:large","max-video-preview":"max-video-preview:-1"},"canonical":"https:\/\/inclusivenews.com.br\/?p=12527","og_locale":"pt_PT","og_type":"article","og_title":"Encontro defende a democratiza\u00e7\u00e3o da comunica\u00e7\u00e3o na Am\u00e9rica Latina -","og_description":"Os debates abordaram a situa\u00e7\u00e3o dos meios de comunica\u00e7\u00e3o, os monop\u00f3lios midi\u00e1ticos e a uniformiza\u00e7\u00e3o da opini\u00e3o p\u00fablica.","og_url":"https:\/\/inclusivenews.com.br\/?p=12527","article_publisher":"https:\/\/www.facebook.com\/agenciainclusive\/","article_published_time":"2009-11-19T00:31:20+00:00","og_image":[{"url":"http:\/\/inclusivenews.com.br\/wp-content\/uploads\/2009\/11\/logo1.gif","type":"","width":"","height":""}],"author":"inclusivenews2024","twitter_card":"summary_large_image","twitter_misc":{"Escrito por":"inclusivenews2024","Tempo estimado de leitura":"3 minutos"},"schema":{"@context":"https:\/\/schema.org","@graph":[{"@type":"Article","@id":"https:\/\/inclusivenews.com.br\/?p=12527#article","isPartOf":{"@id":"https:\/\/inclusivenews.com.br\/?p=12527"},"author":{"name":"inclusivenews2024","@id":"https:\/\/inclusivenews.com.br\/#\/schema\/person\/ae4ec7087559b8692fb33b6fffd2273b"},"headline":"Encontro defende a democratiza\u00e7\u00e3o da comunica\u00e7\u00e3o na Am\u00e9rica Latina","datePublished":"2009-11-19T00:31:20+00:00","mainEntityOfPage":{"@id":"https:\/\/inclusivenews.com.br\/?p=12527"},"wordCount":563,"commentCount":0,"publisher":{"@id":"https:\/\/inclusivenews.com.br\/#organization"},"image":{"@id":"https:\/\/inclusivenews.com.br\/?p=12527#primaryimage"},"thumbnailUrl":"http:\/\/inclusivenews.com.br\/wp-content\/uploads\/2009\/11\/logo1.gif","articleSection":["Cursos e eventos","NOT\u00cdCIAS"],"inLanguage":"pt-PT","potentialAction":[{"@type":"CommentAction","name":"Comment","target":["https:\/\/inclusivenews.com.br\/?p=12527#respond"]}]},{"@type":"WebPage","@id":"https:\/\/inclusivenews.com.br\/?p=12527","url":"https:\/\/inclusivenews.com.br\/?p=12527","name":"Encontro defende a democratiza\u00e7\u00e3o da comunica\u00e7\u00e3o na Am\u00e9rica Latina -","isPartOf":{"@id":"https:\/\/inclusivenews.com.br\/#website"},"primaryImageOfPage":{"@id":"https:\/\/inclusivenews.com.br\/?p=12527#primaryimage"},"image":{"@id":"https:\/\/inclusivenews.com.br\/?p=12527#primaryimage"},"thumbnailUrl":"http:\/\/inclusivenews.com.br\/wp-content\/uploads\/2009\/11\/logo1.gif","datePublished":"2009-11-19T00:31:20+00:00","breadcrumb":{"@id":"https:\/\/inclusivenews.com.br\/?p=12527#breadcrumb"},"inLanguage":"pt-PT","potentialAction":[{"@type":"ReadAction","target":["https:\/\/inclusivenews.com.br\/?p=12527"]}]},{"@type":"ImageObject","inLanguage":"pt-PT","@id":"https:\/\/inclusivenews.com.br\/?p=12527#primaryimage","url":"https:\/\/inclusivenews.com.br\/wp-content\/uploads\/2009\/11\/logo1.gif","contentUrl":"https:\/\/inclusivenews.com.br\/wp-content\/uploads\/2009\/11\/logo1.gif","width":139,"height":135},{"@type":"BreadcrumbList","@id":"https:\/\/inclusivenews.com.br\/?p=12527#breadcrumb","itemListElement":[{"@type":"ListItem","position":1,"name":"In\u00edcio","item":"https:\/\/inclusivenews.com.br\/"},{"@type":"ListItem","position":2,"name":"Encontro defende a democratiza\u00e7\u00e3o da comunica\u00e7\u00e3o na Am\u00e9rica Latina"}]},{"@type":"WebSite","@id":"https:\/\/inclusivenews.com.br\/#website","url":"https:\/\/inclusivenews.com.br\/","name":"Inclusive News","description":"Inclusive News","publisher":{"@id":"https:\/\/inclusivenews.com.br\/#organization"},"potentialAction":[{"@type":"SearchAction","target":{"@type":"EntryPoint","urlTemplate":"https:\/\/inclusivenews.com.br\/?s={search_term_string}"},"query-input":{"@type":"PropertyValueSpecification","valueRequired":true,"valueName":"search_term_string"}}],"inLanguage":"pt-PT"},{"@type":"Organization","@id":"https:\/\/inclusivenews.com.br\/#organization","name":"Inclusive - inclus\u00e3o e cidadania","url":"https:\/\/inclusivenews.com.br\/","logo":{"@type":"ImageObject","inLanguage":"pt-PT","@id":"https:\/\/inclusivenews.com.br\/#\/schema\/logo\/image\/","url":"https:\/\/inclusivenews.com.br\/wp-content\/uploads\/2024\/03\/@grandesite.png","contentUrl":"https:\/\/inclusivenews.com.br\/wp-content\/uploads\/2024\/03\/@grandesite.png","width":1080,"height":1080,"caption":"Inclusive - inclus\u00e3o e cidadania"},"image":{"@id":"https:\/\/inclusivenews.com.br\/#\/schema\/logo\/image\/"},"sameAs":["https:\/\/www.facebook.com\/agenciainclusive\/","https:\/\/www.instagram.com\/newsinclusive\/"]},{"@type":"Person","@id":"https:\/\/inclusivenews.com.br\/#\/schema\/person\/ae4ec7087559b8692fb33b6fffd2273b","name":"inclusivenews2024","image":{"@type":"ImageObject","inLanguage":"pt-PT","@id":"https:\/\/secure.gravatar.com\/avatar\/c5a7ef84c66fa914f55bc4f7ce26cfa275a3b9a1c5568b907bd184fb4dde7b40?s=96&d=mm&r=g","url":"https:\/\/secure.gravatar.com\/avatar\/c5a7ef84c66fa914f55bc4f7ce26cfa275a3b9a1c5568b907bd184fb4dde7b40?s=96&d=mm&r=g","contentUrl":"https:\/\/secure.gravatar.com\/avatar\/c5a7ef84c66fa914f55bc4f7ce26cfa275a3b9a1c5568b907bd184fb4dde7b40?s=96&d=mm&r=g","caption":"inclusivenews2024"},"sameAs":["https:\/\/inclusivenews.com.br"],"url":"https:\/\/inclusivenews.com.br\/?author=1"}]}},"_links":{"self":[{"href":"https:\/\/inclusivenews.com.br\/index.php?rest_route=\/wp\/v2\/posts\/12527","targetHints":{"allow":["GET"]}}],"collection":[{"href":"https:\/\/inclusivenews.com.br\/index.php?rest_route=\/wp\/v2\/posts"}],"about":[{"href":"https:\/\/inclusivenews.com.br\/index.php?rest_route=\/wp\/v2\/types\/post"}],"author":[{"embeddable":true,"href":"https:\/\/inclusivenews.com.br\/index.php?rest_route=\/wp\/v2\/users\/1"}],"replies":[{"embeddable":true,"href":"https:\/\/inclusivenews.com.br\/index.php?rest_route=%2Fwp%2Fv2%2Fcomments&post=12527"}],"version-history":[{"count":0,"href":"https:\/\/inclusivenews.com.br\/index.php?rest_route=\/wp\/v2\/posts\/12527\/revisions"}],"wp:attachment":[{"href":"https:\/\/inclusivenews.com.br\/index.php?rest_route=%2Fwp%2Fv2%2Fmedia&parent=12527"}],"wp:term":[{"taxonomy":"category","embeddable":true,"href":"https:\/\/inclusivenews.com.br\/index.php?rest_route=%2Fwp%2Fv2%2Fcategories&post=12527"},{"taxonomy":"post_tag","embeddable":true,"href":"https:\/\/inclusivenews.com.br\/index.php?rest_route=%2Fwp%2Fv2%2Ftags&post=12527"}],"curies":[{"name":"wp","href":"https:\/\/api.w.org\/{rel}","templated":true}]}}