{"id":12530,"date":"2009-11-18T21:47:42","date_gmt":"2009-11-19T00:47:42","guid":{"rendered":"http:\/\/www.inclusive.org.br\/?p=12530"},"modified":"2009-11-18T21:47:42","modified_gmt":"2009-11-19T00:47:42","slug":"portal-disponibiliza-cartilha-sobre-direitos-do-cidadao-contra-crimes-de-preconceito","status":"publish","type":"post","link":"https:\/\/inclusivenews.com.br\/?p=12530","title":{"rendered":"Portal disponibiliza cartilha sobre direitos do cidad\u00e3o contra crimes de preconceito"},"content":{"rendered":"<p style=\"text-align: center;\"><em>A cartilha foi elaborada pela Defensoria P\u00fablica, atrav\u00e9s do N\u00facleo Especializado de Combate a Discrimina\u00e7\u00e3o, Racismo e Preconceito.<\/em><\/p>\n<p style=\"text-align: justify;\"><a href=\"http:\/\/www.inclusivenews.com.br\/wp-content\/uploads\/2009\/11\/Untitled-13.jpg\"><img loading=\"lazy\" decoding=\"async\" class=\"alignleft size-full wp-image-12531\" title=\"N\u00facleo Especializado de Combate a Discrimina\u00e7\u00e3o, Racismo e Preconceito\" src=\"http:\/\/inclusivenews.com.br\/wp-content\/uploads\/2009\/11\/Untitled-13.jpg\" alt=\"N\u00facleo Especializado de Combate a Discrimina\u00e7\u00e3o, Racismo e Preconceito\" width=\"260\" height=\"260\" srcset=\"https:\/\/inclusivenews.com.br\/wp-content\/uploads\/2009\/11\/Untitled-13.jpg 295w, https:\/\/inclusivenews.com.br\/wp-content\/uploads\/2009\/11\/Untitled-13-150x150.jpg 150w\" sizes=\"auto, (max-width: 260px) 100vw, 260px\" \/><\/a>O portal do deputado estadual Edmir Chedid (Democratas) est\u00e1 disponibilizando aos internautas a cartilha elaborada pela Defensoria P\u00fablica do Estado de S\u00e3o Paulo, atrav\u00e9s do N\u00facleo Especializado de Combate a Discrimina\u00e7\u00e3o, Racismo e Preconceito, para informar a popula\u00e7\u00e3o sobre os seus direitos e deveres quanto a este tipo de crime. O material foi lan\u00e7ado em comemora\u00e7\u00e3o ao Dia da Consci\u00eancia Negra, celebrado nesta sexta-feira, 20, em 105 munic\u00edpios do Estado.<\/p>\n<p style=\"text-align: justify;\">De acordo com o parlamentar, a cartilha tem por finalidade explicar o que \u00e9 o direito \u00e0 igualdade, previsto pela Constitui\u00e7\u00e3o Federal. Al\u00e9m disso, aborda o direito \u00e0 diferen\u00e7a, que \u00e9 a possibilidade de todos viverem segundo sua pr\u00f3pria cultura e suas caracter\u00edsticas pessoais, sem discrimina\u00e7\u00e3o. \u201cA cartilha informa quais os dispositivos legais que podem ser aplicados nos casos em que ocorre a discrimina\u00e7\u00e3o racial. Ensina, ainda, todos os passos a serem percorridos por uma v\u00edtima de preconceito ou racismo\u201d, afirmou.<\/p>\n<p style=\"text-align: justify;\">A cartilha apresenta diversas institui\u00e7\u00f5es onde as v\u00edtimas podem buscar informa\u00e7\u00f5es e atendimento no Estado de S\u00e3o Paulo. At\u00e9 esta sexta-feira, a cartilha estar\u00e1 dispon\u00edvel em todas as unidades da Defensoria P\u00fablica do Estado de S\u00e3o Paulo (na capital, litoral e Interior). Para ter acesso \u00e0 publica\u00e7\u00e3o, <a href=\"http:\/\/www.edmirchedid.com.br\/boletim\/arquivo34.pdf\">clique aqui<\/a>.<\/p>\n<p style=\"text-align: justify;\">__________________________<\/p>\n<p style=\"text-align: justify;\"><strong>Fonte de informa\u00e7\u00e3o:<\/strong> <a onclick=\"javascript:pageTracker._trackPageview('\/outbound\/article\/www.observatoriodaeducacao.org.br');\" href=\"http:\/\/www.atibaianews.com.br\/ver_not.php?id=8704&amp;ed=Geral&amp;cat=Not%EDcias\" target=\"_blank\" rel=\"noopener\">Atibaia News<\/a> <a onclick=\"javascript:pageTracker._trackPageview('\/outbound\/article\/www.concepto.com.br');\" href=\"http:\/\/www.concepto.com.br\/cclf\/admin\/modules\/noticia\/?id=708\"><img loading=\"lazy\" decoding=\"async\" title=\"Link abrir\u00e1 em uma nova janela ou aba.\" src=\"..\/images\/new_window.gif\" alt=\"Link abrir\u00e1 em uma nova janela ou aba.\" width=\"16\" height=\"14\" \/><\/a><\/p>\n","protected":false},"excerpt":{"rendered":"<p>A cartilha foi elaborada pela Defensoria P\u00fablica, atrav\u00e9s do N\u00facleo Especializado de Combate a Discrimina\u00e7\u00e3o, Racismo e Preconceito. O portal do deputado estadual Edmir Chedid (Democratas) est\u00e1 disponibilizando aos internautas a cartilha elaborada pela Defensoria P\u00fablica do Estado de S\u00e3o Paulo, atrav\u00e9s do N\u00facleo Especializado de Combate a Discrimina\u00e7\u00e3o, Racismo e Preconceito, para informar a [&hellip;]<\/p>\n","protected":false},"author":1,"featured_media":0,"comment_status":"open","ping_status":"open","sticky":false,"template":"","format":"standard","meta":{"site-container-style":"default","site-container-layout":"default","site-sidebar-layout":"default","disable-article-header":"default","disable-site-header":"default","disable-site-footer":"default","disable-content-area-spacing":"default","footnotes":""},"categories":[3,53,4,41],"tags":[],"class_list":["post-12530","post","type-post","status-publish","format-standard","hentry","category-campanhas","category-cartilhas-e-manuais","category-noticias","category-preconceito"],"yoast_head":"<!-- This site is optimized with the Yoast SEO plugin v27.4 - https:\/\/yoast.com\/product\/yoast-seo-wordpress\/ -->\n<title>Portal disponibiliza cartilha sobre direitos do cidad\u00e3o contra crimes de preconceito -<\/title>\n<meta name=\"robots\" content=\"index, follow, max-snippet:-1, max-image-preview:large, max-video-preview:-1\" \/>\n<link rel=\"canonical\" href=\"https:\/\/inclusivenews.com.br\/?p=12530\" \/>\n<meta property=\"og:locale\" content=\"pt_PT\" \/>\n<meta property=\"og:type\" content=\"article\" \/>\n<meta property=\"og:title\" content=\"Portal disponibiliza cartilha sobre direitos do cidad\u00e3o contra crimes de preconceito -\" \/>\n<meta property=\"og:description\" content=\"A cartilha foi elaborada pela Defensoria P\u00fablica, atrav\u00e9s do N\u00facleo Especializado de Combate a Discrimina\u00e7\u00e3o, Racismo e Preconceito. O portal do deputado estadual Edmir Chedid (Democratas) est\u00e1 disponibilizando aos internautas a cartilha elaborada pela Defensoria P\u00fablica do Estado de S\u00e3o Paulo, atrav\u00e9s do N\u00facleo Especializado de Combate a Discrimina\u00e7\u00e3o, Racismo e Preconceito, para informar a [&hellip;]\" \/>\n<meta property=\"og:url\" content=\"https:\/\/inclusivenews.com.br\/?p=12530\" \/>\n<meta property=\"article:publisher\" content=\"https:\/\/www.facebook.com\/agenciainclusive\/\" \/>\n<meta property=\"article:published_time\" content=\"2009-11-19T00:47:42+00:00\" \/>\n<meta property=\"og:image\" content=\"http:\/\/inclusivenews.com.br\/wp-content\/uploads\/2009\/11\/Untitled-13.jpg\" \/>\n<meta name=\"author\" content=\"inclusivenews2024\" \/>\n<meta name=\"twitter:card\" content=\"summary_large_image\" \/>\n<meta name=\"twitter:label1\" content=\"Escrito por\" \/>\n\t<meta name=\"twitter:data1\" content=\"inclusivenews2024\" \/>\n\t<meta name=\"twitter:label2\" content=\"Tempo estimado de leitura\" \/>\n\t<meta name=\"twitter:data2\" content=\"1 minuto\" \/>\n<script type=\"application\/ld+json\" class=\"yoast-schema-graph\">{\"@context\":\"https:\\\/\\\/schema.org\",\"@graph\":[{\"@type\":\"Article\",\"@id\":\"https:\\\/\\\/inclusivenews.com.br\\\/?p=12530#article\",\"isPartOf\":{\"@id\":\"https:\\\/\\\/inclusivenews.com.br\\\/?p=12530\"},\"author\":{\"name\":\"inclusivenews2024\",\"@id\":\"https:\\\/\\\/inclusivenews.com.br\\\/#\\\/schema\\\/person\\\/ae4ec7087559b8692fb33b6fffd2273b\"},\"headline\":\"Portal disponibiliza cartilha sobre direitos do cidad\u00e3o contra crimes de preconceito\",\"datePublished\":\"2009-11-19T00:47:42+00:00\",\"mainEntityOfPage\":{\"@id\":\"https:\\\/\\\/inclusivenews.com.br\\\/?p=12530\"},\"wordCount\":259,\"commentCount\":0,\"publisher\":{\"@id\":\"https:\\\/\\\/inclusivenews.com.br\\\/#organization\"},\"image\":{\"@id\":\"https:\\\/\\\/inclusivenews.com.br\\\/?p=12530#primaryimage\"},\"thumbnailUrl\":\"http:\\\/\\\/inclusivenews.com.br\\\/wp-content\\\/uploads\\\/2009\\\/11\\\/Untitled-13.jpg\",\"articleSection\":[\"CAMPANHAS\",\"Cartilhas e manuais\",\"NOT\u00cdCIAS\",\"Preconceito\"],\"inLanguage\":\"pt-PT\",\"potentialAction\":[{\"@type\":\"CommentAction\",\"name\":\"Comment\",\"target\":[\"https:\\\/\\\/inclusivenews.com.br\\\/?p=12530#respond\"]}]},{\"@type\":\"WebPage\",\"@id\":\"https:\\\/\\\/inclusivenews.com.br\\\/?p=12530\",\"url\":\"https:\\\/\\\/inclusivenews.com.br\\\/?p=12530\",\"name\":\"Portal disponibiliza cartilha sobre direitos do cidad\u00e3o contra crimes de preconceito -\",\"isPartOf\":{\"@id\":\"https:\\\/\\\/inclusivenews.com.br\\\/#website\"},\"primaryImageOfPage\":{\"@id\":\"https:\\\/\\\/inclusivenews.com.br\\\/?p=12530#primaryimage\"},\"image\":{\"@id\":\"https:\\\/\\\/inclusivenews.com.br\\\/?p=12530#primaryimage\"},\"thumbnailUrl\":\"http:\\\/\\\/inclusivenews.com.br\\\/wp-content\\\/uploads\\\/2009\\\/11\\\/Untitled-13.jpg\",\"datePublished\":\"2009-11-19T00:47:42+00:00\",\"breadcrumb\":{\"@id\":\"https:\\\/\\\/inclusivenews.com.br\\\/?p=12530#breadcrumb\"},\"inLanguage\":\"pt-PT\",\"potentialAction\":[{\"@type\":\"ReadAction\",\"target\":[\"https:\\\/\\\/inclusivenews.com.br\\\/?p=12530\"]}]},{\"@type\":\"ImageObject\",\"inLanguage\":\"pt-PT\",\"@id\":\"https:\\\/\\\/inclusivenews.com.br\\\/?p=12530#primaryimage\",\"url\":\"https:\\\/\\\/inclusivenews.com.br\\\/wp-content\\\/uploads\\\/2009\\\/11\\\/Untitled-13.jpg\",\"contentUrl\":\"https:\\\/\\\/inclusivenews.com.br\\\/wp-content\\\/uploads\\\/2009\\\/11\\\/Untitled-13.jpg\",\"width\":295,\"height\":295},{\"@type\":\"BreadcrumbList\",\"@id\":\"https:\\\/\\\/inclusivenews.com.br\\\/?p=12530#breadcrumb\",\"itemListElement\":[{\"@type\":\"ListItem\",\"position\":1,\"name\":\"In\u00edcio\",\"item\":\"https:\\\/\\\/inclusivenews.com.br\\\/\"},{\"@type\":\"ListItem\",\"position\":2,\"name\":\"Portal disponibiliza cartilha sobre direitos do cidad\u00e3o contra crimes de preconceito\"}]},{\"@type\":\"WebSite\",\"@id\":\"https:\\\/\\\/inclusivenews.com.br\\\/#website\",\"url\":\"https:\\\/\\\/inclusivenews.com.br\\\/\",\"name\":\"Inclusive News\",\"description\":\"Inclusive News\",\"publisher\":{\"@id\":\"https:\\\/\\\/inclusivenews.com.br\\\/#organization\"},\"potentialAction\":[{\"@type\":\"SearchAction\",\"target\":{\"@type\":\"EntryPoint\",\"urlTemplate\":\"https:\\\/\\\/inclusivenews.com.br\\\/?s={search_term_string}\"},\"query-input\":{\"@type\":\"PropertyValueSpecification\",\"valueRequired\":true,\"valueName\":\"search_term_string\"}}],\"inLanguage\":\"pt-PT\"},{\"@type\":\"Organization\",\"@id\":\"https:\\\/\\\/inclusivenews.com.br\\\/#organization\",\"name\":\"Inclusive - inclus\u00e3o e cidadania\",\"url\":\"https:\\\/\\\/inclusivenews.com.br\\\/\",\"logo\":{\"@type\":\"ImageObject\",\"inLanguage\":\"pt-PT\",\"@id\":\"https:\\\/\\\/inclusivenews.com.br\\\/#\\\/schema\\\/logo\\\/image\\\/\",\"url\":\"https:\\\/\\\/inclusivenews.com.br\\\/wp-content\\\/uploads\\\/2024\\\/03\\\/@grandesite.png\",\"contentUrl\":\"https:\\\/\\\/inclusivenews.com.br\\\/wp-content\\\/uploads\\\/2024\\\/03\\\/@grandesite.png\",\"width\":1080,\"height\":1080,\"caption\":\"Inclusive - inclus\u00e3o e cidadania\"},\"image\":{\"@id\":\"https:\\\/\\\/inclusivenews.com.br\\\/#\\\/schema\\\/logo\\\/image\\\/\"},\"sameAs\":[\"https:\\\/\\\/www.facebook.com\\\/agenciainclusive\\\/\",\"https:\\\/\\\/www.instagram.com\\\/newsinclusive\\\/\"]},{\"@type\":\"Person\",\"@id\":\"https:\\\/\\\/inclusivenews.com.br\\\/#\\\/schema\\\/person\\\/ae4ec7087559b8692fb33b6fffd2273b\",\"name\":\"inclusivenews2024\",\"image\":{\"@type\":\"ImageObject\",\"inLanguage\":\"pt-PT\",\"@id\":\"https:\\\/\\\/secure.gravatar.com\\\/avatar\\\/c5a7ef84c66fa914f55bc4f7ce26cfa275a3b9a1c5568b907bd184fb4dde7b40?s=96&d=mm&r=g\",\"url\":\"https:\\\/\\\/secure.gravatar.com\\\/avatar\\\/c5a7ef84c66fa914f55bc4f7ce26cfa275a3b9a1c5568b907bd184fb4dde7b40?s=96&d=mm&r=g\",\"contentUrl\":\"https:\\\/\\\/secure.gravatar.com\\\/avatar\\\/c5a7ef84c66fa914f55bc4f7ce26cfa275a3b9a1c5568b907bd184fb4dde7b40?s=96&d=mm&r=g\",\"caption\":\"inclusivenews2024\"},\"sameAs\":[\"https:\\\/\\\/inclusivenews.com.br\"],\"url\":\"https:\\\/\\\/inclusivenews.com.br\\\/?author=1\"}]}<\/script>\n<!-- \/ Yoast SEO plugin. -->","yoast_head_json":{"title":"Portal disponibiliza cartilha sobre direitos do cidad\u00e3o contra crimes de preconceito -","robots":{"index":"index","follow":"follow","max-snippet":"max-snippet:-1","max-image-preview":"max-image-preview:large","max-video-preview":"max-video-preview:-1"},"canonical":"https:\/\/inclusivenews.com.br\/?p=12530","og_locale":"pt_PT","og_type":"article","og_title":"Portal disponibiliza cartilha sobre direitos do cidad\u00e3o contra crimes de preconceito -","og_description":"A cartilha foi elaborada pela Defensoria P\u00fablica, atrav\u00e9s do N\u00facleo Especializado de Combate a Discrimina\u00e7\u00e3o, Racismo e Preconceito. O portal do deputado estadual Edmir Chedid (Democratas) est\u00e1 disponibilizando aos internautas a cartilha elaborada pela Defensoria P\u00fablica do Estado de S\u00e3o Paulo, atrav\u00e9s do N\u00facleo Especializado de Combate a Discrimina\u00e7\u00e3o, Racismo e Preconceito, para informar a [&hellip;]","og_url":"https:\/\/inclusivenews.com.br\/?p=12530","article_publisher":"https:\/\/www.facebook.com\/agenciainclusive\/","article_published_time":"2009-11-19T00:47:42+00:00","og_image":[{"url":"http:\/\/inclusivenews.com.br\/wp-content\/uploads\/2009\/11\/Untitled-13.jpg","type":"","width":"","height":""}],"author":"inclusivenews2024","twitter_card":"summary_large_image","twitter_misc":{"Escrito por":"inclusivenews2024","Tempo estimado de leitura":"1 minuto"},"schema":{"@context":"https:\/\/schema.org","@graph":[{"@type":"Article","@id":"https:\/\/inclusivenews.com.br\/?p=12530#article","isPartOf":{"@id":"https:\/\/inclusivenews.com.br\/?p=12530"},"author":{"name":"inclusivenews2024","@id":"https:\/\/inclusivenews.com.br\/#\/schema\/person\/ae4ec7087559b8692fb33b6fffd2273b"},"headline":"Portal disponibiliza cartilha sobre direitos do cidad\u00e3o contra crimes de preconceito","datePublished":"2009-11-19T00:47:42+00:00","mainEntityOfPage":{"@id":"https:\/\/inclusivenews.com.br\/?p=12530"},"wordCount":259,"commentCount":0,"publisher":{"@id":"https:\/\/inclusivenews.com.br\/#organization"},"image":{"@id":"https:\/\/inclusivenews.com.br\/?p=12530#primaryimage"},"thumbnailUrl":"http:\/\/inclusivenews.com.br\/wp-content\/uploads\/2009\/11\/Untitled-13.jpg","articleSection":["CAMPANHAS","Cartilhas e manuais","NOT\u00cdCIAS","Preconceito"],"inLanguage":"pt-PT","potentialAction":[{"@type":"CommentAction","name":"Comment","target":["https:\/\/inclusivenews.com.br\/?p=12530#respond"]}]},{"@type":"WebPage","@id":"https:\/\/inclusivenews.com.br\/?p=12530","url":"https:\/\/inclusivenews.com.br\/?p=12530","name":"Portal disponibiliza cartilha sobre direitos do cidad\u00e3o contra crimes de preconceito -","isPartOf":{"@id":"https:\/\/inclusivenews.com.br\/#website"},"primaryImageOfPage":{"@id":"https:\/\/inclusivenews.com.br\/?p=12530#primaryimage"},"image":{"@id":"https:\/\/inclusivenews.com.br\/?p=12530#primaryimage"},"thumbnailUrl":"http:\/\/inclusivenews.com.br\/wp-content\/uploads\/2009\/11\/Untitled-13.jpg","datePublished":"2009-11-19T00:47:42+00:00","breadcrumb":{"@id":"https:\/\/inclusivenews.com.br\/?p=12530#breadcrumb"},"inLanguage":"pt-PT","potentialAction":[{"@type":"ReadAction","target":["https:\/\/inclusivenews.com.br\/?p=12530"]}]},{"@type":"ImageObject","inLanguage":"pt-PT","@id":"https:\/\/inclusivenews.com.br\/?p=12530#primaryimage","url":"https:\/\/inclusivenews.com.br\/wp-content\/uploads\/2009\/11\/Untitled-13.jpg","contentUrl":"https:\/\/inclusivenews.com.br\/wp-content\/uploads\/2009\/11\/Untitled-13.jpg","width":295,"height":295},{"@type":"BreadcrumbList","@id":"https:\/\/inclusivenews.com.br\/?p=12530#breadcrumb","itemListElement":[{"@type":"ListItem","position":1,"name":"In\u00edcio","item":"https:\/\/inclusivenews.com.br\/"},{"@type":"ListItem","position":2,"name":"Portal disponibiliza cartilha sobre direitos do cidad\u00e3o contra crimes de preconceito"}]},{"@type":"WebSite","@id":"https:\/\/inclusivenews.com.br\/#website","url":"https:\/\/inclusivenews.com.br\/","name":"Inclusive News","description":"Inclusive News","publisher":{"@id":"https:\/\/inclusivenews.com.br\/#organization"},"potentialAction":[{"@type":"SearchAction","target":{"@type":"EntryPoint","urlTemplate":"https:\/\/inclusivenews.com.br\/?s={search_term_string}"},"query-input":{"@type":"PropertyValueSpecification","valueRequired":true,"valueName":"search_term_string"}}],"inLanguage":"pt-PT"},{"@type":"Organization","@id":"https:\/\/inclusivenews.com.br\/#organization","name":"Inclusive - inclus\u00e3o e cidadania","url":"https:\/\/inclusivenews.com.br\/","logo":{"@type":"ImageObject","inLanguage":"pt-PT","@id":"https:\/\/inclusivenews.com.br\/#\/schema\/logo\/image\/","url":"https:\/\/inclusivenews.com.br\/wp-content\/uploads\/2024\/03\/@grandesite.png","contentUrl":"https:\/\/inclusivenews.com.br\/wp-content\/uploads\/2024\/03\/@grandesite.png","width":1080,"height":1080,"caption":"Inclusive - inclus\u00e3o e cidadania"},"image":{"@id":"https:\/\/inclusivenews.com.br\/#\/schema\/logo\/image\/"},"sameAs":["https:\/\/www.facebook.com\/agenciainclusive\/","https:\/\/www.instagram.com\/newsinclusive\/"]},{"@type":"Person","@id":"https:\/\/inclusivenews.com.br\/#\/schema\/person\/ae4ec7087559b8692fb33b6fffd2273b","name":"inclusivenews2024","image":{"@type":"ImageObject","inLanguage":"pt-PT","@id":"https:\/\/secure.gravatar.com\/avatar\/c5a7ef84c66fa914f55bc4f7ce26cfa275a3b9a1c5568b907bd184fb4dde7b40?s=96&d=mm&r=g","url":"https:\/\/secure.gravatar.com\/avatar\/c5a7ef84c66fa914f55bc4f7ce26cfa275a3b9a1c5568b907bd184fb4dde7b40?s=96&d=mm&r=g","contentUrl":"https:\/\/secure.gravatar.com\/avatar\/c5a7ef84c66fa914f55bc4f7ce26cfa275a3b9a1c5568b907bd184fb4dde7b40?s=96&d=mm&r=g","caption":"inclusivenews2024"},"sameAs":["https:\/\/inclusivenews.com.br"],"url":"https:\/\/inclusivenews.com.br\/?author=1"}]}},"_links":{"self":[{"href":"https:\/\/inclusivenews.com.br\/index.php?rest_route=\/wp\/v2\/posts\/12530","targetHints":{"allow":["GET"]}}],"collection":[{"href":"https:\/\/inclusivenews.com.br\/index.php?rest_route=\/wp\/v2\/posts"}],"about":[{"href":"https:\/\/inclusivenews.com.br\/index.php?rest_route=\/wp\/v2\/types\/post"}],"author":[{"embeddable":true,"href":"https:\/\/inclusivenews.com.br\/index.php?rest_route=\/wp\/v2\/users\/1"}],"replies":[{"embeddable":true,"href":"https:\/\/inclusivenews.com.br\/index.php?rest_route=%2Fwp%2Fv2%2Fcomments&post=12530"}],"version-history":[{"count":0,"href":"https:\/\/inclusivenews.com.br\/index.php?rest_route=\/wp\/v2\/posts\/12530\/revisions"}],"wp:attachment":[{"href":"https:\/\/inclusivenews.com.br\/index.php?rest_route=%2Fwp%2Fv2%2Fmedia&parent=12530"}],"wp:term":[{"taxonomy":"category","embeddable":true,"href":"https:\/\/inclusivenews.com.br\/index.php?rest_route=%2Fwp%2Fv2%2Fcategories&post=12530"},{"taxonomy":"post_tag","embeddable":true,"href":"https:\/\/inclusivenews.com.br\/index.php?rest_route=%2Fwp%2Fv2%2Ftags&post=12530"}],"curies":[{"name":"wp","href":"https:\/\/api.w.org\/{rel}","templated":true}]}}