{"id":12542,"date":"2009-11-20T06:31:12","date_gmt":"2009-11-20T09:31:12","guid":{"rendered":"http:\/\/www.inclusive.org.br\/?p=12542"},"modified":"2009-11-20T06:31:12","modified_gmt":"2009-11-20T09:31:12","slug":"ix-coloquio-internacional-de-direitos-humanos","status":"publish","type":"post","link":"https:\/\/inclusivenews.com.br\/?p=12542","title":{"rendered":"IX Col\u00f3quio Internacional de Direitos Humanos"},"content":{"rendered":"<div class=\"mceTemp mceIEcenter\" style=\"TEXT-ALIGN: justify\">\u00a0<\/div>\n<p style=\"TEXT-ALIGN: justify\"><a href=\"http:\/\/www.inclusivenews.com.br\/wp-content\/uploads\/2009\/11\/c1.gif\"><img loading=\"lazy\" decoding=\"async\" class=\"size-full wp-image-12565 alignleft\" title=\"Plat\u00e9ia de uma das palestras da manh\u00e3.\" src=\"http:\/\/inclusivenews.com.br\/wp-content\/uploads\/2009\/11\/c1.gif\" alt=\"Plat\u00e9ia de uma das palestras da manh\u00e3.\" width=\"249\" height=\"232\" \/><\/a>De 08 a 14 de novembro, foi realizada a nona edi\u00e7\u00e3o do Col\u00f3quio\u00a0 Internacional de Direitos Humanos, que teve como tema principal \u201cUma\u00a0 Avalia\u00e7\u00e3o do Sistema Global de Direitos Humanos sob a Perspectiva do\u00a0 Hemisf\u00e9rio Sul: Estrat\u00e9gias Comuns e Propostas de Reforma\u201d. O\u00a0 encontro promovido, anualmente pela Conectas Direitos Humanos, contou\u00a0 com 34 participantes, al\u00e9m de palestrantes, observadores, estudantes e\u00a0 volunt\u00e1rios.<\/p>\n<p style=\"TEXT-ALIGN: justify\">\u00a0Para esse ano, o perfil dos participantes selecionados \u2013 20 mulheres e 14 homens (clique aqui para ver a lista completa),\u00a0 de 22 pa\u00edses diferentes \u2013 foi diferenciado: apenas pessoas que j\u00e1\u00a0 haviam participado de Col\u00f3quios anteriores foram convidadas a se\u00a0 inscrever. Isso porque, al\u00e9m de debater e trocar experi\u00eancias sobre a\u00a0 ONU como um instrumento para a efetiva\u00e7\u00e3o dos direitos humanos, os\u00a0 selecionados tamb\u00e9m participaram de uma avalia\u00e7\u00e3o do pr\u00f3prio Col\u00f3quio\u00a0 em si e de seu impacto na realidade dos ativistas e das ONGs envolvidas\u00a0 nesses nove anos de realiza\u00e7\u00e3o do encontro.<\/p>\n<p style=\"TEXT-ALIGN: justify\">Destaques da programa\u00e7\u00e3o<br \/>\nO\u00a0 Col\u00f3quio come\u00e7ou no domingo, dia 08, no Centro Cultural da Juventude,\u00a0 com a abertura feita por Malak Poppovic e Oscar Vilhena Vieira,\u00a0 diretores da Conectas. Ambos tra\u00e7aram um panorama hist\u00f3rico do\u00a0 encontro, contando um pouco sobre as oito edi\u00e7\u00f5es anteriores e sua\u00a0 rela\u00e7\u00e3o com a cria\u00e7\u00e3o e o desenvolvimento da pr\u00f3pria Conectas.<\/p>\n<dt class=\"wp-caption-dt\"><img loading=\"lazy\" decoding=\"async\" title=\"Foto: CONECTAS.\" src=\"http:\/\/www.conectas.org\/arquivospublicados\/c1.5.gif\" alt=\"\" width=\"450\" height=\"149\" \/><\/dt>\n<p style=\"TEXT-ALIGN: justify\">O\u00a0 primeiro dia de palestras do Col\u00f3quio, na segunda-feira, foi marcado\u00a0 pelas discuss\u00f5es sobre o Conselho de Direitos Humanos (CDH) da ONU.\u00a0 Lucia Nader e Camila Asano, tamb\u00e9m da Conectas, falaram sobre o\u00a0 panorama geral do \u00f3rg\u00e3o e Philippe Dam, da Human Rights Watch,\u00a0 apresentou os principais desafios do CDH para trabalhar com pa\u00edses\u00a0 espec\u00edficos. Al\u00e9m disso, o Prof. Mustapha Al-Sayyid, da Universidade do\u00a0 Cairo, abordou a participa\u00e7\u00e3o dos pa\u00edses \u00e1rabes no CDH e houve a\u00a0 participa\u00e7\u00e3o por meio de v\u00eddeo de Philip Alston, Relator Especial da\u00a0 ONU sobre Execu\u00e7\u00f5es Arbitr\u00e1rias, Sum\u00e1rias ou Extra-Judiciais. Tamaryn\u00a0 Nelson, da Witness, encerrou a sess\u00e3o ao falar sobre o uso do v\u00eddeo\u00a0 como ferramenta de advocacy.<img loading=\"lazy\" decoding=\"async\" class=\"alignleft\" title=\"Foto: CONECTAS.\" src=\"http:\/\/www.conectas.org\/arquivospublicados\/c3.4.gif\" alt=\"\" width=\"200\" height=\"133\" \/><\/p>\n<p style=\"TEXT-ALIGN: justify\">Durante os demais dias da semana,\u00a0 outros especialistas e autoridades em direitos humanos participaram das\u00a0 palestras da manh\u00e3, abordando diversos temas relacionados ao sistema\u00a0 ONU de prote\u00e7\u00e3o de direitos humanos.\u00a0 Sandeep Prasad, da A\u00e7\u00e3o Canadense\u00a0 para Popula\u00e7\u00e3o e Desenvolvimento (ACPD), falou sobre os desafios para\u00a0 trabalhar com a Revis\u00e3o Peri\u00f3dica Universal; Joanna Weschler, do\u00a0 Security Council Report (EUA), abordou o Conselho de Seguran\u00e7a e os\u00a0 Direitos Humanos, e Camila Maturama, da Corporaci\u00f3n Humanas (Chile),\u00a0 palestrou sobre o Tribunal Penal Internacional. June Ray, do Alto\u00a0 Comissariado das Na\u00e7\u00f5es Unidas para os Direitos Humanos, e Katrine\u00a0 Thomasen, do International Service for Human Rights, falaram sobre a\u00a0 participa\u00e7\u00e3o da sociedade civil na ONU.<\/p>\n<p style=\"TEXT-ALIGN: justify\">Ainda merecem\u00a0 destaque a presen\u00e7a de Raquel Rolnik, Relatora Especial da ONU para o\u00a0 Direito \u00e0 Moradia, e a participa\u00e7\u00e3o do Ministro da Secretaria Especial\u00a0 de Direitos Humanos, Paulo Vanucchi, no encerramento do encontro na\u00a0 sexta, dia 13.<\/p>\n<p style=\"TEXT-ALIGN: justify\"><a href=\"http:\/\/www.conectas.org\/coloquio\/ProgramaPORT.pdf\">Clique aqui para ver a programa\u00e7\u00e3o detalhada.<\/a><\/p>\n<p style=\"TEXT-ALIGN: justify\">Troca de experi\u00eancias<br \/>\nCada\u00a0 um dos temas tratados contou com um espa\u00e7o na programa\u00e7\u00e3o dedicado aos\u00a0 estudos de casos, em que os pr\u00f3prios participantes puderam apresentar\u00a0 suas experi\u00eancias com os diferentes \u00e2mbitos do sistema internacional de\u00a0 direitos humanos. Al\u00e9m disso, os grupos de trabalho realizados na\u00a0 ter\u00e7a, quarta e sexta puderam debater a fundo o sistema internacional\u00a0 de direitos humanos e seus principais desafios. Diversas propostas\u00a0 inovadoras foram apresentadas pelos participantes, direcionadas \u00e0 ONU,\u00a0 aos seus respectivos governos e a demais organiza\u00e7\u00f5es\u00a0 n\u00e3o-governamentais. Tais propostas ser\u00e3o compiladas em um documento\u00a0 comum, que ser\u00e1 enviado aos stakeholders e constituir\u00e1 um dos produtos\u00a0 concretos do IX Col\u00f3quio.<\/p>\n<p style=\"TEXT-ALIGN: justify\">\u00a0<\/p>\n<p style=\"text-align: justify;\">Atividades de avalia\u00e7\u00e3o do Col\u00f3quio<br \/>\nAs\u00a0 duas \u00faltimas manh\u00e3s foram dedicadas \u00e0 avalia\u00e7\u00e3o do pr\u00f3prio encontro.\u00a0 Facilitado por membros da Conectas, esse debate serviu para come\u00e7ar a\u00a0 avaliar o real impacto do Col\u00f3quio em seus nove anos de exist\u00eancia e\u00a0 para repensar o futuro desse encontro. Os participantes contribu\u00edram\u00a0 com diversas id\u00e9ias e sugest\u00f5es, que ser\u00e3o levadas em conta na\u00a0 prepara\u00e7\u00e3o das pr\u00f3ximas edi\u00e7\u00f5es.<\/p>\n<p style=\"text-align: justify;\">Apoio<br \/>\nA realiza\u00e7\u00e3o\u00a0 da nona edi\u00e7\u00e3o do Col\u00f3quio s\u00f3 foi poss\u00edvel gra\u00e7as ao generoso apoio do\u00a0 Open Society Institute (OSI), da Funda\u00e7\u00e3o Ford e da United Nations\u00a0 Foundation. O encontro contou ainda com o apoio pontual do Consulado\u00a0 Geral da Fran\u00e7a em S\u00e3o Paulo, da OSISA (Open Society Initiative for\u00a0 Southern Africa), da Embaixada do Canad\u00e1 no Brasil\/ Governo do Canad\u00e1 e\u00a0 da Ashoka Empreendedores Sociais, al\u00e9m da colabora\u00e7\u00e3o do\u00a0 FreeDimensional e da S\u00e3o Paulo Turismo.<\/p>\n<p style=\"text-align: justify;\">Al\u00e9m disso,\u00a0 agradecemos tamb\u00e9m \u00e0 Escola de Direito da Funda\u00e7\u00e3o Get\u00falio Vargas, que\u00a0 mais uma vez foi essencial para a realiza\u00e7\u00e3o do Col\u00f3quio ao apoiar o\u00a0 encontro e t\u00e3o gentilmente ceder suas instala\u00e7\u00f5es por uma semana para\u00a0 receber suas atividades.<\/p>\n<p><strong>____________________________<\/strong><\/p>\n<p style=\"TEXT-ALIGN: justify\"><strong>\u00a0<\/strong><strong>Fonte de informa\u00e7\u00e3o:<\/strong> <a href=\"http:\/\/www.conectas.org\/noticia.php?not_id=378&amp;idioma=pt\">CONECTAS <img loading=\"lazy\" decoding=\"async\" title=\"Link abrir\u00e1 em uma nova janela ou aba.\" src=\"http:\/\/www.inclusive.org.br\/images\/new_window.gif\" alt=\"Link abrir\u00e1 em uma nova janela ou aba.\" width=\"16\" height=\"14\" \/><\/a><\/p>\n","protected":false},"excerpt":{"rendered":"<p>O  encontro promovido, anualmente pela Conectas Direitos Humanos, contou  com 34 participantes, al\u00e9m de palestrantes a volunt\u00e1rios.<\/p>\n","protected":false},"author":1,"featured_media":0,"comment_status":"open","ping_status":"open","sticky":false,"template":"","format":"standard","meta":{"site-container-style":"default","site-container-layout":"default","site-sidebar-layout":"default","disable-article-header":"default","disable-site-header":"default","disable-site-footer":"default","disable-content-area-spacing":"default","footnotes":""},"categories":[12,11,4],"tags":[],"class_list":["post-12542","post","type-post","status-publish","format-standard","hentry","category-cursos-e-eventos","category-direitos-humanos","category-noticias"],"yoast_head":"<!-- This site is optimized with the Yoast SEO plugin v27.4 - https:\/\/yoast.com\/product\/yoast-seo-wordpress\/ -->\n<title>IX Col\u00f3quio Internacional de Direitos Humanos -<\/title>\n<meta name=\"robots\" content=\"index, follow, max-snippet:-1, max-image-preview:large, max-video-preview:-1\" \/>\n<link rel=\"canonical\" href=\"https:\/\/inclusivenews.com.br\/?p=12542\" \/>\n<meta property=\"og:locale\" content=\"pt_PT\" \/>\n<meta property=\"og:type\" content=\"article\" \/>\n<meta property=\"og:title\" content=\"IX Col\u00f3quio Internacional de Direitos Humanos -\" \/>\n<meta property=\"og:description\" content=\"O encontro promovido, anualmente pela Conectas Direitos Humanos, contou com 34 participantes, al\u00e9m de palestrantes a volunt\u00e1rios.\" \/>\n<meta property=\"og:url\" content=\"https:\/\/inclusivenews.com.br\/?p=12542\" \/>\n<meta property=\"article:publisher\" content=\"https:\/\/www.facebook.com\/agenciainclusive\/\" \/>\n<meta property=\"article:published_time\" content=\"2009-11-20T09:31:12+00:00\" \/>\n<meta property=\"og:image\" content=\"http:\/\/inclusivenews.com.br\/wp-content\/uploads\/2009\/11\/c1.gif\" \/>\n<meta name=\"author\" content=\"inclusivenews2024\" \/>\n<meta name=\"twitter:card\" content=\"summary_large_image\" \/>\n<meta name=\"twitter:label1\" content=\"Escrito por\" \/>\n\t<meta name=\"twitter:data1\" content=\"inclusivenews2024\" \/>\n\t<meta name=\"twitter:label2\" content=\"Tempo estimado de leitura\" \/>\n\t<meta name=\"twitter:data2\" content=\"4 minutos\" \/>\n<script type=\"application\/ld+json\" class=\"yoast-schema-graph\">{\"@context\":\"https:\\\/\\\/schema.org\",\"@graph\":[{\"@type\":\"Article\",\"@id\":\"https:\\\/\\\/inclusivenews.com.br\\\/?p=12542#article\",\"isPartOf\":{\"@id\":\"https:\\\/\\\/inclusivenews.com.br\\\/?p=12542\"},\"author\":{\"name\":\"inclusivenews2024\",\"@id\":\"https:\\\/\\\/inclusivenews.com.br\\\/#\\\/schema\\\/person\\\/ae4ec7087559b8692fb33b6fffd2273b\"},\"headline\":\"IX Col\u00f3quio Internacional de Direitos Humanos\",\"datePublished\":\"2009-11-20T09:31:12+00:00\",\"mainEntityOfPage\":{\"@id\":\"https:\\\/\\\/inclusivenews.com.br\\\/?p=12542\"},\"wordCount\":859,\"commentCount\":0,\"publisher\":{\"@id\":\"https:\\\/\\\/inclusivenews.com.br\\\/#organization\"},\"image\":{\"@id\":\"https:\\\/\\\/inclusivenews.com.br\\\/?p=12542#primaryimage\"},\"thumbnailUrl\":\"http:\\\/\\\/inclusivenews.com.br\\\/wp-content\\\/uploads\\\/2009\\\/11\\\/c1.gif\",\"articleSection\":[\"Cursos e eventos\",\"DIREITOS HUMANOS\",\"NOT\u00cdCIAS\"],\"inLanguage\":\"pt-PT\",\"potentialAction\":[{\"@type\":\"CommentAction\",\"name\":\"Comment\",\"target\":[\"https:\\\/\\\/inclusivenews.com.br\\\/?p=12542#respond\"]}]},{\"@type\":\"WebPage\",\"@id\":\"https:\\\/\\\/inclusivenews.com.br\\\/?p=12542\",\"url\":\"https:\\\/\\\/inclusivenews.com.br\\\/?p=12542\",\"name\":\"IX Col\u00f3quio Internacional de Direitos Humanos -\",\"isPartOf\":{\"@id\":\"https:\\\/\\\/inclusivenews.com.br\\\/#website\"},\"primaryImageOfPage\":{\"@id\":\"https:\\\/\\\/inclusivenews.com.br\\\/?p=12542#primaryimage\"},\"image\":{\"@id\":\"https:\\\/\\\/inclusivenews.com.br\\\/?p=12542#primaryimage\"},\"thumbnailUrl\":\"http:\\\/\\\/inclusivenews.com.br\\\/wp-content\\\/uploads\\\/2009\\\/11\\\/c1.gif\",\"datePublished\":\"2009-11-20T09:31:12+00:00\",\"breadcrumb\":{\"@id\":\"https:\\\/\\\/inclusivenews.com.br\\\/?p=12542#breadcrumb\"},\"inLanguage\":\"pt-PT\",\"potentialAction\":[{\"@type\":\"ReadAction\",\"target\":[\"https:\\\/\\\/inclusivenews.com.br\\\/?p=12542\"]}]},{\"@type\":\"ImageObject\",\"inLanguage\":\"pt-PT\",\"@id\":\"https:\\\/\\\/inclusivenews.com.br\\\/?p=12542#primaryimage\",\"url\":\"https:\\\/\\\/inclusivenews.com.br\\\/wp-content\\\/uploads\\\/2009\\\/11\\\/c1.gif\",\"contentUrl\":\"https:\\\/\\\/inclusivenews.com.br\\\/wp-content\\\/uploads\\\/2009\\\/11\\\/c1.gif\",\"width\":249,\"height\":232},{\"@type\":\"BreadcrumbList\",\"@id\":\"https:\\\/\\\/inclusivenews.com.br\\\/?p=12542#breadcrumb\",\"itemListElement\":[{\"@type\":\"ListItem\",\"position\":1,\"name\":\"In\u00edcio\",\"item\":\"https:\\\/\\\/inclusivenews.com.br\\\/\"},{\"@type\":\"ListItem\",\"position\":2,\"name\":\"IX Col\u00f3quio Internacional de Direitos Humanos\"}]},{\"@type\":\"WebSite\",\"@id\":\"https:\\\/\\\/inclusivenews.com.br\\\/#website\",\"url\":\"https:\\\/\\\/inclusivenews.com.br\\\/\",\"name\":\"Inclusive News\",\"description\":\"Inclusive News\",\"publisher\":{\"@id\":\"https:\\\/\\\/inclusivenews.com.br\\\/#organization\"},\"potentialAction\":[{\"@type\":\"SearchAction\",\"target\":{\"@type\":\"EntryPoint\",\"urlTemplate\":\"https:\\\/\\\/inclusivenews.com.br\\\/?s={search_term_string}\"},\"query-input\":{\"@type\":\"PropertyValueSpecification\",\"valueRequired\":true,\"valueName\":\"search_term_string\"}}],\"inLanguage\":\"pt-PT\"},{\"@type\":\"Organization\",\"@id\":\"https:\\\/\\\/inclusivenews.com.br\\\/#organization\",\"name\":\"Inclusive - inclus\u00e3o e cidadania\",\"url\":\"https:\\\/\\\/inclusivenews.com.br\\\/\",\"logo\":{\"@type\":\"ImageObject\",\"inLanguage\":\"pt-PT\",\"@id\":\"https:\\\/\\\/inclusivenews.com.br\\\/#\\\/schema\\\/logo\\\/image\\\/\",\"url\":\"https:\\\/\\\/inclusivenews.com.br\\\/wp-content\\\/uploads\\\/2024\\\/03\\\/@grandesite.png\",\"contentUrl\":\"https:\\\/\\\/inclusivenews.com.br\\\/wp-content\\\/uploads\\\/2024\\\/03\\\/@grandesite.png\",\"width\":1080,\"height\":1080,\"caption\":\"Inclusive - inclus\u00e3o e cidadania\"},\"image\":{\"@id\":\"https:\\\/\\\/inclusivenews.com.br\\\/#\\\/schema\\\/logo\\\/image\\\/\"},\"sameAs\":[\"https:\\\/\\\/www.facebook.com\\\/agenciainclusive\\\/\",\"https:\\\/\\\/www.instagram.com\\\/newsinclusive\\\/\"]},{\"@type\":\"Person\",\"@id\":\"https:\\\/\\\/inclusivenews.com.br\\\/#\\\/schema\\\/person\\\/ae4ec7087559b8692fb33b6fffd2273b\",\"name\":\"inclusivenews2024\",\"image\":{\"@type\":\"ImageObject\",\"inLanguage\":\"pt-PT\",\"@id\":\"https:\\\/\\\/secure.gravatar.com\\\/avatar\\\/c5a7ef84c66fa914f55bc4f7ce26cfa275a3b9a1c5568b907bd184fb4dde7b40?s=96&d=mm&r=g\",\"url\":\"https:\\\/\\\/secure.gravatar.com\\\/avatar\\\/c5a7ef84c66fa914f55bc4f7ce26cfa275a3b9a1c5568b907bd184fb4dde7b40?s=96&d=mm&r=g\",\"contentUrl\":\"https:\\\/\\\/secure.gravatar.com\\\/avatar\\\/c5a7ef84c66fa914f55bc4f7ce26cfa275a3b9a1c5568b907bd184fb4dde7b40?s=96&d=mm&r=g\",\"caption\":\"inclusivenews2024\"},\"sameAs\":[\"https:\\\/\\\/inclusivenews.com.br\"],\"url\":\"https:\\\/\\\/inclusivenews.com.br\\\/?author=1\"}]}<\/script>\n<!-- \/ Yoast SEO plugin. -->","yoast_head_json":{"title":"IX Col\u00f3quio Internacional de Direitos Humanos -","robots":{"index":"index","follow":"follow","max-snippet":"max-snippet:-1","max-image-preview":"max-image-preview:large","max-video-preview":"max-video-preview:-1"},"canonical":"https:\/\/inclusivenews.com.br\/?p=12542","og_locale":"pt_PT","og_type":"article","og_title":"IX Col\u00f3quio Internacional de Direitos Humanos -","og_description":"O encontro promovido, anualmente pela Conectas Direitos Humanos, contou com 34 participantes, al\u00e9m de palestrantes a volunt\u00e1rios.","og_url":"https:\/\/inclusivenews.com.br\/?p=12542","article_publisher":"https:\/\/www.facebook.com\/agenciainclusive\/","article_published_time":"2009-11-20T09:31:12+00:00","og_image":[{"url":"http:\/\/inclusivenews.com.br\/wp-content\/uploads\/2009\/11\/c1.gif","type":"","width":"","height":""}],"author":"inclusivenews2024","twitter_card":"summary_large_image","twitter_misc":{"Escrito por":"inclusivenews2024","Tempo estimado de leitura":"4 minutos"},"schema":{"@context":"https:\/\/schema.org","@graph":[{"@type":"Article","@id":"https:\/\/inclusivenews.com.br\/?p=12542#article","isPartOf":{"@id":"https:\/\/inclusivenews.com.br\/?p=12542"},"author":{"name":"inclusivenews2024","@id":"https:\/\/inclusivenews.com.br\/#\/schema\/person\/ae4ec7087559b8692fb33b6fffd2273b"},"headline":"IX Col\u00f3quio Internacional de Direitos Humanos","datePublished":"2009-11-20T09:31:12+00:00","mainEntityOfPage":{"@id":"https:\/\/inclusivenews.com.br\/?p=12542"},"wordCount":859,"commentCount":0,"publisher":{"@id":"https:\/\/inclusivenews.com.br\/#organization"},"image":{"@id":"https:\/\/inclusivenews.com.br\/?p=12542#primaryimage"},"thumbnailUrl":"http:\/\/inclusivenews.com.br\/wp-content\/uploads\/2009\/11\/c1.gif","articleSection":["Cursos e eventos","DIREITOS HUMANOS","NOT\u00cdCIAS"],"inLanguage":"pt-PT","potentialAction":[{"@type":"CommentAction","name":"Comment","target":["https:\/\/inclusivenews.com.br\/?p=12542#respond"]}]},{"@type":"WebPage","@id":"https:\/\/inclusivenews.com.br\/?p=12542","url":"https:\/\/inclusivenews.com.br\/?p=12542","name":"IX Col\u00f3quio Internacional de Direitos Humanos -","isPartOf":{"@id":"https:\/\/inclusivenews.com.br\/#website"},"primaryImageOfPage":{"@id":"https:\/\/inclusivenews.com.br\/?p=12542#primaryimage"},"image":{"@id":"https:\/\/inclusivenews.com.br\/?p=12542#primaryimage"},"thumbnailUrl":"http:\/\/inclusivenews.com.br\/wp-content\/uploads\/2009\/11\/c1.gif","datePublished":"2009-11-20T09:31:12+00:00","breadcrumb":{"@id":"https:\/\/inclusivenews.com.br\/?p=12542#breadcrumb"},"inLanguage":"pt-PT","potentialAction":[{"@type":"ReadAction","target":["https:\/\/inclusivenews.com.br\/?p=12542"]}]},{"@type":"ImageObject","inLanguage":"pt-PT","@id":"https:\/\/inclusivenews.com.br\/?p=12542#primaryimage","url":"https:\/\/inclusivenews.com.br\/wp-content\/uploads\/2009\/11\/c1.gif","contentUrl":"https:\/\/inclusivenews.com.br\/wp-content\/uploads\/2009\/11\/c1.gif","width":249,"height":232},{"@type":"BreadcrumbList","@id":"https:\/\/inclusivenews.com.br\/?p=12542#breadcrumb","itemListElement":[{"@type":"ListItem","position":1,"name":"In\u00edcio","item":"https:\/\/inclusivenews.com.br\/"},{"@type":"ListItem","position":2,"name":"IX Col\u00f3quio Internacional de Direitos Humanos"}]},{"@type":"WebSite","@id":"https:\/\/inclusivenews.com.br\/#website","url":"https:\/\/inclusivenews.com.br\/","name":"Inclusive News","description":"Inclusive News","publisher":{"@id":"https:\/\/inclusivenews.com.br\/#organization"},"potentialAction":[{"@type":"SearchAction","target":{"@type":"EntryPoint","urlTemplate":"https:\/\/inclusivenews.com.br\/?s={search_term_string}"},"query-input":{"@type":"PropertyValueSpecification","valueRequired":true,"valueName":"search_term_string"}}],"inLanguage":"pt-PT"},{"@type":"Organization","@id":"https:\/\/inclusivenews.com.br\/#organization","name":"Inclusive - inclus\u00e3o e cidadania","url":"https:\/\/inclusivenews.com.br\/","logo":{"@type":"ImageObject","inLanguage":"pt-PT","@id":"https:\/\/inclusivenews.com.br\/#\/schema\/logo\/image\/","url":"https:\/\/inclusivenews.com.br\/wp-content\/uploads\/2024\/03\/@grandesite.png","contentUrl":"https:\/\/inclusivenews.com.br\/wp-content\/uploads\/2024\/03\/@grandesite.png","width":1080,"height":1080,"caption":"Inclusive - inclus\u00e3o e cidadania"},"image":{"@id":"https:\/\/inclusivenews.com.br\/#\/schema\/logo\/image\/"},"sameAs":["https:\/\/www.facebook.com\/agenciainclusive\/","https:\/\/www.instagram.com\/newsinclusive\/"]},{"@type":"Person","@id":"https:\/\/inclusivenews.com.br\/#\/schema\/person\/ae4ec7087559b8692fb33b6fffd2273b","name":"inclusivenews2024","image":{"@type":"ImageObject","inLanguage":"pt-PT","@id":"https:\/\/secure.gravatar.com\/avatar\/c5a7ef84c66fa914f55bc4f7ce26cfa275a3b9a1c5568b907bd184fb4dde7b40?s=96&d=mm&r=g","url":"https:\/\/secure.gravatar.com\/avatar\/c5a7ef84c66fa914f55bc4f7ce26cfa275a3b9a1c5568b907bd184fb4dde7b40?s=96&d=mm&r=g","contentUrl":"https:\/\/secure.gravatar.com\/avatar\/c5a7ef84c66fa914f55bc4f7ce26cfa275a3b9a1c5568b907bd184fb4dde7b40?s=96&d=mm&r=g","caption":"inclusivenews2024"},"sameAs":["https:\/\/inclusivenews.com.br"],"url":"https:\/\/inclusivenews.com.br\/?author=1"}]}},"_links":{"self":[{"href":"https:\/\/inclusivenews.com.br\/index.php?rest_route=\/wp\/v2\/posts\/12542","targetHints":{"allow":["GET"]}}],"collection":[{"href":"https:\/\/inclusivenews.com.br\/index.php?rest_route=\/wp\/v2\/posts"}],"about":[{"href":"https:\/\/inclusivenews.com.br\/index.php?rest_route=\/wp\/v2\/types\/post"}],"author":[{"embeddable":true,"href":"https:\/\/inclusivenews.com.br\/index.php?rest_route=\/wp\/v2\/users\/1"}],"replies":[{"embeddable":true,"href":"https:\/\/inclusivenews.com.br\/index.php?rest_route=%2Fwp%2Fv2%2Fcomments&post=12542"}],"version-history":[{"count":0,"href":"https:\/\/inclusivenews.com.br\/index.php?rest_route=\/wp\/v2\/posts\/12542\/revisions"}],"wp:attachment":[{"href":"https:\/\/inclusivenews.com.br\/index.php?rest_route=%2Fwp%2Fv2%2Fmedia&parent=12542"}],"wp:term":[{"taxonomy":"category","embeddable":true,"href":"https:\/\/inclusivenews.com.br\/index.php?rest_route=%2Fwp%2Fv2%2Fcategories&post=12542"},{"taxonomy":"post_tag","embeddable":true,"href":"https:\/\/inclusivenews.com.br\/index.php?rest_route=%2Fwp%2Fv2%2Ftags&post=12542"}],"curies":[{"name":"wp","href":"https:\/\/api.w.org\/{rel}","templated":true}]}}