{"id":12547,"date":"2009-11-20T06:01:02","date_gmt":"2009-11-20T09:01:02","guid":{"rendered":"http:\/\/www.inclusive.org.br\/?p=12547"},"modified":"2009-11-20T06:01:02","modified_gmt":"2009-11-20T09:01:02","slug":"cotas-completam-um-ano-de-espera-no-senado","status":"publish","type":"post","link":"https:\/\/inclusivenews.com.br\/?p=12547","title":{"rendered":"Cotas completam um ano de espera no Senado"},"content":{"rendered":"<figure id=\"attachment_12548\" aria-describedby=\"caption-attachment-12548\" style=\"width: 190px\" class=\"wp-caption alignleft\"><a href=\"http:\/\/www.inclusivenews.com.br\/wp-content\/uploads\/2009\/11\/campanha.jpg\"><img loading=\"lazy\" decoding=\"async\" class=\"size-full wp-image-12548\" title=\"Logotipo da Campanha Nacional pelo Direito \u00e0 Educa\u00e7\u00e3o\" src=\"http:\/\/inclusivenews.com.br\/wp-content\/uploads\/2009\/11\/campanha.jpg\" alt=\"campanha\" width=\"190\" height=\"190\" srcset=\"https:\/\/inclusivenews.com.br\/wp-content\/uploads\/2009\/11\/campanha.jpg 190w, https:\/\/inclusivenews.com.br\/wp-content\/uploads\/2009\/11\/campanha-150x150.jpg 150w\" sizes=\"auto, (max-width: 190px) 100vw, 190px\" \/><\/a><figcaption id=\"caption-attachment-12548\" class=\"wp-caption-text\"> <\/figcaption><\/figure>\n<p style=\"text-align: justify\">Um ano depois de ser aprovado na C\u00e2mara dos Deputados o PLC (Projeto de Lei da C\u00e2mara) 180\/2008, que estabelece cotas sociais e raciais para o ingresso em escolas t\u00e9cnicas e em universidades federais, continua parado na CCJ (Comiss\u00e3o de Constitui\u00e7\u00e3o e Justi\u00e7a) do Senado Federal. A mat\u00e9ria chegou \u00e0 Casa em dezembro de 2008 e desde ent\u00e3o foi pauta de tr\u00eas audi\u00eancias p\u00fablicas e teve sua vota\u00e7\u00e3o adiada diversas vezes.<\/p>\n<p style=\"text-align: justify\">O presidente da CCJ, senador Dem\u00f3stenes Torres (DEM-GO), \u00e9 quem mais se op\u00f5e \u00e0 tramita\u00e7\u00e3o do PLC. Segundo sua assessoria, a mat\u00e9ria s\u00f3 dever\u00e1 ser apreciada novamente na Comiss\u00e3o ap\u00f3s a vota\u00e7\u00e3o do PLS (Projeto de Lei do Senado) 213\/2008, que institui o Estatuto da Igualdade Racial. \u201cN\u00e3o sei porque ele coloca a quest\u00e3o dessa forma. Eu acho at\u00e9 que [as tramita\u00e7\u00f5es] poderiam ser concomitantes\u201d, declarou o ministro da Secretaria Especial de Pol\u00edticas de Promo\u00e7\u00e3o da Igualdade Racial, Edson Santos.<\/p>\n<p style=\"text-align: justify\">Cotas em risco \u2013 Para o coordenador geral da Campanha Nacional pelo Direito \u00e0 Educa\u00e7\u00e3o, Daniel Cara, priorizar a an\u00e1lise do PLS 213\/2008 em detrimento das cotas pode impor riscos ao estabelecimento de pol\u00edticas de a\u00e7\u00e3o afirmativa nas universidades e escolas t\u00e9cnicas p\u00fablicas. \u201cA tend\u00eancia \u00e9 que, por necessidade de acordo, os senadores aprovem um Estatuto insuficiente em termos de democratiza\u00e7\u00e3o do acesso ao ensino superior. E, nesse caso, mais uma vez os prejudicados ser\u00e3o os jovens negros e negras\u201d.<\/p>\n<p style=\"text-align: justify\">A relatora do PLC 180\/2008, senadora Serys Slhessarenko (PT-MT), garante que se empenhar\u00e1 para manter o conte\u00fado da proposta que passou na C\u00e2mara. O texto prev\u00ea reserva de vagas para egressos origin\u00e1rios de escolas p\u00fablicas, respeitando a composi\u00e7\u00e3o racial e \u00e9tnica do estado de localiza\u00e7\u00e3o das institui\u00e7\u00f5es de ensino. A convic\u00e7\u00e3o da senadora na validade da mat\u00e9ria vem, entre outros fatores, dos resultados das audi\u00eancias p\u00fablicas, que, segundo ela, mostraram \u201ca necessidade de aprovar uma legisla\u00e7\u00e3o que fa\u00e7a justi\u00e7a social e promova a inclus\u00e3o de alunos antes \u00e0 margem dos benef\u00edcios da educa\u00e7\u00e3o superior p\u00fablica\u201d.<\/p>\n<p style=\"text-align: justify\">Estatuto \u2013 Dem\u00f3stenes Torres foi nomeado relator do Estatuto da Igualdade Racial. Na tarde desta quarta-feira, 18\/11, a CCJ decidiu realizar uma audi\u00eancia p\u00fablica para debater a mat\u00e9ria na pr\u00f3xima ter\u00e7a-feira, 24\/11. O relat\u00f3rio pode ser apresentado no dia 2 de dezembro. A expectativa do ministro Edson Santos \u00e9 que a aprecia\u00e7\u00e3o aconte\u00e7a em seguida. \u201cA proposta foi amplamente esmiu\u00e7ada na C\u00e2mara Federal e foi aprovada por unanimidade com votos de parlamentares dos mais variados partidos. Isso reduz muito as resist\u00eancias \u00e0 Lei\u201d, analisou.<\/p>\n<p style=\"text-align: justify\">Os convidados \u00e0 audi\u00eancia p\u00fablica do pr\u00f3ximo dia 24 ser\u00e3o praticamente os mesmos que j\u00e1 participaram das discuss\u00f5es sobres as cotas. Entre eles est\u00e3o o pr\u00f3prio Edson Santos, os membros da Educafro, Frei David e Willian Douglas, a representante do F\u00f3rum de Educa\u00e7\u00e3o Ind\u00edgena, Rosane Fernandes, a ativista dos Direitos Humanos e da Igualdade \u00c9tnica, Deise Benedito, o procurador de justi\u00e7a do estado do Rio de Janeiro, Augusto Werneck, e relator do PLS 213\/2008 na C\u00e2mara, deputado Ant\u00f4nio Roberto (PV-MG).<\/p>\n<p style=\"text-align: justify\">Daniel Cara foi um dos expositores do segundo debate sobre o PLC 180\/2008, no dia 18 de mar\u00e7o desse ano. Ele espera que dessa vez o desfecho seja diferente. \u201cTanto quanto o Estatuto, a proposta das cotas tamb\u00e9m foi ao Senado com amplo apoio na C\u00e2mara e parou. Esperamos que a popula\u00e7\u00e3o negra n\u00e3o tenha que esperar mais um ano para ter uma Lei que assuma e tente reparar as gritantes desigualdades que ela sempre enfrentou e enfrenta\u201d.<\/p>\n<p style=\"text-align: justify\">________________________________________________________<\/p>\n<p style=\"text-align: justify\"><strong>Fonte de informa\u00e7\u00e3o: <\/strong><a href=\"http:\/\/www.campanhaeducacao.org.br\/cotas_release_19nov2009.htm\" target=\"_blank\" rel=\"noopener\">Campanha Nacional pelo Direito \u00e0 Educa\u00e7\u00e3o <img loading=\"lazy\" decoding=\"async\" title=\"Link abrir\u00e1 em uma nova janela ou aba.\" src=\"http:\/\/www.inclusive.org.br\/images\/new_window.gif\" alt=\"Link abrir\u00e1 em uma nova janela ou aba.\" width=\"16\" height=\"14\" \/><\/a><\/p>\n","protected":false},"excerpt":{"rendered":"<p>Projeto aprovado em 2008 pela C\u00e2mara dos Deputados no dia da Consci\u00eancia Negra, 20 de novembro, chega a um ano de morosidade na Comiss\u00e3o de Constitui\u00e7\u00e3o e Justi\u00e7a do Senado Federal. A CCJ tamb\u00e9m analisar\u00e1 o Estatuto da Igualdade Racial e far\u00e1 audi\u00eancia p\u00fablica para debater a proposta na pr\u00f3xima semana<\/p>\n","protected":false},"author":1,"featured_media":0,"comment_status":"open","ping_status":"open","sticky":false,"template":"","format":"standard","meta":{"site-container-style":"default","site-container-layout":"default","site-sidebar-layout":"default","disable-article-header":"default","disable-site-header":"default","disable-site-footer":"default","disable-content-area-spacing":"default","footnotes":""},"categories":[56,3,11,4],"tags":[],"class_list":["post-12547","post","type-post","status-publish","format-standard","hentry","category-acoes-afirmativas","category-campanhas","category-direitos-humanos","category-noticias"],"yoast_head":"<!-- This site is optimized with the Yoast SEO plugin v27.4 - https:\/\/yoast.com\/product\/yoast-seo-wordpress\/ -->\n<title>Cotas completam um ano de espera no Senado -<\/title>\n<meta name=\"robots\" content=\"index, follow, max-snippet:-1, max-image-preview:large, max-video-preview:-1\" \/>\n<link rel=\"canonical\" href=\"https:\/\/inclusivenews.com.br\/?p=12547\" \/>\n<meta property=\"og:locale\" content=\"pt_PT\" \/>\n<meta property=\"og:type\" content=\"article\" \/>\n<meta property=\"og:title\" content=\"Cotas completam um ano de espera no Senado -\" \/>\n<meta property=\"og:description\" content=\"Projeto aprovado em 2008 pela C\u00e2mara dos Deputados no dia da Consci\u00eancia Negra, 20 de novembro, chega a um ano de morosidade na Comiss\u00e3o de Constitui\u00e7\u00e3o e Justi\u00e7a do Senado Federal. A CCJ tamb\u00e9m analisar\u00e1 o Estatuto da Igualdade Racial e far\u00e1 audi\u00eancia p\u00fablica para debater a proposta na pr\u00f3xima semana\" \/>\n<meta property=\"og:url\" content=\"https:\/\/inclusivenews.com.br\/?p=12547\" \/>\n<meta property=\"article:publisher\" content=\"https:\/\/www.facebook.com\/agenciainclusive\/\" \/>\n<meta property=\"article:published_time\" content=\"2009-11-20T09:01:02+00:00\" \/>\n<meta property=\"og:image\" content=\"http:\/\/inclusivenews.com.br\/wp-content\/uploads\/2009\/11\/campanha.jpg\" \/>\n<meta name=\"author\" content=\"inclusivenews2024\" \/>\n<meta name=\"twitter:card\" content=\"summary_large_image\" \/>\n<meta name=\"twitter:label1\" content=\"Escrito por\" \/>\n\t<meta name=\"twitter:data1\" content=\"inclusivenews2024\" \/>\n\t<meta name=\"twitter:label2\" content=\"Tempo estimado de leitura\" \/>\n\t<meta name=\"twitter:data2\" content=\"3 minutos\" \/>\n<script type=\"application\/ld+json\" class=\"yoast-schema-graph\">{\"@context\":\"https:\\\/\\\/schema.org\",\"@graph\":[{\"@type\":\"Article\",\"@id\":\"https:\\\/\\\/inclusivenews.com.br\\\/?p=12547#article\",\"isPartOf\":{\"@id\":\"https:\\\/\\\/inclusivenews.com.br\\\/?p=12547\"},\"author\":{\"name\":\"inclusivenews2024\",\"@id\":\"https:\\\/\\\/inclusivenews.com.br\\\/#\\\/schema\\\/person\\\/ae4ec7087559b8692fb33b6fffd2273b\"},\"headline\":\"Cotas completam um ano de espera no Senado\",\"datePublished\":\"2009-11-20T09:01:02+00:00\",\"mainEntityOfPage\":{\"@id\":\"https:\\\/\\\/inclusivenews.com.br\\\/?p=12547\"},\"wordCount\":652,\"commentCount\":0,\"publisher\":{\"@id\":\"https:\\\/\\\/inclusivenews.com.br\\\/#organization\"},\"image\":{\"@id\":\"https:\\\/\\\/inclusivenews.com.br\\\/?p=12547#primaryimage\"},\"thumbnailUrl\":\"http:\\\/\\\/inclusivenews.com.br\\\/wp-content\\\/uploads\\\/2009\\\/11\\\/campanha.jpg\",\"articleSection\":[\"A\u00e7\u00f5es afirmativas\",\"CAMPANHAS\",\"DIREITOS HUMANOS\",\"NOT\u00cdCIAS\"],\"inLanguage\":\"pt-PT\",\"potentialAction\":[{\"@type\":\"CommentAction\",\"name\":\"Comment\",\"target\":[\"https:\\\/\\\/inclusivenews.com.br\\\/?p=12547#respond\"]}]},{\"@type\":\"WebPage\",\"@id\":\"https:\\\/\\\/inclusivenews.com.br\\\/?p=12547\",\"url\":\"https:\\\/\\\/inclusivenews.com.br\\\/?p=12547\",\"name\":\"Cotas completam um ano de espera no Senado -\",\"isPartOf\":{\"@id\":\"https:\\\/\\\/inclusivenews.com.br\\\/#website\"},\"primaryImageOfPage\":{\"@id\":\"https:\\\/\\\/inclusivenews.com.br\\\/?p=12547#primaryimage\"},\"image\":{\"@id\":\"https:\\\/\\\/inclusivenews.com.br\\\/?p=12547#primaryimage\"},\"thumbnailUrl\":\"http:\\\/\\\/inclusivenews.com.br\\\/wp-content\\\/uploads\\\/2009\\\/11\\\/campanha.jpg\",\"datePublished\":\"2009-11-20T09:01:02+00:00\",\"breadcrumb\":{\"@id\":\"https:\\\/\\\/inclusivenews.com.br\\\/?p=12547#breadcrumb\"},\"inLanguage\":\"pt-PT\",\"potentialAction\":[{\"@type\":\"ReadAction\",\"target\":[\"https:\\\/\\\/inclusivenews.com.br\\\/?p=12547\"]}]},{\"@type\":\"ImageObject\",\"inLanguage\":\"pt-PT\",\"@id\":\"https:\\\/\\\/inclusivenews.com.br\\\/?p=12547#primaryimage\",\"url\":\"https:\\\/\\\/inclusivenews.com.br\\\/wp-content\\\/uploads\\\/2009\\\/11\\\/campanha.jpg\",\"contentUrl\":\"https:\\\/\\\/inclusivenews.com.br\\\/wp-content\\\/uploads\\\/2009\\\/11\\\/campanha.jpg\",\"width\":190,\"height\":190,\"caption\":\"Campanha Nacional pelo Direito \u00e0 Educa\u00e7\u00e3o - um livro e aves saindo dentro dele\"},{\"@type\":\"BreadcrumbList\",\"@id\":\"https:\\\/\\\/inclusivenews.com.br\\\/?p=12547#breadcrumb\",\"itemListElement\":[{\"@type\":\"ListItem\",\"position\":1,\"name\":\"In\u00edcio\",\"item\":\"https:\\\/\\\/inclusivenews.com.br\\\/\"},{\"@type\":\"ListItem\",\"position\":2,\"name\":\"Cotas completam um ano de espera no Senado\"}]},{\"@type\":\"WebSite\",\"@id\":\"https:\\\/\\\/inclusivenews.com.br\\\/#website\",\"url\":\"https:\\\/\\\/inclusivenews.com.br\\\/\",\"name\":\"Inclusive News\",\"description\":\"Inclusive News\",\"publisher\":{\"@id\":\"https:\\\/\\\/inclusivenews.com.br\\\/#organization\"},\"potentialAction\":[{\"@type\":\"SearchAction\",\"target\":{\"@type\":\"EntryPoint\",\"urlTemplate\":\"https:\\\/\\\/inclusivenews.com.br\\\/?s={search_term_string}\"},\"query-input\":{\"@type\":\"PropertyValueSpecification\",\"valueRequired\":true,\"valueName\":\"search_term_string\"}}],\"inLanguage\":\"pt-PT\"},{\"@type\":\"Organization\",\"@id\":\"https:\\\/\\\/inclusivenews.com.br\\\/#organization\",\"name\":\"Inclusive - inclus\u00e3o e cidadania\",\"url\":\"https:\\\/\\\/inclusivenews.com.br\\\/\",\"logo\":{\"@type\":\"ImageObject\",\"inLanguage\":\"pt-PT\",\"@id\":\"https:\\\/\\\/inclusivenews.com.br\\\/#\\\/schema\\\/logo\\\/image\\\/\",\"url\":\"https:\\\/\\\/inclusivenews.com.br\\\/wp-content\\\/uploads\\\/2024\\\/03\\\/@grandesite.png\",\"contentUrl\":\"https:\\\/\\\/inclusivenews.com.br\\\/wp-content\\\/uploads\\\/2024\\\/03\\\/@grandesite.png\",\"width\":1080,\"height\":1080,\"caption\":\"Inclusive - inclus\u00e3o e cidadania\"},\"image\":{\"@id\":\"https:\\\/\\\/inclusivenews.com.br\\\/#\\\/schema\\\/logo\\\/image\\\/\"},\"sameAs\":[\"https:\\\/\\\/www.facebook.com\\\/agenciainclusive\\\/\",\"https:\\\/\\\/www.instagram.com\\\/newsinclusive\\\/\"]},{\"@type\":\"Person\",\"@id\":\"https:\\\/\\\/inclusivenews.com.br\\\/#\\\/schema\\\/person\\\/ae4ec7087559b8692fb33b6fffd2273b\",\"name\":\"inclusivenews2024\",\"image\":{\"@type\":\"ImageObject\",\"inLanguage\":\"pt-PT\",\"@id\":\"https:\\\/\\\/secure.gravatar.com\\\/avatar\\\/c5a7ef84c66fa914f55bc4f7ce26cfa275a3b9a1c5568b907bd184fb4dde7b40?s=96&d=mm&r=g\",\"url\":\"https:\\\/\\\/secure.gravatar.com\\\/avatar\\\/c5a7ef84c66fa914f55bc4f7ce26cfa275a3b9a1c5568b907bd184fb4dde7b40?s=96&d=mm&r=g\",\"contentUrl\":\"https:\\\/\\\/secure.gravatar.com\\\/avatar\\\/c5a7ef84c66fa914f55bc4f7ce26cfa275a3b9a1c5568b907bd184fb4dde7b40?s=96&d=mm&r=g\",\"caption\":\"inclusivenews2024\"},\"sameAs\":[\"https:\\\/\\\/inclusivenews.com.br\"],\"url\":\"https:\\\/\\\/inclusivenews.com.br\\\/?author=1\"}]}<\/script>\n<!-- \/ Yoast SEO plugin. -->","yoast_head_json":{"title":"Cotas completam um ano de espera no Senado -","robots":{"index":"index","follow":"follow","max-snippet":"max-snippet:-1","max-image-preview":"max-image-preview:large","max-video-preview":"max-video-preview:-1"},"canonical":"https:\/\/inclusivenews.com.br\/?p=12547","og_locale":"pt_PT","og_type":"article","og_title":"Cotas completam um ano de espera no Senado -","og_description":"Projeto aprovado em 2008 pela C\u00e2mara dos Deputados no dia da Consci\u00eancia Negra, 20 de novembro, chega a um ano de morosidade na Comiss\u00e3o de Constitui\u00e7\u00e3o e Justi\u00e7a do Senado Federal. A CCJ tamb\u00e9m analisar\u00e1 o Estatuto da Igualdade Racial e far\u00e1 audi\u00eancia p\u00fablica para debater a proposta na pr\u00f3xima semana","og_url":"https:\/\/inclusivenews.com.br\/?p=12547","article_publisher":"https:\/\/www.facebook.com\/agenciainclusive\/","article_published_time":"2009-11-20T09:01:02+00:00","og_image":[{"url":"http:\/\/inclusivenews.com.br\/wp-content\/uploads\/2009\/11\/campanha.jpg","type":"","width":"","height":""}],"author":"inclusivenews2024","twitter_card":"summary_large_image","twitter_misc":{"Escrito por":"inclusivenews2024","Tempo estimado de leitura":"3 minutos"},"schema":{"@context":"https:\/\/schema.org","@graph":[{"@type":"Article","@id":"https:\/\/inclusivenews.com.br\/?p=12547#article","isPartOf":{"@id":"https:\/\/inclusivenews.com.br\/?p=12547"},"author":{"name":"inclusivenews2024","@id":"https:\/\/inclusivenews.com.br\/#\/schema\/person\/ae4ec7087559b8692fb33b6fffd2273b"},"headline":"Cotas completam um ano de espera no Senado","datePublished":"2009-11-20T09:01:02+00:00","mainEntityOfPage":{"@id":"https:\/\/inclusivenews.com.br\/?p=12547"},"wordCount":652,"commentCount":0,"publisher":{"@id":"https:\/\/inclusivenews.com.br\/#organization"},"image":{"@id":"https:\/\/inclusivenews.com.br\/?p=12547#primaryimage"},"thumbnailUrl":"http:\/\/inclusivenews.com.br\/wp-content\/uploads\/2009\/11\/campanha.jpg","articleSection":["A\u00e7\u00f5es afirmativas","CAMPANHAS","DIREITOS HUMANOS","NOT\u00cdCIAS"],"inLanguage":"pt-PT","potentialAction":[{"@type":"CommentAction","name":"Comment","target":["https:\/\/inclusivenews.com.br\/?p=12547#respond"]}]},{"@type":"WebPage","@id":"https:\/\/inclusivenews.com.br\/?p=12547","url":"https:\/\/inclusivenews.com.br\/?p=12547","name":"Cotas completam um ano de espera no Senado -","isPartOf":{"@id":"https:\/\/inclusivenews.com.br\/#website"},"primaryImageOfPage":{"@id":"https:\/\/inclusivenews.com.br\/?p=12547#primaryimage"},"image":{"@id":"https:\/\/inclusivenews.com.br\/?p=12547#primaryimage"},"thumbnailUrl":"http:\/\/inclusivenews.com.br\/wp-content\/uploads\/2009\/11\/campanha.jpg","datePublished":"2009-11-20T09:01:02+00:00","breadcrumb":{"@id":"https:\/\/inclusivenews.com.br\/?p=12547#breadcrumb"},"inLanguage":"pt-PT","potentialAction":[{"@type":"ReadAction","target":["https:\/\/inclusivenews.com.br\/?p=12547"]}]},{"@type":"ImageObject","inLanguage":"pt-PT","@id":"https:\/\/inclusivenews.com.br\/?p=12547#primaryimage","url":"https:\/\/inclusivenews.com.br\/wp-content\/uploads\/2009\/11\/campanha.jpg","contentUrl":"https:\/\/inclusivenews.com.br\/wp-content\/uploads\/2009\/11\/campanha.jpg","width":190,"height":190,"caption":"Campanha Nacional pelo Direito \u00e0 Educa\u00e7\u00e3o - um livro e aves saindo dentro dele"},{"@type":"BreadcrumbList","@id":"https:\/\/inclusivenews.com.br\/?p=12547#breadcrumb","itemListElement":[{"@type":"ListItem","position":1,"name":"In\u00edcio","item":"https:\/\/inclusivenews.com.br\/"},{"@type":"ListItem","position":2,"name":"Cotas completam um ano de espera no Senado"}]},{"@type":"WebSite","@id":"https:\/\/inclusivenews.com.br\/#website","url":"https:\/\/inclusivenews.com.br\/","name":"Inclusive News","description":"Inclusive News","publisher":{"@id":"https:\/\/inclusivenews.com.br\/#organization"},"potentialAction":[{"@type":"SearchAction","target":{"@type":"EntryPoint","urlTemplate":"https:\/\/inclusivenews.com.br\/?s={search_term_string}"},"query-input":{"@type":"PropertyValueSpecification","valueRequired":true,"valueName":"search_term_string"}}],"inLanguage":"pt-PT"},{"@type":"Organization","@id":"https:\/\/inclusivenews.com.br\/#organization","name":"Inclusive - inclus\u00e3o e cidadania","url":"https:\/\/inclusivenews.com.br\/","logo":{"@type":"ImageObject","inLanguage":"pt-PT","@id":"https:\/\/inclusivenews.com.br\/#\/schema\/logo\/image\/","url":"https:\/\/inclusivenews.com.br\/wp-content\/uploads\/2024\/03\/@grandesite.png","contentUrl":"https:\/\/inclusivenews.com.br\/wp-content\/uploads\/2024\/03\/@grandesite.png","width":1080,"height":1080,"caption":"Inclusive - inclus\u00e3o e cidadania"},"image":{"@id":"https:\/\/inclusivenews.com.br\/#\/schema\/logo\/image\/"},"sameAs":["https:\/\/www.facebook.com\/agenciainclusive\/","https:\/\/www.instagram.com\/newsinclusive\/"]},{"@type":"Person","@id":"https:\/\/inclusivenews.com.br\/#\/schema\/person\/ae4ec7087559b8692fb33b6fffd2273b","name":"inclusivenews2024","image":{"@type":"ImageObject","inLanguage":"pt-PT","@id":"https:\/\/secure.gravatar.com\/avatar\/c5a7ef84c66fa914f55bc4f7ce26cfa275a3b9a1c5568b907bd184fb4dde7b40?s=96&d=mm&r=g","url":"https:\/\/secure.gravatar.com\/avatar\/c5a7ef84c66fa914f55bc4f7ce26cfa275a3b9a1c5568b907bd184fb4dde7b40?s=96&d=mm&r=g","contentUrl":"https:\/\/secure.gravatar.com\/avatar\/c5a7ef84c66fa914f55bc4f7ce26cfa275a3b9a1c5568b907bd184fb4dde7b40?s=96&d=mm&r=g","caption":"inclusivenews2024"},"sameAs":["https:\/\/inclusivenews.com.br"],"url":"https:\/\/inclusivenews.com.br\/?author=1"}]}},"_links":{"self":[{"href":"https:\/\/inclusivenews.com.br\/index.php?rest_route=\/wp\/v2\/posts\/12547","targetHints":{"allow":["GET"]}}],"collection":[{"href":"https:\/\/inclusivenews.com.br\/index.php?rest_route=\/wp\/v2\/posts"}],"about":[{"href":"https:\/\/inclusivenews.com.br\/index.php?rest_route=\/wp\/v2\/types\/post"}],"author":[{"embeddable":true,"href":"https:\/\/inclusivenews.com.br\/index.php?rest_route=\/wp\/v2\/users\/1"}],"replies":[{"embeddable":true,"href":"https:\/\/inclusivenews.com.br\/index.php?rest_route=%2Fwp%2Fv2%2Fcomments&post=12547"}],"version-history":[{"count":0,"href":"https:\/\/inclusivenews.com.br\/index.php?rest_route=\/wp\/v2\/posts\/12547\/revisions"}],"wp:attachment":[{"href":"https:\/\/inclusivenews.com.br\/index.php?rest_route=%2Fwp%2Fv2%2Fmedia&parent=12547"}],"wp:term":[{"taxonomy":"category","embeddable":true,"href":"https:\/\/inclusivenews.com.br\/index.php?rest_route=%2Fwp%2Fv2%2Fcategories&post=12547"},{"taxonomy":"post_tag","embeddable":true,"href":"https:\/\/inclusivenews.com.br\/index.php?rest_route=%2Fwp%2Fv2%2Ftags&post=12547"}],"curies":[{"name":"wp","href":"https:\/\/api.w.org\/{rel}","templated":true}]}}