{"id":12561,"date":"2009-11-20T06:08:51","date_gmt":"2009-11-20T09:08:51","guid":{"rendered":"http:\/\/www.inclusive.org.br\/?p=12561"},"modified":"2009-11-20T06:08:51","modified_gmt":"2009-11-20T09:08:51","slug":"12561","status":"publish","type":"post","link":"https:\/\/inclusivenews.com.br\/?p=12561","title":{"rendered":"El h\u00e9roe de las rutas diminutas"},"content":{"rendered":"<figure id=\"attachment_12562\" aria-describedby=\"caption-attachment-12562\" style=\"width: 170px\" class=\"wp-caption alignleft\"><a href=\"http:\/\/www.inclusivenews.com.br\/wp-content\/uploads\/2009\/11\/tai2.jpg\"><img loading=\"lazy\" decoding=\"async\" class=\"size-full wp-image-12562\" title=\"Logotipo do TAI, onde l\u00ea-se TAI - t\u00f3picos em autismo e inclus\u00e3o.\" src=\"http:\/\/inclusivenews.com.br\/wp-content\/uploads\/2009\/11\/tai2.jpg\" alt=\"Logotipo do TAI, onde l\u00ea-se TAI - t\u00f3picos em autismo e inclus\u00e3o.\" width=\"170\" height=\"170\" srcset=\"https:\/\/inclusivenews.com.br\/wp-content\/uploads\/2009\/11\/tai2.jpg 170w, https:\/\/inclusivenews.com.br\/wp-content\/uploads\/2009\/11\/tai2-150x150.jpg 150w\" sizes=\"auto, (max-width: 170px) 100vw, 170px\" \/><\/a><figcaption id=\"caption-attachment-12562\" class=\"wp-caption-text\"> <\/figcaption><\/figure>\n<p><strong>Manuela Ortega<\/strong><\/p>\n<p style=\"text-align: justify\">Marcelo tiene 17 a\u00f1os y es un poco especial. Padece el s\u00edndrome de Asperger, una leve forma de autismo, y para \u00e9l todo es blanco o negro. Y concreto. No comprende, por ejemplo, c\u00f3mo alguien puede creer en un dios que no ve. Pero su vida est\u00e1 a punto de cambiar por completo.<\/p>\n<p style=\"text-align: justify\">\u00bfPor qu\u00e9 leerlo?<\/p>\n<p style=\"text-align: justify\">Se desconcierta si sus d\u00edas no siguen un horario y una rutina estrictos: despertarse a la misma hora, dar de comer a su perro Namu, leer un rato, desayunar siempre lo mismo.<\/p>\n<p style=\"text-align: justify\">Cuando su padre decide que durante las vacaciones Marcelo haga fotocopias y recados en su exitoso bufete de abogados, el joven se cruza con personas que hablan un idioma que \u00e9l no entiende, lleno de iron\u00edas y sobreentendidos, de dobles sentidos e inexactitudes.<\/p>\n<p style=\"text-align: justify\">&#8220;Rutina&#8221;, piensa, &#8220;cada vez que oigo esa palabra pienso en una ruta que no es una ruta completa, sino una ruta diminuta&#8221;. Pero Marcelo consigue sobrevivir y se da cuenta de que en ocasiones detr\u00e1s del \u00e9xito en los negocios hay injusticia, traici\u00f3n a los ideales y personas seriamente perjudicadas.<br \/>\n&#8220;Puede que no sienta lo que otros sienten&#8221;, explica, &#8220;no puedo saberlo, pero siento, lo que pasa es que lo que siento no genera l\u00e1grimas&#8221;.<\/p>\n<figure id=\"attachment_12563\" aria-describedby=\"caption-attachment-12563\" style=\"width: 195px\" class=\"wp-caption alignleft\"><a href=\"http:\/\/www.inclusivenews.com.br\/wp-content\/uploads\/2009\/11\/marcelo-em-um-mundo.jpg\"><img loading=\"lazy\" decoding=\"async\" class=\"size-medium wp-image-12563\" title=\"Capa do livro &quot;Marcelo em el mundo real&quot;\" src=\"http:\/\/inclusivenews.com.br\/wp-content\/uploads\/2009\/11\/marcelo-em-um-mundo-195x300.jpg\" alt=\"marcelo em um mundo\" width=\"195\" height=\"300\" \/><\/a><figcaption id=\"caption-attachment-12563\" class=\"wp-caption-text\"> <\/figcaption><\/figure>\n<p style=\"text-align: justify\">\n<p style=\"text-align: justify\">Francisco X. Stork<br \/>\nSu padrastro le regal\u00f3 una m\u00e1quina de escribir cuando ten\u00eda siete a\u00f1os. Ahora que tiene 55 y que se gana la vida como abogado en Boston \u2013aunque es mexicano\u2013 ha retomado la escritura y ha publicado tres libros: &#8216;The way of the Jaguar&#8217;, &#8216;Behind the Eyes&#8217; y &#8216;Marcelo en el mundo real&#8217;.<\/p>\n<p style=\"text-align: justify;\"><strong><a href=\"http:\/\/aula.elmundo.es\/libro_semana.cfm?idTipoPortada=1&amp;general=1&amp;idComunidad=&amp;idArticulo=10754&amp;idSeccion=40\" target=\"_blank\" rel=\"noopener\">Publicado no TAI em 19\/11\/2009. <img loading=\"lazy\" decoding=\"async\" title=\"Link abrir\u00e1 em uma nova janela ou aba.\" src=\"http:\/\/www.inclusive.org.br\/images\/new_window.gif\" alt=\"Link abrir\u00e1 em uma nova janela ou aba.\" width=\"16\" height=\"14\" \/><\/a><\/strong><\/p>\n","protected":false},"excerpt":{"rendered":"<p>(Em espanhol.) Marcelo tiene 17 a\u00f1os y es un poco especial. Padece el s\u00edndrome de Asperger, una leve forma de autismo, y para \u00e9l todo es blanco o negro. Y concreto.<\/p>\n","protected":false},"author":1,"featured_media":0,"comment_status":"open","ping_status":"open","sticky":false,"template":"","format":"standard","meta":{"site-container-style":"default","site-container-layout":"default","site-sidebar-layout":"default","disable-article-header":"default","disable-site-header":"default","disable-site-footer":"default","disable-content-area-spacing":"default","footnotes":""},"categories":[51,58],"tags":[34,62],"class_list":["post-12561","post","type-post","status-publish","format-standard","hentry","category-livros","category-resenha-e-critica","tag-autismo","tag-valeriallacer"],"yoast_head":"<!-- This site is optimized with the Yoast SEO plugin v27.4 - https:\/\/yoast.com\/product\/yoast-seo-wordpress\/ -->\n<title>El h\u00e9roe de las rutas diminutas -<\/title>\n<meta name=\"robots\" content=\"index, follow, max-snippet:-1, max-image-preview:large, max-video-preview:-1\" \/>\n<link rel=\"canonical\" href=\"https:\/\/inclusivenews.com.br\/?p=12561\" \/>\n<meta property=\"og:locale\" content=\"pt_PT\" \/>\n<meta property=\"og:type\" content=\"article\" \/>\n<meta property=\"og:title\" content=\"El h\u00e9roe de las rutas diminutas -\" \/>\n<meta property=\"og:description\" content=\"(Em espanhol.) Marcelo tiene 17 a\u00f1os y es un poco especial. Padece el s\u00edndrome de Asperger, una leve forma de autismo, y para \u00e9l todo es blanco o negro. Y concreto.\" \/>\n<meta property=\"og:url\" content=\"https:\/\/inclusivenews.com.br\/?p=12561\" \/>\n<meta property=\"article:publisher\" content=\"https:\/\/www.facebook.com\/agenciainclusive\/\" \/>\n<meta property=\"article:published_time\" content=\"2009-11-20T09:08:51+00:00\" \/>\n<meta property=\"og:image\" content=\"http:\/\/inclusivenews.com.br\/wp-content\/uploads\/2009\/11\/tai2.jpg\" \/>\n<meta name=\"author\" content=\"inclusivenews2024\" \/>\n<meta name=\"twitter:card\" content=\"summary_large_image\" \/>\n<meta name=\"twitter:label1\" content=\"Escrito por\" \/>\n\t<meta name=\"twitter:data1\" content=\"inclusivenews2024\" \/>\n\t<meta name=\"twitter:label2\" content=\"Tempo estimado de leitura\" \/>\n\t<meta name=\"twitter:data2\" content=\"1 minuto\" \/>\n<script type=\"application\/ld+json\" class=\"yoast-schema-graph\">{\"@context\":\"https:\\\/\\\/schema.org\",\"@graph\":[{\"@type\":\"Article\",\"@id\":\"https:\\\/\\\/inclusivenews.com.br\\\/?p=12561#article\",\"isPartOf\":{\"@id\":\"https:\\\/\\\/inclusivenews.com.br\\\/?p=12561\"},\"author\":{\"name\":\"inclusivenews2024\",\"@id\":\"https:\\\/\\\/inclusivenews.com.br\\\/#\\\/schema\\\/person\\\/ae4ec7087559b8692fb33b6fffd2273b\"},\"headline\":\"El h\u00e9roe de las rutas diminutas\",\"datePublished\":\"2009-11-20T09:08:51+00:00\",\"mainEntityOfPage\":{\"@id\":\"https:\\\/\\\/inclusivenews.com.br\\\/?p=12561\"},\"wordCount\":299,\"commentCount\":0,\"publisher\":{\"@id\":\"https:\\\/\\\/inclusivenews.com.br\\\/#organization\"},\"image\":{\"@id\":\"https:\\\/\\\/inclusivenews.com.br\\\/?p=12561#primaryimage\"},\"thumbnailUrl\":\"http:\\\/\\\/inclusivenews.com.br\\\/wp-content\\\/uploads\\\/2009\\\/11\\\/tai2.jpg\",\"keywords\":[\"Autismo\",\"ValeriaLlacer\"],\"articleSection\":[\"Livros\",\"Resenha e Cr\u00edtica\"],\"inLanguage\":\"pt-PT\",\"potentialAction\":[{\"@type\":\"CommentAction\",\"name\":\"Comment\",\"target\":[\"https:\\\/\\\/inclusivenews.com.br\\\/?p=12561#respond\"]}]},{\"@type\":\"WebPage\",\"@id\":\"https:\\\/\\\/inclusivenews.com.br\\\/?p=12561\",\"url\":\"https:\\\/\\\/inclusivenews.com.br\\\/?p=12561\",\"name\":\"El h\u00e9roe de las rutas diminutas -\",\"isPartOf\":{\"@id\":\"https:\\\/\\\/inclusivenews.com.br\\\/#website\"},\"primaryImageOfPage\":{\"@id\":\"https:\\\/\\\/inclusivenews.com.br\\\/?p=12561#primaryimage\"},\"image\":{\"@id\":\"https:\\\/\\\/inclusivenews.com.br\\\/?p=12561#primaryimage\"},\"thumbnailUrl\":\"http:\\\/\\\/inclusivenews.com.br\\\/wp-content\\\/uploads\\\/2009\\\/11\\\/tai2.jpg\",\"datePublished\":\"2009-11-20T09:08:51+00:00\",\"breadcrumb\":{\"@id\":\"https:\\\/\\\/inclusivenews.com.br\\\/?p=12561#breadcrumb\"},\"inLanguage\":\"pt-PT\",\"potentialAction\":[{\"@type\":\"ReadAction\",\"target\":[\"https:\\\/\\\/inclusivenews.com.br\\\/?p=12561\"]}]},{\"@type\":\"ImageObject\",\"inLanguage\":\"pt-PT\",\"@id\":\"https:\\\/\\\/inclusivenews.com.br\\\/?p=12561#primaryimage\",\"url\":\"https:\\\/\\\/inclusivenews.com.br\\\/wp-content\\\/uploads\\\/2009\\\/11\\\/tai2.jpg\",\"contentUrl\":\"https:\\\/\\\/inclusivenews.com.br\\\/wp-content\\\/uploads\\\/2009\\\/11\\\/tai2.jpg\",\"width\":170,\"height\":170,\"caption\":\"TAI - T\u00f3picos em autismo e inclus\u00e3o.\"},{\"@type\":\"BreadcrumbList\",\"@id\":\"https:\\\/\\\/inclusivenews.com.br\\\/?p=12561#breadcrumb\",\"itemListElement\":[{\"@type\":\"ListItem\",\"position\":1,\"name\":\"In\u00edcio\",\"item\":\"https:\\\/\\\/inclusivenews.com.br\\\/\"},{\"@type\":\"ListItem\",\"position\":2,\"name\":\"El h\u00e9roe de las rutas diminutas\"}]},{\"@type\":\"WebSite\",\"@id\":\"https:\\\/\\\/inclusivenews.com.br\\\/#website\",\"url\":\"https:\\\/\\\/inclusivenews.com.br\\\/\",\"name\":\"Inclusive News\",\"description\":\"Inclusive News\",\"publisher\":{\"@id\":\"https:\\\/\\\/inclusivenews.com.br\\\/#organization\"},\"potentialAction\":[{\"@type\":\"SearchAction\",\"target\":{\"@type\":\"EntryPoint\",\"urlTemplate\":\"https:\\\/\\\/inclusivenews.com.br\\\/?s={search_term_string}\"},\"query-input\":{\"@type\":\"PropertyValueSpecification\",\"valueRequired\":true,\"valueName\":\"search_term_string\"}}],\"inLanguage\":\"pt-PT\"},{\"@type\":\"Organization\",\"@id\":\"https:\\\/\\\/inclusivenews.com.br\\\/#organization\",\"name\":\"Inclusive - inclus\u00e3o e cidadania\",\"url\":\"https:\\\/\\\/inclusivenews.com.br\\\/\",\"logo\":{\"@type\":\"ImageObject\",\"inLanguage\":\"pt-PT\",\"@id\":\"https:\\\/\\\/inclusivenews.com.br\\\/#\\\/schema\\\/logo\\\/image\\\/\",\"url\":\"https:\\\/\\\/inclusivenews.com.br\\\/wp-content\\\/uploads\\\/2024\\\/03\\\/@grandesite.png\",\"contentUrl\":\"https:\\\/\\\/inclusivenews.com.br\\\/wp-content\\\/uploads\\\/2024\\\/03\\\/@grandesite.png\",\"width\":1080,\"height\":1080,\"caption\":\"Inclusive - inclus\u00e3o e cidadania\"},\"image\":{\"@id\":\"https:\\\/\\\/inclusivenews.com.br\\\/#\\\/schema\\\/logo\\\/image\\\/\"},\"sameAs\":[\"https:\\\/\\\/www.facebook.com\\\/agenciainclusive\\\/\",\"https:\\\/\\\/www.instagram.com\\\/newsinclusive\\\/\"]},{\"@type\":\"Person\",\"@id\":\"https:\\\/\\\/inclusivenews.com.br\\\/#\\\/schema\\\/person\\\/ae4ec7087559b8692fb33b6fffd2273b\",\"name\":\"inclusivenews2024\",\"image\":{\"@type\":\"ImageObject\",\"inLanguage\":\"pt-PT\",\"@id\":\"https:\\\/\\\/secure.gravatar.com\\\/avatar\\\/c5a7ef84c66fa914f55bc4f7ce26cfa275a3b9a1c5568b907bd184fb4dde7b40?s=96&d=mm&r=g\",\"url\":\"https:\\\/\\\/secure.gravatar.com\\\/avatar\\\/c5a7ef84c66fa914f55bc4f7ce26cfa275a3b9a1c5568b907bd184fb4dde7b40?s=96&d=mm&r=g\",\"contentUrl\":\"https:\\\/\\\/secure.gravatar.com\\\/avatar\\\/c5a7ef84c66fa914f55bc4f7ce26cfa275a3b9a1c5568b907bd184fb4dde7b40?s=96&d=mm&r=g\",\"caption\":\"inclusivenews2024\"},\"sameAs\":[\"https:\\\/\\\/inclusivenews.com.br\"],\"url\":\"https:\\\/\\\/inclusivenews.com.br\\\/?author=1\"}]}<\/script>\n<!-- \/ Yoast SEO plugin. -->","yoast_head_json":{"title":"El h\u00e9roe de las rutas diminutas -","robots":{"index":"index","follow":"follow","max-snippet":"max-snippet:-1","max-image-preview":"max-image-preview:large","max-video-preview":"max-video-preview:-1"},"canonical":"https:\/\/inclusivenews.com.br\/?p=12561","og_locale":"pt_PT","og_type":"article","og_title":"El h\u00e9roe de las rutas diminutas -","og_description":"(Em espanhol.) Marcelo tiene 17 a\u00f1os y es un poco especial. Padece el s\u00edndrome de Asperger, una leve forma de autismo, y para \u00e9l todo es blanco o negro. Y concreto.","og_url":"https:\/\/inclusivenews.com.br\/?p=12561","article_publisher":"https:\/\/www.facebook.com\/agenciainclusive\/","article_published_time":"2009-11-20T09:08:51+00:00","og_image":[{"url":"http:\/\/inclusivenews.com.br\/wp-content\/uploads\/2009\/11\/tai2.jpg","type":"","width":"","height":""}],"author":"inclusivenews2024","twitter_card":"summary_large_image","twitter_misc":{"Escrito por":"inclusivenews2024","Tempo estimado de leitura":"1 minuto"},"schema":{"@context":"https:\/\/schema.org","@graph":[{"@type":"Article","@id":"https:\/\/inclusivenews.com.br\/?p=12561#article","isPartOf":{"@id":"https:\/\/inclusivenews.com.br\/?p=12561"},"author":{"name":"inclusivenews2024","@id":"https:\/\/inclusivenews.com.br\/#\/schema\/person\/ae4ec7087559b8692fb33b6fffd2273b"},"headline":"El h\u00e9roe de las rutas diminutas","datePublished":"2009-11-20T09:08:51+00:00","mainEntityOfPage":{"@id":"https:\/\/inclusivenews.com.br\/?p=12561"},"wordCount":299,"commentCount":0,"publisher":{"@id":"https:\/\/inclusivenews.com.br\/#organization"},"image":{"@id":"https:\/\/inclusivenews.com.br\/?p=12561#primaryimage"},"thumbnailUrl":"http:\/\/inclusivenews.com.br\/wp-content\/uploads\/2009\/11\/tai2.jpg","keywords":["Autismo","ValeriaLlacer"],"articleSection":["Livros","Resenha e Cr\u00edtica"],"inLanguage":"pt-PT","potentialAction":[{"@type":"CommentAction","name":"Comment","target":["https:\/\/inclusivenews.com.br\/?p=12561#respond"]}]},{"@type":"WebPage","@id":"https:\/\/inclusivenews.com.br\/?p=12561","url":"https:\/\/inclusivenews.com.br\/?p=12561","name":"El h\u00e9roe de las rutas diminutas -","isPartOf":{"@id":"https:\/\/inclusivenews.com.br\/#website"},"primaryImageOfPage":{"@id":"https:\/\/inclusivenews.com.br\/?p=12561#primaryimage"},"image":{"@id":"https:\/\/inclusivenews.com.br\/?p=12561#primaryimage"},"thumbnailUrl":"http:\/\/inclusivenews.com.br\/wp-content\/uploads\/2009\/11\/tai2.jpg","datePublished":"2009-11-20T09:08:51+00:00","breadcrumb":{"@id":"https:\/\/inclusivenews.com.br\/?p=12561#breadcrumb"},"inLanguage":"pt-PT","potentialAction":[{"@type":"ReadAction","target":["https:\/\/inclusivenews.com.br\/?p=12561"]}]},{"@type":"ImageObject","inLanguage":"pt-PT","@id":"https:\/\/inclusivenews.com.br\/?p=12561#primaryimage","url":"https:\/\/inclusivenews.com.br\/wp-content\/uploads\/2009\/11\/tai2.jpg","contentUrl":"https:\/\/inclusivenews.com.br\/wp-content\/uploads\/2009\/11\/tai2.jpg","width":170,"height":170,"caption":"TAI - T\u00f3picos em autismo e inclus\u00e3o."},{"@type":"BreadcrumbList","@id":"https:\/\/inclusivenews.com.br\/?p=12561#breadcrumb","itemListElement":[{"@type":"ListItem","position":1,"name":"In\u00edcio","item":"https:\/\/inclusivenews.com.br\/"},{"@type":"ListItem","position":2,"name":"El h\u00e9roe de las rutas diminutas"}]},{"@type":"WebSite","@id":"https:\/\/inclusivenews.com.br\/#website","url":"https:\/\/inclusivenews.com.br\/","name":"Inclusive News","description":"Inclusive News","publisher":{"@id":"https:\/\/inclusivenews.com.br\/#organization"},"potentialAction":[{"@type":"SearchAction","target":{"@type":"EntryPoint","urlTemplate":"https:\/\/inclusivenews.com.br\/?s={search_term_string}"},"query-input":{"@type":"PropertyValueSpecification","valueRequired":true,"valueName":"search_term_string"}}],"inLanguage":"pt-PT"},{"@type":"Organization","@id":"https:\/\/inclusivenews.com.br\/#organization","name":"Inclusive - inclus\u00e3o e cidadania","url":"https:\/\/inclusivenews.com.br\/","logo":{"@type":"ImageObject","inLanguage":"pt-PT","@id":"https:\/\/inclusivenews.com.br\/#\/schema\/logo\/image\/","url":"https:\/\/inclusivenews.com.br\/wp-content\/uploads\/2024\/03\/@grandesite.png","contentUrl":"https:\/\/inclusivenews.com.br\/wp-content\/uploads\/2024\/03\/@grandesite.png","width":1080,"height":1080,"caption":"Inclusive - inclus\u00e3o e cidadania"},"image":{"@id":"https:\/\/inclusivenews.com.br\/#\/schema\/logo\/image\/"},"sameAs":["https:\/\/www.facebook.com\/agenciainclusive\/","https:\/\/www.instagram.com\/newsinclusive\/"]},{"@type":"Person","@id":"https:\/\/inclusivenews.com.br\/#\/schema\/person\/ae4ec7087559b8692fb33b6fffd2273b","name":"inclusivenews2024","image":{"@type":"ImageObject","inLanguage":"pt-PT","@id":"https:\/\/secure.gravatar.com\/avatar\/c5a7ef84c66fa914f55bc4f7ce26cfa275a3b9a1c5568b907bd184fb4dde7b40?s=96&d=mm&r=g","url":"https:\/\/secure.gravatar.com\/avatar\/c5a7ef84c66fa914f55bc4f7ce26cfa275a3b9a1c5568b907bd184fb4dde7b40?s=96&d=mm&r=g","contentUrl":"https:\/\/secure.gravatar.com\/avatar\/c5a7ef84c66fa914f55bc4f7ce26cfa275a3b9a1c5568b907bd184fb4dde7b40?s=96&d=mm&r=g","caption":"inclusivenews2024"},"sameAs":["https:\/\/inclusivenews.com.br"],"url":"https:\/\/inclusivenews.com.br\/?author=1"}]}},"_links":{"self":[{"href":"https:\/\/inclusivenews.com.br\/index.php?rest_route=\/wp\/v2\/posts\/12561","targetHints":{"allow":["GET"]}}],"collection":[{"href":"https:\/\/inclusivenews.com.br\/index.php?rest_route=\/wp\/v2\/posts"}],"about":[{"href":"https:\/\/inclusivenews.com.br\/index.php?rest_route=\/wp\/v2\/types\/post"}],"author":[{"embeddable":true,"href":"https:\/\/inclusivenews.com.br\/index.php?rest_route=\/wp\/v2\/users\/1"}],"replies":[{"embeddable":true,"href":"https:\/\/inclusivenews.com.br\/index.php?rest_route=%2Fwp%2Fv2%2Fcomments&post=12561"}],"version-history":[{"count":0,"href":"https:\/\/inclusivenews.com.br\/index.php?rest_route=\/wp\/v2\/posts\/12561\/revisions"}],"wp:attachment":[{"href":"https:\/\/inclusivenews.com.br\/index.php?rest_route=%2Fwp%2Fv2%2Fmedia&parent=12561"}],"wp:term":[{"taxonomy":"category","embeddable":true,"href":"https:\/\/inclusivenews.com.br\/index.php?rest_route=%2Fwp%2Fv2%2Fcategories&post=12561"},{"taxonomy":"post_tag","embeddable":true,"href":"https:\/\/inclusivenews.com.br\/index.php?rest_route=%2Fwp%2Fv2%2Ftags&post=12561"}],"curies":[{"name":"wp","href":"https:\/\/api.w.org\/{rel}","templated":true}]}}