{"id":12609,"date":"2009-11-23T06:31:14","date_gmt":"2009-11-23T09:31:14","guid":{"rendered":"http:\/\/www.inclusive.org.br\/?p=12609"},"modified":"2009-11-23T06:31:14","modified_gmt":"2009-11-23T09:31:14","slug":"abertas-inscricoes-para-workshop-que-discutira-preconceitos-e-paradigmas-em-relacao-a-pessoa-com-deficiencia","status":"publish","type":"post","link":"https:\/\/inclusivenews.com.br\/?p=12609","title":{"rendered":"Abertas inscri\u00e7\u00f5es para Workshop que discutir\u00e1 preconceitos e paradigmas"},"content":{"rendered":"<p style=\"text-align: center;\"><em>A partir do tema \u201cSensibiliza\u00e7\u00e3o para a Inclus\u00e3o: Construindo uma Sociedade Universal \u00e0 Luz da Conven\u00e7\u00e3o da ONU<\/em><\/p>\n<p style=\"text-align: justify;\"><a href=\"http:\/\/www.inclusivenews.com.br\/wp-content\/uploads\/2009\/11\/header_bg.gif\"><img loading=\"lazy\" decoding=\"async\" class=\"alignleft size-full wp-image-12471\" title=\"Bandeira do Estado de S\u00e3o Paulo\" src=\"http:\/\/inclusivenews.com.br\/wp-content\/uploads\/2009\/11\/header_bg.gif\" alt=\"Bandeira do Estado de S\u00e3o Paulo\" width=\"172\" height=\"138\" \/><\/a><\/p>\n<p style=\"text-align: justify;\">Para discutir, refletir e esclarecer quest\u00f5es relacionadas ao cotidiano das pessoas com defici\u00eancia, a Secretaria de Estado dos Direitos da Pessoa com Defici\u00eancia promove o Workshop &#8220;Sensibiliza\u00e7\u00e3o para a Inclus\u00e3o: Construindo uma Sociedade Universal \u00e0 Luz da Conven\u00e7\u00e3o da ONU&#8221;. O evento ser\u00e1 realizado em 2 de dezembro de 2009, v\u00e9spera do Dia Internacional da Pessoa com Defici\u00eancia, comemorado mundialmente no dia 3 de dezembro.<\/p>\n<p style=\"text-align: justify;\">As inscri\u00e7\u00f5es est\u00e3o abertas at\u00e9 o dia 25 de novembro e devem ser realizadas pelo e-mail <a href=\"http:\/\/www.pessoacomdeficiencia.sp.gov.br\/sis\/participe@pessoacomdeficiencia.sp.gov.br\">participe@pessoacomdeficiencia.sp.gov.br<\/a> . A ficha de inscri\u00e7\u00e3o deve ser baixada no site <a href=\"http:\/\/www.pessoacomdeficiencia.sp.gov.br\/usr\/share\/documents\/09nov09_anexo_inscricao_workshop.doc\">http:\/\/www.pessoacomdeficiencia.sp.gov.br\/usr\/share\/documents\/09nov09_anexo_inscricao_workshop.doc<\/a> .<\/p>\n<p style=\"text-align: justify;\">O objetivo do workshop \u00e9 esclarecer e conscientizar p\u00fablicos estrat\u00e9gicos, como jornalistas, assessores de comunica\u00e7\u00e3o, rela\u00e7\u00f5es p\u00fablicas, gestores de governo, prefeituras, profissionais que atuam com atendimento ao p\u00fablico e pessoas interessadas em assuntos relacionados \u00e0 inclus\u00e3o social do segmento da pessoa com defici\u00eancia, sobre a abordagem correta, de acordo com terminologia e direitos assegurados pela Conven\u00e7\u00e3o da ONU sobre os Direitos da Pessoa com Defici\u00eancia. O esclarecimento ser\u00e1 feito a partir de informa\u00e7\u00f5es precisas sobre as diversas situa\u00e7\u00f5es do cotidiano das pessoas com defici\u00eancia, em diferentes e rotineiras circunst\u00e2ncias.<\/p>\n<p style=\"text-align: justify;\">A iniciativa de realiza\u00e7\u00e3o do workshop nasceu da constata\u00e7\u00e3o de que todos os dias nos deparamos com pessoas com defici\u00eancia ou um dispositivo legal relacionado a esse universo &#8211; como a Lei de Cotas, por exemplo. Entretanto, o desconhecimento, associado a mitos e preconceitos apreendidos ao longo da vida, refor\u00e7am o distanciamento e a segrega\u00e7\u00e3o por parte da sociedade em geral em rela\u00e7\u00e3o a esse p\u00fablico, principalmente se n\u00e3o h\u00e1 familiaridade do interlocutor com algu\u00e9m que apresente algum tipo de defici\u00eancia. Em alguns casos, como os de ofertas de servi\u00e7os, a falta de informa\u00e7\u00e3o sobre os direitos da pessoa com defici\u00eancia pode, inclusive, dificultar a abordagem, prejudicando o p\u00fablico a ser atendido.<\/p>\n<p style=\"text-align: justify;\"><strong>Confira algumas d\u00favidas ou conceitos que ser\u00e3o abordados no evento<\/strong>:<\/p>\n<p style=\"text-align: justify;\">&#8211; Pessoa &#8220;portadora&#8221; ou &#8220;deficiente&#8221;: como me refiro a algu\u00e9m que apresenta alguma restri\u00e7\u00e3o f\u00edsica, sensorial ou intelectual?<\/p>\n<p style=\"text-align: justify;\">&#8211; Se vejo um cego prestes a atravessar uma rua movimentada, como devo proceder?<\/p>\n<p style=\"text-align: justify;\">&#8211; Queria namorar aquela menina de cadeira de rodas, ser\u00e1 que ela pode namorar?<\/p>\n<p style=\"text-align: justify;\">&#8211; Como faz um cadeirante para preencher a ficha de entrada, com autonomia e independ\u00eancia, em um check in de hotel?<\/p>\n<p style=\"text-align: justify;\">&#8211; Minha empresa tem mais de 100 funcion\u00e1rios, mas \u00e9 cheia de escadas, ela precisa cumprir a Lei de Cotas?<\/p>\n<p style=\"text-align: justify;\">\n<p style=\"text-align: justify;\"><strong>SERVI\u00c7O:<\/strong><\/p>\n<p style=\"text-align: justify;\"><strong>Workshop<\/strong>: &#8220;Sensibiliza\u00e7\u00e3o para a Inclus\u00e3o: Construindo uma Sociedade Universal \u00e0 Luz da Conven\u00e7\u00e3o da ONU&#8221;<\/p>\n<p style=\"text-align: justify;\"><strong>Data<\/strong>: 02 de dezembro de 2009.<\/p>\n<p style=\"text-align: justify;\"><strong>Hor\u00e1rio<\/strong>:<\/p>\n<p style=\"text-align: justify;\"><em>9h00 \u00e0s 18h00<\/em>: Workshop<\/p>\n<p style=\"text-align: justify;\"><em>18h00<\/em>: Lan\u00e7amento de Livro <em>A Verdadeira Beleza<\/em>, da Vanessa Vidal e Coquetel de Encerramento<\/p>\n<p style=\"text-align: justify;\"><strong>Per\u00edodo de Inscri\u00e7\u00f5es<\/strong>: 05 a 25 de novembro de 2009, pelo e-mail <a href=\"mailto:participe@pessoacomdeficiencia.sp.gov.br\">participe@pessoacomdeficiencia.sp.gov.br<\/a>.<\/p>\n<p style=\"text-align: justify;\"><strong>Local<\/strong>: Sede da Secretaria de Estado dos Direitos da Pessoa com Defici\u00eancia<\/p>\n<p style=\"text-align: justify;\"><strong>Endere\u00e7o<\/strong>: Avenida Auro Soares de Moura Andrade, 564, Port\u00e3o 10, Barra Funda, pr\u00f3ximo ao terminal rodovi\u00e1rio e esta\u00e7\u00f5es do metr\u00f4 e trem Barra Funda, S\u00e3o Paulo, SP<\/p>\n<p style=\"text-align: justify;\"><strong>Informa\u00e7\u00f5es<\/strong>: (11) 5212-3700.<\/p>\n<p style=\"text-align: justify;\">Investimento Simb\u00f3lico: R$ 20,00 (inclui Material Informativo, Welcome Coffee, Workshop, Brunch e Coquetel de Encerramento).<\/p>\n<p style=\"text-align: justify;\"><strong>Programa\u00e7\u00e3o<\/strong>:<\/p>\n<p style=\"text-align: justify;\"><em>9h00<\/em>: Credenciamento e Distribui\u00e7\u00e3o do Material<\/p>\n<p style=\"text-align: justify;\"><em>9h15<\/em>: Welcome Coffee<\/p>\n<p style=\"text-align: justify;\"><em>9h35<\/em>: Painel: Inclus\u00e3o Social e Pessoas com Defici\u00eancia: O Papel do Estado e a Norma Constitucional &#8211; Secret\u00e1ria de Estado dos Direitos da Pessoa com Defici\u00eancia, Dra. Linamara Rizzo Battistella<\/p>\n<p style=\"text-align: justify;\"><em>10h00<\/em>: Entendendo as defici\u00eancias sob o enfoque inclusivo<\/p>\n<p style=\"text-align: justify;\"><strong>1- Cotidiano<\/strong>: circunst\u00e2ncias rotineiras da vida de uma pessoa com defici\u00eancia<\/p>\n<p style=\"text-align: justify;\"><strong>2- Comunica\u00e7\u00e3o<\/strong>: caminho para a inclus\u00e3o<\/p>\n<p style=\"text-align: justify;\"><strong>3- Sa\u00fade<\/strong>: bem-estar e qualidade de vida<\/p>\n<p style=\"text-align: justify;\"><strong>4- Acessibilidade<\/strong>: ponte para a sociedade<\/p>\n<p style=\"text-align: justify;\"><strong>5- Educa\u00e7\u00e3o<\/strong>: acesso para a cidadania<\/p>\n<p style=\"text-align: justify;\"><strong>6- Emprego<\/strong>: igualdade de oportunidades<\/p>\n<p style=\"text-align: justify;\"><strong>7- Esporte e Lazer<\/strong>: movimento e participa\u00e7\u00e3o<\/p>\n<p style=\"text-align: justify;\"><strong>8- Cultura<\/strong>: desenvolvendo o potencial art\u00edstico e criativo<\/p>\n<p style=\"text-align: justify;\"><strong>9- Transporte<\/strong>: direito de ir e vir<\/p>\n<p style=\"text-align: justify;\"><strong>10- Fam\u00edlia<\/strong>: conviv\u00eancia, respeito e privacidade<\/p>\n<p style=\"text-align: justify;\"><em>13h00<\/em>: Brunch<\/p>\n<p style=\"text-align: justify;\"><em>14h00<\/em>: Plen\u00e1ria: Compartilhando Informa\u00e7\u00f5es -Trocando Conhecimentos<\/p>\n<p style=\"text-align: justify;\"><em>17h00<\/em>: Conclus\u00e3o dos trabalhos: Mudando Conceitos e Derrubando Barreiras<\/p>\n<p style=\"text-align: justify;\"><em>18h00<\/em>: Lan\u00e7amento de Livro <em>A Verdadeira Beleza<\/em>, autobiografia de Vanessa Vidal e\u00a0coquetel de Encerramento<\/p>\n<p style=\"text-align: justify;\">\n<p>______________________________<\/p>\n<p><strong>Fonte de informa\u00e7\u00e3o:<\/strong><a href=\"http:\/\/www.pessoacomdeficiencia.sp.gov.br\/sis\/lenoticia.php?id=475\" target=\"_blank\" rel=\"noopener\"> <span><span><span>Secretaria de Estado dos Direitos da Pessoa com Defici\u00eancia<\/span><\/span><\/span><\/a><a onclick=\"javascript:pageTracker._trackPageview('\/outbound\/article\/www.afropress.com');\" href=\"http:\/\/www.afropress.com\/noticiasLer.asp?id=2073\" target=\"_blank\" rel=\"noopener\"> <img loading=\"lazy\" decoding=\"async\" title=\"Link abrir\u00e1 em uma nova janela ou aba.\" src=\"..\/images\/new_window.gif\" alt=\"Link abrir\u00e1 em uma nova janela ou aba.\" width=\"16\" height=\"14\" \/><\/a><\/p>\n","protected":false},"excerpt":{"rendered":"<p>A partir do tema \u201cSensibiliza\u00e7\u00e3o para a Inclus\u00e3o: Construindo uma Sociedade Universal \u00e0 Luz da Conven\u00e7\u00e3o da ONU<\/p>\n","protected":false},"author":1,"featured_media":0,"comment_status":"open","ping_status":"open","sticky":false,"template":"","format":"standard","meta":{"site-container-style":"default","site-container-layout":"default","site-sidebar-layout":"default","disable-article-header":"default","disable-site-header":"default","disable-site-footer":"default","disable-content-area-spacing":"default","footnotes":""},"categories":[5,12,48,4],"tags":[],"class_list":["post-12609","post","type-post","status-publish","format-standard","hentry","category-convencao","category-cursos-e-eventos","category-inclusao","category-noticias"],"yoast_head":"<!-- This site is optimized with the Yoast SEO plugin v27.4 - https:\/\/yoast.com\/product\/yoast-seo-wordpress\/ -->\n<title>Abertas inscri\u00e7\u00f5es para Workshop que discutir\u00e1 preconceitos e paradigmas -<\/title>\n<meta name=\"robots\" content=\"index, follow, max-snippet:-1, max-image-preview:large, max-video-preview:-1\" \/>\n<link rel=\"canonical\" href=\"https:\/\/inclusivenews.com.br\/?p=12609\" \/>\n<meta property=\"og:locale\" content=\"pt_PT\" \/>\n<meta property=\"og:type\" content=\"article\" \/>\n<meta property=\"og:title\" content=\"Abertas inscri\u00e7\u00f5es para Workshop que discutir\u00e1 preconceitos e paradigmas -\" \/>\n<meta property=\"og:description\" content=\"A partir do tema \u201cSensibiliza\u00e7\u00e3o para a Inclus\u00e3o: Construindo uma Sociedade Universal \u00e0 Luz da Conven\u00e7\u00e3o da ONU\" \/>\n<meta property=\"og:url\" content=\"https:\/\/inclusivenews.com.br\/?p=12609\" \/>\n<meta property=\"article:publisher\" content=\"https:\/\/www.facebook.com\/agenciainclusive\/\" \/>\n<meta property=\"article:published_time\" content=\"2009-11-23T09:31:14+00:00\" \/>\n<meta property=\"og:image\" content=\"http:\/\/inclusivenews.com.br\/wp-content\/uploads\/2009\/11\/header_bg.gif\" \/>\n<meta name=\"author\" content=\"inclusivenews2024\" \/>\n<meta name=\"twitter:card\" content=\"summary_large_image\" \/>\n<meta name=\"twitter:label1\" content=\"Escrito por\" \/>\n\t<meta name=\"twitter:data1\" content=\"inclusivenews2024\" \/>\n\t<meta name=\"twitter:label2\" content=\"Tempo estimado de leitura\" \/>\n\t<meta name=\"twitter:data2\" content=\"4 minutos\" \/>\n<script type=\"application\/ld+json\" class=\"yoast-schema-graph\">{\"@context\":\"https:\\\/\\\/schema.org\",\"@graph\":[{\"@type\":\"Article\",\"@id\":\"https:\\\/\\\/inclusivenews.com.br\\\/?p=12609#article\",\"isPartOf\":{\"@id\":\"https:\\\/\\\/inclusivenews.com.br\\\/?p=12609\"},\"author\":{\"name\":\"inclusivenews2024\",\"@id\":\"https:\\\/\\\/inclusivenews.com.br\\\/#\\\/schema\\\/person\\\/ae4ec7087559b8692fb33b6fffd2273b\"},\"headline\":\"Abertas inscri\u00e7\u00f5es para Workshop que discutir\u00e1 preconceitos e paradigmas\",\"datePublished\":\"2009-11-23T09:31:14+00:00\",\"mainEntityOfPage\":{\"@id\":\"https:\\\/\\\/inclusivenews.com.br\\\/?p=12609\"},\"wordCount\":780,\"commentCount\":0,\"publisher\":{\"@id\":\"https:\\\/\\\/inclusivenews.com.br\\\/#organization\"},\"image\":{\"@id\":\"https:\\\/\\\/inclusivenews.com.br\\\/?p=12609#primaryimage\"},\"thumbnailUrl\":\"http:\\\/\\\/inclusivenews.com.br\\\/wp-content\\\/uploads\\\/2009\\\/11\\\/header_bg.gif\",\"articleSection\":[\"Conven\u00e7\u00e3o\",\"Cursos e eventos\",\"INCLUS\u00c3O SOCIAL\",\"NOT\u00cdCIAS\"],\"inLanguage\":\"pt-PT\",\"potentialAction\":[{\"@type\":\"CommentAction\",\"name\":\"Comment\",\"target\":[\"https:\\\/\\\/inclusivenews.com.br\\\/?p=12609#respond\"]}]},{\"@type\":\"WebPage\",\"@id\":\"https:\\\/\\\/inclusivenews.com.br\\\/?p=12609\",\"url\":\"https:\\\/\\\/inclusivenews.com.br\\\/?p=12609\",\"name\":\"Abertas inscri\u00e7\u00f5es para Workshop que discutir\u00e1 preconceitos e paradigmas -\",\"isPartOf\":{\"@id\":\"https:\\\/\\\/inclusivenews.com.br\\\/#website\"},\"primaryImageOfPage\":{\"@id\":\"https:\\\/\\\/inclusivenews.com.br\\\/?p=12609#primaryimage\"},\"image\":{\"@id\":\"https:\\\/\\\/inclusivenews.com.br\\\/?p=12609#primaryimage\"},\"thumbnailUrl\":\"http:\\\/\\\/inclusivenews.com.br\\\/wp-content\\\/uploads\\\/2009\\\/11\\\/header_bg.gif\",\"datePublished\":\"2009-11-23T09:31:14+00:00\",\"breadcrumb\":{\"@id\":\"https:\\\/\\\/inclusivenews.com.br\\\/?p=12609#breadcrumb\"},\"inLanguage\":\"pt-PT\",\"potentialAction\":[{\"@type\":\"ReadAction\",\"target\":[\"https:\\\/\\\/inclusivenews.com.br\\\/?p=12609\"]}]},{\"@type\":\"ImageObject\",\"inLanguage\":\"pt-PT\",\"@id\":\"https:\\\/\\\/inclusivenews.com.br\\\/?p=12609#primaryimage\",\"url\":\"https:\\\/\\\/inclusivenews.com.br\\\/wp-content\\\/uploads\\\/2009\\\/11\\\/header_bg.gif\",\"contentUrl\":\"https:\\\/\\\/inclusivenews.com.br\\\/wp-content\\\/uploads\\\/2009\\\/11\\\/header_bg.gif\",\"width\":103,\"height\":68},{\"@type\":\"BreadcrumbList\",\"@id\":\"https:\\\/\\\/inclusivenews.com.br\\\/?p=12609#breadcrumb\",\"itemListElement\":[{\"@type\":\"ListItem\",\"position\":1,\"name\":\"In\u00edcio\",\"item\":\"https:\\\/\\\/inclusivenews.com.br\\\/\"},{\"@type\":\"ListItem\",\"position\":2,\"name\":\"Abertas inscri\u00e7\u00f5es para Workshop que discutir\u00e1 preconceitos e paradigmas\"}]},{\"@type\":\"WebSite\",\"@id\":\"https:\\\/\\\/inclusivenews.com.br\\\/#website\",\"url\":\"https:\\\/\\\/inclusivenews.com.br\\\/\",\"name\":\"Inclusive News\",\"description\":\"Inclusive News\",\"publisher\":{\"@id\":\"https:\\\/\\\/inclusivenews.com.br\\\/#organization\"},\"potentialAction\":[{\"@type\":\"SearchAction\",\"target\":{\"@type\":\"EntryPoint\",\"urlTemplate\":\"https:\\\/\\\/inclusivenews.com.br\\\/?s={search_term_string}\"},\"query-input\":{\"@type\":\"PropertyValueSpecification\",\"valueRequired\":true,\"valueName\":\"search_term_string\"}}],\"inLanguage\":\"pt-PT\"},{\"@type\":\"Organization\",\"@id\":\"https:\\\/\\\/inclusivenews.com.br\\\/#organization\",\"name\":\"Inclusive - inclus\u00e3o e cidadania\",\"url\":\"https:\\\/\\\/inclusivenews.com.br\\\/\",\"logo\":{\"@type\":\"ImageObject\",\"inLanguage\":\"pt-PT\",\"@id\":\"https:\\\/\\\/inclusivenews.com.br\\\/#\\\/schema\\\/logo\\\/image\\\/\",\"url\":\"https:\\\/\\\/inclusivenews.com.br\\\/wp-content\\\/uploads\\\/2024\\\/03\\\/@grandesite.png\",\"contentUrl\":\"https:\\\/\\\/inclusivenews.com.br\\\/wp-content\\\/uploads\\\/2024\\\/03\\\/@grandesite.png\",\"width\":1080,\"height\":1080,\"caption\":\"Inclusive - inclus\u00e3o e cidadania\"},\"image\":{\"@id\":\"https:\\\/\\\/inclusivenews.com.br\\\/#\\\/schema\\\/logo\\\/image\\\/\"},\"sameAs\":[\"https:\\\/\\\/www.facebook.com\\\/agenciainclusive\\\/\",\"https:\\\/\\\/www.instagram.com\\\/newsinclusive\\\/\"]},{\"@type\":\"Person\",\"@id\":\"https:\\\/\\\/inclusivenews.com.br\\\/#\\\/schema\\\/person\\\/ae4ec7087559b8692fb33b6fffd2273b\",\"name\":\"inclusivenews2024\",\"image\":{\"@type\":\"ImageObject\",\"inLanguage\":\"pt-PT\",\"@id\":\"https:\\\/\\\/secure.gravatar.com\\\/avatar\\\/c5a7ef84c66fa914f55bc4f7ce26cfa275a3b9a1c5568b907bd184fb4dde7b40?s=96&d=mm&r=g\",\"url\":\"https:\\\/\\\/secure.gravatar.com\\\/avatar\\\/c5a7ef84c66fa914f55bc4f7ce26cfa275a3b9a1c5568b907bd184fb4dde7b40?s=96&d=mm&r=g\",\"contentUrl\":\"https:\\\/\\\/secure.gravatar.com\\\/avatar\\\/c5a7ef84c66fa914f55bc4f7ce26cfa275a3b9a1c5568b907bd184fb4dde7b40?s=96&d=mm&r=g\",\"caption\":\"inclusivenews2024\"},\"sameAs\":[\"https:\\\/\\\/inclusivenews.com.br\"],\"url\":\"https:\\\/\\\/inclusivenews.com.br\\\/?author=1\"}]}<\/script>\n<!-- \/ Yoast SEO plugin. -->","yoast_head_json":{"title":"Abertas inscri\u00e7\u00f5es para Workshop que discutir\u00e1 preconceitos e paradigmas -","robots":{"index":"index","follow":"follow","max-snippet":"max-snippet:-1","max-image-preview":"max-image-preview:large","max-video-preview":"max-video-preview:-1"},"canonical":"https:\/\/inclusivenews.com.br\/?p=12609","og_locale":"pt_PT","og_type":"article","og_title":"Abertas inscri\u00e7\u00f5es para Workshop que discutir\u00e1 preconceitos e paradigmas -","og_description":"A partir do tema \u201cSensibiliza\u00e7\u00e3o para a Inclus\u00e3o: Construindo uma Sociedade Universal \u00e0 Luz da Conven\u00e7\u00e3o da ONU","og_url":"https:\/\/inclusivenews.com.br\/?p=12609","article_publisher":"https:\/\/www.facebook.com\/agenciainclusive\/","article_published_time":"2009-11-23T09:31:14+00:00","og_image":[{"url":"http:\/\/inclusivenews.com.br\/wp-content\/uploads\/2009\/11\/header_bg.gif","type":"","width":"","height":""}],"author":"inclusivenews2024","twitter_card":"summary_large_image","twitter_misc":{"Escrito por":"inclusivenews2024","Tempo estimado de leitura":"4 minutos"},"schema":{"@context":"https:\/\/schema.org","@graph":[{"@type":"Article","@id":"https:\/\/inclusivenews.com.br\/?p=12609#article","isPartOf":{"@id":"https:\/\/inclusivenews.com.br\/?p=12609"},"author":{"name":"inclusivenews2024","@id":"https:\/\/inclusivenews.com.br\/#\/schema\/person\/ae4ec7087559b8692fb33b6fffd2273b"},"headline":"Abertas inscri\u00e7\u00f5es para Workshop que discutir\u00e1 preconceitos e paradigmas","datePublished":"2009-11-23T09:31:14+00:00","mainEntityOfPage":{"@id":"https:\/\/inclusivenews.com.br\/?p=12609"},"wordCount":780,"commentCount":0,"publisher":{"@id":"https:\/\/inclusivenews.com.br\/#organization"},"image":{"@id":"https:\/\/inclusivenews.com.br\/?p=12609#primaryimage"},"thumbnailUrl":"http:\/\/inclusivenews.com.br\/wp-content\/uploads\/2009\/11\/header_bg.gif","articleSection":["Conven\u00e7\u00e3o","Cursos e eventos","INCLUS\u00c3O SOCIAL","NOT\u00cdCIAS"],"inLanguage":"pt-PT","potentialAction":[{"@type":"CommentAction","name":"Comment","target":["https:\/\/inclusivenews.com.br\/?p=12609#respond"]}]},{"@type":"WebPage","@id":"https:\/\/inclusivenews.com.br\/?p=12609","url":"https:\/\/inclusivenews.com.br\/?p=12609","name":"Abertas inscri\u00e7\u00f5es para Workshop que discutir\u00e1 preconceitos e paradigmas -","isPartOf":{"@id":"https:\/\/inclusivenews.com.br\/#website"},"primaryImageOfPage":{"@id":"https:\/\/inclusivenews.com.br\/?p=12609#primaryimage"},"image":{"@id":"https:\/\/inclusivenews.com.br\/?p=12609#primaryimage"},"thumbnailUrl":"http:\/\/inclusivenews.com.br\/wp-content\/uploads\/2009\/11\/header_bg.gif","datePublished":"2009-11-23T09:31:14+00:00","breadcrumb":{"@id":"https:\/\/inclusivenews.com.br\/?p=12609#breadcrumb"},"inLanguage":"pt-PT","potentialAction":[{"@type":"ReadAction","target":["https:\/\/inclusivenews.com.br\/?p=12609"]}]},{"@type":"ImageObject","inLanguage":"pt-PT","@id":"https:\/\/inclusivenews.com.br\/?p=12609#primaryimage","url":"https:\/\/inclusivenews.com.br\/wp-content\/uploads\/2009\/11\/header_bg.gif","contentUrl":"https:\/\/inclusivenews.com.br\/wp-content\/uploads\/2009\/11\/header_bg.gif","width":103,"height":68},{"@type":"BreadcrumbList","@id":"https:\/\/inclusivenews.com.br\/?p=12609#breadcrumb","itemListElement":[{"@type":"ListItem","position":1,"name":"In\u00edcio","item":"https:\/\/inclusivenews.com.br\/"},{"@type":"ListItem","position":2,"name":"Abertas inscri\u00e7\u00f5es para Workshop que discutir\u00e1 preconceitos e paradigmas"}]},{"@type":"WebSite","@id":"https:\/\/inclusivenews.com.br\/#website","url":"https:\/\/inclusivenews.com.br\/","name":"Inclusive News","description":"Inclusive News","publisher":{"@id":"https:\/\/inclusivenews.com.br\/#organization"},"potentialAction":[{"@type":"SearchAction","target":{"@type":"EntryPoint","urlTemplate":"https:\/\/inclusivenews.com.br\/?s={search_term_string}"},"query-input":{"@type":"PropertyValueSpecification","valueRequired":true,"valueName":"search_term_string"}}],"inLanguage":"pt-PT"},{"@type":"Organization","@id":"https:\/\/inclusivenews.com.br\/#organization","name":"Inclusive - inclus\u00e3o e cidadania","url":"https:\/\/inclusivenews.com.br\/","logo":{"@type":"ImageObject","inLanguage":"pt-PT","@id":"https:\/\/inclusivenews.com.br\/#\/schema\/logo\/image\/","url":"https:\/\/inclusivenews.com.br\/wp-content\/uploads\/2024\/03\/@grandesite.png","contentUrl":"https:\/\/inclusivenews.com.br\/wp-content\/uploads\/2024\/03\/@grandesite.png","width":1080,"height":1080,"caption":"Inclusive - inclus\u00e3o e cidadania"},"image":{"@id":"https:\/\/inclusivenews.com.br\/#\/schema\/logo\/image\/"},"sameAs":["https:\/\/www.facebook.com\/agenciainclusive\/","https:\/\/www.instagram.com\/newsinclusive\/"]},{"@type":"Person","@id":"https:\/\/inclusivenews.com.br\/#\/schema\/person\/ae4ec7087559b8692fb33b6fffd2273b","name":"inclusivenews2024","image":{"@type":"ImageObject","inLanguage":"pt-PT","@id":"https:\/\/secure.gravatar.com\/avatar\/c5a7ef84c66fa914f55bc4f7ce26cfa275a3b9a1c5568b907bd184fb4dde7b40?s=96&d=mm&r=g","url":"https:\/\/secure.gravatar.com\/avatar\/c5a7ef84c66fa914f55bc4f7ce26cfa275a3b9a1c5568b907bd184fb4dde7b40?s=96&d=mm&r=g","contentUrl":"https:\/\/secure.gravatar.com\/avatar\/c5a7ef84c66fa914f55bc4f7ce26cfa275a3b9a1c5568b907bd184fb4dde7b40?s=96&d=mm&r=g","caption":"inclusivenews2024"},"sameAs":["https:\/\/inclusivenews.com.br"],"url":"https:\/\/inclusivenews.com.br\/?author=1"}]}},"_links":{"self":[{"href":"https:\/\/inclusivenews.com.br\/index.php?rest_route=\/wp\/v2\/posts\/12609","targetHints":{"allow":["GET"]}}],"collection":[{"href":"https:\/\/inclusivenews.com.br\/index.php?rest_route=\/wp\/v2\/posts"}],"about":[{"href":"https:\/\/inclusivenews.com.br\/index.php?rest_route=\/wp\/v2\/types\/post"}],"author":[{"embeddable":true,"href":"https:\/\/inclusivenews.com.br\/index.php?rest_route=\/wp\/v2\/users\/1"}],"replies":[{"embeddable":true,"href":"https:\/\/inclusivenews.com.br\/index.php?rest_route=%2Fwp%2Fv2%2Fcomments&post=12609"}],"version-history":[{"count":0,"href":"https:\/\/inclusivenews.com.br\/index.php?rest_route=\/wp\/v2\/posts\/12609\/revisions"}],"wp:attachment":[{"href":"https:\/\/inclusivenews.com.br\/index.php?rest_route=%2Fwp%2Fv2%2Fmedia&parent=12609"}],"wp:term":[{"taxonomy":"category","embeddable":true,"href":"https:\/\/inclusivenews.com.br\/index.php?rest_route=%2Fwp%2Fv2%2Fcategories&post=12609"},{"taxonomy":"post_tag","embeddable":true,"href":"https:\/\/inclusivenews.com.br\/index.php?rest_route=%2Fwp%2Fv2%2Ftags&post=12609"}],"curies":[{"name":"wp","href":"https:\/\/api.w.org\/{rel}","templated":true}]}}