{"id":12610,"date":"2009-11-23T06:31:56","date_gmt":"2009-11-23T09:31:56","guid":{"rendered":"http:\/\/www.inclusive.org.br\/?p=12610"},"modified":"2009-11-23T06:31:56","modified_gmt":"2009-11-23T09:31:56","slug":"feira-cultural-promove-a-inclusao","status":"publish","type":"post","link":"https:\/\/inclusivenews.com.br\/?p=12610","title":{"rendered":"Feira cultural promove a inclus\u00e3o"},"content":{"rendered":"<p style=\"text-align: justify;\"><a href=\"http:\/\/www.inclusivenews.com.br\/wp-content\/uploads\/2009\/11\/PRACA-BENEDITO-CALIXTO.jpg\"><img loading=\"lazy\" decoding=\"async\" class=\"alignleft size-full wp-image-12612\" title=\"PRACA BENEDITO CALIXTO\" src=\"http:\/\/inclusivenews.com.br\/wp-content\/uploads\/2009\/11\/PRACA-BENEDITO-CALIXTO.jpg\" alt=\"PRACA BENEDITO CALIXTO\" width=\"215\" height=\"215\" srcset=\"https:\/\/inclusivenews.com.br\/wp-content\/uploads\/2009\/11\/PRACA-BENEDITO-CALIXTO.jpg 300w, https:\/\/inclusivenews.com.br\/wp-content\/uploads\/2009\/11\/PRACA-BENEDITO-CALIXTO-150x150.jpg 150w\" sizes=\"auto, (max-width: 215px) 100vw, 215px\" \/><\/a>A Secretaria Municipal da Pessoa com Defici\u00eancia e Mobilidade Reduzida (SMPED) e a Subprefeitura de Pinheiros promovem, dia 29 de novembro (domingo), das 10h \u00e0s 17h, na Pra\u00e7a Benedito Calixto, a 1\u00aa Feira Cultural Inclusiva.<\/p>\n<p style=\"text-align: justify;\">O evento celebra a Semana Internacional da Pessoa com Defici\u00eancia (3\/12) e busca promover a inclus\u00e3o, a auto-estima, a cidadania e o combate ao preconceito.<\/p>\n<p style=\"text-align: justify;\">A festa ter\u00e1 atra\u00e7\u00f5es art\u00edstico-culturais, \u00e1rea de alimenta\u00e7\u00e3o e uma exposi\u00e7\u00e3o\/feira de institui\u00e7\u00f5es do segmento, englobando todos os tipos de defici\u00eancia.<\/p>\n<p style=\"text-align: justify;\">O p\u00fablico que comparecer ao evento poder\u00e1 tamb\u00e9m conhecer ou tirar d\u00favidas sobre os servi\u00e7os p\u00fablicos voltados \u00e0 pessoa com defici\u00eancia na cidade.<\/p>\n<p style=\"text-align: justify;\">Haver\u00e1 transporte adaptado gratuito at\u00e9 o local do evento pelo servi\u00e7o Atende, no per\u00edodo das 9h \u00e0s 17h, com sa\u00edda e chegada na esta\u00e7\u00e3o Cl\u00ednicas do Metr\u00f4.<\/p>\n<p style=\"text-align: justify;\">Arte e inclus\u00e3o<\/p>\n<p style=\"text-align: justify;\">O show trar\u00e1 espet\u00e1culos inclusivos, como conta\u00e7\u00e3o de hist\u00f3rias e apresenta\u00e7\u00f5es de m\u00fasica e teatro com tradu\u00e7\u00e3o para a L\u00edngua Brasileira de Sinais (Libras) e com audiodescri\u00e7\u00e3o, bal\u00e9 adaptado e oficinas de arte e recrea\u00e7\u00e3o.<\/p>\n<p style=\"text-align: justify;\">Entre as atra\u00e7\u00f5es confirmadas est\u00e1 o clown Marcos Casuo, conhecido internacionalmente por ter integrado a trupe do Cirque Du Soleil.<\/p>\n<p style=\"text-align: justify;\">O evento conta com apoio do Centro Cultural S\u00e3o Paulo e da Secretaria Municipal de Transportes. <!-- fim texto --><\/p>\n<p style=\"text-align: justify;\">O show trar\u00e1 espet\u00e1culos inclusivos, como conta\u00e7\u00e3o de hist\u00f3rias e apresenta\u00e7\u00f5es de m\u00fasica e teatro com tradu\u00e7\u00e3o para a L\u00edngua Brasileira de Sinais (Libras) e com audiodescri\u00e7\u00e3o, bal\u00e9 adaptado e oficinas de arte e recrea\u00e7\u00e3o.<\/p>\n<p style=\"text-align: justify;\">Entre as atra\u00e7\u00f5es confirmadas est\u00e1 o clown Marcos Casuo, conhecido internacionalmente por ter integrado a trupe do Cirque Du Soleil.<\/p>\n<p style=\"text-align: justify;\">O evento conta com apoio do Centro Cultural S\u00e3o Paulo e da Secretaria Municipal de Transportes. <!-- fim texto --><\/p>\n<p style=\"text-align: justify;\">______________________________<\/p>\n<p style=\"text-align: justify;\"><strong>Fonte de informa\u00e7\u00e3o:<\/strong> <a onclick=\"javascript:pageTracker._trackPageview('\/outbound\/article\/www.afropress.com');\" href=\"http:\/\/portal.prefeitura.sp.gov.br\/noticias\/sec\/deficiencia_mobilidade_reduzida\/2009\/11\/0002\" target=\"_blank\" rel=\"noopener\">Secretaria Municipal da Pessoa com Defici\u00eancia e Mobilidade Reduzida &#8211;\u00a0\u00a0 .SP <img loading=\"lazy\" decoding=\"async\" title=\"Link abrir\u00e1 em uma nova janela ou aba.\" src=\"..\/images\/new_window.gif\" alt=\"Link abrir\u00e1 em uma nova janela ou aba.\" width=\"16\" height=\"14\" \/><\/a><\/p>\n","protected":false},"excerpt":{"rendered":"<p>O evento celebra a Semana Internacional da Pessoa com Defici\u00eancia (3\/12) e busca promover a inclus\u00e3o, a auto-estima, a cidadania e o combate ao preconceito.<\/p>\n","protected":false},"author":1,"featured_media":0,"comment_status":"open","ping_status":"open","sticky":false,"template":"","format":"standard","meta":{"site-container-style":"default","site-container-layout":"default","site-sidebar-layout":"default","disable-article-header":"default","disable-site-header":"default","disable-site-footer":"default","disable-content-area-spacing":"default","footnotes":""},"categories":[12,38,48,4],"tags":[],"class_list":["post-12610","post","type-post","status-publish","format-standard","hentry","category-cursos-e-eventos","category-deficiencia","category-inclusao","category-noticias"],"yoast_head":"<!-- This site is optimized with the Yoast SEO plugin v27.4 - https:\/\/yoast.com\/product\/yoast-seo-wordpress\/ -->\n<title>Feira cultural promove a inclus\u00e3o -<\/title>\n<meta name=\"robots\" content=\"index, follow, max-snippet:-1, max-image-preview:large, max-video-preview:-1\" \/>\n<link rel=\"canonical\" href=\"https:\/\/inclusivenews.com.br\/?p=12610\" \/>\n<meta property=\"og:locale\" content=\"pt_PT\" \/>\n<meta property=\"og:type\" content=\"article\" \/>\n<meta property=\"og:title\" content=\"Feira cultural promove a inclus\u00e3o -\" \/>\n<meta property=\"og:description\" content=\"O evento celebra a Semana Internacional da Pessoa com Defici\u00eancia (3\/12) e busca promover a inclus\u00e3o, a auto-estima, a cidadania e o combate ao preconceito.\" \/>\n<meta property=\"og:url\" content=\"https:\/\/inclusivenews.com.br\/?p=12610\" \/>\n<meta property=\"article:publisher\" content=\"https:\/\/www.facebook.com\/agenciainclusive\/\" \/>\n<meta property=\"article:published_time\" content=\"2009-11-23T09:31:56+00:00\" \/>\n<meta property=\"og:image\" content=\"http:\/\/inclusivenews.com.br\/wp-content\/uploads\/2009\/11\/PRACA-BENEDITO-CALIXTO.jpg\" \/>\n<meta name=\"author\" content=\"inclusivenews2024\" \/>\n<meta name=\"twitter:card\" content=\"summary_large_image\" \/>\n<meta name=\"twitter:label1\" content=\"Escrito por\" \/>\n\t<meta name=\"twitter:data1\" content=\"inclusivenews2024\" \/>\n\t<meta name=\"twitter:label2\" content=\"Tempo estimado de leitura\" \/>\n\t<meta name=\"twitter:data2\" content=\"2 minutos\" \/>\n<script type=\"application\/ld+json\" class=\"yoast-schema-graph\">{\"@context\":\"https:\\\/\\\/schema.org\",\"@graph\":[{\"@type\":\"Article\",\"@id\":\"https:\\\/\\\/inclusivenews.com.br\\\/?p=12610#article\",\"isPartOf\":{\"@id\":\"https:\\\/\\\/inclusivenews.com.br\\\/?p=12610\"},\"author\":{\"name\":\"inclusivenews2024\",\"@id\":\"https:\\\/\\\/inclusivenews.com.br\\\/#\\\/schema\\\/person\\\/ae4ec7087559b8692fb33b6fffd2273b\"},\"headline\":\"Feira cultural promove a inclus\u00e3o\",\"datePublished\":\"2009-11-23T09:31:56+00:00\",\"mainEntityOfPage\":{\"@id\":\"https:\\\/\\\/inclusivenews.com.br\\\/?p=12610\"},\"wordCount\":339,\"commentCount\":0,\"publisher\":{\"@id\":\"https:\\\/\\\/inclusivenews.com.br\\\/#organization\"},\"image\":{\"@id\":\"https:\\\/\\\/inclusivenews.com.br\\\/?p=12610#primaryimage\"},\"thumbnailUrl\":\"http:\\\/\\\/inclusivenews.com.br\\\/wp-content\\\/uploads\\\/2009\\\/11\\\/PRACA-BENEDITO-CALIXTO.jpg\",\"articleSection\":[\"Cursos e eventos\",\"Defici\u00eancia\",\"INCLUS\u00c3O SOCIAL\",\"NOT\u00cdCIAS\"],\"inLanguage\":\"pt-PT\",\"potentialAction\":[{\"@type\":\"CommentAction\",\"name\":\"Comment\",\"target\":[\"https:\\\/\\\/inclusivenews.com.br\\\/?p=12610#respond\"]}]},{\"@type\":\"WebPage\",\"@id\":\"https:\\\/\\\/inclusivenews.com.br\\\/?p=12610\",\"url\":\"https:\\\/\\\/inclusivenews.com.br\\\/?p=12610\",\"name\":\"Feira cultural promove a inclus\u00e3o -\",\"isPartOf\":{\"@id\":\"https:\\\/\\\/inclusivenews.com.br\\\/#website\"},\"primaryImageOfPage\":{\"@id\":\"https:\\\/\\\/inclusivenews.com.br\\\/?p=12610#primaryimage\"},\"image\":{\"@id\":\"https:\\\/\\\/inclusivenews.com.br\\\/?p=12610#primaryimage\"},\"thumbnailUrl\":\"http:\\\/\\\/inclusivenews.com.br\\\/wp-content\\\/uploads\\\/2009\\\/11\\\/PRACA-BENEDITO-CALIXTO.jpg\",\"datePublished\":\"2009-11-23T09:31:56+00:00\",\"breadcrumb\":{\"@id\":\"https:\\\/\\\/inclusivenews.com.br\\\/?p=12610#breadcrumb\"},\"inLanguage\":\"pt-PT\",\"potentialAction\":[{\"@type\":\"ReadAction\",\"target\":[\"https:\\\/\\\/inclusivenews.com.br\\\/?p=12610\"]}]},{\"@type\":\"ImageObject\",\"inLanguage\":\"pt-PT\",\"@id\":\"https:\\\/\\\/inclusivenews.com.br\\\/?p=12610#primaryimage\",\"url\":\"https:\\\/\\\/inclusivenews.com.br\\\/wp-content\\\/uploads\\\/2009\\\/11\\\/PRACA-BENEDITO-CALIXTO.jpg\",\"contentUrl\":\"https:\\\/\\\/inclusivenews.com.br\\\/wp-content\\\/uploads\\\/2009\\\/11\\\/PRACA-BENEDITO-CALIXTO.jpg\",\"width\":300,\"height\":300},{\"@type\":\"BreadcrumbList\",\"@id\":\"https:\\\/\\\/inclusivenews.com.br\\\/?p=12610#breadcrumb\",\"itemListElement\":[{\"@type\":\"ListItem\",\"position\":1,\"name\":\"In\u00edcio\",\"item\":\"https:\\\/\\\/inclusivenews.com.br\\\/\"},{\"@type\":\"ListItem\",\"position\":2,\"name\":\"Feira cultural promove a inclus\u00e3o\"}]},{\"@type\":\"WebSite\",\"@id\":\"https:\\\/\\\/inclusivenews.com.br\\\/#website\",\"url\":\"https:\\\/\\\/inclusivenews.com.br\\\/\",\"name\":\"Inclusive News\",\"description\":\"Inclusive News\",\"publisher\":{\"@id\":\"https:\\\/\\\/inclusivenews.com.br\\\/#organization\"},\"potentialAction\":[{\"@type\":\"SearchAction\",\"target\":{\"@type\":\"EntryPoint\",\"urlTemplate\":\"https:\\\/\\\/inclusivenews.com.br\\\/?s={search_term_string}\"},\"query-input\":{\"@type\":\"PropertyValueSpecification\",\"valueRequired\":true,\"valueName\":\"search_term_string\"}}],\"inLanguage\":\"pt-PT\"},{\"@type\":\"Organization\",\"@id\":\"https:\\\/\\\/inclusivenews.com.br\\\/#organization\",\"name\":\"Inclusive - inclus\u00e3o e cidadania\",\"url\":\"https:\\\/\\\/inclusivenews.com.br\\\/\",\"logo\":{\"@type\":\"ImageObject\",\"inLanguage\":\"pt-PT\",\"@id\":\"https:\\\/\\\/inclusivenews.com.br\\\/#\\\/schema\\\/logo\\\/image\\\/\",\"url\":\"https:\\\/\\\/inclusivenews.com.br\\\/wp-content\\\/uploads\\\/2024\\\/03\\\/@grandesite.png\",\"contentUrl\":\"https:\\\/\\\/inclusivenews.com.br\\\/wp-content\\\/uploads\\\/2024\\\/03\\\/@grandesite.png\",\"width\":1080,\"height\":1080,\"caption\":\"Inclusive - inclus\u00e3o e cidadania\"},\"image\":{\"@id\":\"https:\\\/\\\/inclusivenews.com.br\\\/#\\\/schema\\\/logo\\\/image\\\/\"},\"sameAs\":[\"https:\\\/\\\/www.facebook.com\\\/agenciainclusive\\\/\",\"https:\\\/\\\/www.instagram.com\\\/newsinclusive\\\/\"]},{\"@type\":\"Person\",\"@id\":\"https:\\\/\\\/inclusivenews.com.br\\\/#\\\/schema\\\/person\\\/ae4ec7087559b8692fb33b6fffd2273b\",\"name\":\"inclusivenews2024\",\"image\":{\"@type\":\"ImageObject\",\"inLanguage\":\"pt-PT\",\"@id\":\"https:\\\/\\\/secure.gravatar.com\\\/avatar\\\/c5a7ef84c66fa914f55bc4f7ce26cfa275a3b9a1c5568b907bd184fb4dde7b40?s=96&d=mm&r=g\",\"url\":\"https:\\\/\\\/secure.gravatar.com\\\/avatar\\\/c5a7ef84c66fa914f55bc4f7ce26cfa275a3b9a1c5568b907bd184fb4dde7b40?s=96&d=mm&r=g\",\"contentUrl\":\"https:\\\/\\\/secure.gravatar.com\\\/avatar\\\/c5a7ef84c66fa914f55bc4f7ce26cfa275a3b9a1c5568b907bd184fb4dde7b40?s=96&d=mm&r=g\",\"caption\":\"inclusivenews2024\"},\"sameAs\":[\"https:\\\/\\\/inclusivenews.com.br\"],\"url\":\"https:\\\/\\\/inclusivenews.com.br\\\/?author=1\"}]}<\/script>\n<!-- \/ Yoast SEO plugin. -->","yoast_head_json":{"title":"Feira cultural promove a inclus\u00e3o -","robots":{"index":"index","follow":"follow","max-snippet":"max-snippet:-1","max-image-preview":"max-image-preview:large","max-video-preview":"max-video-preview:-1"},"canonical":"https:\/\/inclusivenews.com.br\/?p=12610","og_locale":"pt_PT","og_type":"article","og_title":"Feira cultural promove a inclus\u00e3o -","og_description":"O evento celebra a Semana Internacional da Pessoa com Defici\u00eancia (3\/12) e busca promover a inclus\u00e3o, a auto-estima, a cidadania e o combate ao preconceito.","og_url":"https:\/\/inclusivenews.com.br\/?p=12610","article_publisher":"https:\/\/www.facebook.com\/agenciainclusive\/","article_published_time":"2009-11-23T09:31:56+00:00","og_image":[{"url":"http:\/\/inclusivenews.com.br\/wp-content\/uploads\/2009\/11\/PRACA-BENEDITO-CALIXTO.jpg","type":"","width":"","height":""}],"author":"inclusivenews2024","twitter_card":"summary_large_image","twitter_misc":{"Escrito por":"inclusivenews2024","Tempo estimado de leitura":"2 minutos"},"schema":{"@context":"https:\/\/schema.org","@graph":[{"@type":"Article","@id":"https:\/\/inclusivenews.com.br\/?p=12610#article","isPartOf":{"@id":"https:\/\/inclusivenews.com.br\/?p=12610"},"author":{"name":"inclusivenews2024","@id":"https:\/\/inclusivenews.com.br\/#\/schema\/person\/ae4ec7087559b8692fb33b6fffd2273b"},"headline":"Feira cultural promove a inclus\u00e3o","datePublished":"2009-11-23T09:31:56+00:00","mainEntityOfPage":{"@id":"https:\/\/inclusivenews.com.br\/?p=12610"},"wordCount":339,"commentCount":0,"publisher":{"@id":"https:\/\/inclusivenews.com.br\/#organization"},"image":{"@id":"https:\/\/inclusivenews.com.br\/?p=12610#primaryimage"},"thumbnailUrl":"http:\/\/inclusivenews.com.br\/wp-content\/uploads\/2009\/11\/PRACA-BENEDITO-CALIXTO.jpg","articleSection":["Cursos e eventos","Defici\u00eancia","INCLUS\u00c3O SOCIAL","NOT\u00cdCIAS"],"inLanguage":"pt-PT","potentialAction":[{"@type":"CommentAction","name":"Comment","target":["https:\/\/inclusivenews.com.br\/?p=12610#respond"]}]},{"@type":"WebPage","@id":"https:\/\/inclusivenews.com.br\/?p=12610","url":"https:\/\/inclusivenews.com.br\/?p=12610","name":"Feira cultural promove a inclus\u00e3o -","isPartOf":{"@id":"https:\/\/inclusivenews.com.br\/#website"},"primaryImageOfPage":{"@id":"https:\/\/inclusivenews.com.br\/?p=12610#primaryimage"},"image":{"@id":"https:\/\/inclusivenews.com.br\/?p=12610#primaryimage"},"thumbnailUrl":"http:\/\/inclusivenews.com.br\/wp-content\/uploads\/2009\/11\/PRACA-BENEDITO-CALIXTO.jpg","datePublished":"2009-11-23T09:31:56+00:00","breadcrumb":{"@id":"https:\/\/inclusivenews.com.br\/?p=12610#breadcrumb"},"inLanguage":"pt-PT","potentialAction":[{"@type":"ReadAction","target":["https:\/\/inclusivenews.com.br\/?p=12610"]}]},{"@type":"ImageObject","inLanguage":"pt-PT","@id":"https:\/\/inclusivenews.com.br\/?p=12610#primaryimage","url":"https:\/\/inclusivenews.com.br\/wp-content\/uploads\/2009\/11\/PRACA-BENEDITO-CALIXTO.jpg","contentUrl":"https:\/\/inclusivenews.com.br\/wp-content\/uploads\/2009\/11\/PRACA-BENEDITO-CALIXTO.jpg","width":300,"height":300},{"@type":"BreadcrumbList","@id":"https:\/\/inclusivenews.com.br\/?p=12610#breadcrumb","itemListElement":[{"@type":"ListItem","position":1,"name":"In\u00edcio","item":"https:\/\/inclusivenews.com.br\/"},{"@type":"ListItem","position":2,"name":"Feira cultural promove a inclus\u00e3o"}]},{"@type":"WebSite","@id":"https:\/\/inclusivenews.com.br\/#website","url":"https:\/\/inclusivenews.com.br\/","name":"Inclusive News","description":"Inclusive News","publisher":{"@id":"https:\/\/inclusivenews.com.br\/#organization"},"potentialAction":[{"@type":"SearchAction","target":{"@type":"EntryPoint","urlTemplate":"https:\/\/inclusivenews.com.br\/?s={search_term_string}"},"query-input":{"@type":"PropertyValueSpecification","valueRequired":true,"valueName":"search_term_string"}}],"inLanguage":"pt-PT"},{"@type":"Organization","@id":"https:\/\/inclusivenews.com.br\/#organization","name":"Inclusive - inclus\u00e3o e cidadania","url":"https:\/\/inclusivenews.com.br\/","logo":{"@type":"ImageObject","inLanguage":"pt-PT","@id":"https:\/\/inclusivenews.com.br\/#\/schema\/logo\/image\/","url":"https:\/\/inclusivenews.com.br\/wp-content\/uploads\/2024\/03\/@grandesite.png","contentUrl":"https:\/\/inclusivenews.com.br\/wp-content\/uploads\/2024\/03\/@grandesite.png","width":1080,"height":1080,"caption":"Inclusive - inclus\u00e3o e cidadania"},"image":{"@id":"https:\/\/inclusivenews.com.br\/#\/schema\/logo\/image\/"},"sameAs":["https:\/\/www.facebook.com\/agenciainclusive\/","https:\/\/www.instagram.com\/newsinclusive\/"]},{"@type":"Person","@id":"https:\/\/inclusivenews.com.br\/#\/schema\/person\/ae4ec7087559b8692fb33b6fffd2273b","name":"inclusivenews2024","image":{"@type":"ImageObject","inLanguage":"pt-PT","@id":"https:\/\/secure.gravatar.com\/avatar\/c5a7ef84c66fa914f55bc4f7ce26cfa275a3b9a1c5568b907bd184fb4dde7b40?s=96&d=mm&r=g","url":"https:\/\/secure.gravatar.com\/avatar\/c5a7ef84c66fa914f55bc4f7ce26cfa275a3b9a1c5568b907bd184fb4dde7b40?s=96&d=mm&r=g","contentUrl":"https:\/\/secure.gravatar.com\/avatar\/c5a7ef84c66fa914f55bc4f7ce26cfa275a3b9a1c5568b907bd184fb4dde7b40?s=96&d=mm&r=g","caption":"inclusivenews2024"},"sameAs":["https:\/\/inclusivenews.com.br"],"url":"https:\/\/inclusivenews.com.br\/?author=1"}]}},"_links":{"self":[{"href":"https:\/\/inclusivenews.com.br\/index.php?rest_route=\/wp\/v2\/posts\/12610","targetHints":{"allow":["GET"]}}],"collection":[{"href":"https:\/\/inclusivenews.com.br\/index.php?rest_route=\/wp\/v2\/posts"}],"about":[{"href":"https:\/\/inclusivenews.com.br\/index.php?rest_route=\/wp\/v2\/types\/post"}],"author":[{"embeddable":true,"href":"https:\/\/inclusivenews.com.br\/index.php?rest_route=\/wp\/v2\/users\/1"}],"replies":[{"embeddable":true,"href":"https:\/\/inclusivenews.com.br\/index.php?rest_route=%2Fwp%2Fv2%2Fcomments&post=12610"}],"version-history":[{"count":0,"href":"https:\/\/inclusivenews.com.br\/index.php?rest_route=\/wp\/v2\/posts\/12610\/revisions"}],"wp:attachment":[{"href":"https:\/\/inclusivenews.com.br\/index.php?rest_route=%2Fwp%2Fv2%2Fmedia&parent=12610"}],"wp:term":[{"taxonomy":"category","embeddable":true,"href":"https:\/\/inclusivenews.com.br\/index.php?rest_route=%2Fwp%2Fv2%2Fcategories&post=12610"},{"taxonomy":"post_tag","embeddable":true,"href":"https:\/\/inclusivenews.com.br\/index.php?rest_route=%2Fwp%2Fv2%2Ftags&post=12610"}],"curies":[{"name":"wp","href":"https:\/\/api.w.org\/{rel}","templated":true}]}}