{"id":12625,"date":"2009-11-23T08:46:00","date_gmt":"2009-11-23T11:46:00","guid":{"rendered":"http:\/\/www.inclusive.org.br\/?p=12625"},"modified":"2009-11-23T08:46:00","modified_gmt":"2009-11-23T11:46:00","slug":"criancas-negras-estao-entre-as-principais-vitimas-de-bullying","status":"publish","type":"post","link":"https:\/\/inclusivenews.com.br\/?p=12625","title":{"rendered":"Crian\u00e7as negras est\u00e3o entre as principais v\u00edtimas de bullying"},"content":{"rendered":"<figure id=\"attachment_12626\" aria-describedby=\"caption-attachment-12626\" style=\"width: 200px\" class=\"wp-caption alignleft\"><a href=\"http:\/\/www.inclusivenews.com.br\/wp-content\/uploads\/2009\/11\/logo_final_observatorio.jpg\"><img loading=\"lazy\" decoding=\"async\" class=\"size-full wp-image-12626\" title=\"Descri\u00e7\u00e3o da imagem: Logotipo do Observat\u00f3rio da Educa\u00e7\u00e3o, onde aparece caixa de di\u00e1logo com ponto de afirma\u00e7\u00e3o ao centro.\" src=\"http:\/\/inclusivenews.com.br\/wp-content\/uploads\/2009\/11\/logo_final_observatorio.jpg\" alt=\"Descri\u00e7\u00e3o da imagem: Logotipo do Observat\u00f3rio da Educa\u00e7\u00e3o, onde aparece caixa de di\u00e1logo com ponto de afirma\u00e7\u00e3o ao centro.\" width=\"200\" height=\"200\" srcset=\"https:\/\/inclusivenews.com.br\/wp-content\/uploads\/2009\/11\/logo_final_observatorio.jpg 200w, https:\/\/inclusivenews.com.br\/wp-content\/uploads\/2009\/11\/logo_final_observatorio-150x150.jpg 150w\" sizes=\"auto, (max-width: 200px) 100vw, 200px\" \/><\/a><figcaption id=\"caption-attachment-12626\" class=\"wp-caption-text\"> <\/figcaption><\/figure>\n<p>Este e outros artigos est\u00e3o na edi\u00e7\u00e3o 43 do <strong>Boletim do Observat\u00f3rio da Educa\u00e7\u00e3o<\/strong>.<\/p>\n<ul>\n<li><a href=\"http:\/\/www.observatoriodaeducacao.org.br\/index.php?option=com_content&amp;view=article&amp;id=819:relacoes-raciais-e-educacao-sera-o-proximo-tema-da-missao-da-relatoria-nacional-para-o-direito-humano-a-educacao&amp;catid=73:controle-social&amp;Itemid=107\" target=\"_blank\" rel=\"noopener\">Rela\u00e7\u00f5es raciais e educa\u00e7\u00e3o ser\u00e1 o pr\u00f3ximo tema da miss\u00e3o da Relatoria Nacional para o Direito Humano \u00e0 Educa\u00e7\u00e3o<\/a> <a href=\"http:\/\/www.observatoriodaeducacao.org.br\/index.php?option=com_content&amp;view=article&amp;id=802:escola-tende-a-criminalizar-atitudes-violentas-afirma-pesquisadora&amp;catid=48:sugestoes-de-pautas&amp;Itemid=98\" target=\"_blank\" rel=\"noopener\"><img loading=\"lazy\" decoding=\"async\" title=\"Link abrir\u00e1 em uma nova janela ou aba.\" src=\"http:\/\/www.inclusive.org.br\/images\/new_window.gif\" alt=\"Link abrir\u00e1 em uma nova janela ou aba.\" width=\"16\" height=\"14\" \/><\/a><\/li>\n<li><a href=\"http:\/\/www.observatoriodaeducacao.org.br\/index.php?option=com_content&amp;view=article&amp;id=816:mais-uma-vez-vitoria-da-provauma-abordagem-pedagogica-sobre-o-novo-enem&amp;catid=99:fala-educador&amp;Itemid=118\" target=\"_blank\" rel=\"noopener\">Mais uma vez, vit\u00f3ria da prova&#8230;Uma abordagem pedag\u00f3gica sobre o NOVO ENEM<\/a> <img loading=\"lazy\" decoding=\"async\" title=\"Link abrir\u00e1 em uma nova janela ou aba.\" src=\"http:\/\/www.inclusive.org.br\/images\/new_window.gif\" alt=\"Link abrir\u00e1 em uma nova janela ou aba.\" width=\"16\" height=\"14\" \/><\/li>\n<li><a href=\"http:\/\/www.observatoriodaeducacao.org.br\/index.php?option=com_content&amp;view=article&amp;id=818:divulgado-relatorio-final-sobre-educacao-nas-prisoes-brasileiras&amp;catid=64:eja-e-educacao-nas-prisoes&amp;Itemid=102\" target=\"_blank\" rel=\"noopener\">Divulgado relat\u00f3rio final sobre educa\u00e7\u00e3o nas pris\u00f5es brasileiras<\/a><img loading=\"lazy\" decoding=\"async\" title=\"Link abrir\u00e1 em uma nova janela ou aba.\" src=\"http:\/\/www.inclusive.org.br\/images\/new_window.gif\" alt=\"Link abrir\u00e1 em uma nova janela ou aba.\" width=\"16\" height=\"14\" \/><\/li>\n<\/ul>\n<p style=\"text-align: justify;\">O preconceito e a discrimina\u00e7\u00e3o muitas vezes resultam em situa\u00e7\u00f5es em que pessoas s\u00e3o humilhadas, agredidas e acusadas injustamente simplesmente pelo fato de fazerem parte de algum grupo social espec\u00edfico. A afirma\u00e7\u00e3o \u00e9 de uma pesquisa da Funda\u00e7\u00e3o Instituto de Pesquisa Econ\u00f4micas (Fipe) que publicou em junho, em parceria com o Inep, um estudo sobre preconceito e discrimina\u00e7\u00e3o no ambiente escolar (acesse aqui). De acordo com a pesquisa, as pr\u00e1ticas discriminat\u00f3rias t\u00eam como principais v\u00edtimas os alunos, especialmente negros, pobres e homossexuais, com m\u00e9dias de 19%, 18% e 17% respectivamente para o \u00edndice percentual de conhecimento de situa\u00e7\u00f5es de bullying nas escolas. Sobre o tema, o Observat\u00f3rio da Educa\u00e7\u00e3o entrevistou a professora Marilene Leal Par\u00e9, da Faculdade de Educa\u00e7\u00e3o da Universidade Federal do Rio Grande do Sul (UFRGS). Ela pesquisa, dentre outras tem\u00e1ticas, o racismo em sala de aula.<\/p>\n<p>Observat\u00f3rio da Educa\u00e7\u00e3o &#8211; Pesquisa da Fipe\/Inep apontou a crian\u00e7a negra como principal v\u00edtima do bullying. O que aponta sua pesquisa? Como a viol\u00eancia contra a crian\u00e7a negra aparece no cotidiano escolar?<\/p>\n<p>Marilene Leal Par\u00e9 \u2013 Minha pesquisa de mestrado foi feita em tr\u00eas escolas p\u00fablicas, uma federal e duas estaduais. Fiz entrevistas com alunos negros dessas escolas, com metodologia fenomenol\u00f3gica. Detectei algumas ess\u00eancias dessas entrevistas. A primeira, e que aparecia em 100% das entrevistas, era a quest\u00e3o da discrimina\u00e7\u00e3o racial na escola. Ela acontece das mais diferentes formas, como a verbal, com apelidos como \u201cmacaco\u201d, que vem de muito tempo, mas continua sendo utilizado, tanto por colegas quanto por professores. A pergunta era como a pessoa se sente como aluno negro na escola, ou seja, o sentimento ligado \u00e0 rela\u00e7\u00e3o humana na escola, com colegas e professores.<\/p>\n<p>OE \u2013 A aplica\u00e7\u00e3o da Lei 10.639 teve algum impacto? Est\u00e1 acompanhando a aplica\u00e7\u00e3o da lei no RS?<\/p>\n<p>Marilene \u2013 No semestre passado, a Faculdade de Educa\u00e7\u00e3o da UFRGS me pediu para criar a disciplina quest\u00f5es etnicorraciais na educa\u00e7\u00e3o \u2013 sociologia e hist\u00f3ria, para a pedagogia \u00e0 dist\u00e2ncia, vinculada a quatro regi\u00f5es da grande Porto Alegre, para professores de s\u00e9ries iniciais que n\u00e3o t\u00eam a gradua\u00e7\u00e3o. A disciplina teve enfoque no afrodescendente e no ind\u00edgena. Traz\u00edamos a abordagem da lei, de como ela estava sendo trabalhada por esses professores. O n\u00famero era muito pequeno de professores que trabalhavam algo relacionado a essa quest\u00e3o. Algumas poucas escolas tinham algo no curr\u00edculo, mas a maioria n\u00e3o tinha nada, nem sabia de nada. Isso porque n\u00e3o h\u00e1 forma\u00e7\u00e3o. As universidades n\u00e3o d\u00e3o essa forma\u00e7\u00e3o para os professores. \u00c9 preciso ter muitos cursos de extens\u00e3o, de forma\u00e7\u00e3o, porque os professores devem voltar para a universidade para estudar esse conte\u00fado ligado \u00e0 lei, ou seja, a hist\u00f3ria da \u00c1frica, do afro-brasileiro, da arte, da literatura, contos negros, f\u00e1bulas africanas, que professores desconhecem. Agora j\u00e1 existe uma bibliografia grande, mas as escolas em geral n\u00e3o trabalham isso.<\/p>\n<p>Tivemos alguns impasses na disciplina. V\u00e1rios professores se recusaram a fazer a entrevista com seu aluno negro, pois achavam que isso era racismo ao contr\u00e1rio. Tivemos impasse grande com grupos de professores que se negavam a fazer trabalhos, em fun\u00e7\u00e3o justamente desse preconceito incrustado que existe e que se utiliza de uma s\u00e9rie de mecanismos para n\u00e3o fazer. Na minha regi\u00e3o, de origem alem\u00e3 e italiana, n\u00e3o tem negro. Mas por n\u00e3o ter a pessoa n\u00e3o vai estudar? Mais de 50% da popula\u00e7\u00e3o brasileira \u00e9 afrodescendente, e n\u00e3o vai estudar isso?<\/p>\n<p>OE \u2013 Em rela\u00e7\u00e3o \u00e0 forma\u00e7\u00e3o inicial nas faculdades houve alguma modifica\u00e7\u00e3o?<\/p>\n<p>Marilene \u2013 N\u00e3o tem nada. S\u00e3o raras as que t\u00eam. Temos uma universidade privada, a Faculdade Porto-Alegrense, que tem um curso de hist\u00f3ria de extrema qualidade com rela\u00e7\u00e3o \u00e0 quest\u00e3o africana e \u00e0 da afrodescend\u00eancia. O grupo das ci\u00eancias sociais, no geral, s\u00e3o os que pesquisam mais, e em algumas disciplinas at\u00e9 trabalham com os alunos. Mas n\u00e3o \u00e9 institu\u00eddo, n\u00e3o est\u00e1 no curr\u00edculo. Depende do professor.<\/p>\n<p>OE \u2013 Quanto ao plano de implementa\u00e7\u00e3o da lei 10.639. H\u00e1 algum trabalho relacionado ao plano no RS?<\/p>\n<p>Marilene \u2013 Tem havido encontros, f\u00f3runs, ligados ao plano. H\u00e1 projeto de implementa\u00e7\u00e3o, mas h\u00e1 essas barreiras que te disse. Na hora de p\u00f4r em a\u00e7\u00e3o, o pessoal que est\u00e1 l\u00e1 e discute nos f\u00f3runs \u00e9 quem est\u00e1, h\u00e1 muitos anos, trabalhando com a quest\u00e3o. Mas quando chega na escola h\u00e1 alguns impedimentos das pessoas que fazem a educa\u00e7\u00e3o. Tem muito trabalho pela frente, embora estejamos trabalhando no movimento negro h\u00e1 muitos anos. Ainda h\u00e1 muito a ser feito, principalmente a rela\u00e7\u00e3o humana, o aceitar o diferente, o outro. Isso n\u00e3o \u00e9 t\u00e3o f\u00e1cil de ser modificado. Com a lei, pelo menos ficou formalizado, pelo menos temos uma lei para nos apoiar. Mas que seja efetivada, \u00e9 uma pol\u00edtica p\u00fablica que nos favorece bastante.<\/p>\n<p style=\"text-align: justify;\">Contatos: observatorio@acaoeducativa.org \/ (11) 3151-2333 ramais 170 e 175<\/p>\n","protected":false},"excerpt":{"rendered":"<p>Este e outros artigos est\u00e3o na edi\u00e7\u00e3o 43 do Boletim do Observat\u00f3rio da Educa\u00e7\u00e3o. &#8220;O preconceito e a discrimina\u00e7\u00e3o muitas vezes resultam em situa\u00e7\u00f5es em que pessoas s\u00e3o humilhadas, agredidas e acusadas injustamente simplesmente pelo fato de fazerem parte de algum grupo social espec\u00edfico.&#8221;<\/p>\n","protected":false},"author":1,"featured_media":0,"comment_status":"open","ping_status":"open","sticky":false,"template":"","format":"standard","meta":{"site-container-style":"default","site-container-layout":"default","site-sidebar-layout":"default","disable-article-header":"default","disable-site-header":"default","disable-site-footer":"default","disable-content-area-spacing":"default","footnotes":""},"categories":[40,6,42,41],"tags":[67],"class_list":["post-12625","post","type-post","status-publish","format-standard","hentry","category-diversidade","category-educacao","category-entrevista","category-preconceito","tag-observatorio-da-educacao"],"yoast_head":"<!-- This site is optimized with the Yoast SEO plugin v27.4 - https:\/\/yoast.com\/product\/yoast-seo-wordpress\/ -->\n<title>Crian\u00e7as negras est\u00e3o entre as principais v\u00edtimas de bullying -<\/title>\n<meta name=\"robots\" content=\"index, follow, max-snippet:-1, max-image-preview:large, max-video-preview:-1\" \/>\n<link rel=\"canonical\" href=\"https:\/\/inclusivenews.com.br\/?p=12625\" \/>\n<meta property=\"og:locale\" content=\"pt_PT\" \/>\n<meta property=\"og:type\" content=\"article\" \/>\n<meta property=\"og:title\" content=\"Crian\u00e7as negras est\u00e3o entre as principais v\u00edtimas de bullying -\" \/>\n<meta property=\"og:description\" content=\"Este e outros artigos est\u00e3o na edi\u00e7\u00e3o 43 do Boletim do Observat\u00f3rio da Educa\u00e7\u00e3o. &quot;O preconceito e a discrimina\u00e7\u00e3o muitas vezes resultam em situa\u00e7\u00f5es em que pessoas s\u00e3o humilhadas, agredidas e acusadas injustamente simplesmente pelo fato de fazerem parte de algum grupo social espec\u00edfico.&quot;\" \/>\n<meta property=\"og:url\" content=\"https:\/\/inclusivenews.com.br\/?p=12625\" \/>\n<meta property=\"article:publisher\" content=\"https:\/\/www.facebook.com\/agenciainclusive\/\" \/>\n<meta property=\"article:published_time\" content=\"2009-11-23T11:46:00+00:00\" \/>\n<meta property=\"og:image\" content=\"http:\/\/inclusivenews.com.br\/wp-content\/uploads\/2009\/11\/logo_final_observatorio.jpg\" \/>\n<meta name=\"author\" content=\"inclusivenews2024\" \/>\n<meta name=\"twitter:card\" content=\"summary_large_image\" \/>\n<meta name=\"twitter:label1\" content=\"Escrito por\" \/>\n\t<meta name=\"twitter:data1\" content=\"inclusivenews2024\" \/>\n\t<meta name=\"twitter:label2\" content=\"Tempo estimado de leitura\" \/>\n\t<meta name=\"twitter:data2\" content=\"5 minutos\" \/>\n<script type=\"application\/ld+json\" class=\"yoast-schema-graph\">{\"@context\":\"https:\\\/\\\/schema.org\",\"@graph\":[{\"@type\":\"Article\",\"@id\":\"https:\\\/\\\/inclusivenews.com.br\\\/?p=12625#article\",\"isPartOf\":{\"@id\":\"https:\\\/\\\/inclusivenews.com.br\\\/?p=12625\"},\"author\":{\"name\":\"inclusivenews2024\",\"@id\":\"https:\\\/\\\/inclusivenews.com.br\\\/#\\\/schema\\\/person\\\/ae4ec7087559b8692fb33b6fffd2273b\"},\"headline\":\"Crian\u00e7as negras est\u00e3o entre as principais v\u00edtimas de bullying\",\"datePublished\":\"2009-11-23T11:46:00+00:00\",\"mainEntityOfPage\":{\"@id\":\"https:\\\/\\\/inclusivenews.com.br\\\/?p=12625\"},\"wordCount\":947,\"commentCount\":4,\"publisher\":{\"@id\":\"https:\\\/\\\/inclusivenews.com.br\\\/#organization\"},\"image\":{\"@id\":\"https:\\\/\\\/inclusivenews.com.br\\\/?p=12625#primaryimage\"},\"thumbnailUrl\":\"http:\\\/\\\/inclusivenews.com.br\\\/wp-content\\\/uploads\\\/2009\\\/11\\\/logo_final_observatorio.jpg\",\"keywords\":[\"Observat\u00f3rio da Educa\u00e7\u00e3o\"],\"articleSection\":[\"Diversidade\",\"EDUCA\u00c7\u00c3O\",\"ENTREVISTAS\",\"Preconceito\"],\"inLanguage\":\"pt-PT\",\"potentialAction\":[{\"@type\":\"CommentAction\",\"name\":\"Comment\",\"target\":[\"https:\\\/\\\/inclusivenews.com.br\\\/?p=12625#respond\"]}]},{\"@type\":\"WebPage\",\"@id\":\"https:\\\/\\\/inclusivenews.com.br\\\/?p=12625\",\"url\":\"https:\\\/\\\/inclusivenews.com.br\\\/?p=12625\",\"name\":\"Crian\u00e7as negras est\u00e3o entre as principais v\u00edtimas de bullying -\",\"isPartOf\":{\"@id\":\"https:\\\/\\\/inclusivenews.com.br\\\/#website\"},\"primaryImageOfPage\":{\"@id\":\"https:\\\/\\\/inclusivenews.com.br\\\/?p=12625#primaryimage\"},\"image\":{\"@id\":\"https:\\\/\\\/inclusivenews.com.br\\\/?p=12625#primaryimage\"},\"thumbnailUrl\":\"http:\\\/\\\/inclusivenews.com.br\\\/wp-content\\\/uploads\\\/2009\\\/11\\\/logo_final_observatorio.jpg\",\"datePublished\":\"2009-11-23T11:46:00+00:00\",\"breadcrumb\":{\"@id\":\"https:\\\/\\\/inclusivenews.com.br\\\/?p=12625#breadcrumb\"},\"inLanguage\":\"pt-PT\",\"potentialAction\":[{\"@type\":\"ReadAction\",\"target\":[\"https:\\\/\\\/inclusivenews.com.br\\\/?p=12625\"]}]},{\"@type\":\"ImageObject\",\"inLanguage\":\"pt-PT\",\"@id\":\"https:\\\/\\\/inclusivenews.com.br\\\/?p=12625#primaryimage\",\"url\":\"https:\\\/\\\/inclusivenews.com.br\\\/wp-content\\\/uploads\\\/2009\\\/11\\\/logo_final_observatorio.jpg\",\"contentUrl\":\"https:\\\/\\\/inclusivenews.com.br\\\/wp-content\\\/uploads\\\/2009\\\/11\\\/logo_final_observatorio.jpg\",\"width\":200,\"height\":200},{\"@type\":\"BreadcrumbList\",\"@id\":\"https:\\\/\\\/inclusivenews.com.br\\\/?p=12625#breadcrumb\",\"itemListElement\":[{\"@type\":\"ListItem\",\"position\":1,\"name\":\"In\u00edcio\",\"item\":\"https:\\\/\\\/inclusivenews.com.br\\\/\"},{\"@type\":\"ListItem\",\"position\":2,\"name\":\"Crian\u00e7as negras est\u00e3o entre as principais v\u00edtimas de bullying\"}]},{\"@type\":\"WebSite\",\"@id\":\"https:\\\/\\\/inclusivenews.com.br\\\/#website\",\"url\":\"https:\\\/\\\/inclusivenews.com.br\\\/\",\"name\":\"Inclusive News\",\"description\":\"Inclusive News\",\"publisher\":{\"@id\":\"https:\\\/\\\/inclusivenews.com.br\\\/#organization\"},\"potentialAction\":[{\"@type\":\"SearchAction\",\"target\":{\"@type\":\"EntryPoint\",\"urlTemplate\":\"https:\\\/\\\/inclusivenews.com.br\\\/?s={search_term_string}\"},\"query-input\":{\"@type\":\"PropertyValueSpecification\",\"valueRequired\":true,\"valueName\":\"search_term_string\"}}],\"inLanguage\":\"pt-PT\"},{\"@type\":\"Organization\",\"@id\":\"https:\\\/\\\/inclusivenews.com.br\\\/#organization\",\"name\":\"Inclusive - inclus\u00e3o e cidadania\",\"url\":\"https:\\\/\\\/inclusivenews.com.br\\\/\",\"logo\":{\"@type\":\"ImageObject\",\"inLanguage\":\"pt-PT\",\"@id\":\"https:\\\/\\\/inclusivenews.com.br\\\/#\\\/schema\\\/logo\\\/image\\\/\",\"url\":\"https:\\\/\\\/inclusivenews.com.br\\\/wp-content\\\/uploads\\\/2024\\\/03\\\/@grandesite.png\",\"contentUrl\":\"https:\\\/\\\/inclusivenews.com.br\\\/wp-content\\\/uploads\\\/2024\\\/03\\\/@grandesite.png\",\"width\":1080,\"height\":1080,\"caption\":\"Inclusive - inclus\u00e3o e cidadania\"},\"image\":{\"@id\":\"https:\\\/\\\/inclusivenews.com.br\\\/#\\\/schema\\\/logo\\\/image\\\/\"},\"sameAs\":[\"https:\\\/\\\/www.facebook.com\\\/agenciainclusive\\\/\",\"https:\\\/\\\/www.instagram.com\\\/newsinclusive\\\/\"]},{\"@type\":\"Person\",\"@id\":\"https:\\\/\\\/inclusivenews.com.br\\\/#\\\/schema\\\/person\\\/ae4ec7087559b8692fb33b6fffd2273b\",\"name\":\"inclusivenews2024\",\"image\":{\"@type\":\"ImageObject\",\"inLanguage\":\"pt-PT\",\"@id\":\"https:\\\/\\\/secure.gravatar.com\\\/avatar\\\/c5a7ef84c66fa914f55bc4f7ce26cfa275a3b9a1c5568b907bd184fb4dde7b40?s=96&d=mm&r=g\",\"url\":\"https:\\\/\\\/secure.gravatar.com\\\/avatar\\\/c5a7ef84c66fa914f55bc4f7ce26cfa275a3b9a1c5568b907bd184fb4dde7b40?s=96&d=mm&r=g\",\"contentUrl\":\"https:\\\/\\\/secure.gravatar.com\\\/avatar\\\/c5a7ef84c66fa914f55bc4f7ce26cfa275a3b9a1c5568b907bd184fb4dde7b40?s=96&d=mm&r=g\",\"caption\":\"inclusivenews2024\"},\"sameAs\":[\"https:\\\/\\\/inclusivenews.com.br\"],\"url\":\"https:\\\/\\\/inclusivenews.com.br\\\/?author=1\"}]}<\/script>\n<!-- \/ Yoast SEO plugin. -->","yoast_head_json":{"title":"Crian\u00e7as negras est\u00e3o entre as principais v\u00edtimas de bullying -","robots":{"index":"index","follow":"follow","max-snippet":"max-snippet:-1","max-image-preview":"max-image-preview:large","max-video-preview":"max-video-preview:-1"},"canonical":"https:\/\/inclusivenews.com.br\/?p=12625","og_locale":"pt_PT","og_type":"article","og_title":"Crian\u00e7as negras est\u00e3o entre as principais v\u00edtimas de bullying -","og_description":"Este e outros artigos est\u00e3o na edi\u00e7\u00e3o 43 do Boletim do Observat\u00f3rio da Educa\u00e7\u00e3o. \"O preconceito e a discrimina\u00e7\u00e3o muitas vezes resultam em situa\u00e7\u00f5es em que pessoas s\u00e3o humilhadas, agredidas e acusadas injustamente simplesmente pelo fato de fazerem parte de algum grupo social espec\u00edfico.\"","og_url":"https:\/\/inclusivenews.com.br\/?p=12625","article_publisher":"https:\/\/www.facebook.com\/agenciainclusive\/","article_published_time":"2009-11-23T11:46:00+00:00","og_image":[{"url":"http:\/\/inclusivenews.com.br\/wp-content\/uploads\/2009\/11\/logo_final_observatorio.jpg","type":"","width":"","height":""}],"author":"inclusivenews2024","twitter_card":"summary_large_image","twitter_misc":{"Escrito por":"inclusivenews2024","Tempo estimado de leitura":"5 minutos"},"schema":{"@context":"https:\/\/schema.org","@graph":[{"@type":"Article","@id":"https:\/\/inclusivenews.com.br\/?p=12625#article","isPartOf":{"@id":"https:\/\/inclusivenews.com.br\/?p=12625"},"author":{"name":"inclusivenews2024","@id":"https:\/\/inclusivenews.com.br\/#\/schema\/person\/ae4ec7087559b8692fb33b6fffd2273b"},"headline":"Crian\u00e7as negras est\u00e3o entre as principais v\u00edtimas de bullying","datePublished":"2009-11-23T11:46:00+00:00","mainEntityOfPage":{"@id":"https:\/\/inclusivenews.com.br\/?p=12625"},"wordCount":947,"commentCount":4,"publisher":{"@id":"https:\/\/inclusivenews.com.br\/#organization"},"image":{"@id":"https:\/\/inclusivenews.com.br\/?p=12625#primaryimage"},"thumbnailUrl":"http:\/\/inclusivenews.com.br\/wp-content\/uploads\/2009\/11\/logo_final_observatorio.jpg","keywords":["Observat\u00f3rio da Educa\u00e7\u00e3o"],"articleSection":["Diversidade","EDUCA\u00c7\u00c3O","ENTREVISTAS","Preconceito"],"inLanguage":"pt-PT","potentialAction":[{"@type":"CommentAction","name":"Comment","target":["https:\/\/inclusivenews.com.br\/?p=12625#respond"]}]},{"@type":"WebPage","@id":"https:\/\/inclusivenews.com.br\/?p=12625","url":"https:\/\/inclusivenews.com.br\/?p=12625","name":"Crian\u00e7as negras est\u00e3o entre as principais v\u00edtimas de bullying -","isPartOf":{"@id":"https:\/\/inclusivenews.com.br\/#website"},"primaryImageOfPage":{"@id":"https:\/\/inclusivenews.com.br\/?p=12625#primaryimage"},"image":{"@id":"https:\/\/inclusivenews.com.br\/?p=12625#primaryimage"},"thumbnailUrl":"http:\/\/inclusivenews.com.br\/wp-content\/uploads\/2009\/11\/logo_final_observatorio.jpg","datePublished":"2009-11-23T11:46:00+00:00","breadcrumb":{"@id":"https:\/\/inclusivenews.com.br\/?p=12625#breadcrumb"},"inLanguage":"pt-PT","potentialAction":[{"@type":"ReadAction","target":["https:\/\/inclusivenews.com.br\/?p=12625"]}]},{"@type":"ImageObject","inLanguage":"pt-PT","@id":"https:\/\/inclusivenews.com.br\/?p=12625#primaryimage","url":"https:\/\/inclusivenews.com.br\/wp-content\/uploads\/2009\/11\/logo_final_observatorio.jpg","contentUrl":"https:\/\/inclusivenews.com.br\/wp-content\/uploads\/2009\/11\/logo_final_observatorio.jpg","width":200,"height":200},{"@type":"BreadcrumbList","@id":"https:\/\/inclusivenews.com.br\/?p=12625#breadcrumb","itemListElement":[{"@type":"ListItem","position":1,"name":"In\u00edcio","item":"https:\/\/inclusivenews.com.br\/"},{"@type":"ListItem","position":2,"name":"Crian\u00e7as negras est\u00e3o entre as principais v\u00edtimas de bullying"}]},{"@type":"WebSite","@id":"https:\/\/inclusivenews.com.br\/#website","url":"https:\/\/inclusivenews.com.br\/","name":"Inclusive News","description":"Inclusive News","publisher":{"@id":"https:\/\/inclusivenews.com.br\/#organization"},"potentialAction":[{"@type":"SearchAction","target":{"@type":"EntryPoint","urlTemplate":"https:\/\/inclusivenews.com.br\/?s={search_term_string}"},"query-input":{"@type":"PropertyValueSpecification","valueRequired":true,"valueName":"search_term_string"}}],"inLanguage":"pt-PT"},{"@type":"Organization","@id":"https:\/\/inclusivenews.com.br\/#organization","name":"Inclusive - inclus\u00e3o e cidadania","url":"https:\/\/inclusivenews.com.br\/","logo":{"@type":"ImageObject","inLanguage":"pt-PT","@id":"https:\/\/inclusivenews.com.br\/#\/schema\/logo\/image\/","url":"https:\/\/inclusivenews.com.br\/wp-content\/uploads\/2024\/03\/@grandesite.png","contentUrl":"https:\/\/inclusivenews.com.br\/wp-content\/uploads\/2024\/03\/@grandesite.png","width":1080,"height":1080,"caption":"Inclusive - inclus\u00e3o e cidadania"},"image":{"@id":"https:\/\/inclusivenews.com.br\/#\/schema\/logo\/image\/"},"sameAs":["https:\/\/www.facebook.com\/agenciainclusive\/","https:\/\/www.instagram.com\/newsinclusive\/"]},{"@type":"Person","@id":"https:\/\/inclusivenews.com.br\/#\/schema\/person\/ae4ec7087559b8692fb33b6fffd2273b","name":"inclusivenews2024","image":{"@type":"ImageObject","inLanguage":"pt-PT","@id":"https:\/\/secure.gravatar.com\/avatar\/c5a7ef84c66fa914f55bc4f7ce26cfa275a3b9a1c5568b907bd184fb4dde7b40?s=96&d=mm&r=g","url":"https:\/\/secure.gravatar.com\/avatar\/c5a7ef84c66fa914f55bc4f7ce26cfa275a3b9a1c5568b907bd184fb4dde7b40?s=96&d=mm&r=g","contentUrl":"https:\/\/secure.gravatar.com\/avatar\/c5a7ef84c66fa914f55bc4f7ce26cfa275a3b9a1c5568b907bd184fb4dde7b40?s=96&d=mm&r=g","caption":"inclusivenews2024"},"sameAs":["https:\/\/inclusivenews.com.br"],"url":"https:\/\/inclusivenews.com.br\/?author=1"}]}},"_links":{"self":[{"href":"https:\/\/inclusivenews.com.br\/index.php?rest_route=\/wp\/v2\/posts\/12625","targetHints":{"allow":["GET"]}}],"collection":[{"href":"https:\/\/inclusivenews.com.br\/index.php?rest_route=\/wp\/v2\/posts"}],"about":[{"href":"https:\/\/inclusivenews.com.br\/index.php?rest_route=\/wp\/v2\/types\/post"}],"author":[{"embeddable":true,"href":"https:\/\/inclusivenews.com.br\/index.php?rest_route=\/wp\/v2\/users\/1"}],"replies":[{"embeddable":true,"href":"https:\/\/inclusivenews.com.br\/index.php?rest_route=%2Fwp%2Fv2%2Fcomments&post=12625"}],"version-history":[{"count":0,"href":"https:\/\/inclusivenews.com.br\/index.php?rest_route=\/wp\/v2\/posts\/12625\/revisions"}],"wp:attachment":[{"href":"https:\/\/inclusivenews.com.br\/index.php?rest_route=%2Fwp%2Fv2%2Fmedia&parent=12625"}],"wp:term":[{"taxonomy":"category","embeddable":true,"href":"https:\/\/inclusivenews.com.br\/index.php?rest_route=%2Fwp%2Fv2%2Fcategories&post=12625"},{"taxonomy":"post_tag","embeddable":true,"href":"https:\/\/inclusivenews.com.br\/index.php?rest_route=%2Fwp%2Fv2%2Ftags&post=12625"}],"curies":[{"name":"wp","href":"https:\/\/api.w.org\/{rel}","templated":true}]}}