{"id":12639,"date":"2009-11-23T21:30:38","date_gmt":"2009-11-24T00:30:38","guid":{"rendered":"http:\/\/www.inclusive.org.br\/?p=12639"},"modified":"2009-11-23T21:30:38","modified_gmt":"2009-11-24T00:30:38","slug":"seminario-internacional-comunicacao-exclusao-pessoas-com-deficiencia-invisibilidade-e-emergencia-uma-visao-retrospectiva","status":"publish","type":"post","link":"https:\/\/inclusivenews.com.br\/?p=12639","title":{"rendered":"Semin\u00e1rio Internacional Comunica\u00e7\u00e3o &amp; Exclus\u00e3o \u2013 Pessoas com Defici\u00eancia: Invisibilidade e Emerg\u00eancia &#8211; uma vis\u00e3o retrospectiva"},"content":{"rendered":"<figure id=\"attachment_12661\" aria-describedby=\"caption-attachment-12661\" style=\"width: 202px\" class=\"wp-caption alignleft\"><a href=\"http:\/\/www.inclusivenews.com.br\/wp-content\/uploads\/2009\/11\/Img0.jpg\"><img loading=\"lazy\" decoding=\"async\" class=\"size-full wp-image-12661\" title=\"Semin\u00e1rio Internacional Comunica\u00e7\u00e3o &amp; Exclus\u00e3o - imagem de divulga\u00e7\u00e3o.\" src=\"http:\/\/inclusivenews.com.br\/wp-content\/uploads\/2009\/11\/Img0.jpg\" alt=\"Semin\u00e1rio Internacional Comunica\u00e7\u00e3o &amp; Exclus\u00e3o - imagem de divulga\u00e7\u00e3o.\" width=\"202\" height=\"202\" srcset=\"https:\/\/inclusivenews.com.br\/wp-content\/uploads\/2009\/11\/Img0.jpg 202w, https:\/\/inclusivenews.com.br\/wp-content\/uploads\/2009\/11\/Img0-150x150.jpg 150w\" sizes=\"auto, (max-width: 202px) 100vw, 202px\" \/><\/a><figcaption id=\"caption-attachment-12661\" class=\"wp-caption-text\"> <\/figcaption><\/figure>\n<p style=\"text-align: justify\"><strong>Manoel Negraes *<\/strong><\/p>\n<p style=\"text-align: justify\">O \u201cSemin\u00e1rio Internacional Comunica\u00e7\u00e3o &amp; Exclus\u00e3o \u2013 Pessoas com Defici\u00eancia: Invisibilidade e Emerg\u00eancia\u201d ofereceu, em tr\u00eas dias de debates, um panorama da produ\u00e7\u00e3o, circula\u00e7\u00e3o e acessibilidade da comunica\u00e7\u00e3o e da informa\u00e7\u00e3o, tendo como foco as pessoas com defici\u00eancia.<\/p>\n<p style=\"text-align: justify\">O evento, promovido pelo Instituto MID e o SESC Vila Mariana, em S\u00e3o Paulo, contou em sua abertura com a presen\u00e7a dos titulares da \u00e1rea da pessoa com defici\u00eancia em n\u00edvel municipal, estadual e federal, respectivamente Jos\u00e9 Belis\u00e1rio, Linamara Batistela e Izabel Maior.<\/p>\n<p style=\"text-align: justify\">Tamb\u00e9m participaram das atividades representantes dos meios de comunica\u00e7\u00e3o, da \u00e1rea acad\u00eamica, de entidades do Terceiro Setor e dos movimentos sociais das pessoas com defici\u00eancia.<\/p>\n<p style=\"text-align: justify\">A palestra inaugural, intitulada \u201cAcesso \u00e0 sociedade da informa\u00e7\u00e3o: Direitos de Comunica\u00e7\u00e3o das pessoas com defici\u00eancia\u201d foi proferida por Julia Hoffmann, mestre em Direito Internacional e Europeu e em Ci\u00eancias da Comunica\u00e7\u00e3o, que leciona e atua como orientadora no Departamento de Ci\u00eancias da Comunica\u00e7\u00e3o na Universidade de Amsterd\u00e3, Holanda.<\/p>\n<figure id=\"attachment_12662\" aria-describedby=\"caption-attachment-12662\" style=\"width: 421px\" class=\"wp-caption alignright\"><a href=\"http:\/\/www.inclusivenews.com.br\/wp-content\/uploads\/2009\/11\/Img1.jpg\"><img loading=\"lazy\" decoding=\"async\" class=\"size-full wp-image-12662\" src=\"http:\/\/inclusivenews.com.br\/wp-content\/uploads\/2009\/11\/Img1.jpg\" alt=\"Img1\" width=\"421\" height=\"244\" srcset=\"https:\/\/inclusivenews.com.br\/wp-content\/uploads\/2009\/11\/Img1.jpg 526w, https:\/\/inclusivenews.com.br\/wp-content\/uploads\/2009\/11\/Img1-300x174.jpg 300w\" sizes=\"auto, (max-width: 421px) 100vw, 421px\" \/><\/a><figcaption id=\"caption-attachment-12662\" class=\"wp-caption-text\">Na foto, Tuca Munhoz do Instituto MID, Izabel Maior da CORDE, Linamara Batistela, representando o Governo do Estado de SP, Jos\u00e9 Belis\u00e1rio, representando a Prefeitura Municipal de SP e Fl\u00e1via Vittal, representando o Centro de Vida Independente Araci Nallin.<\/figcaption><\/figure>\n<p style=\"text-align: justify\">Muitas foram as pol\u00eamicas levantadas pelos debates, com \u00eanfase para dois assuntos: a audiodescri\u00e7\u00e3o e a imagem das pessoas com defici\u00eancia nos meios de comunica\u00e7\u00e3o, quase sempre veiculada de forma preconceituosa. Em rela\u00e7\u00e3o \u00e0 audiodescri\u00e7\u00e3o, foi lembrada a aus\u00eancia das condi\u00e7\u00f5es necess\u00e1rias para a participa\u00e7\u00e3o das pessoas com defici\u00eancia visual nas audi\u00eancias p\u00fablicas que discutem o tema, fato que demonstra a falta de aten\u00e7\u00e3o do Minist\u00e9rio das Comunica\u00e7\u00f5es com essa parcela da popula\u00e7\u00e3o. O tema esteve presente no primeiro e no segundo dia do evento, quando foi denunciada, por militantes do movimento das pessoas com defici\u00eancia, a insistente procrastina\u00e7\u00e3o da implementa\u00e7\u00e3o normativa pelo Minist\u00e9rio das Comunica\u00e7\u00f5es.<\/p>\n<figure id=\"attachment_12663\" aria-describedby=\"caption-attachment-12663\" style=\"width: 421px\" class=\"wp-caption alignleft\"><a href=\"http:\/\/www.inclusivenews.com.br\/wp-content\/uploads\/2009\/11\/Img2.jpg\"><img loading=\"lazy\" decoding=\"async\" class=\"size-full wp-image-12663 \" src=\"http:\/\/inclusivenews.com.br\/wp-content\/uploads\/2009\/11\/Img2.jpg\" alt=\"Img2\" width=\"421\" height=\"244\" srcset=\"https:\/\/inclusivenews.com.br\/wp-content\/uploads\/2009\/11\/Img2.jpg 526w, https:\/\/inclusivenews.com.br\/wp-content\/uploads\/2009\/11\/Img2-300x174.jpg 300w\" sizes=\"auto, (max-width: 421px) 100vw, 421px\" \/><\/a><figcaption id=\"caption-attachment-12663\" class=\"wp-caption-text\">Na foto, Tuca Munhoz do Instituto MID, Marcos Peres da SporTV, Veet Vivarta da Ag\u00eancia de Not\u00edcias dos Direitos da Inf\u00e2ncia e Paulo Romeu Filho, militante do movimento de pessoas com defici\u00eancia e autor do Blog da Audiodescri\u00e7\u00e3o.<\/figcaption><\/figure>\n<p style=\"text-align: justify\">O representante da EBC, Empresa Brasileira de Comunica\u00e7\u00e3o, Eduardo Castro, apresentou o que a empresa produz para e sobre as pessoas com defici\u00eancia. \u00c9 importante sublinhar que a EBC, atrav\u00e9s da TV Brasil, sua emissora de televis\u00e3o, \u00e9 a emissora que tem demonstrado maior preocupa\u00e7\u00e3o com as quest\u00f5es relacionadas \u00e0s pessoas com defici\u00eancia quando comparadas com as emissoras de televis\u00e3o privadas do pa\u00eds.<\/p>\n<p style=\"text-align: justify\">Segundo Castro, a TV Brasil oferece audiodescri\u00e7\u00e3o, legendas e tradu\u00e7\u00e3o para Libras &#8211; L\u00edngua Brasileira de Sinais, em parte de sua programa\u00e7\u00e3o, al\u00e9m de inserir os temas da defici\u00eancia em sua pauta di\u00e1ria e contar com uma profissional com defici\u00eancia na \u00e1rea jornal\u00edstica.<\/p>\n<figure id=\"attachment_12664\" aria-describedby=\"caption-attachment-12664\" style=\"width: 421px\" class=\"wp-caption alignright\"><a href=\"http:\/\/www.inclusivenews.com.br\/wp-content\/uploads\/2009\/11\/Img3.jpg\"><img loading=\"lazy\" decoding=\"async\" class=\"size-full wp-image-12664\" src=\"http:\/\/inclusivenews.com.br\/wp-content\/uploads\/2009\/11\/Img3.jpg\" alt=\"Img3\" width=\"421\" height=\"244\" srcset=\"https:\/\/inclusivenews.com.br\/wp-content\/uploads\/2009\/11\/Img3.jpg 526w, https:\/\/inclusivenews.com.br\/wp-content\/uploads\/2009\/11\/Img3-300x174.jpg 300w\" sizes=\"auto, (max-width: 421px) 100vw, 421px\" \/><\/a><figcaption id=\"caption-attachment-12664\" class=\"wp-caption-text\">Na foto, Fabio Adiron, pai, militante do movimento de pessoas com defici\u00eancia e autor do blog Xiita da Inclus\u00e3o, S\u00e9rgio Gomes da Obor\u00e9 e Eduardo Castro, da EBC.<\/figcaption><\/figure>\n<p style=\"text-align: justify\">J\u00e1 em rela\u00e7\u00e3o \u00e0 imagem preconceituosa veiculada pela m\u00eddia, Tuca Munhoz, um dos organizadores do Semin\u00e1rio e presidente do Instituto MID, lembrou do Teleton, campanha da AACD transmitida pelo SBT, que exibiu crian\u00e7as com defici\u00eancia com comisera\u00e7\u00e3o, atitude lamentada por todos. Tamb\u00e9m, foram lembradas as novelas que tiveram personagens com defici\u00eancia e destacado o fato delas contribu\u00edrem para refor\u00e7ar estere\u00f3tipos e imagens err\u00f4neas em rela\u00e7\u00e3o \u00e0s pessoas com defici\u00eancia, mesmo considerando os avan\u00e7os obtidos na aplica\u00e7\u00e3o do merchandising social, como frisou Veet Vivarta, coordenador da ANDI \u2013 Ag\u00eancia de Not\u00edcias dos Direitos da Inf\u00e2ncia.<\/p>\n<p style=\"text-align: justify\">Outras quest\u00f5es tamb\u00e9m foram discutidas no Semin\u00e1rio, a saber: a forma\u00e7\u00e3o dos profissionais da \u00e1rea de Comunica\u00e7\u00e3o, o acesso \u00e0s artes e a produ\u00e7\u00e3o art\u00edstica de pessoas com defici\u00eancia, a import\u00e2ncia das tecnologias assistivas e a responsabilidade do Estado e dos governos em torn\u00e1-las acess\u00edveis por meio de pol\u00edticas p\u00fablicas. Al\u00e9m disso, foram apresentados projetos do Terceiro Setor na \u00e1rea de Comunica\u00e7\u00e3o como o site da Ag\u00eancia Inclusive, o programa de r\u00e1dio Minuto da Inclus\u00e3o e o programa de televis\u00e3o Telelibras, produzido pela ONG Vez da Voz, e experi\u00eancias de forma\u00e7\u00e3o de redes de comunica\u00e7\u00e3o para e sobre pessoas com defici\u00eancia.<\/p>\n<figure id=\"attachment_12665\" aria-describedby=\"caption-attachment-12665\" style=\"width: 421px\" class=\"wp-caption alignleft\"><a href=\"http:\/\/www.inclusivenews.com.br\/wp-content\/uploads\/2009\/11\/Img4.jpg\"><img loading=\"lazy\" decoding=\"async\" class=\"size-full wp-image-12665\" src=\"http:\/\/inclusivenews.com.br\/wp-content\/uploads\/2009\/11\/Img4.jpg\" alt=\"Img4\" width=\"421\" height=\"244\" srcset=\"https:\/\/inclusivenews.com.br\/wp-content\/uploads\/2009\/11\/Img4.jpg 526w, https:\/\/inclusivenews.com.br\/wp-content\/uploads\/2009\/11\/Img4-300x174.jpg 300w\" sizes=\"auto, (max-width: 421px) 100vw, 421px\" \/><\/a><figcaption id=\"caption-attachment-12665\" class=\"wp-caption-text\">Na foto, a mediadora da mesa, a jornalista Lia Crespo, Manoel Negraes do Instituto MID, Lucio Carvalho da Inclusive e Claudia Cotes da Vez da Voz.<\/figcaption><\/figure>\n<p style=\"text-align: justify\">Dessa forma, o evento teve como objetivo inserir a problem\u00e1tica das pessoas com defici\u00eancia em um debate mais amplo em torno da democratiza\u00e7\u00e3o da informa\u00e7\u00e3o e dos meios de comunica\u00e7\u00e3o. Um processo que, no atual contexto hist\u00f3rico, \u00e9 fundamental para a emancipa\u00e7\u00e3o da maioria da popula\u00e7\u00e3o brasileira.<\/p>\n<figure id=\"attachment_12666\" aria-describedby=\"caption-attachment-12666\" style=\"width: 421px\" class=\"wp-caption alignright\"><a href=\"http:\/\/www.inclusivenews.com.br\/wp-content\/uploads\/2009\/11\/Img5.jpg\"><img loading=\"lazy\" decoding=\"async\" class=\"size-full wp-image-12666 \" src=\"http:\/\/inclusivenews.com.br\/wp-content\/uploads\/2009\/11\/Img5.jpg\" alt=\"Img5\" width=\"421\" height=\"244\" srcset=\"https:\/\/inclusivenews.com.br\/wp-content\/uploads\/2009\/11\/Img5.jpg 526w, https:\/\/inclusivenews.com.br\/wp-content\/uploads\/2009\/11\/Img5-300x174.jpg 300w\" sizes=\"auto, (max-width: 421px) 100vw, 421px\" \/><\/a><figcaption id=\"caption-attachment-12666\" class=\"wp-caption-text\">Na foto, Elizabete Renders da Universidade Metodista de SP, Claudia Werneck da Escola de Gente, Carlos Chaparro da ECA\/USP e Jos\u00e9 Carlos Aguirre, da SECRAD e SECRAD), da Universidad Cat\u00f3lica Boliviana \u201cSan Pablo - Bol\u00edvia.<\/figcaption><\/figure>\n<p style=\"text-align: justify\">\n<p style=\"text-align: justify\">Portanto, o Instituto MID, enquanto idealizador e um dos organizadores do \u201cSemin\u00e1rio Internacional Comunica\u00e7\u00e3o &amp; Exclus\u00e3o \u2013 Pessoas com Defici\u00eancia: Invisibilidade e Emerg\u00eancia\u201d, espera que este evento represente um importante passo para fortalecer a troca de experi\u00eancias entre os grupos de pessoas com defici\u00eancia que atuam na \u00e1rea da comunica\u00e7\u00e3o e entre estes grupos e outros segmentos sociais que lutam por mais justi\u00e7a e dignidade como, por exemplo, as mulheres, as popula\u00e7\u00f5es ind\u00edgenas e afro-descendentes.<\/p>\n<p style=\"text-align: justify\"><strong>* Manoel Negraes <\/strong>\u00e9 soci\u00f3logo, redator do Minuto da Inclus\u00e3o e colaborador da Inclusive.<\/p>\n<p style=\"text-align: justify\">_______________________________________<\/p>\n<p style=\"text-align: justify\"><strong>Fonte de informa\u00e7\u00e3o:<\/strong> Instituto MID\/Inclusive<br \/>\nLicenciado pela CC 2.5<\/p>\n","protected":false},"excerpt":{"rendered":"<p>O Semin\u00e1rio ofereceu, em tr\u00eas dias de debates, um panorama da produ\u00e7\u00e3o, circula\u00e7\u00e3o e acessibilidade da comunica\u00e7\u00e3o e da informa\u00e7\u00e3o, tendo como foco as pessoas com defici\u00eancia.<\/p>\n","protected":false},"author":1,"featured_media":0,"comment_status":"open","ping_status":"open","sticky":false,"template":"","format":"standard","meta":{"site-container-style":"default","site-container-layout":"default","site-sidebar-layout":"default","disable-article-header":"default","disable-site-header":"default","disable-site-footer":"default","disable-content-area-spacing":"default","footnotes":""},"categories":[12,7,4,33],"tags":[],"class_list":["post-12639","post","type-post","status-publish","format-standard","hentry","category-cursos-e-eventos","category-inclusive","category-noticias","category-reportagem"],"yoast_head":"<!-- This site is optimized with the Yoast SEO plugin v27.4 - https:\/\/yoast.com\/product\/yoast-seo-wordpress\/ -->\n<title>Semin\u00e1rio Internacional Comunica\u00e7\u00e3o &amp; Exclus\u00e3o \u2013 Pessoas com Defici\u00eancia: Invisibilidade e Emerg\u00eancia - uma vis\u00e3o retrospectiva -<\/title>\n<meta name=\"robots\" content=\"index, follow, max-snippet:-1, max-image-preview:large, max-video-preview:-1\" \/>\n<link rel=\"canonical\" href=\"https:\/\/inclusivenews.com.br\/?p=12639\" \/>\n<meta property=\"og:locale\" content=\"pt_PT\" \/>\n<meta property=\"og:type\" content=\"article\" \/>\n<meta property=\"og:title\" content=\"Semin\u00e1rio Internacional Comunica\u00e7\u00e3o &amp; Exclus\u00e3o \u2013 Pessoas com Defici\u00eancia: Invisibilidade e Emerg\u00eancia - uma vis\u00e3o retrospectiva -\" \/>\n<meta property=\"og:description\" content=\"O Semin\u00e1rio ofereceu, em tr\u00eas dias de debates, um panorama da produ\u00e7\u00e3o, circula\u00e7\u00e3o e acessibilidade da comunica\u00e7\u00e3o e da informa\u00e7\u00e3o, tendo como foco as pessoas com defici\u00eancia.\" \/>\n<meta property=\"og:url\" content=\"https:\/\/inclusivenews.com.br\/?p=12639\" \/>\n<meta property=\"article:publisher\" content=\"https:\/\/www.facebook.com\/agenciainclusive\/\" \/>\n<meta property=\"article:published_time\" content=\"2009-11-24T00:30:38+00:00\" \/>\n<meta property=\"og:image\" content=\"http:\/\/inclusivenews.com.br\/wp-content\/uploads\/2009\/11\/Img0.jpg\" \/>\n<meta name=\"author\" content=\"inclusivenews2024\" \/>\n<meta name=\"twitter:card\" content=\"summary_large_image\" \/>\n<meta name=\"twitter:label1\" content=\"Escrito por\" \/>\n\t<meta name=\"twitter:data1\" content=\"inclusivenews2024\" \/>\n\t<meta name=\"twitter:label2\" content=\"Tempo estimado de leitura\" \/>\n\t<meta name=\"twitter:data2\" content=\"5 minutos\" \/>\n<script type=\"application\/ld+json\" class=\"yoast-schema-graph\">{\"@context\":\"https:\\\/\\\/schema.org\",\"@graph\":[{\"@type\":\"Article\",\"@id\":\"https:\\\/\\\/inclusivenews.com.br\\\/?p=12639#article\",\"isPartOf\":{\"@id\":\"https:\\\/\\\/inclusivenews.com.br\\\/?p=12639\"},\"author\":{\"name\":\"inclusivenews2024\",\"@id\":\"https:\\\/\\\/inclusivenews.com.br\\\/#\\\/schema\\\/person\\\/ae4ec7087559b8692fb33b6fffd2273b\"},\"headline\":\"Semin\u00e1rio Internacional Comunica\u00e7\u00e3o &amp; Exclus\u00e3o \u2013 Pessoas com Defici\u00eancia: Invisibilidade e Emerg\u00eancia &#8211; uma vis\u00e3o retrospectiva\",\"datePublished\":\"2009-11-24T00:30:38+00:00\",\"mainEntityOfPage\":{\"@id\":\"https:\\\/\\\/inclusivenews.com.br\\\/?p=12639\"},\"wordCount\":1077,\"commentCount\":1,\"publisher\":{\"@id\":\"https:\\\/\\\/inclusivenews.com.br\\\/#organization\"},\"image\":{\"@id\":\"https:\\\/\\\/inclusivenews.com.br\\\/?p=12639#primaryimage\"},\"thumbnailUrl\":\"http:\\\/\\\/inclusivenews.com.br\\\/wp-content\\\/uploads\\\/2009\\\/11\\\/Img0.jpg\",\"articleSection\":[\"Cursos e eventos\",\"Inclusive\",\"NOT\u00cdCIAS\",\"Reportagem\"],\"inLanguage\":\"pt-PT\",\"potentialAction\":[{\"@type\":\"CommentAction\",\"name\":\"Comment\",\"target\":[\"https:\\\/\\\/inclusivenews.com.br\\\/?p=12639#respond\"]}]},{\"@type\":\"WebPage\",\"@id\":\"https:\\\/\\\/inclusivenews.com.br\\\/?p=12639\",\"url\":\"https:\\\/\\\/inclusivenews.com.br\\\/?p=12639\",\"name\":\"Semin\u00e1rio Internacional Comunica\u00e7\u00e3o &amp; Exclus\u00e3o \u2013 Pessoas com Defici\u00eancia: Invisibilidade e Emerg\u00eancia - uma vis\u00e3o retrospectiva -\",\"isPartOf\":{\"@id\":\"https:\\\/\\\/inclusivenews.com.br\\\/#website\"},\"primaryImageOfPage\":{\"@id\":\"https:\\\/\\\/inclusivenews.com.br\\\/?p=12639#primaryimage\"},\"image\":{\"@id\":\"https:\\\/\\\/inclusivenews.com.br\\\/?p=12639#primaryimage\"},\"thumbnailUrl\":\"http:\\\/\\\/inclusivenews.com.br\\\/wp-content\\\/uploads\\\/2009\\\/11\\\/Img0.jpg\",\"datePublished\":\"2009-11-24T00:30:38+00:00\",\"breadcrumb\":{\"@id\":\"https:\\\/\\\/inclusivenews.com.br\\\/?p=12639#breadcrumb\"},\"inLanguage\":\"pt-PT\",\"potentialAction\":[{\"@type\":\"ReadAction\",\"target\":[\"https:\\\/\\\/inclusivenews.com.br\\\/?p=12639\"]}]},{\"@type\":\"ImageObject\",\"inLanguage\":\"pt-PT\",\"@id\":\"https:\\\/\\\/inclusivenews.com.br\\\/?p=12639#primaryimage\",\"url\":\"https:\\\/\\\/inclusivenews.com.br\\\/wp-content\\\/uploads\\\/2009\\\/11\\\/Img0.jpg\",\"contentUrl\":\"https:\\\/\\\/inclusivenews.com.br\\\/wp-content\\\/uploads\\\/2009\\\/11\\\/Img0.jpg\",\"width\":202,\"height\":202},{\"@type\":\"BreadcrumbList\",\"@id\":\"https:\\\/\\\/inclusivenews.com.br\\\/?p=12639#breadcrumb\",\"itemListElement\":[{\"@type\":\"ListItem\",\"position\":1,\"name\":\"In\u00edcio\",\"item\":\"https:\\\/\\\/inclusivenews.com.br\\\/\"},{\"@type\":\"ListItem\",\"position\":2,\"name\":\"Semin\u00e1rio Internacional Comunica\u00e7\u00e3o &amp; Exclus\u00e3o \u2013 Pessoas com Defici\u00eancia: Invisibilidade e Emerg\u00eancia &#8211; uma vis\u00e3o retrospectiva\"}]},{\"@type\":\"WebSite\",\"@id\":\"https:\\\/\\\/inclusivenews.com.br\\\/#website\",\"url\":\"https:\\\/\\\/inclusivenews.com.br\\\/\",\"name\":\"Inclusive News\",\"description\":\"Inclusive News\",\"publisher\":{\"@id\":\"https:\\\/\\\/inclusivenews.com.br\\\/#organization\"},\"potentialAction\":[{\"@type\":\"SearchAction\",\"target\":{\"@type\":\"EntryPoint\",\"urlTemplate\":\"https:\\\/\\\/inclusivenews.com.br\\\/?s={search_term_string}\"},\"query-input\":{\"@type\":\"PropertyValueSpecification\",\"valueRequired\":true,\"valueName\":\"search_term_string\"}}],\"inLanguage\":\"pt-PT\"},{\"@type\":\"Organization\",\"@id\":\"https:\\\/\\\/inclusivenews.com.br\\\/#organization\",\"name\":\"Inclusive - inclus\u00e3o e cidadania\",\"url\":\"https:\\\/\\\/inclusivenews.com.br\\\/\",\"logo\":{\"@type\":\"ImageObject\",\"inLanguage\":\"pt-PT\",\"@id\":\"https:\\\/\\\/inclusivenews.com.br\\\/#\\\/schema\\\/logo\\\/image\\\/\",\"url\":\"https:\\\/\\\/inclusivenews.com.br\\\/wp-content\\\/uploads\\\/2024\\\/03\\\/@grandesite.png\",\"contentUrl\":\"https:\\\/\\\/inclusivenews.com.br\\\/wp-content\\\/uploads\\\/2024\\\/03\\\/@grandesite.png\",\"width\":1080,\"height\":1080,\"caption\":\"Inclusive - inclus\u00e3o e cidadania\"},\"image\":{\"@id\":\"https:\\\/\\\/inclusivenews.com.br\\\/#\\\/schema\\\/logo\\\/image\\\/\"},\"sameAs\":[\"https:\\\/\\\/www.facebook.com\\\/agenciainclusive\\\/\",\"https:\\\/\\\/www.instagram.com\\\/newsinclusive\\\/\"]},{\"@type\":\"Person\",\"@id\":\"https:\\\/\\\/inclusivenews.com.br\\\/#\\\/schema\\\/person\\\/ae4ec7087559b8692fb33b6fffd2273b\",\"name\":\"inclusivenews2024\",\"image\":{\"@type\":\"ImageObject\",\"inLanguage\":\"pt-PT\",\"@id\":\"https:\\\/\\\/secure.gravatar.com\\\/avatar\\\/c5a7ef84c66fa914f55bc4f7ce26cfa275a3b9a1c5568b907bd184fb4dde7b40?s=96&d=mm&r=g\",\"url\":\"https:\\\/\\\/secure.gravatar.com\\\/avatar\\\/c5a7ef84c66fa914f55bc4f7ce26cfa275a3b9a1c5568b907bd184fb4dde7b40?s=96&d=mm&r=g\",\"contentUrl\":\"https:\\\/\\\/secure.gravatar.com\\\/avatar\\\/c5a7ef84c66fa914f55bc4f7ce26cfa275a3b9a1c5568b907bd184fb4dde7b40?s=96&d=mm&r=g\",\"caption\":\"inclusivenews2024\"},\"sameAs\":[\"https:\\\/\\\/inclusivenews.com.br\"],\"url\":\"https:\\\/\\\/inclusivenews.com.br\\\/?author=1\"}]}<\/script>\n<!-- \/ Yoast SEO plugin. -->","yoast_head_json":{"title":"Semin\u00e1rio Internacional Comunica\u00e7\u00e3o &amp; Exclus\u00e3o \u2013 Pessoas com Defici\u00eancia: Invisibilidade e Emerg\u00eancia - uma vis\u00e3o retrospectiva -","robots":{"index":"index","follow":"follow","max-snippet":"max-snippet:-1","max-image-preview":"max-image-preview:large","max-video-preview":"max-video-preview:-1"},"canonical":"https:\/\/inclusivenews.com.br\/?p=12639","og_locale":"pt_PT","og_type":"article","og_title":"Semin\u00e1rio Internacional Comunica\u00e7\u00e3o &amp; Exclus\u00e3o \u2013 Pessoas com Defici\u00eancia: Invisibilidade e Emerg\u00eancia - uma vis\u00e3o retrospectiva -","og_description":"O Semin\u00e1rio ofereceu, em tr\u00eas dias de debates, um panorama da produ\u00e7\u00e3o, circula\u00e7\u00e3o e acessibilidade da comunica\u00e7\u00e3o e da informa\u00e7\u00e3o, tendo como foco as pessoas com defici\u00eancia.","og_url":"https:\/\/inclusivenews.com.br\/?p=12639","article_publisher":"https:\/\/www.facebook.com\/agenciainclusive\/","article_published_time":"2009-11-24T00:30:38+00:00","og_image":[{"url":"http:\/\/inclusivenews.com.br\/wp-content\/uploads\/2009\/11\/Img0.jpg","type":"","width":"","height":""}],"author":"inclusivenews2024","twitter_card":"summary_large_image","twitter_misc":{"Escrito por":"inclusivenews2024","Tempo estimado de leitura":"5 minutos"},"schema":{"@context":"https:\/\/schema.org","@graph":[{"@type":"Article","@id":"https:\/\/inclusivenews.com.br\/?p=12639#article","isPartOf":{"@id":"https:\/\/inclusivenews.com.br\/?p=12639"},"author":{"name":"inclusivenews2024","@id":"https:\/\/inclusivenews.com.br\/#\/schema\/person\/ae4ec7087559b8692fb33b6fffd2273b"},"headline":"Semin\u00e1rio Internacional Comunica\u00e7\u00e3o &amp; Exclus\u00e3o \u2013 Pessoas com Defici\u00eancia: Invisibilidade e Emerg\u00eancia &#8211; uma vis\u00e3o retrospectiva","datePublished":"2009-11-24T00:30:38+00:00","mainEntityOfPage":{"@id":"https:\/\/inclusivenews.com.br\/?p=12639"},"wordCount":1077,"commentCount":1,"publisher":{"@id":"https:\/\/inclusivenews.com.br\/#organization"},"image":{"@id":"https:\/\/inclusivenews.com.br\/?p=12639#primaryimage"},"thumbnailUrl":"http:\/\/inclusivenews.com.br\/wp-content\/uploads\/2009\/11\/Img0.jpg","articleSection":["Cursos e eventos","Inclusive","NOT\u00cdCIAS","Reportagem"],"inLanguage":"pt-PT","potentialAction":[{"@type":"CommentAction","name":"Comment","target":["https:\/\/inclusivenews.com.br\/?p=12639#respond"]}]},{"@type":"WebPage","@id":"https:\/\/inclusivenews.com.br\/?p=12639","url":"https:\/\/inclusivenews.com.br\/?p=12639","name":"Semin\u00e1rio Internacional Comunica\u00e7\u00e3o &amp; Exclus\u00e3o \u2013 Pessoas com Defici\u00eancia: Invisibilidade e Emerg\u00eancia - uma vis\u00e3o retrospectiva -","isPartOf":{"@id":"https:\/\/inclusivenews.com.br\/#website"},"primaryImageOfPage":{"@id":"https:\/\/inclusivenews.com.br\/?p=12639#primaryimage"},"image":{"@id":"https:\/\/inclusivenews.com.br\/?p=12639#primaryimage"},"thumbnailUrl":"http:\/\/inclusivenews.com.br\/wp-content\/uploads\/2009\/11\/Img0.jpg","datePublished":"2009-11-24T00:30:38+00:00","breadcrumb":{"@id":"https:\/\/inclusivenews.com.br\/?p=12639#breadcrumb"},"inLanguage":"pt-PT","potentialAction":[{"@type":"ReadAction","target":["https:\/\/inclusivenews.com.br\/?p=12639"]}]},{"@type":"ImageObject","inLanguage":"pt-PT","@id":"https:\/\/inclusivenews.com.br\/?p=12639#primaryimage","url":"https:\/\/inclusivenews.com.br\/wp-content\/uploads\/2009\/11\/Img0.jpg","contentUrl":"https:\/\/inclusivenews.com.br\/wp-content\/uploads\/2009\/11\/Img0.jpg","width":202,"height":202},{"@type":"BreadcrumbList","@id":"https:\/\/inclusivenews.com.br\/?p=12639#breadcrumb","itemListElement":[{"@type":"ListItem","position":1,"name":"In\u00edcio","item":"https:\/\/inclusivenews.com.br\/"},{"@type":"ListItem","position":2,"name":"Semin\u00e1rio Internacional Comunica\u00e7\u00e3o &amp; Exclus\u00e3o \u2013 Pessoas com Defici\u00eancia: Invisibilidade e Emerg\u00eancia &#8211; uma vis\u00e3o retrospectiva"}]},{"@type":"WebSite","@id":"https:\/\/inclusivenews.com.br\/#website","url":"https:\/\/inclusivenews.com.br\/","name":"Inclusive News","description":"Inclusive News","publisher":{"@id":"https:\/\/inclusivenews.com.br\/#organization"},"potentialAction":[{"@type":"SearchAction","target":{"@type":"EntryPoint","urlTemplate":"https:\/\/inclusivenews.com.br\/?s={search_term_string}"},"query-input":{"@type":"PropertyValueSpecification","valueRequired":true,"valueName":"search_term_string"}}],"inLanguage":"pt-PT"},{"@type":"Organization","@id":"https:\/\/inclusivenews.com.br\/#organization","name":"Inclusive - inclus\u00e3o e cidadania","url":"https:\/\/inclusivenews.com.br\/","logo":{"@type":"ImageObject","inLanguage":"pt-PT","@id":"https:\/\/inclusivenews.com.br\/#\/schema\/logo\/image\/","url":"https:\/\/inclusivenews.com.br\/wp-content\/uploads\/2024\/03\/@grandesite.png","contentUrl":"https:\/\/inclusivenews.com.br\/wp-content\/uploads\/2024\/03\/@grandesite.png","width":1080,"height":1080,"caption":"Inclusive - inclus\u00e3o e cidadania"},"image":{"@id":"https:\/\/inclusivenews.com.br\/#\/schema\/logo\/image\/"},"sameAs":["https:\/\/www.facebook.com\/agenciainclusive\/","https:\/\/www.instagram.com\/newsinclusive\/"]},{"@type":"Person","@id":"https:\/\/inclusivenews.com.br\/#\/schema\/person\/ae4ec7087559b8692fb33b6fffd2273b","name":"inclusivenews2024","image":{"@type":"ImageObject","inLanguage":"pt-PT","@id":"https:\/\/secure.gravatar.com\/avatar\/c5a7ef84c66fa914f55bc4f7ce26cfa275a3b9a1c5568b907bd184fb4dde7b40?s=96&d=mm&r=g","url":"https:\/\/secure.gravatar.com\/avatar\/c5a7ef84c66fa914f55bc4f7ce26cfa275a3b9a1c5568b907bd184fb4dde7b40?s=96&d=mm&r=g","contentUrl":"https:\/\/secure.gravatar.com\/avatar\/c5a7ef84c66fa914f55bc4f7ce26cfa275a3b9a1c5568b907bd184fb4dde7b40?s=96&d=mm&r=g","caption":"inclusivenews2024"},"sameAs":["https:\/\/inclusivenews.com.br"],"url":"https:\/\/inclusivenews.com.br\/?author=1"}]}},"_links":{"self":[{"href":"https:\/\/inclusivenews.com.br\/index.php?rest_route=\/wp\/v2\/posts\/12639","targetHints":{"allow":["GET"]}}],"collection":[{"href":"https:\/\/inclusivenews.com.br\/index.php?rest_route=\/wp\/v2\/posts"}],"about":[{"href":"https:\/\/inclusivenews.com.br\/index.php?rest_route=\/wp\/v2\/types\/post"}],"author":[{"embeddable":true,"href":"https:\/\/inclusivenews.com.br\/index.php?rest_route=\/wp\/v2\/users\/1"}],"replies":[{"embeddable":true,"href":"https:\/\/inclusivenews.com.br\/index.php?rest_route=%2Fwp%2Fv2%2Fcomments&post=12639"}],"version-history":[{"count":0,"href":"https:\/\/inclusivenews.com.br\/index.php?rest_route=\/wp\/v2\/posts\/12639\/revisions"}],"wp:attachment":[{"href":"https:\/\/inclusivenews.com.br\/index.php?rest_route=%2Fwp%2Fv2%2Fmedia&parent=12639"}],"wp:term":[{"taxonomy":"category","embeddable":true,"href":"https:\/\/inclusivenews.com.br\/index.php?rest_route=%2Fwp%2Fv2%2Fcategories&post=12639"},{"taxonomy":"post_tag","embeddable":true,"href":"https:\/\/inclusivenews.com.br\/index.php?rest_route=%2Fwp%2Fv2%2Ftags&post=12639"}],"curies":[{"name":"wp","href":"https:\/\/api.w.org\/{rel}","templated":true}]}}