{"id":12645,"date":"2009-11-24T05:45:25","date_gmt":"2009-11-24T08:45:25","guid":{"rendered":"http:\/\/www.inclusive.org.br\/?p=12645"},"modified":"2009-11-24T05:45:25","modified_gmt":"2009-11-24T08:45:25","slug":"participantes-da-coneei-defendem-gestao-compartilhada-da-educacao","status":"publish","type":"post","link":"https:\/\/inclusivenews.com.br\/?p=12645","title":{"rendered":"Participantes da CONEEI defendem gest\u00e3o compartilhada da educa\u00e7\u00e3o"},"content":{"rendered":"<figure style=\"width: 330px\" class=\"wp-caption alignleft\"><img loading=\"lazy\" decoding=\"async\" title=\"Participantes da Confer\u00eancia.\" src=\"http:\/\/portal.mec.gov.br\/images\/stories\/noticias\/2009\/gestao_democratica.jpg\" alt=\"Participantes da Confer\u00eancia.\" width=\"330\" height=\"230\" \/><figcaption class=\"wp-caption-text\"> <\/figcaption><\/figure>\n<p style=\"text-align: justify;\"><strong>Juliana Meneses\/MEC<\/strong><br \/>\n<strong><br \/>\n<\/strong>Pol\u00edticas, gest\u00e3o e financiamento foram os temas debatidos nesta quinta-feira, 19, por representantes de 230 povos na 1\u00aa Confer\u00eancia Nacional de Educa\u00e7\u00e3o Escolar Ind\u00edgena (Coneei), que ser\u00e1 encerrada na sexta-feira, 20. Durante os debates, foi ressaltada a disposi\u00e7\u00e3o do Minist\u00e9rio da Educa\u00e7\u00e3o de tornar a gest\u00e3o da educa\u00e7\u00e3o ind\u00edgena efetivamente compartilhada com estados e munic\u00edpios e de garantir a participa\u00e7\u00e3o das comunidades, o apoio \u00e0 forma\u00e7\u00e3o de professores para atuar na \u00e1rea e a quest\u00e3o dos recursos financeiros.<\/p>\n<p style=\"text-align: justify;\">\u201c\u00c9 grande o esfor\u00e7o do MEC para coordenar a gest\u00e3o, que passa a se dar agora por meio dos etnoterrit\u00f3rios\u201d, disse o coordenador de educa\u00e7\u00e3o escolar ind\u00edgena do Minist\u00e9rio da Educa\u00e7\u00e3o, Gersem Baniwa, em alus\u00e3o \u00e0 organiza\u00e7\u00e3o do setor em territ\u00f3rios etnoeducacionais, como prev\u00ea o <a href=\"http:\/\/www.planalto.gov.br\/ccivil_03\/_Ato2007-2010\/2009\/Decreto\/D6861.htm\" target=\"_blank\" rel=\"noopener\">Decreto n\u00ba 6.861<\/a>, de 27 de maio deste ano.<\/p>\n<p style=\"text-align: justify;\">Com rela\u00e7\u00e3o aos recursos, Baniwa observou que houve significativo aumento nos repasses nos \u00faltimos anos, mas salientou que os valores ainda s\u00e3o insuficientes para o atendimento \u00e0 demanda, consequ\u00eancia de d\u00e9cadas de abandono das escolas ind\u00edgenas. Os principais financiadores da educa\u00e7\u00e3o ind\u00edgena s\u00e3o o Fundo de Manuten\u00e7\u00e3o e Desenvolvimento da Educa\u00e7\u00e3o B\u00e1sica e de Valoriza\u00e7\u00e3o dos Profissionais da Educa\u00e7\u00e3o (Fundeb), criado em 2007, e o Programa Nacional de Alimenta\u00e7\u00e3o Escolar (Pnae), que passou a atender a \u00e1rea h\u00e1 seis anos.<\/p>\n<p style=\"text-align: justify;\"><strong>Forma\u00e7\u00e3o<\/strong> \u2014 Desde 2003, o MEC desenvolve a\u00e7\u00f5es para a forma\u00e7\u00e3o de professores ind\u00edgenas. Mais de dez mil educadores conclu\u00edram o magist\u00e9rio. A meta do Programa de Apoio \u00e0 Forma\u00e7\u00e3o Superior e Licenciaturas Ind\u00edgenas (Prolind), que hoje atende dois mil professores, \u00e9 dobrar esse n\u00famero no pr\u00f3ximo ano.<\/p>\n<p style=\"text-align: justify;\">De acordo com dados do censo escolar do Instituto Nacional de Estudos e Pesquisas Educacionais (Inep), havia 117.171 matr\u00edculas nas escolas ind\u00edgenas de educa\u00e7\u00e3o b\u00e1sica em 2002. No ano passado, esse n\u00famero subiu para 176.714.<\/p>\n<p style=\"text-align: justify;\"><strong>Desafios<\/strong> \u2014 Entre os objetivos da Coneei est\u00e1 o de estabelecer compromissos para a eleva\u00e7\u00e3o da qualidade e a amplia\u00e7\u00e3o da educa\u00e7\u00e3o oferecida aos povos ind\u00edgenas. Apesar dos avan\u00e7os, entre 30% e 40% das escolas ind\u00edgenas ainda n\u00e3o t\u00eam pr\u00e9dio escolar e \u00e9 baixa a oferta de vagas para os anos finais do ensino fundamental e para o ensino m\u00e9dio.<\/p>\n<p style=\"text-align: justify;\">\u201cTemos muito a colaborar para que os direitos dos povos sejam plenamente reconhecidos e atendidos\u201d, disse o secret\u00e1rio de educa\u00e7\u00e3o continuada, alfabetiza\u00e7\u00e3o e diversidade do MEC, Andr\u00e9 L\u00e1zaro.<\/p>\n<p>__________________________<\/p>\n<p><strong>Fonte de informa\u00e7\u00e3o: <\/strong><a href=\"http:\/\/portal.mec.gov.br\/index.php?option=com_content&amp;view=article&amp;id=14645:participantes-defendem-gestao-compartilhada-da-educacao&amp;catid=206\">MEC <img loading=\"lazy\" decoding=\"async\" title=\"Link abrir\u00e1 em uma nova janela ou aba.\" src=\"http:\/\/www.inclusive.org.br\/images\/new_window.gif\" alt=\"Link abrir\u00e1 em uma nova janela ou aba.\" width=\"16\" height=\"14\" \/><\/a><\/p>\n","protected":false},"excerpt":{"rendered":"<p>Pol\u00edticas, gest\u00e3o e financiamento foram os temas debatidos nesta quinta-feira, 19, por representantes de 230 povos na 1\u00aa Confer\u00eancia Nacional de Educa\u00e7\u00e3o Escolar Ind\u00edgena.<\/p>\n","protected":false},"author":1,"featured_media":0,"comment_status":"open","ping_status":"open","sticky":false,"template":"","format":"standard","meta":{"site-container-style":"default","site-container-layout":"default","site-sidebar-layout":"default","disable-article-header":"default","disable-site-header":"default","disable-site-footer":"default","disable-content-area-spacing":"default","footnotes":""},"categories":[6,48,4],"tags":[],"class_list":["post-12645","post","type-post","status-publish","format-standard","hentry","category-educacao","category-inclusao","category-noticias"],"yoast_head":"<!-- This site is optimized with the Yoast SEO plugin v27.4 - https:\/\/yoast.com\/product\/yoast-seo-wordpress\/ -->\n<title>Participantes da CONEEI defendem gest\u00e3o compartilhada da educa\u00e7\u00e3o -<\/title>\n<meta name=\"robots\" content=\"index, follow, max-snippet:-1, max-image-preview:large, max-video-preview:-1\" \/>\n<link rel=\"canonical\" href=\"https:\/\/inclusivenews.com.br\/?p=12645\" \/>\n<meta property=\"og:locale\" content=\"pt_PT\" \/>\n<meta property=\"og:type\" content=\"article\" \/>\n<meta property=\"og:title\" content=\"Participantes da CONEEI defendem gest\u00e3o compartilhada da educa\u00e7\u00e3o -\" \/>\n<meta property=\"og:description\" content=\"Pol\u00edticas, gest\u00e3o e financiamento foram os temas debatidos nesta quinta-feira, 19, por representantes de 230 povos na 1\u00aa Confer\u00eancia Nacional de Educa\u00e7\u00e3o Escolar Ind\u00edgena.\" \/>\n<meta property=\"og:url\" content=\"https:\/\/inclusivenews.com.br\/?p=12645\" \/>\n<meta property=\"article:publisher\" content=\"https:\/\/www.facebook.com\/agenciainclusive\/\" \/>\n<meta property=\"article:published_time\" content=\"2009-11-24T08:45:25+00:00\" \/>\n<meta property=\"og:image\" content=\"http:\/\/portal.mec.gov.br\/images\/stories\/noticias\/2009\/gestao_democratica.jpg\" \/>\n<meta name=\"author\" content=\"inclusivenews2024\" \/>\n<meta name=\"twitter:card\" content=\"summary_large_image\" \/>\n<meta name=\"twitter:label1\" content=\"Escrito por\" \/>\n\t<meta name=\"twitter:data1\" content=\"inclusivenews2024\" \/>\n\t<meta name=\"twitter:label2\" content=\"Tempo estimado de leitura\" \/>\n\t<meta name=\"twitter:data2\" content=\"2 minutos\" \/>\n<script type=\"application\/ld+json\" class=\"yoast-schema-graph\">{\"@context\":\"https:\\\/\\\/schema.org\",\"@graph\":[{\"@type\":\"Article\",\"@id\":\"https:\\\/\\\/inclusivenews.com.br\\\/?p=12645#article\",\"isPartOf\":{\"@id\":\"https:\\\/\\\/inclusivenews.com.br\\\/?p=12645\"},\"author\":{\"name\":\"inclusivenews2024\",\"@id\":\"https:\\\/\\\/inclusivenews.com.br\\\/#\\\/schema\\\/person\\\/ae4ec7087559b8692fb33b6fffd2273b\"},\"headline\":\"Participantes da CONEEI defendem gest\u00e3o compartilhada da educa\u00e7\u00e3o\",\"datePublished\":\"2009-11-24T08:45:25+00:00\",\"mainEntityOfPage\":{\"@id\":\"https:\\\/\\\/inclusivenews.com.br\\\/?p=12645\"},\"wordCount\":454,\"commentCount\":0,\"publisher\":{\"@id\":\"https:\\\/\\\/inclusivenews.com.br\\\/#organization\"},\"image\":{\"@id\":\"https:\\\/\\\/inclusivenews.com.br\\\/?p=12645#primaryimage\"},\"thumbnailUrl\":\"http:\\\/\\\/portal.mec.gov.br\\\/images\\\/stories\\\/noticias\\\/2009\\\/gestao_democratica.jpg\",\"articleSection\":[\"EDUCA\u00c7\u00c3O\",\"INCLUS\u00c3O SOCIAL\",\"NOT\u00cdCIAS\"],\"inLanguage\":\"pt-PT\",\"potentialAction\":[{\"@type\":\"CommentAction\",\"name\":\"Comment\",\"target\":[\"https:\\\/\\\/inclusivenews.com.br\\\/?p=12645#respond\"]}]},{\"@type\":\"WebPage\",\"@id\":\"https:\\\/\\\/inclusivenews.com.br\\\/?p=12645\",\"url\":\"https:\\\/\\\/inclusivenews.com.br\\\/?p=12645\",\"name\":\"Participantes da CONEEI defendem gest\u00e3o compartilhada da educa\u00e7\u00e3o -\",\"isPartOf\":{\"@id\":\"https:\\\/\\\/inclusivenews.com.br\\\/#website\"},\"primaryImageOfPage\":{\"@id\":\"https:\\\/\\\/inclusivenews.com.br\\\/?p=12645#primaryimage\"},\"image\":{\"@id\":\"https:\\\/\\\/inclusivenews.com.br\\\/?p=12645#primaryimage\"},\"thumbnailUrl\":\"http:\\\/\\\/portal.mec.gov.br\\\/images\\\/stories\\\/noticias\\\/2009\\\/gestao_democratica.jpg\",\"datePublished\":\"2009-11-24T08:45:25+00:00\",\"breadcrumb\":{\"@id\":\"https:\\\/\\\/inclusivenews.com.br\\\/?p=12645#breadcrumb\"},\"inLanguage\":\"pt-PT\",\"potentialAction\":[{\"@type\":\"ReadAction\",\"target\":[\"https:\\\/\\\/inclusivenews.com.br\\\/?p=12645\"]}]},{\"@type\":\"ImageObject\",\"inLanguage\":\"pt-PT\",\"@id\":\"https:\\\/\\\/inclusivenews.com.br\\\/?p=12645#primaryimage\",\"url\":\"http:\\\/\\\/portal.mec.gov.br\\\/images\\\/stories\\\/noticias\\\/2009\\\/gestao_democratica.jpg\",\"contentUrl\":\"http:\\\/\\\/portal.mec.gov.br\\\/images\\\/stories\\\/noticias\\\/2009\\\/gestao_democratica.jpg\"},{\"@type\":\"BreadcrumbList\",\"@id\":\"https:\\\/\\\/inclusivenews.com.br\\\/?p=12645#breadcrumb\",\"itemListElement\":[{\"@type\":\"ListItem\",\"position\":1,\"name\":\"In\u00edcio\",\"item\":\"https:\\\/\\\/inclusivenews.com.br\\\/\"},{\"@type\":\"ListItem\",\"position\":2,\"name\":\"Participantes da CONEEI defendem gest\u00e3o compartilhada da educa\u00e7\u00e3o\"}]},{\"@type\":\"WebSite\",\"@id\":\"https:\\\/\\\/inclusivenews.com.br\\\/#website\",\"url\":\"https:\\\/\\\/inclusivenews.com.br\\\/\",\"name\":\"Inclusive News\",\"description\":\"Inclusive News\",\"publisher\":{\"@id\":\"https:\\\/\\\/inclusivenews.com.br\\\/#organization\"},\"potentialAction\":[{\"@type\":\"SearchAction\",\"target\":{\"@type\":\"EntryPoint\",\"urlTemplate\":\"https:\\\/\\\/inclusivenews.com.br\\\/?s={search_term_string}\"},\"query-input\":{\"@type\":\"PropertyValueSpecification\",\"valueRequired\":true,\"valueName\":\"search_term_string\"}}],\"inLanguage\":\"pt-PT\"},{\"@type\":\"Organization\",\"@id\":\"https:\\\/\\\/inclusivenews.com.br\\\/#organization\",\"name\":\"Inclusive - inclus\u00e3o e cidadania\",\"url\":\"https:\\\/\\\/inclusivenews.com.br\\\/\",\"logo\":{\"@type\":\"ImageObject\",\"inLanguage\":\"pt-PT\",\"@id\":\"https:\\\/\\\/inclusivenews.com.br\\\/#\\\/schema\\\/logo\\\/image\\\/\",\"url\":\"https:\\\/\\\/inclusivenews.com.br\\\/wp-content\\\/uploads\\\/2024\\\/03\\\/@grandesite.png\",\"contentUrl\":\"https:\\\/\\\/inclusivenews.com.br\\\/wp-content\\\/uploads\\\/2024\\\/03\\\/@grandesite.png\",\"width\":1080,\"height\":1080,\"caption\":\"Inclusive - inclus\u00e3o e cidadania\"},\"image\":{\"@id\":\"https:\\\/\\\/inclusivenews.com.br\\\/#\\\/schema\\\/logo\\\/image\\\/\"},\"sameAs\":[\"https:\\\/\\\/www.facebook.com\\\/agenciainclusive\\\/\",\"https:\\\/\\\/www.instagram.com\\\/newsinclusive\\\/\"]},{\"@type\":\"Person\",\"@id\":\"https:\\\/\\\/inclusivenews.com.br\\\/#\\\/schema\\\/person\\\/ae4ec7087559b8692fb33b6fffd2273b\",\"name\":\"inclusivenews2024\",\"image\":{\"@type\":\"ImageObject\",\"inLanguage\":\"pt-PT\",\"@id\":\"https:\\\/\\\/secure.gravatar.com\\\/avatar\\\/c5a7ef84c66fa914f55bc4f7ce26cfa275a3b9a1c5568b907bd184fb4dde7b40?s=96&d=mm&r=g\",\"url\":\"https:\\\/\\\/secure.gravatar.com\\\/avatar\\\/c5a7ef84c66fa914f55bc4f7ce26cfa275a3b9a1c5568b907bd184fb4dde7b40?s=96&d=mm&r=g\",\"contentUrl\":\"https:\\\/\\\/secure.gravatar.com\\\/avatar\\\/c5a7ef84c66fa914f55bc4f7ce26cfa275a3b9a1c5568b907bd184fb4dde7b40?s=96&d=mm&r=g\",\"caption\":\"inclusivenews2024\"},\"sameAs\":[\"https:\\\/\\\/inclusivenews.com.br\"],\"url\":\"https:\\\/\\\/inclusivenews.com.br\\\/?author=1\"}]}<\/script>\n<!-- \/ Yoast SEO plugin. -->","yoast_head_json":{"title":"Participantes da CONEEI defendem gest\u00e3o compartilhada da educa\u00e7\u00e3o -","robots":{"index":"index","follow":"follow","max-snippet":"max-snippet:-1","max-image-preview":"max-image-preview:large","max-video-preview":"max-video-preview:-1"},"canonical":"https:\/\/inclusivenews.com.br\/?p=12645","og_locale":"pt_PT","og_type":"article","og_title":"Participantes da CONEEI defendem gest\u00e3o compartilhada da educa\u00e7\u00e3o -","og_description":"Pol\u00edticas, gest\u00e3o e financiamento foram os temas debatidos nesta quinta-feira, 19, por representantes de 230 povos na 1\u00aa Confer\u00eancia Nacional de Educa\u00e7\u00e3o Escolar Ind\u00edgena.","og_url":"https:\/\/inclusivenews.com.br\/?p=12645","article_publisher":"https:\/\/www.facebook.com\/agenciainclusive\/","article_published_time":"2009-11-24T08:45:25+00:00","og_image":[{"url":"http:\/\/portal.mec.gov.br\/images\/stories\/noticias\/2009\/gestao_democratica.jpg","type":"","width":"","height":""}],"author":"inclusivenews2024","twitter_card":"summary_large_image","twitter_misc":{"Escrito por":"inclusivenews2024","Tempo estimado de leitura":"2 minutos"},"schema":{"@context":"https:\/\/schema.org","@graph":[{"@type":"Article","@id":"https:\/\/inclusivenews.com.br\/?p=12645#article","isPartOf":{"@id":"https:\/\/inclusivenews.com.br\/?p=12645"},"author":{"name":"inclusivenews2024","@id":"https:\/\/inclusivenews.com.br\/#\/schema\/person\/ae4ec7087559b8692fb33b6fffd2273b"},"headline":"Participantes da CONEEI defendem gest\u00e3o compartilhada da educa\u00e7\u00e3o","datePublished":"2009-11-24T08:45:25+00:00","mainEntityOfPage":{"@id":"https:\/\/inclusivenews.com.br\/?p=12645"},"wordCount":454,"commentCount":0,"publisher":{"@id":"https:\/\/inclusivenews.com.br\/#organization"},"image":{"@id":"https:\/\/inclusivenews.com.br\/?p=12645#primaryimage"},"thumbnailUrl":"http:\/\/portal.mec.gov.br\/images\/stories\/noticias\/2009\/gestao_democratica.jpg","articleSection":["EDUCA\u00c7\u00c3O","INCLUS\u00c3O SOCIAL","NOT\u00cdCIAS"],"inLanguage":"pt-PT","potentialAction":[{"@type":"CommentAction","name":"Comment","target":["https:\/\/inclusivenews.com.br\/?p=12645#respond"]}]},{"@type":"WebPage","@id":"https:\/\/inclusivenews.com.br\/?p=12645","url":"https:\/\/inclusivenews.com.br\/?p=12645","name":"Participantes da CONEEI defendem gest\u00e3o compartilhada da educa\u00e7\u00e3o -","isPartOf":{"@id":"https:\/\/inclusivenews.com.br\/#website"},"primaryImageOfPage":{"@id":"https:\/\/inclusivenews.com.br\/?p=12645#primaryimage"},"image":{"@id":"https:\/\/inclusivenews.com.br\/?p=12645#primaryimage"},"thumbnailUrl":"http:\/\/portal.mec.gov.br\/images\/stories\/noticias\/2009\/gestao_democratica.jpg","datePublished":"2009-11-24T08:45:25+00:00","breadcrumb":{"@id":"https:\/\/inclusivenews.com.br\/?p=12645#breadcrumb"},"inLanguage":"pt-PT","potentialAction":[{"@type":"ReadAction","target":["https:\/\/inclusivenews.com.br\/?p=12645"]}]},{"@type":"ImageObject","inLanguage":"pt-PT","@id":"https:\/\/inclusivenews.com.br\/?p=12645#primaryimage","url":"http:\/\/portal.mec.gov.br\/images\/stories\/noticias\/2009\/gestao_democratica.jpg","contentUrl":"http:\/\/portal.mec.gov.br\/images\/stories\/noticias\/2009\/gestao_democratica.jpg"},{"@type":"BreadcrumbList","@id":"https:\/\/inclusivenews.com.br\/?p=12645#breadcrumb","itemListElement":[{"@type":"ListItem","position":1,"name":"In\u00edcio","item":"https:\/\/inclusivenews.com.br\/"},{"@type":"ListItem","position":2,"name":"Participantes da CONEEI defendem gest\u00e3o compartilhada da educa\u00e7\u00e3o"}]},{"@type":"WebSite","@id":"https:\/\/inclusivenews.com.br\/#website","url":"https:\/\/inclusivenews.com.br\/","name":"Inclusive News","description":"Inclusive News","publisher":{"@id":"https:\/\/inclusivenews.com.br\/#organization"},"potentialAction":[{"@type":"SearchAction","target":{"@type":"EntryPoint","urlTemplate":"https:\/\/inclusivenews.com.br\/?s={search_term_string}"},"query-input":{"@type":"PropertyValueSpecification","valueRequired":true,"valueName":"search_term_string"}}],"inLanguage":"pt-PT"},{"@type":"Organization","@id":"https:\/\/inclusivenews.com.br\/#organization","name":"Inclusive - inclus\u00e3o e cidadania","url":"https:\/\/inclusivenews.com.br\/","logo":{"@type":"ImageObject","inLanguage":"pt-PT","@id":"https:\/\/inclusivenews.com.br\/#\/schema\/logo\/image\/","url":"https:\/\/inclusivenews.com.br\/wp-content\/uploads\/2024\/03\/@grandesite.png","contentUrl":"https:\/\/inclusivenews.com.br\/wp-content\/uploads\/2024\/03\/@grandesite.png","width":1080,"height":1080,"caption":"Inclusive - inclus\u00e3o e cidadania"},"image":{"@id":"https:\/\/inclusivenews.com.br\/#\/schema\/logo\/image\/"},"sameAs":["https:\/\/www.facebook.com\/agenciainclusive\/","https:\/\/www.instagram.com\/newsinclusive\/"]},{"@type":"Person","@id":"https:\/\/inclusivenews.com.br\/#\/schema\/person\/ae4ec7087559b8692fb33b6fffd2273b","name":"inclusivenews2024","image":{"@type":"ImageObject","inLanguage":"pt-PT","@id":"https:\/\/secure.gravatar.com\/avatar\/c5a7ef84c66fa914f55bc4f7ce26cfa275a3b9a1c5568b907bd184fb4dde7b40?s=96&d=mm&r=g","url":"https:\/\/secure.gravatar.com\/avatar\/c5a7ef84c66fa914f55bc4f7ce26cfa275a3b9a1c5568b907bd184fb4dde7b40?s=96&d=mm&r=g","contentUrl":"https:\/\/secure.gravatar.com\/avatar\/c5a7ef84c66fa914f55bc4f7ce26cfa275a3b9a1c5568b907bd184fb4dde7b40?s=96&d=mm&r=g","caption":"inclusivenews2024"},"sameAs":["https:\/\/inclusivenews.com.br"],"url":"https:\/\/inclusivenews.com.br\/?author=1"}]}},"_links":{"self":[{"href":"https:\/\/inclusivenews.com.br\/index.php?rest_route=\/wp\/v2\/posts\/12645","targetHints":{"allow":["GET"]}}],"collection":[{"href":"https:\/\/inclusivenews.com.br\/index.php?rest_route=\/wp\/v2\/posts"}],"about":[{"href":"https:\/\/inclusivenews.com.br\/index.php?rest_route=\/wp\/v2\/types\/post"}],"author":[{"embeddable":true,"href":"https:\/\/inclusivenews.com.br\/index.php?rest_route=\/wp\/v2\/users\/1"}],"replies":[{"embeddable":true,"href":"https:\/\/inclusivenews.com.br\/index.php?rest_route=%2Fwp%2Fv2%2Fcomments&post=12645"}],"version-history":[{"count":0,"href":"https:\/\/inclusivenews.com.br\/index.php?rest_route=\/wp\/v2\/posts\/12645\/revisions"}],"wp:attachment":[{"href":"https:\/\/inclusivenews.com.br\/index.php?rest_route=%2Fwp%2Fv2%2Fmedia&parent=12645"}],"wp:term":[{"taxonomy":"category","embeddable":true,"href":"https:\/\/inclusivenews.com.br\/index.php?rest_route=%2Fwp%2Fv2%2Fcategories&post=12645"},{"taxonomy":"post_tag","embeddable":true,"href":"https:\/\/inclusivenews.com.br\/index.php?rest_route=%2Fwp%2Fv2%2Ftags&post=12645"}],"curies":[{"name":"wp","href":"https:\/\/api.w.org\/{rel}","templated":true}]}}