{"id":12646,"date":"2009-11-24T05:40:08","date_gmt":"2009-11-24T08:40:08","guid":{"rendered":"http:\/\/www.inclusive.org.br\/?p=12646"},"modified":"2009-11-24T05:40:08","modified_gmt":"2009-11-24T08:40:08","slug":"educacao-e-inclusao-social-via-postie","status":"publish","type":"post","link":"https:\/\/inclusivenews.com.br\/?p=12646","title":{"rendered":"Educa\u00e7\u00e3o e inclus\u00e3o social"},"content":{"rendered":"<p style=\"text-align: justify;\">Sabemos que a Educa\u00e7\u00e3o \u00e9 o fator maior de inclus\u00e3o social, cidadania e realiza\u00e7\u00e3o profissional. Segundo o educador brasileiro Paulo Freire, \u00e9 por meio dela que o homem se torna cidad\u00e3o e aprende a ler a realidade social como participante ativo.<\/p>\n<p style=\"text-align: justify;\">Prova disso \u00e9 a recente pesquisa da Associa\u00e7\u00e3o dos Magistrados do Brasil, Justi\u00e7a em n\u00fameros \u2013 novos \u00e2ngulos, de Maria Tereza Sadek, que revela a rela\u00e7\u00e3o direta entre o n\u00edvel de Escolaridade e a busca dos direitos na Justi\u00e7a no pa\u00eds. Sobre os resultados, a autora comenta que a alfabetiza\u00e7\u00e3o implica maior conhecimento dos direitos e as pessoas procuram mais a Justi\u00e7a. Nos estados mais pobres, com maior n\u00famero de analfabetos, h\u00e1 menor procura pela Justi\u00e7a. Segundo o presidente da AMB, as pessoas mais esclarecidas reivindicam mais os seus direitos e t\u00eam mais no\u00e7\u00e3o de cidadania. Frequentar Escola, principalmente na inf\u00e2ncia e na adolesc\u00eancia, assumindo com compromisso o processo educativo, \u00e9 de suma import\u00e2ncia. Mas, no Brasil, cerca de 1,5 milh\u00e3o de jovens entre 15 e 17 anos ainda est\u00e3o fora das Escolas ficando \u00e0 merc\u00ea do envolvimento com drogas, bebidas e criminalidade. \u00c9 certo que muitos deles buscam o mercado de trabalho, mas \u00e9 poss\u00edvel conjugar as duas atividades. Pesquisa recente do Instituto Brasileiro de Geografia e Estat\u00edstica (IBGE) apontou um aumento de 82% para 84,1% da demanda nas Escolas de ensino m\u00e9dio. O Minist\u00e9rio da Educa\u00e7\u00e3o (MEC) estuda a possibilidade de tornar o ensino obrigat\u00f3rio dos 4 aos 17 anos no Brasil e que de fato todos estejam estudando. Outro dado preocupante \u00e9 que cerca de 30% das crian\u00e7as na faixa dos 4 a 6 anos tamb\u00e9m n\u00e3o est\u00e3o matriculadas em Escolas.<\/p>\n<p style=\"text-align: justify;\">Crian\u00e7as e adolescentes fora das Escolas, como mostram os dados, criam um espa\u00e7o perigoso para o surgimento de graves problemas sociais, como ociosidade, desestrutura\u00e7\u00e3o familiar, envolvimento com drogas, bebidas, pequenos delitos, prostitui\u00e7\u00e3o e pedofilia, entre outros.<\/p>\n<p style=\"text-align: justify;\">O MEC inova em v\u00e1rios programas educativos com sucesso, como o Programa Universidade para Todos (ProUni); Exame Nacional do ensino m\u00e9dio (Enem); sistemas de cotas nas universidades, Exame Nacional de Desempenho de Estudantes (Enade), Prova Brasil, entre outros. Mas \u00e9 necess\u00e1rio avan\u00e7ar na maior inclus\u00e3o social pela Educa\u00e7\u00e3o buscando processos mais eficientes de inser\u00e7\u00e3o de crian\u00e7as e jovens em Escolas de qualidade, em que os conhecimentos estejam articulados \u00e0 realidade social dos alunos, proporcionando de fato a forma\u00e7\u00e3o de uma nova consci\u00eancia intelectual e cidad\u00e3.<\/p>\n<p style=\"text-align: justify;\">H\u00e1 discuss\u00e3o de mudan\u00e7as no enfoque te\u00f3rico-metodol\u00f3gico. De curso meramente preparador para o vestibular para uma Educa\u00e7\u00e3o geral de qualidade com bons laborat\u00f3rios e tamb\u00e9m conte\u00fados embasados na sociologia, filosofia e psicologia, que possibilitem o aprofundamento da dimens\u00e3o humana nos problemas do dia a dia: o indiv\u00edduo cidad\u00e3o, pol\u00edtico, sens\u00edvel aos direitos humanos e participante das grandes quest\u00f5es sociais da comunidade e do pa\u00eds.<\/p>\n<p style=\"text-align: justify;\">Nas universidades, importante priorizar os cursos que formam educadores \u2013 pedagogia e licenciaturas. Alocar bons mestres e doutores nessa \u00e1rea estrat\u00e9gica, e n\u00e3o professores menos qualificados. Esses cursos ainda t\u00eam pouco prest\u00edgio nas universidades. O prest\u00edgio vir\u00e1 com a valoriza\u00e7\u00e3o real da categoria, com a implanta\u00e7\u00e3o do piso nacional salarial do educador no Brasil e com essa consci\u00eancia de que a Educa\u00e7\u00e3o transforma a realidade. Importante cooptar todos os estudantes para os grandes projetos cient\u00edficos e humanit\u00e1rios, promovendo uma revolucion\u00e1ria inclus\u00e3o social pela Educa\u00e7\u00e3o de qualidade em todos os n\u00edveis de ensino, incluindo um mutir\u00e3o nacional para eliminar o analfabetismo de adultos. Com certeza, \u00e9 um projeto poss\u00edvel!<\/p>\n<p style=\"text-align: justify;\">____________________________________________________<\/p>\n<p style=\"text-align: justify;\"><strong>Fonte de informa\u00e7\u00e3o:<\/strong> <a href=\"http:\/\/www.todospelaeducacao.org.br\/Comunicacao.aspx?action=5&amp;mID=5389\">Todos Pela Educa\u00e7\u00e3o\/Estado de Minas <img loading=\"lazy\" decoding=\"async\" title=\"Link abrir\u00e1 em uma nova janela ou aba.\" src=\"http:\/\/www.inclusive.org.br\/images\/new_window.gif\" alt=\"Link abrir\u00e1 em uma nova janela ou aba.\" width=\"16\" height=\"14\" \/><\/a><\/p>\n","protected":false},"excerpt":{"rendered":"<p>Sabemos que a Educa\u00e7\u00e3o \u00e9 o fator maior de inclus\u00e3o social, cidadania e realiza\u00e7\u00e3o profissional. Prova disso \u00e9 a recente pesquisa da Associa\u00e7\u00e3o dos \u00e2ngulos, de Maria Tereza Sadek, que revela a rela\u00e7\u00e3o direta entre o n\u00edvel de Escolaridade e a busca dos direitos na Justi\u00e7a no pa\u00eds.<\/p>\n","protected":false},"author":1,"featured_media":0,"comment_status":"open","ping_status":"open","sticky":false,"template":"","format":"standard","meta":{"site-container-style":"default","site-container-layout":"default","site-sidebar-layout":"default","disable-article-header":"default","disable-site-header":"default","disable-site-footer":"default","disable-content-area-spacing":"default","footnotes":""},"categories":[6,48,4],"tags":[],"class_list":["post-12646","post","type-post","status-publish","format-standard","hentry","category-educacao","category-inclusao","category-noticias"],"yoast_head":"<!-- This site is optimized with the Yoast SEO plugin v27.4 - https:\/\/yoast.com\/product\/yoast-seo-wordpress\/ -->\n<title>Educa\u00e7\u00e3o e inclus\u00e3o social -<\/title>\n<meta name=\"robots\" content=\"index, follow, max-snippet:-1, max-image-preview:large, max-video-preview:-1\" \/>\n<link rel=\"canonical\" href=\"https:\/\/inclusivenews.com.br\/?p=12646\" \/>\n<meta property=\"og:locale\" content=\"pt_PT\" \/>\n<meta property=\"og:type\" content=\"article\" \/>\n<meta property=\"og:title\" content=\"Educa\u00e7\u00e3o e inclus\u00e3o social -\" \/>\n<meta property=\"og:description\" content=\"Sabemos que a Educa\u00e7\u00e3o \u00e9 o fator maior de inclus\u00e3o social, cidadania e realiza\u00e7\u00e3o profissional. Prova disso \u00e9 a recente pesquisa da Associa\u00e7\u00e3o dos \u00e2ngulos, de Maria Tereza Sadek, que revela a rela\u00e7\u00e3o direta entre o n\u00edvel de Escolaridade e a busca dos direitos na Justi\u00e7a no pa\u00eds.\" \/>\n<meta property=\"og:url\" content=\"https:\/\/inclusivenews.com.br\/?p=12646\" \/>\n<meta property=\"article:publisher\" content=\"https:\/\/www.facebook.com\/agenciainclusive\/\" \/>\n<meta property=\"article:published_time\" content=\"2009-11-24T08:40:08+00:00\" \/>\n<meta property=\"og:image\" content=\"http:\/\/www.inclusive.org.br\/images\/new_window.gif\" \/>\n<meta name=\"author\" content=\"inclusivenews2024\" \/>\n<meta name=\"twitter:card\" content=\"summary_large_image\" \/>\n<meta name=\"twitter:label1\" content=\"Escrito por\" \/>\n\t<meta name=\"twitter:data1\" content=\"inclusivenews2024\" \/>\n\t<meta name=\"twitter:label2\" content=\"Tempo estimado de leitura\" \/>\n\t<meta name=\"twitter:data2\" content=\"3 minutos\" \/>\n<script type=\"application\/ld+json\" class=\"yoast-schema-graph\">{\"@context\":\"https:\\\/\\\/schema.org\",\"@graph\":[{\"@type\":\"Article\",\"@id\":\"https:\\\/\\\/inclusivenews.com.br\\\/?p=12646#article\",\"isPartOf\":{\"@id\":\"https:\\\/\\\/inclusivenews.com.br\\\/?p=12646\"},\"author\":{\"name\":\"inclusivenews2024\",\"@id\":\"https:\\\/\\\/inclusivenews.com.br\\\/#\\\/schema\\\/person\\\/ae4ec7087559b8692fb33b6fffd2273b\"},\"headline\":\"Educa\u00e7\u00e3o e inclus\u00e3o social\",\"datePublished\":\"2009-11-24T08:40:08+00:00\",\"mainEntityOfPage\":{\"@id\":\"https:\\\/\\\/inclusivenews.com.br\\\/?p=12646\"},\"wordCount\":640,\"commentCount\":0,\"publisher\":{\"@id\":\"https:\\\/\\\/inclusivenews.com.br\\\/#organization\"},\"image\":{\"@id\":\"https:\\\/\\\/inclusivenews.com.br\\\/?p=12646#primaryimage\"},\"thumbnailUrl\":\"http:\\\/\\\/www.inclusive.org.br\\\/images\\\/new_window.gif\",\"articleSection\":[\"EDUCA\u00c7\u00c3O\",\"INCLUS\u00c3O SOCIAL\",\"NOT\u00cdCIAS\"],\"inLanguage\":\"pt-PT\",\"potentialAction\":[{\"@type\":\"CommentAction\",\"name\":\"Comment\",\"target\":[\"https:\\\/\\\/inclusivenews.com.br\\\/?p=12646#respond\"]}]},{\"@type\":\"WebPage\",\"@id\":\"https:\\\/\\\/inclusivenews.com.br\\\/?p=12646\",\"url\":\"https:\\\/\\\/inclusivenews.com.br\\\/?p=12646\",\"name\":\"Educa\u00e7\u00e3o e inclus\u00e3o social -\",\"isPartOf\":{\"@id\":\"https:\\\/\\\/inclusivenews.com.br\\\/#website\"},\"primaryImageOfPage\":{\"@id\":\"https:\\\/\\\/inclusivenews.com.br\\\/?p=12646#primaryimage\"},\"image\":{\"@id\":\"https:\\\/\\\/inclusivenews.com.br\\\/?p=12646#primaryimage\"},\"thumbnailUrl\":\"http:\\\/\\\/www.inclusive.org.br\\\/images\\\/new_window.gif\",\"datePublished\":\"2009-11-24T08:40:08+00:00\",\"breadcrumb\":{\"@id\":\"https:\\\/\\\/inclusivenews.com.br\\\/?p=12646#breadcrumb\"},\"inLanguage\":\"pt-PT\",\"potentialAction\":[{\"@type\":\"ReadAction\",\"target\":[\"https:\\\/\\\/inclusivenews.com.br\\\/?p=12646\"]}]},{\"@type\":\"ImageObject\",\"inLanguage\":\"pt-PT\",\"@id\":\"https:\\\/\\\/inclusivenews.com.br\\\/?p=12646#primaryimage\",\"url\":\"http:\\\/\\\/www.inclusive.org.br\\\/images\\\/new_window.gif\",\"contentUrl\":\"http:\\\/\\\/www.inclusive.org.br\\\/images\\\/new_window.gif\"},{\"@type\":\"BreadcrumbList\",\"@id\":\"https:\\\/\\\/inclusivenews.com.br\\\/?p=12646#breadcrumb\",\"itemListElement\":[{\"@type\":\"ListItem\",\"position\":1,\"name\":\"In\u00edcio\",\"item\":\"https:\\\/\\\/inclusivenews.com.br\\\/\"},{\"@type\":\"ListItem\",\"position\":2,\"name\":\"Educa\u00e7\u00e3o e inclus\u00e3o social\"}]},{\"@type\":\"WebSite\",\"@id\":\"https:\\\/\\\/inclusivenews.com.br\\\/#website\",\"url\":\"https:\\\/\\\/inclusivenews.com.br\\\/\",\"name\":\"Inclusive News\",\"description\":\"Inclusive News\",\"publisher\":{\"@id\":\"https:\\\/\\\/inclusivenews.com.br\\\/#organization\"},\"potentialAction\":[{\"@type\":\"SearchAction\",\"target\":{\"@type\":\"EntryPoint\",\"urlTemplate\":\"https:\\\/\\\/inclusivenews.com.br\\\/?s={search_term_string}\"},\"query-input\":{\"@type\":\"PropertyValueSpecification\",\"valueRequired\":true,\"valueName\":\"search_term_string\"}}],\"inLanguage\":\"pt-PT\"},{\"@type\":\"Organization\",\"@id\":\"https:\\\/\\\/inclusivenews.com.br\\\/#organization\",\"name\":\"Inclusive - inclus\u00e3o e cidadania\",\"url\":\"https:\\\/\\\/inclusivenews.com.br\\\/\",\"logo\":{\"@type\":\"ImageObject\",\"inLanguage\":\"pt-PT\",\"@id\":\"https:\\\/\\\/inclusivenews.com.br\\\/#\\\/schema\\\/logo\\\/image\\\/\",\"url\":\"https:\\\/\\\/inclusivenews.com.br\\\/wp-content\\\/uploads\\\/2024\\\/03\\\/@grandesite.png\",\"contentUrl\":\"https:\\\/\\\/inclusivenews.com.br\\\/wp-content\\\/uploads\\\/2024\\\/03\\\/@grandesite.png\",\"width\":1080,\"height\":1080,\"caption\":\"Inclusive - inclus\u00e3o e cidadania\"},\"image\":{\"@id\":\"https:\\\/\\\/inclusivenews.com.br\\\/#\\\/schema\\\/logo\\\/image\\\/\"},\"sameAs\":[\"https:\\\/\\\/www.facebook.com\\\/agenciainclusive\\\/\",\"https:\\\/\\\/www.instagram.com\\\/newsinclusive\\\/\"]},{\"@type\":\"Person\",\"@id\":\"https:\\\/\\\/inclusivenews.com.br\\\/#\\\/schema\\\/person\\\/ae4ec7087559b8692fb33b6fffd2273b\",\"name\":\"inclusivenews2024\",\"image\":{\"@type\":\"ImageObject\",\"inLanguage\":\"pt-PT\",\"@id\":\"https:\\\/\\\/secure.gravatar.com\\\/avatar\\\/c5a7ef84c66fa914f55bc4f7ce26cfa275a3b9a1c5568b907bd184fb4dde7b40?s=96&d=mm&r=g\",\"url\":\"https:\\\/\\\/secure.gravatar.com\\\/avatar\\\/c5a7ef84c66fa914f55bc4f7ce26cfa275a3b9a1c5568b907bd184fb4dde7b40?s=96&d=mm&r=g\",\"contentUrl\":\"https:\\\/\\\/secure.gravatar.com\\\/avatar\\\/c5a7ef84c66fa914f55bc4f7ce26cfa275a3b9a1c5568b907bd184fb4dde7b40?s=96&d=mm&r=g\",\"caption\":\"inclusivenews2024\"},\"sameAs\":[\"https:\\\/\\\/inclusivenews.com.br\"],\"url\":\"https:\\\/\\\/inclusivenews.com.br\\\/?author=1\"}]}<\/script>\n<!-- \/ Yoast SEO plugin. -->","yoast_head_json":{"title":"Educa\u00e7\u00e3o e inclus\u00e3o social -","robots":{"index":"index","follow":"follow","max-snippet":"max-snippet:-1","max-image-preview":"max-image-preview:large","max-video-preview":"max-video-preview:-1"},"canonical":"https:\/\/inclusivenews.com.br\/?p=12646","og_locale":"pt_PT","og_type":"article","og_title":"Educa\u00e7\u00e3o e inclus\u00e3o social -","og_description":"Sabemos que a Educa\u00e7\u00e3o \u00e9 o fator maior de inclus\u00e3o social, cidadania e realiza\u00e7\u00e3o profissional. Prova disso \u00e9 a recente pesquisa da Associa\u00e7\u00e3o dos \u00e2ngulos, de Maria Tereza Sadek, que revela a rela\u00e7\u00e3o direta entre o n\u00edvel de Escolaridade e a busca dos direitos na Justi\u00e7a no pa\u00eds.","og_url":"https:\/\/inclusivenews.com.br\/?p=12646","article_publisher":"https:\/\/www.facebook.com\/agenciainclusive\/","article_published_time":"2009-11-24T08:40:08+00:00","og_image":[{"url":"http:\/\/www.inclusive.org.br\/images\/new_window.gif","type":"","width":"","height":""}],"author":"inclusivenews2024","twitter_card":"summary_large_image","twitter_misc":{"Escrito por":"inclusivenews2024","Tempo estimado de leitura":"3 minutos"},"schema":{"@context":"https:\/\/schema.org","@graph":[{"@type":"Article","@id":"https:\/\/inclusivenews.com.br\/?p=12646#article","isPartOf":{"@id":"https:\/\/inclusivenews.com.br\/?p=12646"},"author":{"name":"inclusivenews2024","@id":"https:\/\/inclusivenews.com.br\/#\/schema\/person\/ae4ec7087559b8692fb33b6fffd2273b"},"headline":"Educa\u00e7\u00e3o e inclus\u00e3o social","datePublished":"2009-11-24T08:40:08+00:00","mainEntityOfPage":{"@id":"https:\/\/inclusivenews.com.br\/?p=12646"},"wordCount":640,"commentCount":0,"publisher":{"@id":"https:\/\/inclusivenews.com.br\/#organization"},"image":{"@id":"https:\/\/inclusivenews.com.br\/?p=12646#primaryimage"},"thumbnailUrl":"http:\/\/www.inclusive.org.br\/images\/new_window.gif","articleSection":["EDUCA\u00c7\u00c3O","INCLUS\u00c3O SOCIAL","NOT\u00cdCIAS"],"inLanguage":"pt-PT","potentialAction":[{"@type":"CommentAction","name":"Comment","target":["https:\/\/inclusivenews.com.br\/?p=12646#respond"]}]},{"@type":"WebPage","@id":"https:\/\/inclusivenews.com.br\/?p=12646","url":"https:\/\/inclusivenews.com.br\/?p=12646","name":"Educa\u00e7\u00e3o e inclus\u00e3o social -","isPartOf":{"@id":"https:\/\/inclusivenews.com.br\/#website"},"primaryImageOfPage":{"@id":"https:\/\/inclusivenews.com.br\/?p=12646#primaryimage"},"image":{"@id":"https:\/\/inclusivenews.com.br\/?p=12646#primaryimage"},"thumbnailUrl":"http:\/\/www.inclusive.org.br\/images\/new_window.gif","datePublished":"2009-11-24T08:40:08+00:00","breadcrumb":{"@id":"https:\/\/inclusivenews.com.br\/?p=12646#breadcrumb"},"inLanguage":"pt-PT","potentialAction":[{"@type":"ReadAction","target":["https:\/\/inclusivenews.com.br\/?p=12646"]}]},{"@type":"ImageObject","inLanguage":"pt-PT","@id":"https:\/\/inclusivenews.com.br\/?p=12646#primaryimage","url":"http:\/\/www.inclusive.org.br\/images\/new_window.gif","contentUrl":"http:\/\/www.inclusive.org.br\/images\/new_window.gif"},{"@type":"BreadcrumbList","@id":"https:\/\/inclusivenews.com.br\/?p=12646#breadcrumb","itemListElement":[{"@type":"ListItem","position":1,"name":"In\u00edcio","item":"https:\/\/inclusivenews.com.br\/"},{"@type":"ListItem","position":2,"name":"Educa\u00e7\u00e3o e inclus\u00e3o social"}]},{"@type":"WebSite","@id":"https:\/\/inclusivenews.com.br\/#website","url":"https:\/\/inclusivenews.com.br\/","name":"Inclusive News","description":"Inclusive News","publisher":{"@id":"https:\/\/inclusivenews.com.br\/#organization"},"potentialAction":[{"@type":"SearchAction","target":{"@type":"EntryPoint","urlTemplate":"https:\/\/inclusivenews.com.br\/?s={search_term_string}"},"query-input":{"@type":"PropertyValueSpecification","valueRequired":true,"valueName":"search_term_string"}}],"inLanguage":"pt-PT"},{"@type":"Organization","@id":"https:\/\/inclusivenews.com.br\/#organization","name":"Inclusive - inclus\u00e3o e cidadania","url":"https:\/\/inclusivenews.com.br\/","logo":{"@type":"ImageObject","inLanguage":"pt-PT","@id":"https:\/\/inclusivenews.com.br\/#\/schema\/logo\/image\/","url":"https:\/\/inclusivenews.com.br\/wp-content\/uploads\/2024\/03\/@grandesite.png","contentUrl":"https:\/\/inclusivenews.com.br\/wp-content\/uploads\/2024\/03\/@grandesite.png","width":1080,"height":1080,"caption":"Inclusive - inclus\u00e3o e cidadania"},"image":{"@id":"https:\/\/inclusivenews.com.br\/#\/schema\/logo\/image\/"},"sameAs":["https:\/\/www.facebook.com\/agenciainclusive\/","https:\/\/www.instagram.com\/newsinclusive\/"]},{"@type":"Person","@id":"https:\/\/inclusivenews.com.br\/#\/schema\/person\/ae4ec7087559b8692fb33b6fffd2273b","name":"inclusivenews2024","image":{"@type":"ImageObject","inLanguage":"pt-PT","@id":"https:\/\/secure.gravatar.com\/avatar\/c5a7ef84c66fa914f55bc4f7ce26cfa275a3b9a1c5568b907bd184fb4dde7b40?s=96&d=mm&r=g","url":"https:\/\/secure.gravatar.com\/avatar\/c5a7ef84c66fa914f55bc4f7ce26cfa275a3b9a1c5568b907bd184fb4dde7b40?s=96&d=mm&r=g","contentUrl":"https:\/\/secure.gravatar.com\/avatar\/c5a7ef84c66fa914f55bc4f7ce26cfa275a3b9a1c5568b907bd184fb4dde7b40?s=96&d=mm&r=g","caption":"inclusivenews2024"},"sameAs":["https:\/\/inclusivenews.com.br"],"url":"https:\/\/inclusivenews.com.br\/?author=1"}]}},"_links":{"self":[{"href":"https:\/\/inclusivenews.com.br\/index.php?rest_route=\/wp\/v2\/posts\/12646","targetHints":{"allow":["GET"]}}],"collection":[{"href":"https:\/\/inclusivenews.com.br\/index.php?rest_route=\/wp\/v2\/posts"}],"about":[{"href":"https:\/\/inclusivenews.com.br\/index.php?rest_route=\/wp\/v2\/types\/post"}],"author":[{"embeddable":true,"href":"https:\/\/inclusivenews.com.br\/index.php?rest_route=\/wp\/v2\/users\/1"}],"replies":[{"embeddable":true,"href":"https:\/\/inclusivenews.com.br\/index.php?rest_route=%2Fwp%2Fv2%2Fcomments&post=12646"}],"version-history":[{"count":0,"href":"https:\/\/inclusivenews.com.br\/index.php?rest_route=\/wp\/v2\/posts\/12646\/revisions"}],"wp:attachment":[{"href":"https:\/\/inclusivenews.com.br\/index.php?rest_route=%2Fwp%2Fv2%2Fmedia&parent=12646"}],"wp:term":[{"taxonomy":"category","embeddable":true,"href":"https:\/\/inclusivenews.com.br\/index.php?rest_route=%2Fwp%2Fv2%2Fcategories&post=12646"},{"taxonomy":"post_tag","embeddable":true,"href":"https:\/\/inclusivenews.com.br\/index.php?rest_route=%2Fwp%2Fv2%2Ftags&post=12646"}],"curies":[{"name":"wp","href":"https:\/\/api.w.org\/{rel}","templated":true}]}}