{"id":12680,"date":"2009-11-24T10:25:35","date_gmt":"2009-11-24T13:25:35","guid":{"rendered":"http:\/\/www.inclusive.org.br\/?p=12680"},"modified":"2009-11-24T10:25:35","modified_gmt":"2009-11-24T13:25:35","slug":"tecnologia-e-inovacao-para-pessoas-com-deficiencia-e-tema-de-evento","status":"publish","type":"post","link":"https:\/\/inclusivenews.com.br\/?p=12680","title":{"rendered":"Tecnologia e inova\u00e7\u00e3o para pessoas com defici\u00eancia \u00e9 tema de evento"},"content":{"rendered":"<p style=\"text-align: justify;\"><span style=\"FONT-FAMILY: Arial,Helvetica,sans-serif\"><strong>CONVITE PARA O EVENTO<\/strong><\/span><\/p>\n<p style=\"text-align: justify;\"><span style=\"FONT-FAMILY: Arial,Helvetica,sans-serif\"><span style=\"FONT-FAMILY: Arial,Helvetica,sans-serif\"><em>\u201cTecnologia e Inova\u00e7\u00e3o para Pessoas com Defici\u00eancias\u201d, no WTC do Convention Center, em S\u00e3o Paulo<\/em><\/span><br \/>\n<\/span><\/p>\n<p style=\"text-align: justify;\"><span style=\"FONT-FAMILY: Arial,Helvetica,sans-serif\"><a href=\"http:\/\/www.inclusivenews.com.br\/wp-content\/uploads\/2009\/11\/logo_encontro_internacional.jpg\"><img loading=\"lazy\" decoding=\"async\" class=\"alignleft size-full wp-image-12687\" title=\"ENCONTRO INTERNACIONAL\" src=\"http:\/\/inclusivenews.com.br\/wp-content\/uploads\/2009\/11\/logo_encontro_internacional.jpg\" alt=\"ENCONTRO INTERNACIONAL\" width=\"227\" height=\"217\" \/><\/a>\u00c9 com prazer que o convidamos para o Evento que a Secretaria de Estado dos Direitos das Pessoas com Defici\u00eancia promover\u00e1 no WTC \u2013 Convention Center, nos dias 8, 9 e 10 de dezembro, (site: <a href=\"http:\/\/www.simparatodos.com.br\/\" target=\"_blank\" rel=\"noopener\">www.simparatodos.com.br<\/a>).<\/span><\/p>\n<p style=\"text-align: justify;\"><span style=\"FONT-FAMILY: Arial,Helvetica,sans-serif\">O assunto principal do evento ser\u00e1 \u201cComo \u00e9 poss\u00edvel melhorar a qualidade de vida dos Deficientes\u201d, considerando os impressionantes dados atuais:\u00a0 <\/span><\/p>\n<p style=\"text-align: justify;\"><span style=\"FONT-FAMILY: Arial,Helvetica,sans-serif\">1) O Brasil \u00e9 um pa\u00eds com 26 milh\u00f5es de deficientes, 14% de sua popula\u00e7\u00e3o.<\/span><\/p>\n<p style=\"text-align: justify;\"><span style=\"FONT-FAMILY: Arial,Helvetica,sans-serif\">2) Considerando que, em m\u00e9dia, em cada fam\u00edlia com deficiente, tr\u00eas parentes s\u00e3o mais chegados a ele, reconhecemos mais 78 milh\u00f5es de brasileiros envolvidos nesse problema. Conclus\u00e3o: o total das pessoas atingidas, direta ou indiretamente, por casos de defici\u00eancia, \u00e9 superior a metade da popula\u00e7\u00e3o do nosso pa\u00eds.<\/span><\/p>\n<p style=\"text-align: justify;\"><span style=\"FONT-FAMILY: Arial,Helvetica,sans-serif\">O assunto \u00e9 t\u00e3o s\u00e9rio e importante que o atual governador de S\u00e3o Paulo, Jos\u00e9 Serra, criou uma \u201cSecretaria dos Direitos das Pessoas com Defici\u00eancias\u201d e nomeou a Prof\u00aa. Dra. Linamara Rizzo Battistella como sua Secret\u00e1ria.<\/span><\/p>\n<p style=\"text-align: justify;\"><span style=\"FONT-FAMILY: Arial,Helvetica,sans-serif\">Para apoiar o movimento em favor dos deficientes, em todo o Estado de S\u00e3o Paulo, a Secretaria lan\u00e7ara, em dezembro, um livro de auto ajuda, com a participa\u00e7\u00e3o de 28 especialistas da USP, sobre os tipos mais graves de defici\u00eancia, os tratamentos mais adequados, os aparelhos recomendados e o comportamento de membros da fam\u00edlia como cuidadores. <\/span><\/p>\n<p style=\"text-align: justify;\"><span style=\"FONT-FAMILY: Arial,Helvetica,sans-serif\">O livro ser\u00e1 acompanhado de um CD, no esquema \u201caudiobook\u201d, com todos os temas da obra. O t\u00edtulo ser\u00e1 o mesmo do evento: A Secretaria enviar\u00e1 exemplares do livro para 670 prefeitos, a fim de orient\u00e1-los, principalmente, num cap\u00edtulo muito importante: melhorar a arquitetura dos passeios p\u00fablicos e dos edif\u00edcios freq\u00fcentados pelos deficientes, desde uma secretaria da prefeitura at\u00e9 o entretenimento em cinema, teatro, locais de eventos, festas e no com\u00e9rcio em geral. <\/span><\/p>\n<p style=\"text-align: justify;\"><span style=\"FONT-FAMILY: Arial,Helvetica,sans-serif\"><strong>O QUE N\u00d3S PODEMOS FAZER PARA AJUDAR A REALIZAR O OBJETIVO DA SECRETARIA E APOIAR O MOVIMENTO EM FAVOR DOS DEFICIENTES?<\/strong><\/span><\/p>\n<p style=\"text-align: justify;\"><span style=\"FONT-FAMILY: Arial,Helvetica,sans-serif\">A fim de esclarecer a Sociedade e difundir os conhecimentos dos 28 especialistas participantes do livro, lhe oferecemos a oportunidade de adquirir, a um pre\u00e7o muito especial, uma determinada quantidade personalizada de exemplares do livro, numa edi\u00e7\u00e3o especial, em primeira m\u00e3o, para distribui\u00e7\u00e3o atrav\u00e9s de seus mailings de clientes e para entrega a seus funcion\u00e1rios<\/span><\/p>\n<p style=\"text-align: justify;\"><span style=\"FONT-FAMILY: Arial,Helvetica,sans-serif\">Temos a certeza que, em troca de um pequeno valor, voc\u00ea e sua empresa estar\u00e3o efetuando uma a\u00e7\u00e3o e uma ajuda muito forte, em benef\u00edcio dos deficientes e de suas fam\u00edlias. <\/span><\/p>\n<p style=\"text-align: justify;\"><span style=\"FONT-FAMILY: Arial,Helvetica,sans-serif\">Aguardamos seu contato por email ou telefone, confirmando sua participa\u00e7\u00e3o e seu apoio, a fim de acertarmos a quantidade de exemplares desejada, a personaliza\u00e7\u00e3o de sua empresa, nesse reparte, e o sistema de entrega a voc\u00ea.<\/span><\/p>\n<p style=\"text-align: justify;\"><span style=\"FONT-FAMILY: Arial,Helvetica,sans-serif\">Um abra\u00e7o,<\/span><\/p>\n<p style=\"text-align: justify;\"><span style=\"FONT-FAMILY: Arial,Helvetica,sans-serif\">Roberto Marques<\/span><br \/>\n<a href=\"mailto:roberto@bancodeideias.com\"><span style=\"FONT-FAMILY: Arial,Helvetica,sans-serif\">roberto@bancodeideias.com<\/span><\/a><br \/>\n<span style=\"FONT-FAMILY: Arial,Helvetica,sans-serif\">Expert Editora \u2013 Banco de Ideias<\/span><br \/>\n<span style=\"FONT-FAMILY: Arial,Helvetica,sans-serif\">(11) 3129-7200<\/span><br \/>\n<span style=\"FONT-FAMILY: Arial,Helvetica,sans-serif\">Coordena\u00e7\u00e3o do Projeto Editorial da Secretaria dos Direitos das Pessoas com Defici\u00eancia<\/span><\/p>\n<p style=\"text-align: justify;\">______________________________________________<\/p>\n<p style=\"text-align: justify;\"><strong>Fonte de informa\u00e7\u00e3o:<\/strong> <a href=\"http:\/\/apoiosocialbrasil.blogspot.com\/2009\/11\/tecnologia-e-inovacao-para-pessoas-com.html\" target=\"_blank\" rel=\"noopener\">Apoio Social Brasil<img loading=\"lazy\" decoding=\"async\" title=\"Link abrir\u00e1 em uma nova janela ou aba.\" src=\"http:\/\/www.inclusive.org.br\/images\/new_window.gif\" alt=\"Link abrir\u00e1 em uma nova janela ou aba.\" width=\"16\" height=\"14\" \/><\/a><\/p>\n<p style=\"text-align: justify;\"><span style=\"FONT-FAMILY: Arial,Helvetica,sans-serif\">\u00a0<\/span><\/p>\n<p style=\"text-align: justify;\">\u00a0<\/p>\n","protected":false},"excerpt":{"rendered":"<p>O assunto principal do evento ser\u00e1 \u201cComo \u00e9 poss\u00edvel melhorar a qualidade de vida dos Deficientes\u201d<\/p>\n","protected":false},"author":1,"featured_media":0,"comment_status":"open","ping_status":"open","sticky":false,"template":"","format":"standard","meta":{"site-container-style":"default","site-container-layout":"default","site-sidebar-layout":"default","disable-article-header":"default","disable-site-header":"default","disable-site-footer":"default","disable-content-area-spacing":"default","footnotes":""},"categories":[12,38,4],"tags":[],"class_list":["post-12680","post","type-post","status-publish","format-standard","hentry","category-cursos-e-eventos","category-deficiencia","category-noticias"],"yoast_head":"<!-- This site is optimized with the Yoast SEO plugin v27.4 - https:\/\/yoast.com\/product\/yoast-seo-wordpress\/ -->\n<title>Tecnologia e inova\u00e7\u00e3o para pessoas com defici\u00eancia \u00e9 tema de evento -<\/title>\n<meta name=\"robots\" content=\"index, follow, max-snippet:-1, max-image-preview:large, max-video-preview:-1\" \/>\n<link rel=\"canonical\" href=\"https:\/\/inclusivenews.com.br\/?p=12680\" \/>\n<meta property=\"og:locale\" content=\"pt_PT\" \/>\n<meta property=\"og:type\" content=\"article\" \/>\n<meta property=\"og:title\" content=\"Tecnologia e inova\u00e7\u00e3o para pessoas com defici\u00eancia \u00e9 tema de evento -\" \/>\n<meta property=\"og:description\" content=\"O assunto principal do evento ser\u00e1 \u201cComo \u00e9 poss\u00edvel melhorar a qualidade de vida dos Deficientes\u201d\" \/>\n<meta property=\"og:url\" content=\"https:\/\/inclusivenews.com.br\/?p=12680\" \/>\n<meta property=\"article:publisher\" content=\"https:\/\/www.facebook.com\/agenciainclusive\/\" \/>\n<meta property=\"article:published_time\" content=\"2009-11-24T13:25:35+00:00\" \/>\n<meta property=\"og:image\" content=\"http:\/\/inclusivenews.com.br\/wp-content\/uploads\/2009\/11\/logo_encontro_internacional.jpg\" \/>\n<meta name=\"author\" content=\"inclusivenews2024\" \/>\n<meta name=\"twitter:card\" content=\"summary_large_image\" \/>\n<meta name=\"twitter:label1\" content=\"Escrito por\" \/>\n\t<meta name=\"twitter:data1\" content=\"inclusivenews2024\" \/>\n\t<meta name=\"twitter:label2\" content=\"Tempo estimado de leitura\" \/>\n\t<meta name=\"twitter:data2\" content=\"3 minutos\" \/>\n<script type=\"application\/ld+json\" class=\"yoast-schema-graph\">{\"@context\":\"https:\\\/\\\/schema.org\",\"@graph\":[{\"@type\":\"Article\",\"@id\":\"https:\\\/\\\/inclusivenews.com.br\\\/?p=12680#article\",\"isPartOf\":{\"@id\":\"https:\\\/\\\/inclusivenews.com.br\\\/?p=12680\"},\"author\":{\"name\":\"inclusivenews2024\",\"@id\":\"https:\\\/\\\/inclusivenews.com.br\\\/#\\\/schema\\\/person\\\/ae4ec7087559b8692fb33b6fffd2273b\"},\"headline\":\"Tecnologia e inova\u00e7\u00e3o para pessoas com defici\u00eancia \u00e9 tema de evento\",\"datePublished\":\"2009-11-24T13:25:35+00:00\",\"mainEntityOfPage\":{\"@id\":\"https:\\\/\\\/inclusivenews.com.br\\\/?p=12680\"},\"wordCount\":527,\"commentCount\":0,\"publisher\":{\"@id\":\"https:\\\/\\\/inclusivenews.com.br\\\/#organization\"},\"image\":{\"@id\":\"https:\\\/\\\/inclusivenews.com.br\\\/?p=12680#primaryimage\"},\"thumbnailUrl\":\"http:\\\/\\\/inclusivenews.com.br\\\/wp-content\\\/uploads\\\/2009\\\/11\\\/logo_encontro_internacional.jpg\",\"articleSection\":[\"Cursos e eventos\",\"Defici\u00eancia\",\"NOT\u00cdCIAS\"],\"inLanguage\":\"pt-PT\",\"potentialAction\":[{\"@type\":\"CommentAction\",\"name\":\"Comment\",\"target\":[\"https:\\\/\\\/inclusivenews.com.br\\\/?p=12680#respond\"]}]},{\"@type\":\"WebPage\",\"@id\":\"https:\\\/\\\/inclusivenews.com.br\\\/?p=12680\",\"url\":\"https:\\\/\\\/inclusivenews.com.br\\\/?p=12680\",\"name\":\"Tecnologia e inova\u00e7\u00e3o para pessoas com defici\u00eancia \u00e9 tema de evento -\",\"isPartOf\":{\"@id\":\"https:\\\/\\\/inclusivenews.com.br\\\/#website\"},\"primaryImageOfPage\":{\"@id\":\"https:\\\/\\\/inclusivenews.com.br\\\/?p=12680#primaryimage\"},\"image\":{\"@id\":\"https:\\\/\\\/inclusivenews.com.br\\\/?p=12680#primaryimage\"},\"thumbnailUrl\":\"http:\\\/\\\/inclusivenews.com.br\\\/wp-content\\\/uploads\\\/2009\\\/11\\\/logo_encontro_internacional.jpg\",\"datePublished\":\"2009-11-24T13:25:35+00:00\",\"breadcrumb\":{\"@id\":\"https:\\\/\\\/inclusivenews.com.br\\\/?p=12680#breadcrumb\"},\"inLanguage\":\"pt-PT\",\"potentialAction\":[{\"@type\":\"ReadAction\",\"target\":[\"https:\\\/\\\/inclusivenews.com.br\\\/?p=12680\"]}]},{\"@type\":\"ImageObject\",\"inLanguage\":\"pt-PT\",\"@id\":\"https:\\\/\\\/inclusivenews.com.br\\\/?p=12680#primaryimage\",\"url\":\"https:\\\/\\\/inclusivenews.com.br\\\/wp-content\\\/uploads\\\/2009\\\/11\\\/logo_encontro_internacional.jpg\",\"contentUrl\":\"https:\\\/\\\/inclusivenews.com.br\\\/wp-content\\\/uploads\\\/2009\\\/11\\\/logo_encontro_internacional.jpg\",\"width\":397,\"height\":358},{\"@type\":\"BreadcrumbList\",\"@id\":\"https:\\\/\\\/inclusivenews.com.br\\\/?p=12680#breadcrumb\",\"itemListElement\":[{\"@type\":\"ListItem\",\"position\":1,\"name\":\"In\u00edcio\",\"item\":\"https:\\\/\\\/inclusivenews.com.br\\\/\"},{\"@type\":\"ListItem\",\"position\":2,\"name\":\"Tecnologia e inova\u00e7\u00e3o para pessoas com defici\u00eancia \u00e9 tema de evento\"}]},{\"@type\":\"WebSite\",\"@id\":\"https:\\\/\\\/inclusivenews.com.br\\\/#website\",\"url\":\"https:\\\/\\\/inclusivenews.com.br\\\/\",\"name\":\"Inclusive News\",\"description\":\"Inclusive News\",\"publisher\":{\"@id\":\"https:\\\/\\\/inclusivenews.com.br\\\/#organization\"},\"potentialAction\":[{\"@type\":\"SearchAction\",\"target\":{\"@type\":\"EntryPoint\",\"urlTemplate\":\"https:\\\/\\\/inclusivenews.com.br\\\/?s={search_term_string}\"},\"query-input\":{\"@type\":\"PropertyValueSpecification\",\"valueRequired\":true,\"valueName\":\"search_term_string\"}}],\"inLanguage\":\"pt-PT\"},{\"@type\":\"Organization\",\"@id\":\"https:\\\/\\\/inclusivenews.com.br\\\/#organization\",\"name\":\"Inclusive - inclus\u00e3o e cidadania\",\"url\":\"https:\\\/\\\/inclusivenews.com.br\\\/\",\"logo\":{\"@type\":\"ImageObject\",\"inLanguage\":\"pt-PT\",\"@id\":\"https:\\\/\\\/inclusivenews.com.br\\\/#\\\/schema\\\/logo\\\/image\\\/\",\"url\":\"https:\\\/\\\/inclusivenews.com.br\\\/wp-content\\\/uploads\\\/2024\\\/03\\\/@grandesite.png\",\"contentUrl\":\"https:\\\/\\\/inclusivenews.com.br\\\/wp-content\\\/uploads\\\/2024\\\/03\\\/@grandesite.png\",\"width\":1080,\"height\":1080,\"caption\":\"Inclusive - inclus\u00e3o e cidadania\"},\"image\":{\"@id\":\"https:\\\/\\\/inclusivenews.com.br\\\/#\\\/schema\\\/logo\\\/image\\\/\"},\"sameAs\":[\"https:\\\/\\\/www.facebook.com\\\/agenciainclusive\\\/\",\"https:\\\/\\\/www.instagram.com\\\/newsinclusive\\\/\"]},{\"@type\":\"Person\",\"@id\":\"https:\\\/\\\/inclusivenews.com.br\\\/#\\\/schema\\\/person\\\/ae4ec7087559b8692fb33b6fffd2273b\",\"name\":\"inclusivenews2024\",\"image\":{\"@type\":\"ImageObject\",\"inLanguage\":\"pt-PT\",\"@id\":\"https:\\\/\\\/secure.gravatar.com\\\/avatar\\\/c5a7ef84c66fa914f55bc4f7ce26cfa275a3b9a1c5568b907bd184fb4dde7b40?s=96&d=mm&r=g\",\"url\":\"https:\\\/\\\/secure.gravatar.com\\\/avatar\\\/c5a7ef84c66fa914f55bc4f7ce26cfa275a3b9a1c5568b907bd184fb4dde7b40?s=96&d=mm&r=g\",\"contentUrl\":\"https:\\\/\\\/secure.gravatar.com\\\/avatar\\\/c5a7ef84c66fa914f55bc4f7ce26cfa275a3b9a1c5568b907bd184fb4dde7b40?s=96&d=mm&r=g\",\"caption\":\"inclusivenews2024\"},\"sameAs\":[\"https:\\\/\\\/inclusivenews.com.br\"],\"url\":\"https:\\\/\\\/inclusivenews.com.br\\\/?author=1\"}]}<\/script>\n<!-- \/ Yoast SEO plugin. -->","yoast_head_json":{"title":"Tecnologia e inova\u00e7\u00e3o para pessoas com defici\u00eancia \u00e9 tema de evento -","robots":{"index":"index","follow":"follow","max-snippet":"max-snippet:-1","max-image-preview":"max-image-preview:large","max-video-preview":"max-video-preview:-1"},"canonical":"https:\/\/inclusivenews.com.br\/?p=12680","og_locale":"pt_PT","og_type":"article","og_title":"Tecnologia e inova\u00e7\u00e3o para pessoas com defici\u00eancia \u00e9 tema de evento -","og_description":"O assunto principal do evento ser\u00e1 \u201cComo \u00e9 poss\u00edvel melhorar a qualidade de vida dos Deficientes\u201d","og_url":"https:\/\/inclusivenews.com.br\/?p=12680","article_publisher":"https:\/\/www.facebook.com\/agenciainclusive\/","article_published_time":"2009-11-24T13:25:35+00:00","og_image":[{"url":"http:\/\/inclusivenews.com.br\/wp-content\/uploads\/2009\/11\/logo_encontro_internacional.jpg","type":"","width":"","height":""}],"author":"inclusivenews2024","twitter_card":"summary_large_image","twitter_misc":{"Escrito por":"inclusivenews2024","Tempo estimado de leitura":"3 minutos"},"schema":{"@context":"https:\/\/schema.org","@graph":[{"@type":"Article","@id":"https:\/\/inclusivenews.com.br\/?p=12680#article","isPartOf":{"@id":"https:\/\/inclusivenews.com.br\/?p=12680"},"author":{"name":"inclusivenews2024","@id":"https:\/\/inclusivenews.com.br\/#\/schema\/person\/ae4ec7087559b8692fb33b6fffd2273b"},"headline":"Tecnologia e inova\u00e7\u00e3o para pessoas com defici\u00eancia \u00e9 tema de evento","datePublished":"2009-11-24T13:25:35+00:00","mainEntityOfPage":{"@id":"https:\/\/inclusivenews.com.br\/?p=12680"},"wordCount":527,"commentCount":0,"publisher":{"@id":"https:\/\/inclusivenews.com.br\/#organization"},"image":{"@id":"https:\/\/inclusivenews.com.br\/?p=12680#primaryimage"},"thumbnailUrl":"http:\/\/inclusivenews.com.br\/wp-content\/uploads\/2009\/11\/logo_encontro_internacional.jpg","articleSection":["Cursos e eventos","Defici\u00eancia","NOT\u00cdCIAS"],"inLanguage":"pt-PT","potentialAction":[{"@type":"CommentAction","name":"Comment","target":["https:\/\/inclusivenews.com.br\/?p=12680#respond"]}]},{"@type":"WebPage","@id":"https:\/\/inclusivenews.com.br\/?p=12680","url":"https:\/\/inclusivenews.com.br\/?p=12680","name":"Tecnologia e inova\u00e7\u00e3o para pessoas com defici\u00eancia \u00e9 tema de evento -","isPartOf":{"@id":"https:\/\/inclusivenews.com.br\/#website"},"primaryImageOfPage":{"@id":"https:\/\/inclusivenews.com.br\/?p=12680#primaryimage"},"image":{"@id":"https:\/\/inclusivenews.com.br\/?p=12680#primaryimage"},"thumbnailUrl":"http:\/\/inclusivenews.com.br\/wp-content\/uploads\/2009\/11\/logo_encontro_internacional.jpg","datePublished":"2009-11-24T13:25:35+00:00","breadcrumb":{"@id":"https:\/\/inclusivenews.com.br\/?p=12680#breadcrumb"},"inLanguage":"pt-PT","potentialAction":[{"@type":"ReadAction","target":["https:\/\/inclusivenews.com.br\/?p=12680"]}]},{"@type":"ImageObject","inLanguage":"pt-PT","@id":"https:\/\/inclusivenews.com.br\/?p=12680#primaryimage","url":"https:\/\/inclusivenews.com.br\/wp-content\/uploads\/2009\/11\/logo_encontro_internacional.jpg","contentUrl":"https:\/\/inclusivenews.com.br\/wp-content\/uploads\/2009\/11\/logo_encontro_internacional.jpg","width":397,"height":358},{"@type":"BreadcrumbList","@id":"https:\/\/inclusivenews.com.br\/?p=12680#breadcrumb","itemListElement":[{"@type":"ListItem","position":1,"name":"In\u00edcio","item":"https:\/\/inclusivenews.com.br\/"},{"@type":"ListItem","position":2,"name":"Tecnologia e inova\u00e7\u00e3o para pessoas com defici\u00eancia \u00e9 tema de evento"}]},{"@type":"WebSite","@id":"https:\/\/inclusivenews.com.br\/#website","url":"https:\/\/inclusivenews.com.br\/","name":"Inclusive News","description":"Inclusive News","publisher":{"@id":"https:\/\/inclusivenews.com.br\/#organization"},"potentialAction":[{"@type":"SearchAction","target":{"@type":"EntryPoint","urlTemplate":"https:\/\/inclusivenews.com.br\/?s={search_term_string}"},"query-input":{"@type":"PropertyValueSpecification","valueRequired":true,"valueName":"search_term_string"}}],"inLanguage":"pt-PT"},{"@type":"Organization","@id":"https:\/\/inclusivenews.com.br\/#organization","name":"Inclusive - inclus\u00e3o e cidadania","url":"https:\/\/inclusivenews.com.br\/","logo":{"@type":"ImageObject","inLanguage":"pt-PT","@id":"https:\/\/inclusivenews.com.br\/#\/schema\/logo\/image\/","url":"https:\/\/inclusivenews.com.br\/wp-content\/uploads\/2024\/03\/@grandesite.png","contentUrl":"https:\/\/inclusivenews.com.br\/wp-content\/uploads\/2024\/03\/@grandesite.png","width":1080,"height":1080,"caption":"Inclusive - inclus\u00e3o e cidadania"},"image":{"@id":"https:\/\/inclusivenews.com.br\/#\/schema\/logo\/image\/"},"sameAs":["https:\/\/www.facebook.com\/agenciainclusive\/","https:\/\/www.instagram.com\/newsinclusive\/"]},{"@type":"Person","@id":"https:\/\/inclusivenews.com.br\/#\/schema\/person\/ae4ec7087559b8692fb33b6fffd2273b","name":"inclusivenews2024","image":{"@type":"ImageObject","inLanguage":"pt-PT","@id":"https:\/\/secure.gravatar.com\/avatar\/c5a7ef84c66fa914f55bc4f7ce26cfa275a3b9a1c5568b907bd184fb4dde7b40?s=96&d=mm&r=g","url":"https:\/\/secure.gravatar.com\/avatar\/c5a7ef84c66fa914f55bc4f7ce26cfa275a3b9a1c5568b907bd184fb4dde7b40?s=96&d=mm&r=g","contentUrl":"https:\/\/secure.gravatar.com\/avatar\/c5a7ef84c66fa914f55bc4f7ce26cfa275a3b9a1c5568b907bd184fb4dde7b40?s=96&d=mm&r=g","caption":"inclusivenews2024"},"sameAs":["https:\/\/inclusivenews.com.br"],"url":"https:\/\/inclusivenews.com.br\/?author=1"}]}},"_links":{"self":[{"href":"https:\/\/inclusivenews.com.br\/index.php?rest_route=\/wp\/v2\/posts\/12680","targetHints":{"allow":["GET"]}}],"collection":[{"href":"https:\/\/inclusivenews.com.br\/index.php?rest_route=\/wp\/v2\/posts"}],"about":[{"href":"https:\/\/inclusivenews.com.br\/index.php?rest_route=\/wp\/v2\/types\/post"}],"author":[{"embeddable":true,"href":"https:\/\/inclusivenews.com.br\/index.php?rest_route=\/wp\/v2\/users\/1"}],"replies":[{"embeddable":true,"href":"https:\/\/inclusivenews.com.br\/index.php?rest_route=%2Fwp%2Fv2%2Fcomments&post=12680"}],"version-history":[{"count":0,"href":"https:\/\/inclusivenews.com.br\/index.php?rest_route=\/wp\/v2\/posts\/12680\/revisions"}],"wp:attachment":[{"href":"https:\/\/inclusivenews.com.br\/index.php?rest_route=%2Fwp%2Fv2%2Fmedia&parent=12680"}],"wp:term":[{"taxonomy":"category","embeddable":true,"href":"https:\/\/inclusivenews.com.br\/index.php?rest_route=%2Fwp%2Fv2%2Fcategories&post=12680"},{"taxonomy":"post_tag","embeddable":true,"href":"https:\/\/inclusivenews.com.br\/index.php?rest_route=%2Fwp%2Fv2%2Ftags&post=12680"}],"curies":[{"name":"wp","href":"https:\/\/api.w.org\/{rel}","templated":true}]}}