{"id":12684,"date":"2009-11-26T07:00:24","date_gmt":"2009-11-26T10:00:24","guid":{"rendered":"http:\/\/www.inclusive.org.br\/?p=12684"},"modified":"2009-11-26T07:00:24","modified_gmt":"2009-11-26T10:00:24","slug":"um-novo-modelo-de-ensino-para-o-seculo-xxi-por-gil-pena","status":"publish","type":"post","link":"https:\/\/inclusivenews.com.br\/?p=12684","title":{"rendered":"Um novo modelo de ensino para o s\u00e9culo XXI, por Gil Pena"},"content":{"rendered":"<div class=\"mceTemp\">\n<dl id=\"attachment_12685\" class=\"wp-caption alignleft\" style=\"width: 283px;\">\n<dt class=\"wp-caption-dt\"><a href=\"http:\/\/www.inclusivenews.com.br\/wp-content\/uploads\/2009\/11\/saladeaulavazia.jpg\"><img loading=\"lazy\" decoding=\"async\" class=\"size-full wp-image-12685\" title=\"Sala de aula vazia.\" src=\"http:\/\/inclusivenews.com.br\/wp-content\/uploads\/2009\/11\/saladeaulavazia.jpg\" alt=\"Sala de aula vazia.\" width=\"273\" height=\"196\" \/><\/a><\/dt>\n<dd class=\"wp-caption-dd\"><\/dd>\n<\/dl>\n<\/div>\n<p style=\"text-align: justify;\"><strong>Gil Pena *<\/strong><\/p>\n<p style=\"text-align: justify;\">Li com interesse o texto indicado pela Escola Bal\u00e3o Vermelho, \u201cUm novo modelo de ensino para o s\u00e9culo XXI\u201d, de F\u00e1bio C. R. Mendes, publicado na Revista Pedag\u00f3gica P\u00e1tio, ano XIII \u2013 Ago\/Out 2009.<\/p>\n<p style=\"text-align: justify;\">Em pese concordar com o autor a cerca da necessidade de reformula\u00e7\u00f5es em nosso sistema de ensino e reestrutura\u00e7\u00e3o das nossas institui\u00e7\u00f5es, percebo que sua argumenta\u00e7\u00e3o sustenta-se em vis\u00f5es sociol\u00f3gicas que me parecem equivocadas.<\/p>\n<p style=\"text-align: justify;\">Ao afirmar no texto, que \u201c\u2026 devemos estar prontos para nos adaptar ao novo\u201d e \u201cQuem n\u00e3o conseguir, por si mesmo, aprender, criticar, encontrar problemas e suas solu\u00e7\u00f5es ser\u00e1 engolido mais rapidamente do que aqueles que est\u00e3o abertos ao novo\u201d, o autor d\u00e1 a perceber claramente o vi\u00e9s de uma sociologia darwinista (ou um Darwinismo social), que n\u00e3o \u00e9 apropriada para tratar do tema. Mais adiante, diz, \u201cpor assim dizer\u201d, que h\u00e1 determinadas esp\u00e9cies de conhecimento \u201cem extin\u00e7\u00e3o\u201d, o que denota ainda mais claramente a associa\u00e7\u00e3o do seu pensamento com essa l\u00f3gica Darwinista.<\/p>\n<p style=\"text-align: justify;\">N\u00e3o sou contra a concep\u00e7\u00e3o de Darwin, desde que discutida sobre os eventos biol\u00f3gicos da assim chamada \u201cevolu\u00e7\u00e3o\u201d, termo que modernamente vem sendo substitu\u00eddo por \u201cderiva\u201d natural. A palavra evolu\u00e7\u00e3o traz impl\u00edcita a id\u00e9ia de melhora, progresso, avan\u00e7o, mas as modifica\u00e7\u00f5es ontol\u00f3gicas e filogen\u00e9ticas por que passam os seres vivos ao longo de gera\u00e7\u00f5es n\u00e3o tem esse prop\u00f3sito, ocorrendo ao acaso, resultado das intera\u00e7\u00f5es entre os organismos vivos e o meio. Embora a possamos ver como um processo de adapta\u00e7\u00e3o ao meio e de sele\u00e7\u00e3o dos aptos, esse \u00e9 um mecanismo explicativo dado pela experi\u00eancia humana, particularmente essa vis\u00e3o sociol\u00f3gica seguida pelo autor do texto.<\/p>\n<p style=\"text-align: justify;\">A id\u00e9ia de avan\u00e7o, melhora, progresso, como rumo inexor\u00e1vel das mudan\u00e7as, est\u00e1 impl\u00edcita no texto. Mudan\u00e7a e avan\u00e7os s\u00e3o palavras que se repetem, sempre uma associada a outra: avan\u00e7os tecnol\u00f3gicos, avan\u00e7o no controle do fogo, avan\u00e7o no conhecimento, avan\u00e7os que a inform\u00e1tica trouxe, etc.<\/p>\n<p style=\"text-align: justify;\">Stephen J. Gould, em seu livro \u201cVida Maravilhosa\u201d faz um precioso relato de como a id\u00e9ia da evolu\u00e7\u00e3o, iconograficamente representada, traz impl\u00edcita essa id\u00e9ia de que nos situamos no topo, trazendo uma c\u00f4moda percep\u00e7\u00e3o da superioridade humana. Basicamente a iconografia da escada, em que nos vemos vindo do macaco, nos coloca a frente, como os mais evolu\u00eddos. A iconografia do cone, da diversidade e da complexidade crescente, partindo dos organismos simples, \u201cmenos evolu\u00eddos\u201d, aos mais complexos, \u201cmais evolu\u00eddos\u201d, situados no topo, onde geralmente nos colocamos.<\/p>\n<p style=\"text-align: justify;\">A concep\u00e7\u00e3o de Mendes de que as mudan\u00e7as pelas quais a sociedade passa representem avan\u00e7o ou progresso, denotam esse paradigma, essa vis\u00e3o de mundo, que a iconografia das modifica\u00e7\u00f5es evolutivas nos parece dar como l\u00edquida e certa. Parece que vivemos num mundo de transforma\u00e7\u00f5es inexor\u00e1veis, de progresso, e se n\u00e3o tomamos parte nessa roda viva, seremos \u201cengolidos\u201d. Pois na medida em que \u201cprogride\u201d a hist\u00f3ria, mais r\u00e1pido \u00e9 \u201cavan\u00e7o\u201d, e menos tempo temos de nos \u201cadaptar\u201d.<\/p>\n<p style=\"text-align: justify;\">O texto n\u00e3o d\u00e1 a perceber que somos agentes nesses processos de transforma\u00e7\u00e3o. O nosso papel de agente, n\u00e3o de objeto, somente a educa\u00e7\u00e3o cr\u00edtica, problematizadora, pode resgatar. O autor parece sugerir que a educa\u00e7\u00e3o dos novos tempos tem de ser \u00e1gil, ao acompanhar mudan\u00e7as da sociedade, mas n\u00e3o indica que tenhamos de ser cr\u00edticos em rela\u00e7\u00e3o a que mudan\u00e7as queremos e se elas representam ou n\u00e3o, avan\u00e7os.<\/p>\n<p style=\"text-align: justify;\">Vivemos um mundo que passa por grandes mudan\u00e7as, e mudan\u00e7as r\u00e1pidas. A educa\u00e7\u00e3o num mundo como esse tem de ser uma educa\u00e7\u00e3o cr\u00edtica. Num processo de mudan\u00e7a, a primeira coisa a definir deve ser o que queremos conservar.<\/p>\n<p style=\"text-align: justify;\"><strong><br \/>\n* Gil Pena<\/strong> \u00e9 m\u00e9dico patologista, pai e colaborador da Inclusive. Dedica-se a estudos na \u00e1rea da educa\u00e7\u00e3o, dentro da linha do Projeto Roma.<\/p>\n","protected":false},"excerpt":{"rendered":"<p>Vivemos um mundo que passa por grandes mudan\u00e7as, e mudan\u00e7as r\u00e1pidas. A educa\u00e7\u00e3o num mundo como esse tem de ser uma educa\u00e7\u00e3o cr\u00edtica. <\/p>\n","protected":false},"author":1,"featured_media":0,"comment_status":"open","ping_status":"open","sticky":false,"template":"","format":"standard","meta":{"site-container-style":"default","site-container-layout":"default","site-sidebar-layout":"default","disable-article-header":"default","disable-site-header":"default","disable-site-footer":"default","disable-content-area-spacing":"default","footnotes":""},"categories":[6,48,8],"tags":[],"class_list":["post-12684","post","type-post","status-publish","format-standard","hentry","category-educacao","category-inclusao","category-textos-e-artigos"],"yoast_head":"<!-- This site is optimized with the Yoast SEO plugin v27.4 - https:\/\/yoast.com\/product\/yoast-seo-wordpress\/ -->\n<title>Um novo modelo de ensino para o s\u00e9culo XXI, por Gil Pena -<\/title>\n<meta name=\"robots\" content=\"index, follow, max-snippet:-1, max-image-preview:large, max-video-preview:-1\" \/>\n<link rel=\"canonical\" href=\"https:\/\/inclusivenews.com.br\/?p=12684\" \/>\n<meta property=\"og:locale\" content=\"pt_PT\" \/>\n<meta property=\"og:type\" content=\"article\" \/>\n<meta property=\"og:title\" content=\"Um novo modelo de ensino para o s\u00e9culo XXI, por Gil Pena -\" \/>\n<meta property=\"og:description\" content=\"Vivemos um mundo que passa por grandes mudan\u00e7as, e mudan\u00e7as r\u00e1pidas. A educa\u00e7\u00e3o num mundo como esse tem de ser uma educa\u00e7\u00e3o cr\u00edtica.\" \/>\n<meta property=\"og:url\" content=\"https:\/\/inclusivenews.com.br\/?p=12684\" \/>\n<meta property=\"article:publisher\" content=\"https:\/\/www.facebook.com\/agenciainclusive\/\" \/>\n<meta property=\"article:published_time\" content=\"2009-11-26T10:00:24+00:00\" \/>\n<meta property=\"og:image\" content=\"http:\/\/inclusivenews.com.br\/wp-content\/uploads\/2009\/11\/saladeaulavazia.jpg\" \/>\n<meta name=\"author\" content=\"inclusivenews2024\" \/>\n<meta name=\"twitter:card\" content=\"summary_large_image\" \/>\n<meta name=\"twitter:label1\" content=\"Escrito por\" \/>\n\t<meta name=\"twitter:data1\" content=\"inclusivenews2024\" \/>\n\t<meta name=\"twitter:label2\" content=\"Tempo estimado de leitura\" \/>\n\t<meta name=\"twitter:data2\" content=\"3 minutos\" \/>\n<script type=\"application\/ld+json\" class=\"yoast-schema-graph\">{\"@context\":\"https:\\\/\\\/schema.org\",\"@graph\":[{\"@type\":\"Article\",\"@id\":\"https:\\\/\\\/inclusivenews.com.br\\\/?p=12684#article\",\"isPartOf\":{\"@id\":\"https:\\\/\\\/inclusivenews.com.br\\\/?p=12684\"},\"author\":{\"name\":\"inclusivenews2024\",\"@id\":\"https:\\\/\\\/inclusivenews.com.br\\\/#\\\/schema\\\/person\\\/ae4ec7087559b8692fb33b6fffd2273b\"},\"headline\":\"Um novo modelo de ensino para o s\u00e9culo XXI, por Gil Pena\",\"datePublished\":\"2009-11-26T10:00:24+00:00\",\"mainEntityOfPage\":{\"@id\":\"https:\\\/\\\/inclusivenews.com.br\\\/?p=12684\"},\"wordCount\":707,\"commentCount\":2,\"publisher\":{\"@id\":\"https:\\\/\\\/inclusivenews.com.br\\\/#organization\"},\"image\":{\"@id\":\"https:\\\/\\\/inclusivenews.com.br\\\/?p=12684#primaryimage\"},\"thumbnailUrl\":\"http:\\\/\\\/inclusivenews.com.br\\\/wp-content\\\/uploads\\\/2009\\\/11\\\/saladeaulavazia.jpg\",\"articleSection\":[\"EDUCA\u00c7\u00c3O\",\"INCLUS\u00c3O SOCIAL\",\"OPINI\u00c3O\"],\"inLanguage\":\"pt-PT\",\"potentialAction\":[{\"@type\":\"CommentAction\",\"name\":\"Comment\",\"target\":[\"https:\\\/\\\/inclusivenews.com.br\\\/?p=12684#respond\"]}]},{\"@type\":\"WebPage\",\"@id\":\"https:\\\/\\\/inclusivenews.com.br\\\/?p=12684\",\"url\":\"https:\\\/\\\/inclusivenews.com.br\\\/?p=12684\",\"name\":\"Um novo modelo de ensino para o s\u00e9culo XXI, por Gil Pena -\",\"isPartOf\":{\"@id\":\"https:\\\/\\\/inclusivenews.com.br\\\/#website\"},\"primaryImageOfPage\":{\"@id\":\"https:\\\/\\\/inclusivenews.com.br\\\/?p=12684#primaryimage\"},\"image\":{\"@id\":\"https:\\\/\\\/inclusivenews.com.br\\\/?p=12684#primaryimage\"},\"thumbnailUrl\":\"http:\\\/\\\/inclusivenews.com.br\\\/wp-content\\\/uploads\\\/2009\\\/11\\\/saladeaulavazia.jpg\",\"datePublished\":\"2009-11-26T10:00:24+00:00\",\"breadcrumb\":{\"@id\":\"https:\\\/\\\/inclusivenews.com.br\\\/?p=12684#breadcrumb\"},\"inLanguage\":\"pt-PT\",\"potentialAction\":[{\"@type\":\"ReadAction\",\"target\":[\"https:\\\/\\\/inclusivenews.com.br\\\/?p=12684\"]}]},{\"@type\":\"ImageObject\",\"inLanguage\":\"pt-PT\",\"@id\":\"https:\\\/\\\/inclusivenews.com.br\\\/?p=12684#primaryimage\",\"url\":\"https:\\\/\\\/inclusivenews.com.br\\\/wp-content\\\/uploads\\\/2009\\\/11\\\/saladeaulavazia.jpg\",\"contentUrl\":\"https:\\\/\\\/inclusivenews.com.br\\\/wp-content\\\/uploads\\\/2009\\\/11\\\/saladeaulavazia.jpg\",\"width\":273,\"height\":196},{\"@type\":\"BreadcrumbList\",\"@id\":\"https:\\\/\\\/inclusivenews.com.br\\\/?p=12684#breadcrumb\",\"itemListElement\":[{\"@type\":\"ListItem\",\"position\":1,\"name\":\"In\u00edcio\",\"item\":\"https:\\\/\\\/inclusivenews.com.br\\\/\"},{\"@type\":\"ListItem\",\"position\":2,\"name\":\"Um novo modelo de ensino para o s\u00e9culo XXI, por Gil Pena\"}]},{\"@type\":\"WebSite\",\"@id\":\"https:\\\/\\\/inclusivenews.com.br\\\/#website\",\"url\":\"https:\\\/\\\/inclusivenews.com.br\\\/\",\"name\":\"Inclusive News\",\"description\":\"Inclusive News\",\"publisher\":{\"@id\":\"https:\\\/\\\/inclusivenews.com.br\\\/#organization\"},\"potentialAction\":[{\"@type\":\"SearchAction\",\"target\":{\"@type\":\"EntryPoint\",\"urlTemplate\":\"https:\\\/\\\/inclusivenews.com.br\\\/?s={search_term_string}\"},\"query-input\":{\"@type\":\"PropertyValueSpecification\",\"valueRequired\":true,\"valueName\":\"search_term_string\"}}],\"inLanguage\":\"pt-PT\"},{\"@type\":\"Organization\",\"@id\":\"https:\\\/\\\/inclusivenews.com.br\\\/#organization\",\"name\":\"Inclusive - inclus\u00e3o e cidadania\",\"url\":\"https:\\\/\\\/inclusivenews.com.br\\\/\",\"logo\":{\"@type\":\"ImageObject\",\"inLanguage\":\"pt-PT\",\"@id\":\"https:\\\/\\\/inclusivenews.com.br\\\/#\\\/schema\\\/logo\\\/image\\\/\",\"url\":\"https:\\\/\\\/inclusivenews.com.br\\\/wp-content\\\/uploads\\\/2024\\\/03\\\/@grandesite.png\",\"contentUrl\":\"https:\\\/\\\/inclusivenews.com.br\\\/wp-content\\\/uploads\\\/2024\\\/03\\\/@grandesite.png\",\"width\":1080,\"height\":1080,\"caption\":\"Inclusive - inclus\u00e3o e cidadania\"},\"image\":{\"@id\":\"https:\\\/\\\/inclusivenews.com.br\\\/#\\\/schema\\\/logo\\\/image\\\/\"},\"sameAs\":[\"https:\\\/\\\/www.facebook.com\\\/agenciainclusive\\\/\",\"https:\\\/\\\/www.instagram.com\\\/newsinclusive\\\/\"]},{\"@type\":\"Person\",\"@id\":\"https:\\\/\\\/inclusivenews.com.br\\\/#\\\/schema\\\/person\\\/ae4ec7087559b8692fb33b6fffd2273b\",\"name\":\"inclusivenews2024\",\"image\":{\"@type\":\"ImageObject\",\"inLanguage\":\"pt-PT\",\"@id\":\"https:\\\/\\\/secure.gravatar.com\\\/avatar\\\/c5a7ef84c66fa914f55bc4f7ce26cfa275a3b9a1c5568b907bd184fb4dde7b40?s=96&d=mm&r=g\",\"url\":\"https:\\\/\\\/secure.gravatar.com\\\/avatar\\\/c5a7ef84c66fa914f55bc4f7ce26cfa275a3b9a1c5568b907bd184fb4dde7b40?s=96&d=mm&r=g\",\"contentUrl\":\"https:\\\/\\\/secure.gravatar.com\\\/avatar\\\/c5a7ef84c66fa914f55bc4f7ce26cfa275a3b9a1c5568b907bd184fb4dde7b40?s=96&d=mm&r=g\",\"caption\":\"inclusivenews2024\"},\"sameAs\":[\"https:\\\/\\\/inclusivenews.com.br\"],\"url\":\"https:\\\/\\\/inclusivenews.com.br\\\/?author=1\"}]}<\/script>\n<!-- \/ Yoast SEO plugin. -->","yoast_head_json":{"title":"Um novo modelo de ensino para o s\u00e9culo XXI, por Gil Pena -","robots":{"index":"index","follow":"follow","max-snippet":"max-snippet:-1","max-image-preview":"max-image-preview:large","max-video-preview":"max-video-preview:-1"},"canonical":"https:\/\/inclusivenews.com.br\/?p=12684","og_locale":"pt_PT","og_type":"article","og_title":"Um novo modelo de ensino para o s\u00e9culo XXI, por Gil Pena -","og_description":"Vivemos um mundo que passa por grandes mudan\u00e7as, e mudan\u00e7as r\u00e1pidas. A educa\u00e7\u00e3o num mundo como esse tem de ser uma educa\u00e7\u00e3o cr\u00edtica.","og_url":"https:\/\/inclusivenews.com.br\/?p=12684","article_publisher":"https:\/\/www.facebook.com\/agenciainclusive\/","article_published_time":"2009-11-26T10:00:24+00:00","og_image":[{"url":"http:\/\/inclusivenews.com.br\/wp-content\/uploads\/2009\/11\/saladeaulavazia.jpg","type":"","width":"","height":""}],"author":"inclusivenews2024","twitter_card":"summary_large_image","twitter_misc":{"Escrito por":"inclusivenews2024","Tempo estimado de leitura":"3 minutos"},"schema":{"@context":"https:\/\/schema.org","@graph":[{"@type":"Article","@id":"https:\/\/inclusivenews.com.br\/?p=12684#article","isPartOf":{"@id":"https:\/\/inclusivenews.com.br\/?p=12684"},"author":{"name":"inclusivenews2024","@id":"https:\/\/inclusivenews.com.br\/#\/schema\/person\/ae4ec7087559b8692fb33b6fffd2273b"},"headline":"Um novo modelo de ensino para o s\u00e9culo XXI, por Gil Pena","datePublished":"2009-11-26T10:00:24+00:00","mainEntityOfPage":{"@id":"https:\/\/inclusivenews.com.br\/?p=12684"},"wordCount":707,"commentCount":2,"publisher":{"@id":"https:\/\/inclusivenews.com.br\/#organization"},"image":{"@id":"https:\/\/inclusivenews.com.br\/?p=12684#primaryimage"},"thumbnailUrl":"http:\/\/inclusivenews.com.br\/wp-content\/uploads\/2009\/11\/saladeaulavazia.jpg","articleSection":["EDUCA\u00c7\u00c3O","INCLUS\u00c3O SOCIAL","OPINI\u00c3O"],"inLanguage":"pt-PT","potentialAction":[{"@type":"CommentAction","name":"Comment","target":["https:\/\/inclusivenews.com.br\/?p=12684#respond"]}]},{"@type":"WebPage","@id":"https:\/\/inclusivenews.com.br\/?p=12684","url":"https:\/\/inclusivenews.com.br\/?p=12684","name":"Um novo modelo de ensino para o s\u00e9culo XXI, por Gil Pena -","isPartOf":{"@id":"https:\/\/inclusivenews.com.br\/#website"},"primaryImageOfPage":{"@id":"https:\/\/inclusivenews.com.br\/?p=12684#primaryimage"},"image":{"@id":"https:\/\/inclusivenews.com.br\/?p=12684#primaryimage"},"thumbnailUrl":"http:\/\/inclusivenews.com.br\/wp-content\/uploads\/2009\/11\/saladeaulavazia.jpg","datePublished":"2009-11-26T10:00:24+00:00","breadcrumb":{"@id":"https:\/\/inclusivenews.com.br\/?p=12684#breadcrumb"},"inLanguage":"pt-PT","potentialAction":[{"@type":"ReadAction","target":["https:\/\/inclusivenews.com.br\/?p=12684"]}]},{"@type":"ImageObject","inLanguage":"pt-PT","@id":"https:\/\/inclusivenews.com.br\/?p=12684#primaryimage","url":"https:\/\/inclusivenews.com.br\/wp-content\/uploads\/2009\/11\/saladeaulavazia.jpg","contentUrl":"https:\/\/inclusivenews.com.br\/wp-content\/uploads\/2009\/11\/saladeaulavazia.jpg","width":273,"height":196},{"@type":"BreadcrumbList","@id":"https:\/\/inclusivenews.com.br\/?p=12684#breadcrumb","itemListElement":[{"@type":"ListItem","position":1,"name":"In\u00edcio","item":"https:\/\/inclusivenews.com.br\/"},{"@type":"ListItem","position":2,"name":"Um novo modelo de ensino para o s\u00e9culo XXI, por Gil Pena"}]},{"@type":"WebSite","@id":"https:\/\/inclusivenews.com.br\/#website","url":"https:\/\/inclusivenews.com.br\/","name":"Inclusive News","description":"Inclusive News","publisher":{"@id":"https:\/\/inclusivenews.com.br\/#organization"},"potentialAction":[{"@type":"SearchAction","target":{"@type":"EntryPoint","urlTemplate":"https:\/\/inclusivenews.com.br\/?s={search_term_string}"},"query-input":{"@type":"PropertyValueSpecification","valueRequired":true,"valueName":"search_term_string"}}],"inLanguage":"pt-PT"},{"@type":"Organization","@id":"https:\/\/inclusivenews.com.br\/#organization","name":"Inclusive - inclus\u00e3o e cidadania","url":"https:\/\/inclusivenews.com.br\/","logo":{"@type":"ImageObject","inLanguage":"pt-PT","@id":"https:\/\/inclusivenews.com.br\/#\/schema\/logo\/image\/","url":"https:\/\/inclusivenews.com.br\/wp-content\/uploads\/2024\/03\/@grandesite.png","contentUrl":"https:\/\/inclusivenews.com.br\/wp-content\/uploads\/2024\/03\/@grandesite.png","width":1080,"height":1080,"caption":"Inclusive - inclus\u00e3o e cidadania"},"image":{"@id":"https:\/\/inclusivenews.com.br\/#\/schema\/logo\/image\/"},"sameAs":["https:\/\/www.facebook.com\/agenciainclusive\/","https:\/\/www.instagram.com\/newsinclusive\/"]},{"@type":"Person","@id":"https:\/\/inclusivenews.com.br\/#\/schema\/person\/ae4ec7087559b8692fb33b6fffd2273b","name":"inclusivenews2024","image":{"@type":"ImageObject","inLanguage":"pt-PT","@id":"https:\/\/secure.gravatar.com\/avatar\/c5a7ef84c66fa914f55bc4f7ce26cfa275a3b9a1c5568b907bd184fb4dde7b40?s=96&d=mm&r=g","url":"https:\/\/secure.gravatar.com\/avatar\/c5a7ef84c66fa914f55bc4f7ce26cfa275a3b9a1c5568b907bd184fb4dde7b40?s=96&d=mm&r=g","contentUrl":"https:\/\/secure.gravatar.com\/avatar\/c5a7ef84c66fa914f55bc4f7ce26cfa275a3b9a1c5568b907bd184fb4dde7b40?s=96&d=mm&r=g","caption":"inclusivenews2024"},"sameAs":["https:\/\/inclusivenews.com.br"],"url":"https:\/\/inclusivenews.com.br\/?author=1"}]}},"_links":{"self":[{"href":"https:\/\/inclusivenews.com.br\/index.php?rest_route=\/wp\/v2\/posts\/12684","targetHints":{"allow":["GET"]}}],"collection":[{"href":"https:\/\/inclusivenews.com.br\/index.php?rest_route=\/wp\/v2\/posts"}],"about":[{"href":"https:\/\/inclusivenews.com.br\/index.php?rest_route=\/wp\/v2\/types\/post"}],"author":[{"embeddable":true,"href":"https:\/\/inclusivenews.com.br\/index.php?rest_route=\/wp\/v2\/users\/1"}],"replies":[{"embeddable":true,"href":"https:\/\/inclusivenews.com.br\/index.php?rest_route=%2Fwp%2Fv2%2Fcomments&post=12684"}],"version-history":[{"count":0,"href":"https:\/\/inclusivenews.com.br\/index.php?rest_route=\/wp\/v2\/posts\/12684\/revisions"}],"wp:attachment":[{"href":"https:\/\/inclusivenews.com.br\/index.php?rest_route=%2Fwp%2Fv2%2Fmedia&parent=12684"}],"wp:term":[{"taxonomy":"category","embeddable":true,"href":"https:\/\/inclusivenews.com.br\/index.php?rest_route=%2Fwp%2Fv2%2Fcategories&post=12684"},{"taxonomy":"post_tag","embeddable":true,"href":"https:\/\/inclusivenews.com.br\/index.php?rest_route=%2Fwp%2Fv2%2Ftags&post=12684"}],"curies":[{"name":"wp","href":"https:\/\/api.w.org\/{rel}","templated":true}]}}