{"id":12691,"date":"2009-11-25T06:01:01","date_gmt":"2009-11-25T09:01:01","guid":{"rendered":"http:\/\/www.inclusive.org.br\/?p=12691"},"modified":"2009-11-25T06:01:01","modified_gmt":"2009-11-25T09:01:01","slug":"convencao-sobre-o-direito-das-pessoas-com-deficiencia-exige-mudancas-nas-politicas-educacionais-via-postie","status":"publish","type":"post","link":"https:\/\/inclusivenews.com.br\/?p=12691","title":{"rendered":"Conven\u00e7\u00e3o sobre o Direito das Pessoas com Defici\u00eancia exige mudan\u00e7as nas pol\u00edticas educacionais"},"content":{"rendered":"<figure id=\"attachment_12701\" aria-describedby=\"caption-attachment-12701\" style=\"width: 188px\" class=\"wp-caption alignleft\"><a href=\"http:\/\/www.inclusivenews.com.br\/wp-content\/uploads\/2009\/11\/acao_educativa2.jpg\"><img loading=\"lazy\" decoding=\"async\" class=\"size-full wp-image-12701\" title=\"Logotipo da A\u00e7\u00e3o Educativa.\" src=\"http:\/\/inclusivenews.com.br\/wp-content\/uploads\/2009\/11\/acao_educativa2.jpg\" alt=\"Logotipo da A\u00e7\u00e3o Educativa.\" width=\"188\" height=\"188\" srcset=\"https:\/\/inclusivenews.com.br\/wp-content\/uploads\/2009\/11\/acao_educativa2.jpg 188w, https:\/\/inclusivenews.com.br\/wp-content\/uploads\/2009\/11\/acao_educativa2-150x150.jpg 150w\" sizes=\"auto, (max-width: 188px) 100vw, 188px\" \/><\/a><figcaption id=\"caption-attachment-12701\" class=\"wp-caption-text\"> <\/figcaption><\/figure>\n<p style=\"text-align: justify;\">Em 26 de agosto de 2009 foi incorporada ao direito brasileiro a Conven\u00e7\u00e3o Internacional sobre os Direitos das Pessoas com Defici\u00eancia (Decreto n\u00b0 6.949\/2009), assinada em 2007 na Assembl\u00e9ia Geral das Na\u00e7\u00f5es Unidas (ONU). T\u00e3o importantes quanto o significado global deste primeiro grande tratado internacional de direitos humanos do s\u00e9culo XXI, s\u00e3o as obriga\u00e7\u00f5es jur\u00eddicas que sua ratifica\u00e7\u00e3o imp\u00f5e ao Estado e \u00e0 sociedade brasileira. A Conven\u00e7\u00e3o foi aprovada com status de emenda constitucional (Constitui\u00e7\u00e3o de 1988, art.5\u00b0, \u00a73\u00b0). Isso tem dois significados fundamentais: a) os direitos, deveres e obriga\u00e7\u00f5es nela contidos t\u00eam aplica\u00e7\u00e3o imediata; b) tais direitos, deveres e obriga\u00e7\u00f5es s\u00e3o superiores \u00e0s leis e a outras normas, que, no caso de serem contr\u00e1rias \u00e0 Conven\u00e7\u00e3o, s\u00e3o automaticamente revogadas ou devem ser interpretadas de forma a fazer valer o documento internacional.<\/p>\n<p style=\"text-align: justify;\">Com isso, eleva-se o patamar de exigibilidade do direito \u00e0 educa\u00e7\u00e3o inclusiva e \u00e0 n\u00e3o-discrimina\u00e7\u00e3o em geral das pessoas com defici\u00eancia. Nesse sentido, a Conven\u00e7\u00e3o coloca parte do sistema educacional brasileiro em situa\u00e7\u00e3o de inconstitucionalidade, impondo a todos, sociedade e Estado, que ajustem suas pol\u00edticas e posturas. Caso contr\u00e1rio, a persist\u00eancia de pol\u00edticas de exclus\u00e3o deve ser questionada no sistema de justi\u00e7a nacional e internacional.<\/p>\n<p style=\"text-align: justify;\"><strong>O Direito \u00e0 Educa\u00e7\u00e3o na Conven\u00e7\u00e3o <\/strong><\/p>\n<p style=\"text-align: justify;\">Com a incorpora\u00e7\u00e3o da Conven\u00e7\u00e3o Internacional, o direito brasileiro passa a reconhecer a seguinte defini\u00e7\u00e3o de discrimina\u00e7\u00e3o por motivo de defici\u00eancia: \u201csignifica qualquer diferencia\u00e7\u00e3o, exclus\u00e3o ou restri\u00e7\u00e3o baseada em defici\u00eancia, com o prop\u00f3sito ou efeito de impedir ou impossibilitar o reconhecimento, o desfrute ou o exerc\u00edcio, em igualdade de oportunidades com as demais pessoas, de todos os direitos humanos e liberdades fundamentais nos \u00e2mbitos pol\u00edtico, econ\u00f4mico, social, cultural, civil ou qualquer outro. Abrange todas as formas de discrimina\u00e7\u00e3o, inclusive a recusa de adapta\u00e7\u00e3o razo\u00e1vel\u201d (art.2\u00b0, grifo nosso).<\/p>\n<p style=\"text-align: justify;\">Especificamente em rela\u00e7\u00e3o aos direitos educacionais, submeter as pessoas com defici\u00eancia unicamente ao atendimento educacional especializado ou segment\u00e1-las, com fundamento em sua defici\u00eancia, em salas ou escolas especiais \u00e9, no termos da Conven\u00e7\u00e3o, atitude discriminat\u00f3ria, pun\u00edvel nos termos da legisla\u00e7\u00e3o nacional.<\/p>\n<p style=\"text-align: justify;\">O artigo 24, dedicado \u00e0 educa\u00e7\u00e3o, refor\u00e7a o dever do Estado de assegurar \u201csistema educacional inclusivo em todos os n\u00edveis, bem como o aprendizado ao longo de toda a vida\u201d, tra\u00e7ando os seguintes objetivos pol\u00edtico-pedag\u00f3gicos: \u201ca) O pleno desenvolvimento do potencial humano e do senso de dignidade e auto-estima, al\u00e9m do fortalecimento do respeito pelos direitos humanos, pelas liberdades fundamentais e pela diversidade humana; b) O m\u00e1ximo desenvolvimento poss\u00edvel da personalidade e dos talentos e da criatividade das pessoas com defici\u00eancia, assim como de suas habilidades f\u00edsicas e intelectuais; c) A participa\u00e7\u00e3o efetiva das pessoas com defici\u00eancia em uma sociedade livre\u201d (art. 24.1).<\/p>\n<p style=\"text-align: justify;\">Em seguida, determina que as pessoas com defici\u00eancia n\u00e3o podem ser \u201cexclu\u00eddas do sistema educacional geral sob alega\u00e7\u00e3o de defici\u00eancia\u201d, ressaltando que as crian\u00e7as com defici\u00eancia igualmente n\u00e3o podem ser \u201cexclu\u00eddas do ensino prim\u00e1rio gratuito e compuls\u00f3rio ou do ensino secund\u00e1rio, sob alega\u00e7\u00e3o de defici\u00eancia\u201d (art.24.2.a), devendo o acesso a tais n\u00edveis ser assegurado \u201cem igualdade de condi\u00e7\u00f5es com as demais pessoas na comunidade em que vivem\u201d (art.24.2.b). No mesmo sentido, \u00e9 expressamente assegurado o \u201cacesso ao ensino superior em geral, treinamento profissional de acordo com sua voca\u00e7\u00e3o, educa\u00e7\u00e3o para adultos e forma\u00e7\u00e3o continuada, sem discrimina\u00e7\u00e3o e em igualdade de condi\u00e7\u00f5es\u201d (art.24.5).<\/p>\n<p style=\"text-align: justify;\">Como direitos especiais das pessoas com defici\u00eancia, necess\u00e1rios \u00e0 sua inclus\u00e3o educacional em igualdade de condi\u00e7\u00f5es, determina ao Estado que providencie \u201cadapta\u00e7\u00f5es razo\u00e1veis\u201d (modifica\u00e7\u00f5es e os ajustes necess\u00e1rios e adequados, em im\u00f3veis j\u00e1 constru\u00eddos, que n\u00e3o acarretem \u00f4nus desproporcional ou indevido, quando requeridos em cada caso), de acordo com as necessidades individuais; que tais pessoas \u201crecebam o apoio necess\u00e1rio, no \u00e2mbito do sistema educacional geral, com vistas a facilitar sua efetiva educa\u00e7\u00e3o\u201d; e que \u201cmedidas de apoio individualizadas e efetivas sejam adotadas em ambientes que maximizem o desenvolvimento acad\u00eamico e social, de acordo com a meta de inclus\u00e3o plena\u201d. (art.24.2).<\/p>\n<p style=\"text-align: justify;\">Tais disposi\u00e7\u00f5es consolidam na legisla\u00e7\u00e3o brasileira o princ\u00edpio da inclus\u00e3o educacional, que determina que o atendimento educacional especializado, previsto na Constitui\u00e7\u00e3o (art.208, III), visa o atendimento das necessidades educacionais especiais, sendo complementar \u00e0 educa\u00e7\u00e3o regular em institui\u00e7\u00f5es e classes comuns (nesse sentido, ver Resolu\u00e7\u00e3o CNE\/CEB n\u00b0 4\/2009, publicada na se\u00e7\u00e3o Legisla\u00e7\u00e3o e Jurisprud\u00eancia).<\/p>\n<p style=\"text-align: justify;\">Como medidas espec\u00edficas a serem adotadas no campo do direito \u00e0 educa\u00e7\u00e3o inclusiva, a Conven\u00e7\u00e3o determina: a) Facilita\u00e7\u00e3o do aprendizado do braille, escrita alternativa, modos, meios e formatos de comunica\u00e7\u00e3o aumentativa e alternativa, e habilidades de orienta\u00e7\u00e3o e mobilidade, al\u00e9m de facilita\u00e7\u00e3o do apoio e aconselhamento de pares; b) Facilita\u00e7\u00e3o do aprendizado da l\u00edngua de sinais e promo\u00e7\u00e3o da identidade ling\u00fc\u00edstica da comunidade surda; c) Garantia de que a educa\u00e7\u00e3o de pessoas, em particular crian\u00e7as cegas, surdocegas e surdas, seja ministrada nas l\u00ednguas e nos modos e meios de comunica\u00e7\u00e3o mais adequados ao indiv\u00edduo e em ambientes que favore\u00e7am ao m\u00e1ximo seu desenvolvimento acad\u00eamico e social\u201d; assegurando-se que ser\u00e3o formados e empregados educadores \u201chabilitados para o ensino da l\u00edngua de sinais e\/ou do braille (&#8230;) atuantes em todos os n\u00edveis de ensino\u201d.<\/p>\n<p style=\"text-align: justify;\"><strong>Novos instrumentos de justi\u00e7a e de monitoramento <\/strong><\/p>\n<p style=\"text-align: justify;\">Atrav\u00e9s da Conven\u00e7\u00e3o, os Estados signat\u00e1rios assumem o compromisso pol\u00edtico de estruturar a m\u00e1quina p\u00fablica de forma a implementar os direitos e princ\u00edpios nela previstos, inclusive atrav\u00e9s da cria\u00e7\u00e3o de \u201cum mecanismo de coordena\u00e7\u00e3o no \u00e2mbito do Governo, a fim de facilitar a\u00e7\u00f5es correlatas nos diferentes setores e n\u00edveis\u201d (art.33.1). Al\u00e9m disso, comprometem-se os Estados com a cria\u00e7\u00e3o \u201cde um mecanismo independente, de maneira apropriada, para promover, proteger e monitorar a implementa\u00e7\u00e3o da presente Conven\u00e7\u00e3o\u201d (art.33.2).<\/p>\n<p style=\"text-align: justify;\">Esse mecanismo interno de monitoramento, com a participa\u00e7\u00e3o das pessoas com defici\u00eancia e de suas organiza\u00e7\u00f5es representativas, deve assegurar a seus membros garantias jur\u00eddicas e estruturais, independ\u00eancia e capacidade de receber e encaminhar den\u00fancias individuais e\/ou coletivas de viola\u00e7\u00e3o aos direitos previstos na Conven\u00e7\u00e3o \u2013 tudo com base nos Princ\u00edpios Relativos ao Status e Funcionamento das Institui\u00e7\u00f5es Nacionais de Prote\u00e7\u00e3o e Promo\u00e7\u00e3o dos Direitos Humanos (Princ\u00edpios de Paris, 1991). Essa estrutura nacional de monitoramento n\u00e3o substitui os demais \u00f3rg\u00e3os do sistema de justi\u00e7a, devendo atuar em articula\u00e7\u00e3o com estes.<\/p>\n<p style=\"text-align: justify;\">Assim como j\u00e1 existe no \u00e2mbito de outros tratados de direitos humanos, a Conven\u00e7\u00e3o criou um mecanismo internacional de monitoramento de sua implementa\u00e7\u00e3o \u2013 o Comit\u00ea sobre os Direitos das Pessoas com Defici\u00eancia (art.34). A este \u00f3rg\u00e3o deve o Estado submeter um relat\u00f3rio inicial abrangente \u201csobre as medidas adotadas em cumprimento de suas obriga\u00e7\u00f5es estabelecidas pela presente Conven\u00e7\u00e3o e sobre o progresso alcan\u00e7ado nesse aspecto\u201d, no prazo de dois anos ap\u00f3s sua vig\u00eancia interna (art.35.1). Ou seja, at\u00e9 o dia 26 de agosto de 2011 o Brasil dever\u00e1 apresentar seu primeiro relat\u00f3rio.<\/p>\n<p style=\"text-align: justify;\">Ap\u00f3s esse primeiro relat\u00f3rio abrangente, o Estado submeter\u00e1 ao Comit\u00ea \u201crelat\u00f3rios subseq\u00fcentes\u201d de acompanhamento, \u201cao menos a cada quatro anos\u201d. Durante o processo de apresenta\u00e7\u00e3o e discuss\u00e3o do relat\u00f3rio inicial e dos relat\u00f3rios peri\u00f3dicos, o Comit\u00ea far\u00e1 as recomenda\u00e7\u00f5es que julgar pertinentes no sentido de adequar as pol\u00edticas p\u00fablicas aos princ\u00edpios e direitos previstos na Conven\u00e7\u00e3o, comprometendo-se o Estado a apresentar informa\u00e7\u00f5es sobre o progresso das medidas no relat\u00f3rio seguinte.<\/p>\n<p style=\"text-align: justify;\">Nesse processo de monitoramento internacional junto ao Comit\u00ea (cuja primeira sess\u00e3o aconteceu em fevereiro de 2009), \u00e9 fundamental e estrat\u00e9gica a participa\u00e7\u00e3o da sociedade civil, com destaque para tr\u00eas momentos: 1. Prepara\u00e7\u00e3o e apresenta\u00e7\u00e3o de um relat\u00f3rio alternativo aos membros do Comit\u00ea, no qual s\u00e3o destacadas as principais viola\u00e7\u00f5es sistem\u00e1ticas e desafios internos \u00e0 implementa\u00e7\u00e3o da Conven\u00e7\u00e3o; 2. Participa\u00e7\u00e3o direta durante o per\u00edodo de sess\u00f5es; 3. Seguimento interno da implementa\u00e7\u00e3o das recomenda\u00e7\u00f5es emitidas pelo Comit\u00ea.<\/p>\n<p style=\"text-align: justify;\">Por fim, al\u00e9m desses mecanismos gerais de monitoramento, o Protocolo Facultativo aprovado e ratificado em conjunto com a Conven\u00e7\u00e3o abre a possibilidade de atua\u00e7\u00e3o direta de indiv\u00edduos e organiza\u00e7\u00f5es da sociedade civil, atrav\u00e9s de peti\u00e7\u00f5es individuais voltadas \u00e0 defesa de pessoas ou grupos que sejam v\u00edtimas de viola\u00e7\u00e3o aos direitos e garantias nela previstos. Uma vez admitida a peti\u00e7\u00e3o, ser\u00e1 aberto um procedimento interno, no qual ser\u00e3o requisitadas informa\u00e7\u00f5es ao Estado. Antes de decidir definitivamente sobre o assunto objeto da decis\u00e3o e de estabelecer quais medidas preventivas ou reparadoras dever\u00e3o ser adotadas pelo Estado, o Comit\u00ea poder\u00e1 transmitir \u201cum pedido para que o Estado Parte tome as medidas de natureza cautelar que forem necess\u00e1rias para evitar poss\u00edveis danos irrepar\u00e1veis \u00e0 v\u00edtima ou \u00e0s v\u00edtimas da viola\u00e7\u00e3o alegada\u201d (Protocolo Facultativo, art.4.1).<\/p>\n<p style=\"text-align: justify;\">__________________________________<\/p>\n<p style=\"text-align: justify;\"><strong>Fonte de informa\u00e7\u00e3o:<\/strong> <a href=\"http:\/\/www.acaoeducativa.org.br\/portal\/index.php?option=com_content&amp;task=view&amp;id=2032&amp;Itemid=2\">A\u00e7\u00e3o Educativa <img loading=\"lazy\" decoding=\"async\" title=\"Link abrir\u00e1 em uma nova janela ou aba.\" src=\"http:\/\/www.inclusive.org.br\/images\/new_window.gif\" alt=\"Link abrir\u00e1 em uma nova janela ou aba.\" width=\"16\" height=\"14\" \/><\/a><\/p>\n","protected":false},"excerpt":{"rendered":"<p>Em 26 de agosto de 2009 foi incorporada ao direito brasileiro a Conven\u00e7\u00e3o Internacional sobre os Direitos das Pessoas com Defici\u00eancia (Decreto n\u00b0 6.949\/2009), assinada em 2007 na Assembl\u00e9ia Geral das Na\u00e7\u00f5es Unidas (ONU). T\u00e3o importantes quanto o significado global deste primeiro grande tratado internacional de direitos humanos do s\u00e9culo XXI, s\u00e3o as obriga\u00e7\u00f5es jur\u00eddicas [&hellip;]<\/p>\n","protected":false},"author":1,"featured_media":0,"comment_status":"open","ping_status":"open","sticky":false,"template":"","format":"standard","meta":{"site-container-style":"default","site-container-layout":"default","site-sidebar-layout":"default","disable-article-header":"default","disable-site-header":"default","disable-site-footer":"default","disable-content-area-spacing":"default","footnotes":""},"categories":[5,38,6,48,26,8],"tags":[],"class_list":["post-12691","post","type-post","status-publish","format-standard","hentry","category-convencao","category-deficiencia","category-educacao","category-inclusao","category-legislacao","category-textos-e-artigos"],"yoast_head":"<!-- This site is optimized with the Yoast SEO plugin v27.4 - https:\/\/yoast.com\/product\/yoast-seo-wordpress\/ -->\n<title>Conven\u00e7\u00e3o sobre o Direito das Pessoas com Defici\u00eancia exige mudan\u00e7as nas pol\u00edticas educacionais -<\/title>\n<meta name=\"robots\" content=\"index, follow, max-snippet:-1, max-image-preview:large, max-video-preview:-1\" \/>\n<link rel=\"canonical\" href=\"https:\/\/inclusivenews.com.br\/?p=12691\" \/>\n<meta property=\"og:locale\" content=\"pt_PT\" \/>\n<meta property=\"og:type\" content=\"article\" \/>\n<meta property=\"og:title\" content=\"Conven\u00e7\u00e3o sobre o Direito das Pessoas com Defici\u00eancia exige mudan\u00e7as nas pol\u00edticas educacionais -\" \/>\n<meta property=\"og:description\" content=\"Em 26 de agosto de 2009 foi incorporada ao direito brasileiro a Conven\u00e7\u00e3o Internacional sobre os Direitos das Pessoas com Defici\u00eancia (Decreto n\u00b0 6.949\/2009), assinada em 2007 na Assembl\u00e9ia Geral das Na\u00e7\u00f5es Unidas (ONU). T\u00e3o importantes quanto o significado global deste primeiro grande tratado internacional de direitos humanos do s\u00e9culo XXI, s\u00e3o as obriga\u00e7\u00f5es jur\u00eddicas [&hellip;]\" \/>\n<meta property=\"og:url\" content=\"https:\/\/inclusivenews.com.br\/?p=12691\" \/>\n<meta property=\"article:publisher\" content=\"https:\/\/www.facebook.com\/agenciainclusive\/\" \/>\n<meta property=\"article:published_time\" content=\"2009-11-25T09:01:01+00:00\" \/>\n<meta property=\"og:image\" content=\"http:\/\/inclusivenews.com.br\/wp-content\/uploads\/2009\/11\/acao_educativa2.jpg\" \/>\n<meta name=\"author\" content=\"inclusivenews2024\" \/>\n<meta name=\"twitter:card\" content=\"summary_large_image\" \/>\n<meta name=\"twitter:label1\" content=\"Escrito por\" \/>\n\t<meta name=\"twitter:data1\" content=\"inclusivenews2024\" \/>\n\t<meta name=\"twitter:label2\" content=\"Tempo estimado de leitura\" \/>\n\t<meta name=\"twitter:data2\" content=\"8 minutos\" \/>\n<script type=\"application\/ld+json\" class=\"yoast-schema-graph\">{\"@context\":\"https:\\\/\\\/schema.org\",\"@graph\":[{\"@type\":\"Article\",\"@id\":\"https:\\\/\\\/inclusivenews.com.br\\\/?p=12691#article\",\"isPartOf\":{\"@id\":\"https:\\\/\\\/inclusivenews.com.br\\\/?p=12691\"},\"author\":{\"name\":\"inclusivenews2024\",\"@id\":\"https:\\\/\\\/inclusivenews.com.br\\\/#\\\/schema\\\/person\\\/ae4ec7087559b8692fb33b6fffd2273b\"},\"headline\":\"Conven\u00e7\u00e3o sobre o Direito das Pessoas com Defici\u00eancia exige mudan\u00e7as nas pol\u00edticas educacionais\",\"datePublished\":\"2009-11-25T09:01:01+00:00\",\"mainEntityOfPage\":{\"@id\":\"https:\\\/\\\/inclusivenews.com.br\\\/?p=12691\"},\"wordCount\":1603,\"commentCount\":0,\"publisher\":{\"@id\":\"https:\\\/\\\/inclusivenews.com.br\\\/#organization\"},\"image\":{\"@id\":\"https:\\\/\\\/inclusivenews.com.br\\\/?p=12691#primaryimage\"},\"thumbnailUrl\":\"http:\\\/\\\/inclusivenews.com.br\\\/wp-content\\\/uploads\\\/2009\\\/11\\\/acao_educativa2.jpg\",\"articleSection\":[\"Conven\u00e7\u00e3o\",\"Defici\u00eancia\",\"EDUCA\u00c7\u00c3O\",\"INCLUS\u00c3O SOCIAL\",\"Legisla\u00e7\u00e3o ...\",\"OPINI\u00c3O\"],\"inLanguage\":\"pt-PT\",\"potentialAction\":[{\"@type\":\"CommentAction\",\"name\":\"Comment\",\"target\":[\"https:\\\/\\\/inclusivenews.com.br\\\/?p=12691#respond\"]}]},{\"@type\":\"WebPage\",\"@id\":\"https:\\\/\\\/inclusivenews.com.br\\\/?p=12691\",\"url\":\"https:\\\/\\\/inclusivenews.com.br\\\/?p=12691\",\"name\":\"Conven\u00e7\u00e3o sobre o Direito das Pessoas com Defici\u00eancia exige mudan\u00e7as nas pol\u00edticas educacionais -\",\"isPartOf\":{\"@id\":\"https:\\\/\\\/inclusivenews.com.br\\\/#website\"},\"primaryImageOfPage\":{\"@id\":\"https:\\\/\\\/inclusivenews.com.br\\\/?p=12691#primaryimage\"},\"image\":{\"@id\":\"https:\\\/\\\/inclusivenews.com.br\\\/?p=12691#primaryimage\"},\"thumbnailUrl\":\"http:\\\/\\\/inclusivenews.com.br\\\/wp-content\\\/uploads\\\/2009\\\/11\\\/acao_educativa2.jpg\",\"datePublished\":\"2009-11-25T09:01:01+00:00\",\"breadcrumb\":{\"@id\":\"https:\\\/\\\/inclusivenews.com.br\\\/?p=12691#breadcrumb\"},\"inLanguage\":\"pt-PT\",\"potentialAction\":[{\"@type\":\"ReadAction\",\"target\":[\"https:\\\/\\\/inclusivenews.com.br\\\/?p=12691\"]}]},{\"@type\":\"ImageObject\",\"inLanguage\":\"pt-PT\",\"@id\":\"https:\\\/\\\/inclusivenews.com.br\\\/?p=12691#primaryimage\",\"url\":\"https:\\\/\\\/inclusivenews.com.br\\\/wp-content\\\/uploads\\\/2009\\\/11\\\/acao_educativa2.jpg\",\"contentUrl\":\"https:\\\/\\\/inclusivenews.com.br\\\/wp-content\\\/uploads\\\/2009\\\/11\\\/acao_educativa2.jpg\",\"width\":188,\"height\":188,\"caption\":\"Logotipo da A\u00e7\u00e3o Educativa\"},{\"@type\":\"BreadcrumbList\",\"@id\":\"https:\\\/\\\/inclusivenews.com.br\\\/?p=12691#breadcrumb\",\"itemListElement\":[{\"@type\":\"ListItem\",\"position\":1,\"name\":\"In\u00edcio\",\"item\":\"https:\\\/\\\/inclusivenews.com.br\\\/\"},{\"@type\":\"ListItem\",\"position\":2,\"name\":\"Conven\u00e7\u00e3o sobre o Direito das Pessoas com Defici\u00eancia exige mudan\u00e7as nas pol\u00edticas educacionais\"}]},{\"@type\":\"WebSite\",\"@id\":\"https:\\\/\\\/inclusivenews.com.br\\\/#website\",\"url\":\"https:\\\/\\\/inclusivenews.com.br\\\/\",\"name\":\"Inclusive News\",\"description\":\"Inclusive News\",\"publisher\":{\"@id\":\"https:\\\/\\\/inclusivenews.com.br\\\/#organization\"},\"potentialAction\":[{\"@type\":\"SearchAction\",\"target\":{\"@type\":\"EntryPoint\",\"urlTemplate\":\"https:\\\/\\\/inclusivenews.com.br\\\/?s={search_term_string}\"},\"query-input\":{\"@type\":\"PropertyValueSpecification\",\"valueRequired\":true,\"valueName\":\"search_term_string\"}}],\"inLanguage\":\"pt-PT\"},{\"@type\":\"Organization\",\"@id\":\"https:\\\/\\\/inclusivenews.com.br\\\/#organization\",\"name\":\"Inclusive - inclus\u00e3o e cidadania\",\"url\":\"https:\\\/\\\/inclusivenews.com.br\\\/\",\"logo\":{\"@type\":\"ImageObject\",\"inLanguage\":\"pt-PT\",\"@id\":\"https:\\\/\\\/inclusivenews.com.br\\\/#\\\/schema\\\/logo\\\/image\\\/\",\"url\":\"https:\\\/\\\/inclusivenews.com.br\\\/wp-content\\\/uploads\\\/2024\\\/03\\\/@grandesite.png\",\"contentUrl\":\"https:\\\/\\\/inclusivenews.com.br\\\/wp-content\\\/uploads\\\/2024\\\/03\\\/@grandesite.png\",\"width\":1080,\"height\":1080,\"caption\":\"Inclusive - inclus\u00e3o e cidadania\"},\"image\":{\"@id\":\"https:\\\/\\\/inclusivenews.com.br\\\/#\\\/schema\\\/logo\\\/image\\\/\"},\"sameAs\":[\"https:\\\/\\\/www.facebook.com\\\/agenciainclusive\\\/\",\"https:\\\/\\\/www.instagram.com\\\/newsinclusive\\\/\"]},{\"@type\":\"Person\",\"@id\":\"https:\\\/\\\/inclusivenews.com.br\\\/#\\\/schema\\\/person\\\/ae4ec7087559b8692fb33b6fffd2273b\",\"name\":\"inclusivenews2024\",\"image\":{\"@type\":\"ImageObject\",\"inLanguage\":\"pt-PT\",\"@id\":\"https:\\\/\\\/secure.gravatar.com\\\/avatar\\\/c5a7ef84c66fa914f55bc4f7ce26cfa275a3b9a1c5568b907bd184fb4dde7b40?s=96&d=mm&r=g\",\"url\":\"https:\\\/\\\/secure.gravatar.com\\\/avatar\\\/c5a7ef84c66fa914f55bc4f7ce26cfa275a3b9a1c5568b907bd184fb4dde7b40?s=96&d=mm&r=g\",\"contentUrl\":\"https:\\\/\\\/secure.gravatar.com\\\/avatar\\\/c5a7ef84c66fa914f55bc4f7ce26cfa275a3b9a1c5568b907bd184fb4dde7b40?s=96&d=mm&r=g\",\"caption\":\"inclusivenews2024\"},\"sameAs\":[\"https:\\\/\\\/inclusivenews.com.br\"],\"url\":\"https:\\\/\\\/inclusivenews.com.br\\\/?author=1\"}]}<\/script>\n<!-- \/ Yoast SEO plugin. -->","yoast_head_json":{"title":"Conven\u00e7\u00e3o sobre o Direito das Pessoas com Defici\u00eancia exige mudan\u00e7as nas pol\u00edticas educacionais -","robots":{"index":"index","follow":"follow","max-snippet":"max-snippet:-1","max-image-preview":"max-image-preview:large","max-video-preview":"max-video-preview:-1"},"canonical":"https:\/\/inclusivenews.com.br\/?p=12691","og_locale":"pt_PT","og_type":"article","og_title":"Conven\u00e7\u00e3o sobre o Direito das Pessoas com Defici\u00eancia exige mudan\u00e7as nas pol\u00edticas educacionais -","og_description":"Em 26 de agosto de 2009 foi incorporada ao direito brasileiro a Conven\u00e7\u00e3o Internacional sobre os Direitos das Pessoas com Defici\u00eancia (Decreto n\u00b0 6.949\/2009), assinada em 2007 na Assembl\u00e9ia Geral das Na\u00e7\u00f5es Unidas (ONU). T\u00e3o importantes quanto o significado global deste primeiro grande tratado internacional de direitos humanos do s\u00e9culo XXI, s\u00e3o as obriga\u00e7\u00f5es jur\u00eddicas [&hellip;]","og_url":"https:\/\/inclusivenews.com.br\/?p=12691","article_publisher":"https:\/\/www.facebook.com\/agenciainclusive\/","article_published_time":"2009-11-25T09:01:01+00:00","og_image":[{"url":"http:\/\/inclusivenews.com.br\/wp-content\/uploads\/2009\/11\/acao_educativa2.jpg","type":"","width":"","height":""}],"author":"inclusivenews2024","twitter_card":"summary_large_image","twitter_misc":{"Escrito por":"inclusivenews2024","Tempo estimado de leitura":"8 minutos"},"schema":{"@context":"https:\/\/schema.org","@graph":[{"@type":"Article","@id":"https:\/\/inclusivenews.com.br\/?p=12691#article","isPartOf":{"@id":"https:\/\/inclusivenews.com.br\/?p=12691"},"author":{"name":"inclusivenews2024","@id":"https:\/\/inclusivenews.com.br\/#\/schema\/person\/ae4ec7087559b8692fb33b6fffd2273b"},"headline":"Conven\u00e7\u00e3o sobre o Direito das Pessoas com Defici\u00eancia exige mudan\u00e7as nas pol\u00edticas educacionais","datePublished":"2009-11-25T09:01:01+00:00","mainEntityOfPage":{"@id":"https:\/\/inclusivenews.com.br\/?p=12691"},"wordCount":1603,"commentCount":0,"publisher":{"@id":"https:\/\/inclusivenews.com.br\/#organization"},"image":{"@id":"https:\/\/inclusivenews.com.br\/?p=12691#primaryimage"},"thumbnailUrl":"http:\/\/inclusivenews.com.br\/wp-content\/uploads\/2009\/11\/acao_educativa2.jpg","articleSection":["Conven\u00e7\u00e3o","Defici\u00eancia","EDUCA\u00c7\u00c3O","INCLUS\u00c3O SOCIAL","Legisla\u00e7\u00e3o ...","OPINI\u00c3O"],"inLanguage":"pt-PT","potentialAction":[{"@type":"CommentAction","name":"Comment","target":["https:\/\/inclusivenews.com.br\/?p=12691#respond"]}]},{"@type":"WebPage","@id":"https:\/\/inclusivenews.com.br\/?p=12691","url":"https:\/\/inclusivenews.com.br\/?p=12691","name":"Conven\u00e7\u00e3o sobre o Direito das Pessoas com Defici\u00eancia exige mudan\u00e7as nas pol\u00edticas educacionais -","isPartOf":{"@id":"https:\/\/inclusivenews.com.br\/#website"},"primaryImageOfPage":{"@id":"https:\/\/inclusivenews.com.br\/?p=12691#primaryimage"},"image":{"@id":"https:\/\/inclusivenews.com.br\/?p=12691#primaryimage"},"thumbnailUrl":"http:\/\/inclusivenews.com.br\/wp-content\/uploads\/2009\/11\/acao_educativa2.jpg","datePublished":"2009-11-25T09:01:01+00:00","breadcrumb":{"@id":"https:\/\/inclusivenews.com.br\/?p=12691#breadcrumb"},"inLanguage":"pt-PT","potentialAction":[{"@type":"ReadAction","target":["https:\/\/inclusivenews.com.br\/?p=12691"]}]},{"@type":"ImageObject","inLanguage":"pt-PT","@id":"https:\/\/inclusivenews.com.br\/?p=12691#primaryimage","url":"https:\/\/inclusivenews.com.br\/wp-content\/uploads\/2009\/11\/acao_educativa2.jpg","contentUrl":"https:\/\/inclusivenews.com.br\/wp-content\/uploads\/2009\/11\/acao_educativa2.jpg","width":188,"height":188,"caption":"Logotipo da A\u00e7\u00e3o Educativa"},{"@type":"BreadcrumbList","@id":"https:\/\/inclusivenews.com.br\/?p=12691#breadcrumb","itemListElement":[{"@type":"ListItem","position":1,"name":"In\u00edcio","item":"https:\/\/inclusivenews.com.br\/"},{"@type":"ListItem","position":2,"name":"Conven\u00e7\u00e3o sobre o Direito das Pessoas com Defici\u00eancia exige mudan\u00e7as nas pol\u00edticas educacionais"}]},{"@type":"WebSite","@id":"https:\/\/inclusivenews.com.br\/#website","url":"https:\/\/inclusivenews.com.br\/","name":"Inclusive News","description":"Inclusive News","publisher":{"@id":"https:\/\/inclusivenews.com.br\/#organization"},"potentialAction":[{"@type":"SearchAction","target":{"@type":"EntryPoint","urlTemplate":"https:\/\/inclusivenews.com.br\/?s={search_term_string}"},"query-input":{"@type":"PropertyValueSpecification","valueRequired":true,"valueName":"search_term_string"}}],"inLanguage":"pt-PT"},{"@type":"Organization","@id":"https:\/\/inclusivenews.com.br\/#organization","name":"Inclusive - inclus\u00e3o e cidadania","url":"https:\/\/inclusivenews.com.br\/","logo":{"@type":"ImageObject","inLanguage":"pt-PT","@id":"https:\/\/inclusivenews.com.br\/#\/schema\/logo\/image\/","url":"https:\/\/inclusivenews.com.br\/wp-content\/uploads\/2024\/03\/@grandesite.png","contentUrl":"https:\/\/inclusivenews.com.br\/wp-content\/uploads\/2024\/03\/@grandesite.png","width":1080,"height":1080,"caption":"Inclusive - inclus\u00e3o e cidadania"},"image":{"@id":"https:\/\/inclusivenews.com.br\/#\/schema\/logo\/image\/"},"sameAs":["https:\/\/www.facebook.com\/agenciainclusive\/","https:\/\/www.instagram.com\/newsinclusive\/"]},{"@type":"Person","@id":"https:\/\/inclusivenews.com.br\/#\/schema\/person\/ae4ec7087559b8692fb33b6fffd2273b","name":"inclusivenews2024","image":{"@type":"ImageObject","inLanguage":"pt-PT","@id":"https:\/\/secure.gravatar.com\/avatar\/c5a7ef84c66fa914f55bc4f7ce26cfa275a3b9a1c5568b907bd184fb4dde7b40?s=96&d=mm&r=g","url":"https:\/\/secure.gravatar.com\/avatar\/c5a7ef84c66fa914f55bc4f7ce26cfa275a3b9a1c5568b907bd184fb4dde7b40?s=96&d=mm&r=g","contentUrl":"https:\/\/secure.gravatar.com\/avatar\/c5a7ef84c66fa914f55bc4f7ce26cfa275a3b9a1c5568b907bd184fb4dde7b40?s=96&d=mm&r=g","caption":"inclusivenews2024"},"sameAs":["https:\/\/inclusivenews.com.br"],"url":"https:\/\/inclusivenews.com.br\/?author=1"}]}},"_links":{"self":[{"href":"https:\/\/inclusivenews.com.br\/index.php?rest_route=\/wp\/v2\/posts\/12691","targetHints":{"allow":["GET"]}}],"collection":[{"href":"https:\/\/inclusivenews.com.br\/index.php?rest_route=\/wp\/v2\/posts"}],"about":[{"href":"https:\/\/inclusivenews.com.br\/index.php?rest_route=\/wp\/v2\/types\/post"}],"author":[{"embeddable":true,"href":"https:\/\/inclusivenews.com.br\/index.php?rest_route=\/wp\/v2\/users\/1"}],"replies":[{"embeddable":true,"href":"https:\/\/inclusivenews.com.br\/index.php?rest_route=%2Fwp%2Fv2%2Fcomments&post=12691"}],"version-history":[{"count":0,"href":"https:\/\/inclusivenews.com.br\/index.php?rest_route=\/wp\/v2\/posts\/12691\/revisions"}],"wp:attachment":[{"href":"https:\/\/inclusivenews.com.br\/index.php?rest_route=%2Fwp%2Fv2%2Fmedia&parent=12691"}],"wp:term":[{"taxonomy":"category","embeddable":true,"href":"https:\/\/inclusivenews.com.br\/index.php?rest_route=%2Fwp%2Fv2%2Fcategories&post=12691"},{"taxonomy":"post_tag","embeddable":true,"href":"https:\/\/inclusivenews.com.br\/index.php?rest_route=%2Fwp%2Fv2%2Ftags&post=12691"}],"curies":[{"name":"wp","href":"https:\/\/api.w.org\/{rel}","templated":true}]}}