{"id":12706,"date":"2009-11-24T21:46:07","date_gmt":"2009-11-25T00:46:07","guid":{"rendered":"http:\/\/www.inclusive.org.br\/?p=12706"},"modified":"2009-11-24T21:46:07","modified_gmt":"2009-11-25T00:46:07","slug":"educacao-inclusiva-o-que-devemos-fazer-com-isso","status":"publish","type":"post","link":"https:\/\/inclusivenews.com.br\/?p=12706","title":{"rendered":"Educa\u00e7\u00e3o inclusiva: o que devemos fazer com isso"},"content":{"rendered":"<figure id=\"attachment_12708\" aria-describedby=\"caption-attachment-12708\" style=\"width: 226px\" class=\"wp-caption alignleft\"><a href=\"http:\/\/www.inclusivenews.com.br\/wp-content\/uploads\/2009\/11\/participacao.jpg\"><img loading=\"lazy\" decoding=\"async\" class=\"size-full wp-image-12708\" title=\"Crian\u00e7as fazendo arte com pinturas no ch\u00e3o.\" src=\"http:\/\/inclusivenews.com.br\/wp-content\/uploads\/2009\/11\/participacao.jpg\" alt=\"Crian\u00e7as\" width=\"226\" height=\"168\" \/><\/a><figcaption id=\"caption-attachment-12708\" class=\"wp-caption-text\"> <\/figcaption><\/figure>\n<p style=\"text-align: justify;\">Acesse o endere\u00e7o abaixo para participar do abaixo-assinado:<\/p>\n<h3><a href=\"http:\/\/www.abaixoassinado.org\/abaixoassinados\/5267\" target=\"_blank\" rel=\"noopener\">http:\/\/www.abaixoassinado.org\/abaixoassinados\/5267 <img loading=\"lazy\" decoding=\"async\" title=\"Link abrir\u00e1 em uma nova janela ou aba.\" src=\"http:\/\/www.inclusive.org.br\/images\/new_window.gif\" alt=\"Link abrir\u00e1 em uma nova janela ou aba.\" width=\"16\" height=\"14\" \/><\/a><\/h3>\n<p style=\"text-align: center;\">_______________________________________________________<\/p>\n<p style=\"text-align: justify;\">Um dos grandes desafios atuais \u00e9 fazer a inclus\u00e3o acontecer, de forma a valorizar as capacidades e a viabilizar a educa\u00e7\u00e3o de todos. A educa\u00e7\u00e3o est\u00e1 definida como direito humano desde 1948 na Declara\u00e7\u00e3o Universal dos Direitos Humanos e garantida como tal na legisla\u00e7\u00e3o brasileira explicitamente desde 1988, com a Constitui\u00e7\u00e3o Cidad\u00e3.<\/p>\n<p style=\"text-align: justify;\">Ap\u00f3s 21 anos, o Brasil, assegurou, em 2008, o direito \u00e0 educa\u00e7\u00e3o inclusiva, mediante a ratifica\u00e7\u00e3o da Conven\u00e7\u00e3o sobre os Direitos das Pessoas com Defici\u00eancia, com equival\u00eancia de emenda constitucional (Decreto Legislativo 186\/2008 e Decreto n\u00ba 6.949\/2009). Com isso, explicitamente, inserimos a Defici\u00eancia no patamar dos Direitos Humanos , o que significa um enorme avan\u00e7o no sentido do pleno exerc\u00edcio da cidadania.<\/p>\n<p style=\"text-align: justify;\">Na pr\u00e1tica esse direito ainda sofre resist\u00eancias para sua implementa\u00e7\u00e3o efetiva.<\/p>\n<p style=\"text-align: justify;\">Algumas escolas que alegam ainda n\u00e3o estarem preparadas preferem continuar dizendo \u201cn\u00e3o\u201d ao inv\u00e9s de seguir os muitos exemplos de co-irm\u00e3s que, ao depararem com as dificuldades do cotidiano, exigem a\u00e7\u00f5es de apoio dos outros respons\u00e1veis pelo efetivo cumprimento desse dever constitucional.<\/p>\n<p style=\"text-align: justify;\">Algumas fam\u00edlias revelam-se aflitas diante da possibilidade de verem seus filhos atuando autonomamente na sociedade. Medo cuja origem pode ser atribu\u00edda, em parte, aos longos anos da hegemonia de discursos segregacionistas e paternalistas.<\/p>\n<p style=\"text-align: justify;\">E, diante desse quadro, muitos governos mostram-se vulner\u00e1veis a press\u00f5es de v\u00e1rios discursos, relegando o cumprimento da lei maior do pa\u00eds a um segundo plano.<\/p>\n<p style=\"text-align: justify;\">Ou seja, continuamos agindo como se pud\u00e9ssemos decidir se asseguramos ou n\u00e3o o direito \u00e0 educa\u00e7\u00e3o de todos e de cada um. Tratando as pessoas com defici\u00eancia como se fossem pedras no meio do caminho que comprometem \u2018o nosso belo quadro social\u2019, como diria o poeta.<\/p>\n<p style=\"text-align: justify;\">A concretiza\u00e7\u00e3o imediata desse direito requer pol\u00edticas p\u00fablicas que se fa\u00e7am por meio de projetos e a\u00e7\u00f5es intersecretariais para garantir os direitos sociais, pondo fim aos conflitos em torno da aloca\u00e7\u00e3o de bens e recursos p\u00fablicos com o objetivo de atender o maior n\u00famero de benefici\u00e1rios poss\u00edvel, o que, indubitavelmente requer uma profunda mudan\u00e7a nos nossos valores e atitudes.<\/p>\n<p style=\"text-align: justify;\">Processo urgente que \u00e9 fundamental para que a pessoa com defici\u00eancia possa exercer plenamente sua cidadania e estar inserida no mundo atual, aprendendo a identificar, selecionar e utilizar as informa\u00e7\u00f5es que lhe s\u00e3o necess\u00e1rias em uma dada situa\u00e7\u00e3o, assim como qualquer outro estudante.<\/p>\n<p style=\"text-align: justify;\">A pessoa com defici\u00eancia tamb\u00e9m \u00e9 cidad\u00e3; precisa aprender a optar e s\u00f3 poder\u00e1 faz\u00ea-lo quando tiver acesso a conhecimentos, com equipara\u00e7\u00e3o de oportunidades com a pessoa sem defici\u00eancia. Essas e muitas outras mudan\u00e7as s\u00f3 se concretizam porque as pessoas com defici\u00eancia est\u00e3o presentes. Todos aprendem, porque todos convivem, no mesmo espa\u00e7o educacional.<\/p>\n<p style=\"text-align: justify;\">E, n\u00e3o podemos admitir, sequer teoricamente, que, por se tratar de uma implanta\u00e7\u00e3o em massa, a educa\u00e7\u00e3o inclusiva possa retroceder, mesmo que cause uma \u201crevolta\u201d e uma agita\u00e7\u00e3o daqueles que ainda t\u00eam medo do desconhecido.<\/p>\n<p style=\"text-align: justify;\">Finalmente, de acordo com a Confer\u00eancia Mundial sobre Educa\u00e7\u00e3o Inclusiva, ocorrida de 21 a 23 de outubro de 2009, quando seus participantes ratificaram a necessidade urgente de pol\u00edticas efetivas e de financiamento p\u00fablico para um sistema educacional totalmente inclusivo (Iniciativa 24), n\u00e3o h\u00e1 mais tempo para impedir que esse processo continue, muito menos, para que se evite a transforma\u00e7\u00e3o do sistema educacional brasileiro.<\/p>\n<p style=\"text-align: justify;\">Que a educa\u00e7\u00e3o inclusiva seja mantida enquanto pol\u00edtica p\u00fablica, como decorr\u00eancia da legisla\u00e7\u00e3o nacional e dos direitos humanos.<\/p>\n","protected":false},"excerpt":{"rendered":"<p>Acesse http:\/\/www.abaixoassinado.org\/abaixoassinados\/5267 para participar do abaixo-assinado. Leia aqui o seu teor.<\/p>\n","protected":false},"author":1,"featured_media":0,"comment_status":"open","ping_status":"open","sticky":false,"template":"","format":"standard","meta":{"site-container-style":"default","site-container-layout":"default","site-sidebar-layout":"default","disable-article-header":"default","disable-site-header":"default","disable-site-footer":"default","disable-content-area-spacing":"default","footnotes":""},"categories":[35,3,6,48],"tags":[],"class_list":["post-12706","post","type-post","status-publish","format-standard","hentry","category-de-nossa-parte","category-campanhas","category-educacao","category-inclusao"],"yoast_head":"<!-- This site is optimized with the Yoast SEO plugin v27.4 - https:\/\/yoast.com\/product\/yoast-seo-wordpress\/ -->\n<title>Educa\u00e7\u00e3o inclusiva: o que devemos fazer com isso -<\/title>\n<meta name=\"robots\" content=\"index, follow, max-snippet:-1, max-image-preview:large, max-video-preview:-1\" \/>\n<link rel=\"canonical\" href=\"https:\/\/inclusivenews.com.br\/?p=12706\" \/>\n<meta property=\"og:locale\" content=\"pt_PT\" \/>\n<meta property=\"og:type\" content=\"article\" \/>\n<meta property=\"og:title\" content=\"Educa\u00e7\u00e3o inclusiva: o que devemos fazer com isso -\" \/>\n<meta property=\"og:description\" content=\"Acesse http:\/\/www.abaixoassinado.org\/abaixoassinados\/5267 para participar do abaixo-assinado. Leia aqui o seu teor.\" \/>\n<meta property=\"og:url\" content=\"https:\/\/inclusivenews.com.br\/?p=12706\" \/>\n<meta property=\"article:publisher\" content=\"https:\/\/www.facebook.com\/agenciainclusive\/\" \/>\n<meta property=\"article:published_time\" content=\"2009-11-25T00:46:07+00:00\" \/>\n<meta property=\"og:image\" content=\"http:\/\/inclusivenews.com.br\/wp-content\/uploads\/2009\/11\/participacao.jpg\" \/>\n<meta name=\"author\" content=\"inclusivenews2024\" \/>\n<meta name=\"twitter:card\" content=\"summary_large_image\" \/>\n<meta name=\"twitter:label1\" content=\"Escrito por\" \/>\n\t<meta name=\"twitter:data1\" content=\"inclusivenews2024\" \/>\n\t<meta name=\"twitter:label2\" content=\"Tempo estimado de leitura\" \/>\n\t<meta name=\"twitter:data2\" content=\"3 minutos\" \/>\n<script type=\"application\/ld+json\" class=\"yoast-schema-graph\">{\"@context\":\"https:\\\/\\\/schema.org\",\"@graph\":[{\"@type\":\"Article\",\"@id\":\"https:\\\/\\\/inclusivenews.com.br\\\/?p=12706#article\",\"isPartOf\":{\"@id\":\"https:\\\/\\\/inclusivenews.com.br\\\/?p=12706\"},\"author\":{\"name\":\"inclusivenews2024\",\"@id\":\"https:\\\/\\\/inclusivenews.com.br\\\/#\\\/schema\\\/person\\\/ae4ec7087559b8692fb33b6fffd2273b\"},\"headline\":\"Educa\u00e7\u00e3o inclusiva: o que devemos fazer com isso\",\"datePublished\":\"2009-11-25T00:46:07+00:00\",\"mainEntityOfPage\":{\"@id\":\"https:\\\/\\\/inclusivenews.com.br\\\/?p=12706\"},\"wordCount\":632,\"commentCount\":0,\"publisher\":{\"@id\":\"https:\\\/\\\/inclusivenews.com.br\\\/#organization\"},\"image\":{\"@id\":\"https:\\\/\\\/inclusivenews.com.br\\\/?p=12706#primaryimage\"},\"thumbnailUrl\":\"http:\\\/\\\/inclusivenews.com.br\\\/wp-content\\\/uploads\\\/2009\\\/11\\\/participacao.jpg\",\"articleSection\":[\"+ De nossa parte\",\"CAMPANHAS\",\"EDUCA\u00c7\u00c3O\",\"INCLUS\u00c3O SOCIAL\"],\"inLanguage\":\"pt-PT\",\"potentialAction\":[{\"@type\":\"CommentAction\",\"name\":\"Comment\",\"target\":[\"https:\\\/\\\/inclusivenews.com.br\\\/?p=12706#respond\"]}]},{\"@type\":\"WebPage\",\"@id\":\"https:\\\/\\\/inclusivenews.com.br\\\/?p=12706\",\"url\":\"https:\\\/\\\/inclusivenews.com.br\\\/?p=12706\",\"name\":\"Educa\u00e7\u00e3o inclusiva: o que devemos fazer com isso -\",\"isPartOf\":{\"@id\":\"https:\\\/\\\/inclusivenews.com.br\\\/#website\"},\"primaryImageOfPage\":{\"@id\":\"https:\\\/\\\/inclusivenews.com.br\\\/?p=12706#primaryimage\"},\"image\":{\"@id\":\"https:\\\/\\\/inclusivenews.com.br\\\/?p=12706#primaryimage\"},\"thumbnailUrl\":\"http:\\\/\\\/inclusivenews.com.br\\\/wp-content\\\/uploads\\\/2009\\\/11\\\/participacao.jpg\",\"datePublished\":\"2009-11-25T00:46:07+00:00\",\"breadcrumb\":{\"@id\":\"https:\\\/\\\/inclusivenews.com.br\\\/?p=12706#breadcrumb\"},\"inLanguage\":\"pt-PT\",\"potentialAction\":[{\"@type\":\"ReadAction\",\"target\":[\"https:\\\/\\\/inclusivenews.com.br\\\/?p=12706\"]}]},{\"@type\":\"ImageObject\",\"inLanguage\":\"pt-PT\",\"@id\":\"https:\\\/\\\/inclusivenews.com.br\\\/?p=12706#primaryimage\",\"url\":\"https:\\\/\\\/inclusivenews.com.br\\\/wp-content\\\/uploads\\\/2009\\\/11\\\/participacao.jpg\",\"contentUrl\":\"https:\\\/\\\/inclusivenews.com.br\\\/wp-content\\\/uploads\\\/2009\\\/11\\\/participacao.jpg\",\"width\":283,\"height\":210},{\"@type\":\"BreadcrumbList\",\"@id\":\"https:\\\/\\\/inclusivenews.com.br\\\/?p=12706#breadcrumb\",\"itemListElement\":[{\"@type\":\"ListItem\",\"position\":1,\"name\":\"In\u00edcio\",\"item\":\"https:\\\/\\\/inclusivenews.com.br\\\/\"},{\"@type\":\"ListItem\",\"position\":2,\"name\":\"Educa\u00e7\u00e3o inclusiva: o que devemos fazer com isso\"}]},{\"@type\":\"WebSite\",\"@id\":\"https:\\\/\\\/inclusivenews.com.br\\\/#website\",\"url\":\"https:\\\/\\\/inclusivenews.com.br\\\/\",\"name\":\"Inclusive News\",\"description\":\"Inclusive News\",\"publisher\":{\"@id\":\"https:\\\/\\\/inclusivenews.com.br\\\/#organization\"},\"potentialAction\":[{\"@type\":\"SearchAction\",\"target\":{\"@type\":\"EntryPoint\",\"urlTemplate\":\"https:\\\/\\\/inclusivenews.com.br\\\/?s={search_term_string}\"},\"query-input\":{\"@type\":\"PropertyValueSpecification\",\"valueRequired\":true,\"valueName\":\"search_term_string\"}}],\"inLanguage\":\"pt-PT\"},{\"@type\":\"Organization\",\"@id\":\"https:\\\/\\\/inclusivenews.com.br\\\/#organization\",\"name\":\"Inclusive - inclus\u00e3o e cidadania\",\"url\":\"https:\\\/\\\/inclusivenews.com.br\\\/\",\"logo\":{\"@type\":\"ImageObject\",\"inLanguage\":\"pt-PT\",\"@id\":\"https:\\\/\\\/inclusivenews.com.br\\\/#\\\/schema\\\/logo\\\/image\\\/\",\"url\":\"https:\\\/\\\/inclusivenews.com.br\\\/wp-content\\\/uploads\\\/2024\\\/03\\\/@grandesite.png\",\"contentUrl\":\"https:\\\/\\\/inclusivenews.com.br\\\/wp-content\\\/uploads\\\/2024\\\/03\\\/@grandesite.png\",\"width\":1080,\"height\":1080,\"caption\":\"Inclusive - inclus\u00e3o e cidadania\"},\"image\":{\"@id\":\"https:\\\/\\\/inclusivenews.com.br\\\/#\\\/schema\\\/logo\\\/image\\\/\"},\"sameAs\":[\"https:\\\/\\\/www.facebook.com\\\/agenciainclusive\\\/\",\"https:\\\/\\\/www.instagram.com\\\/newsinclusive\\\/\"]},{\"@type\":\"Person\",\"@id\":\"https:\\\/\\\/inclusivenews.com.br\\\/#\\\/schema\\\/person\\\/ae4ec7087559b8692fb33b6fffd2273b\",\"name\":\"inclusivenews2024\",\"image\":{\"@type\":\"ImageObject\",\"inLanguage\":\"pt-PT\",\"@id\":\"https:\\\/\\\/secure.gravatar.com\\\/avatar\\\/c5a7ef84c66fa914f55bc4f7ce26cfa275a3b9a1c5568b907bd184fb4dde7b40?s=96&d=mm&r=g\",\"url\":\"https:\\\/\\\/secure.gravatar.com\\\/avatar\\\/c5a7ef84c66fa914f55bc4f7ce26cfa275a3b9a1c5568b907bd184fb4dde7b40?s=96&d=mm&r=g\",\"contentUrl\":\"https:\\\/\\\/secure.gravatar.com\\\/avatar\\\/c5a7ef84c66fa914f55bc4f7ce26cfa275a3b9a1c5568b907bd184fb4dde7b40?s=96&d=mm&r=g\",\"caption\":\"inclusivenews2024\"},\"sameAs\":[\"https:\\\/\\\/inclusivenews.com.br\"],\"url\":\"https:\\\/\\\/inclusivenews.com.br\\\/?author=1\"}]}<\/script>\n<!-- \/ Yoast SEO plugin. -->","yoast_head_json":{"title":"Educa\u00e7\u00e3o inclusiva: o que devemos fazer com isso -","robots":{"index":"index","follow":"follow","max-snippet":"max-snippet:-1","max-image-preview":"max-image-preview:large","max-video-preview":"max-video-preview:-1"},"canonical":"https:\/\/inclusivenews.com.br\/?p=12706","og_locale":"pt_PT","og_type":"article","og_title":"Educa\u00e7\u00e3o inclusiva: o que devemos fazer com isso -","og_description":"Acesse http:\/\/www.abaixoassinado.org\/abaixoassinados\/5267 para participar do abaixo-assinado. Leia aqui o seu teor.","og_url":"https:\/\/inclusivenews.com.br\/?p=12706","article_publisher":"https:\/\/www.facebook.com\/agenciainclusive\/","article_published_time":"2009-11-25T00:46:07+00:00","og_image":[{"url":"http:\/\/inclusivenews.com.br\/wp-content\/uploads\/2009\/11\/participacao.jpg","type":"","width":"","height":""}],"author":"inclusivenews2024","twitter_card":"summary_large_image","twitter_misc":{"Escrito por":"inclusivenews2024","Tempo estimado de leitura":"3 minutos"},"schema":{"@context":"https:\/\/schema.org","@graph":[{"@type":"Article","@id":"https:\/\/inclusivenews.com.br\/?p=12706#article","isPartOf":{"@id":"https:\/\/inclusivenews.com.br\/?p=12706"},"author":{"name":"inclusivenews2024","@id":"https:\/\/inclusivenews.com.br\/#\/schema\/person\/ae4ec7087559b8692fb33b6fffd2273b"},"headline":"Educa\u00e7\u00e3o inclusiva: o que devemos fazer com isso","datePublished":"2009-11-25T00:46:07+00:00","mainEntityOfPage":{"@id":"https:\/\/inclusivenews.com.br\/?p=12706"},"wordCount":632,"commentCount":0,"publisher":{"@id":"https:\/\/inclusivenews.com.br\/#organization"},"image":{"@id":"https:\/\/inclusivenews.com.br\/?p=12706#primaryimage"},"thumbnailUrl":"http:\/\/inclusivenews.com.br\/wp-content\/uploads\/2009\/11\/participacao.jpg","articleSection":["+ De nossa parte","CAMPANHAS","EDUCA\u00c7\u00c3O","INCLUS\u00c3O SOCIAL"],"inLanguage":"pt-PT","potentialAction":[{"@type":"CommentAction","name":"Comment","target":["https:\/\/inclusivenews.com.br\/?p=12706#respond"]}]},{"@type":"WebPage","@id":"https:\/\/inclusivenews.com.br\/?p=12706","url":"https:\/\/inclusivenews.com.br\/?p=12706","name":"Educa\u00e7\u00e3o inclusiva: o que devemos fazer com isso -","isPartOf":{"@id":"https:\/\/inclusivenews.com.br\/#website"},"primaryImageOfPage":{"@id":"https:\/\/inclusivenews.com.br\/?p=12706#primaryimage"},"image":{"@id":"https:\/\/inclusivenews.com.br\/?p=12706#primaryimage"},"thumbnailUrl":"http:\/\/inclusivenews.com.br\/wp-content\/uploads\/2009\/11\/participacao.jpg","datePublished":"2009-11-25T00:46:07+00:00","breadcrumb":{"@id":"https:\/\/inclusivenews.com.br\/?p=12706#breadcrumb"},"inLanguage":"pt-PT","potentialAction":[{"@type":"ReadAction","target":["https:\/\/inclusivenews.com.br\/?p=12706"]}]},{"@type":"ImageObject","inLanguage":"pt-PT","@id":"https:\/\/inclusivenews.com.br\/?p=12706#primaryimage","url":"https:\/\/inclusivenews.com.br\/wp-content\/uploads\/2009\/11\/participacao.jpg","contentUrl":"https:\/\/inclusivenews.com.br\/wp-content\/uploads\/2009\/11\/participacao.jpg","width":283,"height":210},{"@type":"BreadcrumbList","@id":"https:\/\/inclusivenews.com.br\/?p=12706#breadcrumb","itemListElement":[{"@type":"ListItem","position":1,"name":"In\u00edcio","item":"https:\/\/inclusivenews.com.br\/"},{"@type":"ListItem","position":2,"name":"Educa\u00e7\u00e3o inclusiva: o que devemos fazer com isso"}]},{"@type":"WebSite","@id":"https:\/\/inclusivenews.com.br\/#website","url":"https:\/\/inclusivenews.com.br\/","name":"Inclusive News","description":"Inclusive News","publisher":{"@id":"https:\/\/inclusivenews.com.br\/#organization"},"potentialAction":[{"@type":"SearchAction","target":{"@type":"EntryPoint","urlTemplate":"https:\/\/inclusivenews.com.br\/?s={search_term_string}"},"query-input":{"@type":"PropertyValueSpecification","valueRequired":true,"valueName":"search_term_string"}}],"inLanguage":"pt-PT"},{"@type":"Organization","@id":"https:\/\/inclusivenews.com.br\/#organization","name":"Inclusive - inclus\u00e3o e cidadania","url":"https:\/\/inclusivenews.com.br\/","logo":{"@type":"ImageObject","inLanguage":"pt-PT","@id":"https:\/\/inclusivenews.com.br\/#\/schema\/logo\/image\/","url":"https:\/\/inclusivenews.com.br\/wp-content\/uploads\/2024\/03\/@grandesite.png","contentUrl":"https:\/\/inclusivenews.com.br\/wp-content\/uploads\/2024\/03\/@grandesite.png","width":1080,"height":1080,"caption":"Inclusive - inclus\u00e3o e cidadania"},"image":{"@id":"https:\/\/inclusivenews.com.br\/#\/schema\/logo\/image\/"},"sameAs":["https:\/\/www.facebook.com\/agenciainclusive\/","https:\/\/www.instagram.com\/newsinclusive\/"]},{"@type":"Person","@id":"https:\/\/inclusivenews.com.br\/#\/schema\/person\/ae4ec7087559b8692fb33b6fffd2273b","name":"inclusivenews2024","image":{"@type":"ImageObject","inLanguage":"pt-PT","@id":"https:\/\/secure.gravatar.com\/avatar\/c5a7ef84c66fa914f55bc4f7ce26cfa275a3b9a1c5568b907bd184fb4dde7b40?s=96&d=mm&r=g","url":"https:\/\/secure.gravatar.com\/avatar\/c5a7ef84c66fa914f55bc4f7ce26cfa275a3b9a1c5568b907bd184fb4dde7b40?s=96&d=mm&r=g","contentUrl":"https:\/\/secure.gravatar.com\/avatar\/c5a7ef84c66fa914f55bc4f7ce26cfa275a3b9a1c5568b907bd184fb4dde7b40?s=96&d=mm&r=g","caption":"inclusivenews2024"},"sameAs":["https:\/\/inclusivenews.com.br"],"url":"https:\/\/inclusivenews.com.br\/?author=1"}]}},"_links":{"self":[{"href":"https:\/\/inclusivenews.com.br\/index.php?rest_route=\/wp\/v2\/posts\/12706","targetHints":{"allow":["GET"]}}],"collection":[{"href":"https:\/\/inclusivenews.com.br\/index.php?rest_route=\/wp\/v2\/posts"}],"about":[{"href":"https:\/\/inclusivenews.com.br\/index.php?rest_route=\/wp\/v2\/types\/post"}],"author":[{"embeddable":true,"href":"https:\/\/inclusivenews.com.br\/index.php?rest_route=\/wp\/v2\/users\/1"}],"replies":[{"embeddable":true,"href":"https:\/\/inclusivenews.com.br\/index.php?rest_route=%2Fwp%2Fv2%2Fcomments&post=12706"}],"version-history":[{"count":0,"href":"https:\/\/inclusivenews.com.br\/index.php?rest_route=\/wp\/v2\/posts\/12706\/revisions"}],"wp:attachment":[{"href":"https:\/\/inclusivenews.com.br\/index.php?rest_route=%2Fwp%2Fv2%2Fmedia&parent=12706"}],"wp:term":[{"taxonomy":"category","embeddable":true,"href":"https:\/\/inclusivenews.com.br\/index.php?rest_route=%2Fwp%2Fv2%2Fcategories&post=12706"},{"taxonomy":"post_tag","embeddable":true,"href":"https:\/\/inclusivenews.com.br\/index.php?rest_route=%2Fwp%2Fv2%2Ftags&post=12706"}],"curies":[{"name":"wp","href":"https:\/\/api.w.org\/{rel}","templated":true}]}}