{"id":1271,"date":"2008-09-23T13:17:51","date_gmt":"2008-09-23T13:17:51","guid":{"rendered":"http:\/\/agenciainclusive.wordpress.com\/?p=1271"},"modified":"2008-09-23T13:17:51","modified_gmt":"2008-09-23T13:17:51","slug":"bsb-encerrada-a-contagem-regressiva-com-muita-luta","status":"publish","type":"post","link":"https:\/\/inclusivenews.com.br\/?p=1271","title":{"rendered":"BSB &#8211; Encerrada a contagem regressiva com muita luta!"},"content":{"rendered":"<p>Por mais de tr\u00eas horas, membros e simpatizantes do F\u00f3rum Permanente de Apoio  e Defesa dos Direitos das Pessoas com Defici\u00eancia (Faped) ocuparam o  estacionamento do Hospital de Base do DF (HBDF), nesta segunda-feira (22\/09). Em  clima de protesto, eles pediram mais aten\u00e7\u00e3o no atendimento aos deficientes,  al\u00e9m do cumprimento de uma pauta de reivindica\u00e7\u00f5es enviada \u00e0 Secretaria de Sa\u00fade  em rela\u00e7\u00e3o \u00e0s m\u00e1s condi\u00e7\u00f5es dos hospitais p\u00fablicos do DF.<\/p>\n<p>A campanha  teve in\u00edcio em 18 de julho. Nos setenta dias, a Faped visitou 11 hospitais do  DF, entre eles o hospital de Ceil\u00e2ndia, o de Planaltina, de Brazl\u00e2ndia,  Taguatinga e Hospital de Apoio de Bras\u00edlia (HAB). &#8220;Nesses dias, nos reunimos com  autoridades e visitamos os hospitais. Cada um \u00e9 mais complicado do que o outro.  Mas, o mais prec\u00e1rio \u00e9 o de Planaltina. A higiene \u00e9 muito ruim, al\u00e9m de que a  aten\u00e7\u00e3o b\u00e1sica n\u00e3o \u00e9 garantida para a pessoa com defici\u00eancia. At\u00e9 parece que o  cego ou o surdo n\u00e3o \u00e9 contaminado com doen\u00e7as virais&#8221;, protesta o coordenador  geral do Faped, Michel Platini.<\/p>\n<p>Entre os itens da lista de protesto da  Faped est\u00e3o interpretes de libras em hospitais e postos de sa\u00fade e placas de  identifica\u00e7\u00f5es em braile. &#8220;A acessibilidade n\u00e3o \u00e9 apenas para cadeirantes. N\u00e3o \u00e9  colocar uma rampa e corrim\u00f5es nos locais, fazendo assim parece que os surdos e  cegos est\u00e3o \u00e0 margem da sociedade&#8221;, completa Platini. O prazo estipulado pela  Faped era de at\u00e9 esta segunda-feira para a Secretaria de Sa\u00fade do DF se  pronunciar a respeito da lista de reclama\u00e7\u00f5es. &#8220;Como n\u00e3o tivemos resposta  resolvemos fazer a manifesta\u00e7\u00e3o&#8221;.<\/p>\n<p>O protesto come\u00e7ou com uma caminhada  ao redor do HBDF, depois o grupo se reuniu no estacionamento e com o aux\u00edlio de  um carro de som eles cantaram o hino nacional (em libras tamb\u00e9m). Um ora\u00e7\u00e3o  encerrou as atividades. A Faped informou que nestes 70 dias n\u00e3o obteve nenhuma  resposta da Secretaria de Sa\u00fade.<\/p>\n<p>A reportagem do <strong><a rel=\"nofollow noopener\" href=\"http:\/\/correiobraziliense.com.br\/\" target=\"_blank\">correiobraziliense.com.br<\/a><\/strong> entrou em contato com a  Secretaria de Sa\u00fade, mas at\u00e9 o momento n\u00e3o obteve retorno sobre o assunto.<a href=\"http:\/\/agenciainclusive.files.wordpress.com\/2008\/09\/dsc00022.jpg\"><img loading=\"lazy\" decoding=\"async\" class=\"aligncenter size-medium wp-image-1272\" title=\"dsc00022\" src=\"http:\/\/agenciainclusive.files.wordpress.com\/2008\/09\/dsc00022.jpg?w=300\" alt=\"\" width=\"300\" height=\"225\" \/><\/a><a href=\"http:\/\/agenciainclusive.files.wordpress.com\/2008\/09\/dsc00040.jpg\"><img loading=\"lazy\" decoding=\"async\" class=\"aligncenter size-medium wp-image-1273\" title=\"dsc00040\" src=\"http:\/\/agenciainclusive.files.wordpress.com\/2008\/09\/dsc00040.jpg?w=300\" alt=\"\" width=\"300\" height=\"225\" \/><\/a><a href=\"http:\/\/agenciainclusive.files.wordpress.com\/2008\/09\/dsc00065.jpg\"><img loading=\"lazy\" decoding=\"async\" class=\"aligncenter size-medium wp-image-1274\" title=\"dsc00065\" src=\"http:\/\/agenciainclusive.files.wordpress.com\/2008\/09\/dsc00065.jpg?w=300\" alt=\"\" width=\"300\" height=\"225\" \/><\/a><\/p>\n","protected":false},"excerpt":{"rendered":"<p>Por mais de tr\u00eas horas, membros e simpatizantes do F\u00f3rum Permanente de Apoio e Defesa dos Direitos das Pessoas com Defici\u00eancia (Faped) ocuparam o estacionamento do Hospital de Base do DF (HBDF), nesta segunda-feira (22\/09). Em clima de protesto, eles pediram mais aten\u00e7\u00e3o no atendimento aos deficientes, al\u00e9m do cumprimento de uma pauta de reivindica\u00e7\u00f5es [&hellip;]<\/p>\n","protected":false},"author":2,"featured_media":0,"comment_status":"open","ping_status":"open","sticky":false,"template":"","format":"standard","meta":{"site-container-style":"default","site-container-layout":"default","site-sidebar-layout":"default","disable-article-header":"default","disable-site-header":"default","disable-site-footer":"default","disable-content-area-spacing":"default","footnotes":""},"categories":[4],"tags":[],"class_list":["post-1271","post","type-post","status-publish","format-standard","hentry","category-noticias"],"yoast_head":"<!-- This site is optimized with the Yoast SEO plugin v27.4 - https:\/\/yoast.com\/product\/yoast-seo-wordpress\/ -->\n<title>BSB - Encerrada a contagem regressiva com muita luta! -<\/title>\n<meta name=\"robots\" content=\"index, follow, max-snippet:-1, max-image-preview:large, max-video-preview:-1\" \/>\n<link rel=\"canonical\" href=\"https:\/\/inclusivenews.com.br\/?p=1271\" \/>\n<meta property=\"og:locale\" content=\"pt_PT\" \/>\n<meta property=\"og:type\" content=\"article\" \/>\n<meta property=\"og:title\" content=\"BSB - Encerrada a contagem regressiva com muita luta! -\" \/>\n<meta property=\"og:description\" content=\"Por mais de tr\u00eas horas, membros e simpatizantes do F\u00f3rum Permanente de Apoio e Defesa dos Direitos das Pessoas com Defici\u00eancia (Faped) ocuparam o estacionamento do Hospital de Base do DF (HBDF), nesta segunda-feira (22\/09). Em clima de protesto, eles pediram mais aten\u00e7\u00e3o no atendimento aos deficientes, al\u00e9m do cumprimento de uma pauta de reivindica\u00e7\u00f5es [&hellip;]\" \/>\n<meta property=\"og:url\" content=\"https:\/\/inclusivenews.com.br\/?p=1271\" \/>\n<meta property=\"article:publisher\" content=\"https:\/\/www.facebook.com\/agenciainclusive\/\" \/>\n<meta property=\"article:published_time\" content=\"2008-09-23T13:17:51+00:00\" \/>\n<meta property=\"og:image\" content=\"http:\/\/agenciainclusive.files.wordpress.com\/2008\/09\/dsc00022.jpg?w=300\" \/>\n<meta name=\"author\" content=\"Inclusive\" \/>\n<meta name=\"twitter:card\" content=\"summary_large_image\" \/>\n<meta name=\"twitter:label1\" content=\"Escrito por\" \/>\n\t<meta name=\"twitter:data1\" content=\"Inclusive\" \/>\n\t<meta name=\"twitter:label2\" content=\"Tempo estimado de leitura\" \/>\n\t<meta name=\"twitter:data2\" content=\"2 minutos\" \/>\n<script type=\"application\/ld+json\" class=\"yoast-schema-graph\">{\"@context\":\"https:\\\/\\\/schema.org\",\"@graph\":[{\"@type\":\"Article\",\"@id\":\"https:\\\/\\\/inclusivenews.com.br\\\/?p=1271#article\",\"isPartOf\":{\"@id\":\"https:\\\/\\\/inclusivenews.com.br\\\/?p=1271\"},\"author\":{\"name\":\"Inclusive\",\"@id\":\"https:\\\/\\\/inclusivenews.com.br\\\/#\\\/schema\\\/person\\\/0dab492019871b94abb65fa8ee7c8c44\"},\"headline\":\"BSB &#8211; Encerrada a contagem regressiva com muita luta!\",\"datePublished\":\"2008-09-23T13:17:51+00:00\",\"mainEntityOfPage\":{\"@id\":\"https:\\\/\\\/inclusivenews.com.br\\\/?p=1271\"},\"wordCount\":380,\"commentCount\":0,\"publisher\":{\"@id\":\"https:\\\/\\\/inclusivenews.com.br\\\/#organization\"},\"image\":{\"@id\":\"https:\\\/\\\/inclusivenews.com.br\\\/?p=1271#primaryimage\"},\"thumbnailUrl\":\"http:\\\/\\\/agenciainclusive.files.wordpress.com\\\/2008\\\/09\\\/dsc00022.jpg?w=300\",\"articleSection\":[\"NOT\u00cdCIAS\"],\"inLanguage\":\"pt-PT\",\"potentialAction\":[{\"@type\":\"CommentAction\",\"name\":\"Comment\",\"target\":[\"https:\\\/\\\/inclusivenews.com.br\\\/?p=1271#respond\"]}]},{\"@type\":\"WebPage\",\"@id\":\"https:\\\/\\\/inclusivenews.com.br\\\/?p=1271\",\"url\":\"https:\\\/\\\/inclusivenews.com.br\\\/?p=1271\",\"name\":\"BSB - Encerrada a contagem regressiva com muita luta! -\",\"isPartOf\":{\"@id\":\"https:\\\/\\\/inclusivenews.com.br\\\/#website\"},\"primaryImageOfPage\":{\"@id\":\"https:\\\/\\\/inclusivenews.com.br\\\/?p=1271#primaryimage\"},\"image\":{\"@id\":\"https:\\\/\\\/inclusivenews.com.br\\\/?p=1271#primaryimage\"},\"thumbnailUrl\":\"http:\\\/\\\/agenciainclusive.files.wordpress.com\\\/2008\\\/09\\\/dsc00022.jpg?w=300\",\"datePublished\":\"2008-09-23T13:17:51+00:00\",\"breadcrumb\":{\"@id\":\"https:\\\/\\\/inclusivenews.com.br\\\/?p=1271#breadcrumb\"},\"inLanguage\":\"pt-PT\",\"potentialAction\":[{\"@type\":\"ReadAction\",\"target\":[\"https:\\\/\\\/inclusivenews.com.br\\\/?p=1271\"]}]},{\"@type\":\"ImageObject\",\"inLanguage\":\"pt-PT\",\"@id\":\"https:\\\/\\\/inclusivenews.com.br\\\/?p=1271#primaryimage\",\"url\":\"http:\\\/\\\/agenciainclusive.files.wordpress.com\\\/2008\\\/09\\\/dsc00022.jpg?w=300\",\"contentUrl\":\"http:\\\/\\\/agenciainclusive.files.wordpress.com\\\/2008\\\/09\\\/dsc00022.jpg?w=300\"},{\"@type\":\"BreadcrumbList\",\"@id\":\"https:\\\/\\\/inclusivenews.com.br\\\/?p=1271#breadcrumb\",\"itemListElement\":[{\"@type\":\"ListItem\",\"position\":1,\"name\":\"In\u00edcio\",\"item\":\"https:\\\/\\\/inclusivenews.com.br\\\/\"},{\"@type\":\"ListItem\",\"position\":2,\"name\":\"BSB &#8211; Encerrada a contagem regressiva com muita luta!\"}]},{\"@type\":\"WebSite\",\"@id\":\"https:\\\/\\\/inclusivenews.com.br\\\/#website\",\"url\":\"https:\\\/\\\/inclusivenews.com.br\\\/\",\"name\":\"Inclusive News\",\"description\":\"Inclusive News\",\"publisher\":{\"@id\":\"https:\\\/\\\/inclusivenews.com.br\\\/#organization\"},\"potentialAction\":[{\"@type\":\"SearchAction\",\"target\":{\"@type\":\"EntryPoint\",\"urlTemplate\":\"https:\\\/\\\/inclusivenews.com.br\\\/?s={search_term_string}\"},\"query-input\":{\"@type\":\"PropertyValueSpecification\",\"valueRequired\":true,\"valueName\":\"search_term_string\"}}],\"inLanguage\":\"pt-PT\"},{\"@type\":\"Organization\",\"@id\":\"https:\\\/\\\/inclusivenews.com.br\\\/#organization\",\"name\":\"Inclusive - inclus\u00e3o e cidadania\",\"url\":\"https:\\\/\\\/inclusivenews.com.br\\\/\",\"logo\":{\"@type\":\"ImageObject\",\"inLanguage\":\"pt-PT\",\"@id\":\"https:\\\/\\\/inclusivenews.com.br\\\/#\\\/schema\\\/logo\\\/image\\\/\",\"url\":\"https:\\\/\\\/inclusivenews.com.br\\\/wp-content\\\/uploads\\\/2024\\\/03\\\/@grandesite.png\",\"contentUrl\":\"https:\\\/\\\/inclusivenews.com.br\\\/wp-content\\\/uploads\\\/2024\\\/03\\\/@grandesite.png\",\"width\":1080,\"height\":1080,\"caption\":\"Inclusive - inclus\u00e3o e cidadania\"},\"image\":{\"@id\":\"https:\\\/\\\/inclusivenews.com.br\\\/#\\\/schema\\\/logo\\\/image\\\/\"},\"sameAs\":[\"https:\\\/\\\/www.facebook.com\\\/agenciainclusive\\\/\",\"https:\\\/\\\/www.instagram.com\\\/newsinclusive\\\/\"]},{\"@type\":\"Person\",\"@id\":\"https:\\\/\\\/inclusivenews.com.br\\\/#\\\/schema\\\/person\\\/0dab492019871b94abb65fa8ee7c8c44\",\"name\":\"Inclusive\",\"image\":{\"@type\":\"ImageObject\",\"inLanguage\":\"pt-PT\",\"@id\":\"https:\\\/\\\/secure.gravatar.com\\\/avatar\\\/?s=96&d=mm&r=g\",\"url\":\"https:\\\/\\\/secure.gravatar.com\\\/avatar\\\/?s=96&d=mm&r=g\",\"contentUrl\":\"https:\\\/\\\/secure.gravatar.com\\\/avatar\\\/?s=96&d=mm&r=g\",\"caption\":\"Inclusive\"},\"url\":\"https:\\\/\\\/inclusivenews.com.br\\\/?author=2\"}]}<\/script>\n<!-- \/ Yoast SEO plugin. -->","yoast_head_json":{"title":"BSB - Encerrada a contagem regressiva com muita luta! -","robots":{"index":"index","follow":"follow","max-snippet":"max-snippet:-1","max-image-preview":"max-image-preview:large","max-video-preview":"max-video-preview:-1"},"canonical":"https:\/\/inclusivenews.com.br\/?p=1271","og_locale":"pt_PT","og_type":"article","og_title":"BSB - Encerrada a contagem regressiva com muita luta! -","og_description":"Por mais de tr\u00eas horas, membros e simpatizantes do F\u00f3rum Permanente de Apoio e Defesa dos Direitos das Pessoas com Defici\u00eancia (Faped) ocuparam o estacionamento do Hospital de Base do DF (HBDF), nesta segunda-feira (22\/09). Em clima de protesto, eles pediram mais aten\u00e7\u00e3o no atendimento aos deficientes, al\u00e9m do cumprimento de uma pauta de reivindica\u00e7\u00f5es [&hellip;]","og_url":"https:\/\/inclusivenews.com.br\/?p=1271","article_publisher":"https:\/\/www.facebook.com\/agenciainclusive\/","article_published_time":"2008-09-23T13:17:51+00:00","og_image":[{"url":"http:\/\/agenciainclusive.files.wordpress.com\/2008\/09\/dsc00022.jpg?w=300","type":"","width":"","height":""}],"author":"Inclusive","twitter_card":"summary_large_image","twitter_misc":{"Escrito por":"Inclusive","Tempo estimado de leitura":"2 minutos"},"schema":{"@context":"https:\/\/schema.org","@graph":[{"@type":"Article","@id":"https:\/\/inclusivenews.com.br\/?p=1271#article","isPartOf":{"@id":"https:\/\/inclusivenews.com.br\/?p=1271"},"author":{"name":"Inclusive","@id":"https:\/\/inclusivenews.com.br\/#\/schema\/person\/0dab492019871b94abb65fa8ee7c8c44"},"headline":"BSB &#8211; Encerrada a contagem regressiva com muita luta!","datePublished":"2008-09-23T13:17:51+00:00","mainEntityOfPage":{"@id":"https:\/\/inclusivenews.com.br\/?p=1271"},"wordCount":380,"commentCount":0,"publisher":{"@id":"https:\/\/inclusivenews.com.br\/#organization"},"image":{"@id":"https:\/\/inclusivenews.com.br\/?p=1271#primaryimage"},"thumbnailUrl":"http:\/\/agenciainclusive.files.wordpress.com\/2008\/09\/dsc00022.jpg?w=300","articleSection":["NOT\u00cdCIAS"],"inLanguage":"pt-PT","potentialAction":[{"@type":"CommentAction","name":"Comment","target":["https:\/\/inclusivenews.com.br\/?p=1271#respond"]}]},{"@type":"WebPage","@id":"https:\/\/inclusivenews.com.br\/?p=1271","url":"https:\/\/inclusivenews.com.br\/?p=1271","name":"BSB - Encerrada a contagem regressiva com muita luta! -","isPartOf":{"@id":"https:\/\/inclusivenews.com.br\/#website"},"primaryImageOfPage":{"@id":"https:\/\/inclusivenews.com.br\/?p=1271#primaryimage"},"image":{"@id":"https:\/\/inclusivenews.com.br\/?p=1271#primaryimage"},"thumbnailUrl":"http:\/\/agenciainclusive.files.wordpress.com\/2008\/09\/dsc00022.jpg?w=300","datePublished":"2008-09-23T13:17:51+00:00","breadcrumb":{"@id":"https:\/\/inclusivenews.com.br\/?p=1271#breadcrumb"},"inLanguage":"pt-PT","potentialAction":[{"@type":"ReadAction","target":["https:\/\/inclusivenews.com.br\/?p=1271"]}]},{"@type":"ImageObject","inLanguage":"pt-PT","@id":"https:\/\/inclusivenews.com.br\/?p=1271#primaryimage","url":"http:\/\/agenciainclusive.files.wordpress.com\/2008\/09\/dsc00022.jpg?w=300","contentUrl":"http:\/\/agenciainclusive.files.wordpress.com\/2008\/09\/dsc00022.jpg?w=300"},{"@type":"BreadcrumbList","@id":"https:\/\/inclusivenews.com.br\/?p=1271#breadcrumb","itemListElement":[{"@type":"ListItem","position":1,"name":"In\u00edcio","item":"https:\/\/inclusivenews.com.br\/"},{"@type":"ListItem","position":2,"name":"BSB &#8211; Encerrada a contagem regressiva com muita luta!"}]},{"@type":"WebSite","@id":"https:\/\/inclusivenews.com.br\/#website","url":"https:\/\/inclusivenews.com.br\/","name":"Inclusive News","description":"Inclusive News","publisher":{"@id":"https:\/\/inclusivenews.com.br\/#organization"},"potentialAction":[{"@type":"SearchAction","target":{"@type":"EntryPoint","urlTemplate":"https:\/\/inclusivenews.com.br\/?s={search_term_string}"},"query-input":{"@type":"PropertyValueSpecification","valueRequired":true,"valueName":"search_term_string"}}],"inLanguage":"pt-PT"},{"@type":"Organization","@id":"https:\/\/inclusivenews.com.br\/#organization","name":"Inclusive - inclus\u00e3o e cidadania","url":"https:\/\/inclusivenews.com.br\/","logo":{"@type":"ImageObject","inLanguage":"pt-PT","@id":"https:\/\/inclusivenews.com.br\/#\/schema\/logo\/image\/","url":"https:\/\/inclusivenews.com.br\/wp-content\/uploads\/2024\/03\/@grandesite.png","contentUrl":"https:\/\/inclusivenews.com.br\/wp-content\/uploads\/2024\/03\/@grandesite.png","width":1080,"height":1080,"caption":"Inclusive - inclus\u00e3o e cidadania"},"image":{"@id":"https:\/\/inclusivenews.com.br\/#\/schema\/logo\/image\/"},"sameAs":["https:\/\/www.facebook.com\/agenciainclusive\/","https:\/\/www.instagram.com\/newsinclusive\/"]},{"@type":"Person","@id":"https:\/\/inclusivenews.com.br\/#\/schema\/person\/0dab492019871b94abb65fa8ee7c8c44","name":"Inclusive","image":{"@type":"ImageObject","inLanguage":"pt-PT","@id":"https:\/\/secure.gravatar.com\/avatar\/?s=96&d=mm&r=g","url":"https:\/\/secure.gravatar.com\/avatar\/?s=96&d=mm&r=g","contentUrl":"https:\/\/secure.gravatar.com\/avatar\/?s=96&d=mm&r=g","caption":"Inclusive"},"url":"https:\/\/inclusivenews.com.br\/?author=2"}]}},"_links":{"self":[{"href":"https:\/\/inclusivenews.com.br\/index.php?rest_route=\/wp\/v2\/posts\/1271","targetHints":{"allow":["GET"]}}],"collection":[{"href":"https:\/\/inclusivenews.com.br\/index.php?rest_route=\/wp\/v2\/posts"}],"about":[{"href":"https:\/\/inclusivenews.com.br\/index.php?rest_route=\/wp\/v2\/types\/post"}],"author":[{"embeddable":true,"href":"https:\/\/inclusivenews.com.br\/index.php?rest_route=\/wp\/v2\/users\/2"}],"replies":[{"embeddable":true,"href":"https:\/\/inclusivenews.com.br\/index.php?rest_route=%2Fwp%2Fv2%2Fcomments&post=1271"}],"version-history":[{"count":0,"href":"https:\/\/inclusivenews.com.br\/index.php?rest_route=\/wp\/v2\/posts\/1271\/revisions"}],"wp:attachment":[{"href":"https:\/\/inclusivenews.com.br\/index.php?rest_route=%2Fwp%2Fv2%2Fmedia&parent=1271"}],"wp:term":[{"taxonomy":"category","embeddable":true,"href":"https:\/\/inclusivenews.com.br\/index.php?rest_route=%2Fwp%2Fv2%2Fcategories&post=1271"},{"taxonomy":"post_tag","embeddable":true,"href":"https:\/\/inclusivenews.com.br\/index.php?rest_route=%2Fwp%2Fv2%2Ftags&post=1271"}],"curies":[{"name":"wp","href":"https:\/\/api.w.org\/{rel}","templated":true}]}}