{"id":12711,"date":"2009-11-25T06:48:11","date_gmt":"2009-11-25T09:48:11","guid":{"rendered":"http:\/\/www.inclusive.org.br\/?p=12711"},"modified":"2009-11-25T06:48:11","modified_gmt":"2009-11-25T09:48:11","slug":"seminario-das-maes-da-febem-comeca-nesta-quarta","status":"publish","type":"post","link":"https:\/\/inclusivenews.com.br\/?p=12711","title":{"rendered":"Semin\u00e1rio das m\u00e3es da Febem come\u00e7a nesta quarta"},"content":{"rendered":"<p style=\"text-align: justify;\"><a href=\"http:\/\/www.inclusivenews.com.br\/wp-content\/uploads\/2009\/11\/FCSBC.JPG\"><img loading=\"lazy\" decoding=\"async\" class=\"alignleft size-full wp-image-12712\" title=\"FCSBC\" src=\"http:\/\/inclusivenews.com.br\/wp-content\/uploads\/2009\/11\/FCSBC.JPG\" alt=\"FCSBC\" width=\"241\" height=\"171\" \/><\/a>Nos dias 25, 26 e 27 de novembro acontece o Semin\u00e1rio da AMAR 2009 \u2013 Associa\u00e7\u00e3o de M\u00e3es e Amigos de Crian\u00e7as e Adolescentes em Risco, mais conhecida como Associa\u00e7\u00e3o das M\u00e3es da Febem. O evento ser\u00e1 realizado no audit\u00f3rio do Hotel Pan-Americano, \u00e0 Rua Augusta, 778, em S\u00e3o Paulo.<\/p>\n<p style=\"text-align: justify;\">Nesta quarta (25\/11), das 14 \u00e0s 15h45, participam da mesa de abertura o secret\u00e1rio especial dos Direitos Humanos da Presid\u00eancia da Rep\u00fablica, ministro Paulo Vannuchi, o secret\u00e1rio municipal de Educa\u00e7\u00e3o de S\u00e3o Paulo, Alexandre Scneider, o presidente da Funda\u00e7\u00e3o Crian\u00e7a de S\u00e3o Bernardo do Campo, Ariel de Castro Alves, a presidente da AMAR, Maria da Concei\u00e7\u00e3o Paganele, e Wilson Taffner que atuou por muitos anos como Promotor de Justi\u00e7a da Vara da Inf\u00e2ncia e da Juventude do Estado de S\u00e3o Paulo (Minist\u00e9rio P\u00fablico Estadual).\u00a0\u00a0<\/p>\n<p style=\"text-align: justify;\"><strong>Programa\u00e7\u00e3o<\/strong><\/p>\n<p style=\"text-align: justify;\"><strong><\/strong><br \/>\nQUARTA-FEIRA, 25 DE NOVEMBRO<br \/>\nPalestra inaugural: A import\u00e2ncia e contribui\u00e7\u00e3o da fam\u00edlia na defesa dos direitos da crian\u00e7a e adolescente.\u00a0 (15h45 \u2013 18h00)<\/p>\n<p style=\"text-align: justify;\">Mediadora Aline Yamamoto: Coordenadora de Projetos do Instituto Latino-americano das Na\u00e7\u00f5es Unidas &#8211; Ilanud; graduada em Direito pela USP, p\u00f3s-graduada em Criminologia e Execu\u00e7\u00e3o Penal, pela Universidade Aut\u00f4noma de Barcelona, Espanha; e em Direitos Humanos e das Mulheres, pelo Centro de Direitos Humanos da Universidade do Chile.<\/p>\n<p style=\"text-align: justify;\">Dr. Carmen de Oliveira: Subsecret\u00e1ria de Promo\u00e7\u00e3o e Defesa dos Direitos da Crian\u00e7a \u00e9 do Adolescente da Secretaria Especial de Direitos Humanos da Presid\u00eancia da Rep\u00fablica; Ana Maria Wilheim: Superintendente da Funda\u00e7\u00e3o Abrinq; F\u00e1bio Silvestre: Psic\u00f3logo, Mestre em Educa\u00e7\u00e3o pela Faculdade de Educa\u00e7\u00e3o da Universidade de S\u00e3o Paulo. Especialista em Psicologia do Esporte pelo Instituto Sedes Sapientiae. Trabalhou como Gerente de Projeto na Subsecretaria de Promo\u00e7\u00e3o dos Direitos da Crian\u00e7a e do Adolescente da Secretaria Especial de Direitos Humanos (SEDH); Helo\u00edsa Machado de Almeida: Foi advogada coordenadora do Projeto Centro de Defesa T\u00e9cnica-Jur\u00eddica de Adolescentes do ILANUD &#8211; Instituto Latino Americano das Na\u00e7\u00f5es Unidas para Preven\u00e7\u00e3o do Delito e Tratamento do Delinq\u00fcente. \u00c9 coordenadora do programa de advocacia paradigm\u00e1tica em Direitos Humanos da CONECTAS; professora do curso de especializa\u00e7\u00e3o do Centro de Direitos Humanos e Conselheira da Ouvidoria da Defensoria P\u00fablica do Estado de SP; Maria de Lourdes Trassi Teixeira: Psicanalista, doutora Pontif\u00edcia Universidade Cat\u00f3lica de S\u00e3o Paulo (PUC-SP) na \u00e1rea de adolesc\u00eancia e viol\u00eancia, e conselheira da Funda\u00e7\u00e3o Abrinq pelos Direitos da Crian\u00e7a e do Adolescente. \u00c9 tamb\u00e9m professora universit\u00e1ria da PUC, Dr\u00aa. Maria de F\u00e1tima Pereira da Costa e Silva.<\/p>\n<p style=\"text-align: justify;\">Coquetel: Comemora\u00e7\u00e3o 10 anos da AMAR (19h00)<\/p>\n<p style=\"text-align: justify;\">QUINTA \u2013 FEIRA, 26 de novembro<br \/>\nPalestra: As drogas chegaram, e agora? (08h30 \u2013\u00a0 10h00)<br \/>\nMediadora Roseli Albuquerque: Professora universit\u00e1ria, doutora e Mestre em Servi\u00e7o Social pela PUC\/SP. Trabalhou na FEBEM de S\u00e3o Paulo como T\u00e9cnica\/Soci\u00f3loga e Diretora e atuou na AMAR como coordenadora de projetos.<br \/>\nConceicao Paganele: Presidente AMAR; Jo\u00e3o Blota: Empres\u00e1rio, escritor, publicit\u00e1rio, apresentador CNT, e ex-dependente qu\u00edmico; diretor da ag\u00eancia de propaganda Urbano, de atua\u00e7\u00e3o internacional.<\/p>\n<p style=\"text-align: justify;\">Relatos: Experi\u00eancia AMAR (10h \u2013 12h)<br \/>\nMediadora Luciana Matos<br \/>\nVanuza Ramos: coordenadora AMAR S\u00e3o Paulo \u2013 SP; Alda\u00edza de Souza: coordenadora AMAR Bras\u00edlia \u2013 DF; Divina Rita Gomes: coordenadora AMAR Uberl\u00e2ndia \u2013 MG; Flora Luciana Oliveira: coordenadora AMAR Porto Alegre \u2013 RS; Joelma Ara\u00fajo: coordenadora AMAR Recife \u2013 PE; Val\u00e9ria Gomes: coordenadora AMAR Rio de Janeiro \u2013 RJ; Mirian Duarte: m\u00e3e AMAR SP.<br \/>\nJos\u00e9 Roberto: adolescente atendido pela AMAR SP.<\/p>\n<p style=\"text-align: justify;\">Apresenta\u00e7\u00e3o Planejamento Estrat\u00e9gico AMAR (14h)<br \/>\nVanuza Ramos: coordenadora AMAR S\u00e3o Paulo &#8211; SP<br \/>\nGRUPOS DE TRABALHO (14h30 \u2013 18h)<br \/>\nGT1 &#8211; ATENDIMENTO<\/p>\n<p style=\"text-align: justify;\">Mediadora: Ilda Aparecida e Val\u00e9ria Paganele<br \/>\nGT2 \u2013 ACOMPANHAMENTO<br \/>\nMediador: Aline Yamamoto e Jucilene Andrade<br \/>\nGT3 &#8211; PREVEN\u00c7\u00c3O<br \/>\nMediador: Fernando J\u00fanior e Sharlene Sena<\/p>\n<p style=\"text-align: justify;\">SEXTA \u2013 FEIRA, 27 de novembro<br \/>\nPlen\u00e1ria Final (09h)<br \/>\nMediadora Concei\u00e7\u00e3o Paganele<\/p>\n","protected":false},"excerpt":{"rendered":"<p>Nos dias 25, 26 e 27 de novembro acontece o Semin\u00e1rio da AMAR 2009 , mais conhecida como Associa\u00e7\u00e3o das M\u00e3es da Febem.<\/p>\n","protected":false},"author":1,"featured_media":0,"comment_status":"open","ping_status":"open","sticky":false,"template":"","format":"standard","meta":{"site-container-style":"default","site-container-layout":"default","site-sidebar-layout":"default","disable-article-header":"default","disable-site-header":"default","disable-site-footer":"default","disable-content-area-spacing":"default","footnotes":""},"categories":[12,4],"tags":[],"class_list":["post-12711","post","type-post","status-publish","format-standard","hentry","category-cursos-e-eventos","category-noticias"],"yoast_head":"<!-- This site is optimized with the Yoast SEO plugin v27.4 - https:\/\/yoast.com\/product\/yoast-seo-wordpress\/ -->\n<title>Semin\u00e1rio das m\u00e3es da Febem come\u00e7a nesta quarta -<\/title>\n<meta name=\"robots\" content=\"index, follow, max-snippet:-1, max-image-preview:large, max-video-preview:-1\" \/>\n<link rel=\"canonical\" href=\"https:\/\/inclusivenews.com.br\/?p=12711\" \/>\n<meta property=\"og:locale\" content=\"pt_PT\" \/>\n<meta property=\"og:type\" content=\"article\" \/>\n<meta property=\"og:title\" content=\"Semin\u00e1rio das m\u00e3es da Febem come\u00e7a nesta quarta -\" \/>\n<meta property=\"og:description\" content=\"Nos dias 25, 26 e 27 de novembro acontece o Semin\u00e1rio da AMAR 2009 , mais conhecida como Associa\u00e7\u00e3o das M\u00e3es da Febem.\" \/>\n<meta property=\"og:url\" content=\"https:\/\/inclusivenews.com.br\/?p=12711\" \/>\n<meta property=\"article:publisher\" content=\"https:\/\/www.facebook.com\/agenciainclusive\/\" \/>\n<meta property=\"article:published_time\" content=\"2009-11-25T09:48:11+00:00\" \/>\n<meta property=\"og:image\" content=\"http:\/\/inclusivenews.com.br\/wp-content\/uploads\/2009\/11\/FCSBC.JPG\" \/>\n<meta name=\"author\" content=\"inclusivenews2024\" \/>\n<meta name=\"twitter:card\" content=\"summary_large_image\" \/>\n<meta name=\"twitter:label1\" content=\"Escrito por\" \/>\n\t<meta name=\"twitter:data1\" content=\"inclusivenews2024\" \/>\n\t<meta name=\"twitter:label2\" content=\"Tempo estimado de leitura\" \/>\n\t<meta name=\"twitter:data2\" content=\"3 minutos\" \/>\n<script type=\"application\/ld+json\" class=\"yoast-schema-graph\">{\"@context\":\"https:\\\/\\\/schema.org\",\"@graph\":[{\"@type\":\"Article\",\"@id\":\"https:\\\/\\\/inclusivenews.com.br\\\/?p=12711#article\",\"isPartOf\":{\"@id\":\"https:\\\/\\\/inclusivenews.com.br\\\/?p=12711\"},\"author\":{\"name\":\"inclusivenews2024\",\"@id\":\"https:\\\/\\\/inclusivenews.com.br\\\/#\\\/schema\\\/person\\\/ae4ec7087559b8692fb33b6fffd2273b\"},\"headline\":\"Semin\u00e1rio das m\u00e3es da Febem come\u00e7a nesta quarta\",\"datePublished\":\"2009-11-25T09:48:11+00:00\",\"mainEntityOfPage\":{\"@id\":\"https:\\\/\\\/inclusivenews.com.br\\\/?p=12711\"},\"wordCount\":677,\"commentCount\":0,\"publisher\":{\"@id\":\"https:\\\/\\\/inclusivenews.com.br\\\/#organization\"},\"image\":{\"@id\":\"https:\\\/\\\/inclusivenews.com.br\\\/?p=12711#primaryimage\"},\"thumbnailUrl\":\"http:\\\/\\\/inclusivenews.com.br\\\/wp-content\\\/uploads\\\/2009\\\/11\\\/FCSBC.JPG\",\"articleSection\":[\"Cursos e eventos\",\"NOT\u00cdCIAS\"],\"inLanguage\":\"pt-PT\",\"potentialAction\":[{\"@type\":\"CommentAction\",\"name\":\"Comment\",\"target\":[\"https:\\\/\\\/inclusivenews.com.br\\\/?p=12711#respond\"]}]},{\"@type\":\"WebPage\",\"@id\":\"https:\\\/\\\/inclusivenews.com.br\\\/?p=12711\",\"url\":\"https:\\\/\\\/inclusivenews.com.br\\\/?p=12711\",\"name\":\"Semin\u00e1rio das m\u00e3es da Febem come\u00e7a nesta quarta -\",\"isPartOf\":{\"@id\":\"https:\\\/\\\/inclusivenews.com.br\\\/#website\"},\"primaryImageOfPage\":{\"@id\":\"https:\\\/\\\/inclusivenews.com.br\\\/?p=12711#primaryimage\"},\"image\":{\"@id\":\"https:\\\/\\\/inclusivenews.com.br\\\/?p=12711#primaryimage\"},\"thumbnailUrl\":\"http:\\\/\\\/inclusivenews.com.br\\\/wp-content\\\/uploads\\\/2009\\\/11\\\/FCSBC.JPG\",\"datePublished\":\"2009-11-25T09:48:11+00:00\",\"breadcrumb\":{\"@id\":\"https:\\\/\\\/inclusivenews.com.br\\\/?p=12711#breadcrumb\"},\"inLanguage\":\"pt-PT\",\"potentialAction\":[{\"@type\":\"ReadAction\",\"target\":[\"https:\\\/\\\/inclusivenews.com.br\\\/?p=12711\"]}]},{\"@type\":\"ImageObject\",\"inLanguage\":\"pt-PT\",\"@id\":\"https:\\\/\\\/inclusivenews.com.br\\\/?p=12711#primaryimage\",\"url\":\"https:\\\/\\\/inclusivenews.com.br\\\/wp-content\\\/uploads\\\/2009\\\/11\\\/FCSBC.jpg\",\"contentUrl\":\"https:\\\/\\\/inclusivenews.com.br\\\/wp-content\\\/uploads\\\/2009\\\/11\\\/FCSBC.jpg\",\"width\":241,\"height\":171},{\"@type\":\"BreadcrumbList\",\"@id\":\"https:\\\/\\\/inclusivenews.com.br\\\/?p=12711#breadcrumb\",\"itemListElement\":[{\"@type\":\"ListItem\",\"position\":1,\"name\":\"In\u00edcio\",\"item\":\"https:\\\/\\\/inclusivenews.com.br\\\/\"},{\"@type\":\"ListItem\",\"position\":2,\"name\":\"Semin\u00e1rio das m\u00e3es da Febem come\u00e7a nesta quarta\"}]},{\"@type\":\"WebSite\",\"@id\":\"https:\\\/\\\/inclusivenews.com.br\\\/#website\",\"url\":\"https:\\\/\\\/inclusivenews.com.br\\\/\",\"name\":\"Inclusive News\",\"description\":\"Inclusive News\",\"publisher\":{\"@id\":\"https:\\\/\\\/inclusivenews.com.br\\\/#organization\"},\"potentialAction\":[{\"@type\":\"SearchAction\",\"target\":{\"@type\":\"EntryPoint\",\"urlTemplate\":\"https:\\\/\\\/inclusivenews.com.br\\\/?s={search_term_string}\"},\"query-input\":{\"@type\":\"PropertyValueSpecification\",\"valueRequired\":true,\"valueName\":\"search_term_string\"}}],\"inLanguage\":\"pt-PT\"},{\"@type\":\"Organization\",\"@id\":\"https:\\\/\\\/inclusivenews.com.br\\\/#organization\",\"name\":\"Inclusive - inclus\u00e3o e cidadania\",\"url\":\"https:\\\/\\\/inclusivenews.com.br\\\/\",\"logo\":{\"@type\":\"ImageObject\",\"inLanguage\":\"pt-PT\",\"@id\":\"https:\\\/\\\/inclusivenews.com.br\\\/#\\\/schema\\\/logo\\\/image\\\/\",\"url\":\"https:\\\/\\\/inclusivenews.com.br\\\/wp-content\\\/uploads\\\/2024\\\/03\\\/@grandesite.png\",\"contentUrl\":\"https:\\\/\\\/inclusivenews.com.br\\\/wp-content\\\/uploads\\\/2024\\\/03\\\/@grandesite.png\",\"width\":1080,\"height\":1080,\"caption\":\"Inclusive - inclus\u00e3o e cidadania\"},\"image\":{\"@id\":\"https:\\\/\\\/inclusivenews.com.br\\\/#\\\/schema\\\/logo\\\/image\\\/\"},\"sameAs\":[\"https:\\\/\\\/www.facebook.com\\\/agenciainclusive\\\/\",\"https:\\\/\\\/www.instagram.com\\\/newsinclusive\\\/\"]},{\"@type\":\"Person\",\"@id\":\"https:\\\/\\\/inclusivenews.com.br\\\/#\\\/schema\\\/person\\\/ae4ec7087559b8692fb33b6fffd2273b\",\"name\":\"inclusivenews2024\",\"image\":{\"@type\":\"ImageObject\",\"inLanguage\":\"pt-PT\",\"@id\":\"https:\\\/\\\/secure.gravatar.com\\\/avatar\\\/c5a7ef84c66fa914f55bc4f7ce26cfa275a3b9a1c5568b907bd184fb4dde7b40?s=96&d=mm&r=g\",\"url\":\"https:\\\/\\\/secure.gravatar.com\\\/avatar\\\/c5a7ef84c66fa914f55bc4f7ce26cfa275a3b9a1c5568b907bd184fb4dde7b40?s=96&d=mm&r=g\",\"contentUrl\":\"https:\\\/\\\/secure.gravatar.com\\\/avatar\\\/c5a7ef84c66fa914f55bc4f7ce26cfa275a3b9a1c5568b907bd184fb4dde7b40?s=96&d=mm&r=g\",\"caption\":\"inclusivenews2024\"},\"sameAs\":[\"https:\\\/\\\/inclusivenews.com.br\"],\"url\":\"https:\\\/\\\/inclusivenews.com.br\\\/?author=1\"}]}<\/script>\n<!-- \/ Yoast SEO plugin. -->","yoast_head_json":{"title":"Semin\u00e1rio das m\u00e3es da Febem come\u00e7a nesta quarta -","robots":{"index":"index","follow":"follow","max-snippet":"max-snippet:-1","max-image-preview":"max-image-preview:large","max-video-preview":"max-video-preview:-1"},"canonical":"https:\/\/inclusivenews.com.br\/?p=12711","og_locale":"pt_PT","og_type":"article","og_title":"Semin\u00e1rio das m\u00e3es da Febem come\u00e7a nesta quarta -","og_description":"Nos dias 25, 26 e 27 de novembro acontece o Semin\u00e1rio da AMAR 2009 , mais conhecida como Associa\u00e7\u00e3o das M\u00e3es da Febem.","og_url":"https:\/\/inclusivenews.com.br\/?p=12711","article_publisher":"https:\/\/www.facebook.com\/agenciainclusive\/","article_published_time":"2009-11-25T09:48:11+00:00","og_image":[{"url":"http:\/\/inclusivenews.com.br\/wp-content\/uploads\/2009\/11\/FCSBC.JPG","type":"","width":"","height":""}],"author":"inclusivenews2024","twitter_card":"summary_large_image","twitter_misc":{"Escrito por":"inclusivenews2024","Tempo estimado de leitura":"3 minutos"},"schema":{"@context":"https:\/\/schema.org","@graph":[{"@type":"Article","@id":"https:\/\/inclusivenews.com.br\/?p=12711#article","isPartOf":{"@id":"https:\/\/inclusivenews.com.br\/?p=12711"},"author":{"name":"inclusivenews2024","@id":"https:\/\/inclusivenews.com.br\/#\/schema\/person\/ae4ec7087559b8692fb33b6fffd2273b"},"headline":"Semin\u00e1rio das m\u00e3es da Febem come\u00e7a nesta quarta","datePublished":"2009-11-25T09:48:11+00:00","mainEntityOfPage":{"@id":"https:\/\/inclusivenews.com.br\/?p=12711"},"wordCount":677,"commentCount":0,"publisher":{"@id":"https:\/\/inclusivenews.com.br\/#organization"},"image":{"@id":"https:\/\/inclusivenews.com.br\/?p=12711#primaryimage"},"thumbnailUrl":"http:\/\/inclusivenews.com.br\/wp-content\/uploads\/2009\/11\/FCSBC.JPG","articleSection":["Cursos e eventos","NOT\u00cdCIAS"],"inLanguage":"pt-PT","potentialAction":[{"@type":"CommentAction","name":"Comment","target":["https:\/\/inclusivenews.com.br\/?p=12711#respond"]}]},{"@type":"WebPage","@id":"https:\/\/inclusivenews.com.br\/?p=12711","url":"https:\/\/inclusivenews.com.br\/?p=12711","name":"Semin\u00e1rio das m\u00e3es da Febem come\u00e7a nesta quarta -","isPartOf":{"@id":"https:\/\/inclusivenews.com.br\/#website"},"primaryImageOfPage":{"@id":"https:\/\/inclusivenews.com.br\/?p=12711#primaryimage"},"image":{"@id":"https:\/\/inclusivenews.com.br\/?p=12711#primaryimage"},"thumbnailUrl":"http:\/\/inclusivenews.com.br\/wp-content\/uploads\/2009\/11\/FCSBC.JPG","datePublished":"2009-11-25T09:48:11+00:00","breadcrumb":{"@id":"https:\/\/inclusivenews.com.br\/?p=12711#breadcrumb"},"inLanguage":"pt-PT","potentialAction":[{"@type":"ReadAction","target":["https:\/\/inclusivenews.com.br\/?p=12711"]}]},{"@type":"ImageObject","inLanguage":"pt-PT","@id":"https:\/\/inclusivenews.com.br\/?p=12711#primaryimage","url":"https:\/\/inclusivenews.com.br\/wp-content\/uploads\/2009\/11\/FCSBC.jpg","contentUrl":"https:\/\/inclusivenews.com.br\/wp-content\/uploads\/2009\/11\/FCSBC.jpg","width":241,"height":171},{"@type":"BreadcrumbList","@id":"https:\/\/inclusivenews.com.br\/?p=12711#breadcrumb","itemListElement":[{"@type":"ListItem","position":1,"name":"In\u00edcio","item":"https:\/\/inclusivenews.com.br\/"},{"@type":"ListItem","position":2,"name":"Semin\u00e1rio das m\u00e3es da Febem come\u00e7a nesta quarta"}]},{"@type":"WebSite","@id":"https:\/\/inclusivenews.com.br\/#website","url":"https:\/\/inclusivenews.com.br\/","name":"Inclusive News","description":"Inclusive News","publisher":{"@id":"https:\/\/inclusivenews.com.br\/#organization"},"potentialAction":[{"@type":"SearchAction","target":{"@type":"EntryPoint","urlTemplate":"https:\/\/inclusivenews.com.br\/?s={search_term_string}"},"query-input":{"@type":"PropertyValueSpecification","valueRequired":true,"valueName":"search_term_string"}}],"inLanguage":"pt-PT"},{"@type":"Organization","@id":"https:\/\/inclusivenews.com.br\/#organization","name":"Inclusive - inclus\u00e3o e cidadania","url":"https:\/\/inclusivenews.com.br\/","logo":{"@type":"ImageObject","inLanguage":"pt-PT","@id":"https:\/\/inclusivenews.com.br\/#\/schema\/logo\/image\/","url":"https:\/\/inclusivenews.com.br\/wp-content\/uploads\/2024\/03\/@grandesite.png","contentUrl":"https:\/\/inclusivenews.com.br\/wp-content\/uploads\/2024\/03\/@grandesite.png","width":1080,"height":1080,"caption":"Inclusive - inclus\u00e3o e cidadania"},"image":{"@id":"https:\/\/inclusivenews.com.br\/#\/schema\/logo\/image\/"},"sameAs":["https:\/\/www.facebook.com\/agenciainclusive\/","https:\/\/www.instagram.com\/newsinclusive\/"]},{"@type":"Person","@id":"https:\/\/inclusivenews.com.br\/#\/schema\/person\/ae4ec7087559b8692fb33b6fffd2273b","name":"inclusivenews2024","image":{"@type":"ImageObject","inLanguage":"pt-PT","@id":"https:\/\/secure.gravatar.com\/avatar\/c5a7ef84c66fa914f55bc4f7ce26cfa275a3b9a1c5568b907bd184fb4dde7b40?s=96&d=mm&r=g","url":"https:\/\/secure.gravatar.com\/avatar\/c5a7ef84c66fa914f55bc4f7ce26cfa275a3b9a1c5568b907bd184fb4dde7b40?s=96&d=mm&r=g","contentUrl":"https:\/\/secure.gravatar.com\/avatar\/c5a7ef84c66fa914f55bc4f7ce26cfa275a3b9a1c5568b907bd184fb4dde7b40?s=96&d=mm&r=g","caption":"inclusivenews2024"},"sameAs":["https:\/\/inclusivenews.com.br"],"url":"https:\/\/inclusivenews.com.br\/?author=1"}]}},"_links":{"self":[{"href":"https:\/\/inclusivenews.com.br\/index.php?rest_route=\/wp\/v2\/posts\/12711","targetHints":{"allow":["GET"]}}],"collection":[{"href":"https:\/\/inclusivenews.com.br\/index.php?rest_route=\/wp\/v2\/posts"}],"about":[{"href":"https:\/\/inclusivenews.com.br\/index.php?rest_route=\/wp\/v2\/types\/post"}],"author":[{"embeddable":true,"href":"https:\/\/inclusivenews.com.br\/index.php?rest_route=\/wp\/v2\/users\/1"}],"replies":[{"embeddable":true,"href":"https:\/\/inclusivenews.com.br\/index.php?rest_route=%2Fwp%2Fv2%2Fcomments&post=12711"}],"version-history":[{"count":0,"href":"https:\/\/inclusivenews.com.br\/index.php?rest_route=\/wp\/v2\/posts\/12711\/revisions"}],"wp:attachment":[{"href":"https:\/\/inclusivenews.com.br\/index.php?rest_route=%2Fwp%2Fv2%2Fmedia&parent=12711"}],"wp:term":[{"taxonomy":"category","embeddable":true,"href":"https:\/\/inclusivenews.com.br\/index.php?rest_route=%2Fwp%2Fv2%2Fcategories&post=12711"},{"taxonomy":"post_tag","embeddable":true,"href":"https:\/\/inclusivenews.com.br\/index.php?rest_route=%2Fwp%2Fv2%2Ftags&post=12711"}],"curies":[{"name":"wp","href":"https:\/\/api.w.org\/{rel}","templated":true}]}}