{"id":12717,"date":"2009-11-25T07:11:49","date_gmt":"2009-11-25T10:11:49","guid":{"rendered":"http:\/\/www.inclusive.org.br\/?p=12717"},"modified":"2009-11-25T07:11:49","modified_gmt":"2009-11-25T10:11:49","slug":"quixada-ce-realiza-seminario-de-educacao-inclusiva","status":"publish","type":"post","link":"https:\/\/inclusivenews.com.br\/?p=12717","title":{"rendered":"Quixad\u00e1-CE realiza Semin\u00e1rio de Educa\u00e7\u00e3o Inclusiva"},"content":{"rendered":"<p style=\"text-align: justify;\"><a href=\"http:\/\/www.inclusivenews.com.br\/wp-content\/uploads\/2009\/11\/untitled.bmp\"><img loading=\"lazy\" decoding=\"async\" width=\"200\" height=\"150\" class=\"alignleft size-full wp-image-12718\" title=\"Semin\u00e1rio de Educa\u00e7\u00e3o Inclusiva. (Foto: Edgardo Moraes)\" src=\"http:\/\/inclusivenews.com.br\/wp-content\/uploads\/2009\/11\/untitled.bmp\" alt=\"Semin\u00e1rio de Educa\u00e7\u00e3o Inclusiva. (Foto: Edgardo Moraes)\" \/><\/a>Melhorias e implementa\u00e7\u00e3o das pol\u00edticas na \u00e1rea de educa\u00e7\u00e3o inclusiva marcam as atividades de educadores e professores da regi\u00e3o sert\u00e3o central e munic\u00edpio vizinhos. O encontro para as discuss\u00f5es acontece desde ontem no Hotel Belas Artes e vai at\u00e9 o pr\u00f3ximo dia 27. Dentre as atividades previstas no \u201c I Semin\u00e1rio de Educa\u00e7\u00e3o Inclusiva: direito a diversidade\u201d, destacam-se palestras, c\u00edrculo de cultura e tour pela cidade.<\/p>\n<p style=\"text-align: justify;\">Durante a abertura do evento, iniciada \u00e0s 8h, os participantes foram recepcionados por apresenta\u00e7\u00f5es culturais e caf\u00e9 da manh\u00e3. Logo em seguida foi composta a mesa de abertura do evento, que contou com a participa\u00e7\u00e3o do vice-prefeito Airton Buriti. \u201cTenho muita esperan\u00e7a. Nossa gest\u00e3o n\u00e3o quer explorar a m\u00e3o-de-obra de ningu\u00e9m. N\u00f3s queremos sim \u00e9 manter rela\u00e7\u00f5es fraternais, promover uma sociedade cada vez melhor e para isto n\u00f3s estamos comprometidos com este evento\u201d, comentou Buriti.<\/p>\n<p style=\"text-align: justify;\">O evento \u00e9 uma realiza\u00e7\u00e3o da Secretaria de Educa\u00e7\u00e3o, atrav\u00e9s da Assessoria de Educa\u00e7\u00e3o Inclusiva e conta ainda, com a coordena\u00e7\u00e3o de Nirvana Cardoso Lima. Ela, juntamente com a titular da pasta, Ligia Saraiva, fez quest\u00e3o de convidar institui\u00e7\u00f5es comprometidas com a causa, caso, por exemplo, da Associa\u00e7\u00e3o de Pais e Amigos de Pessoas Especiais de Quixad\u00e1 (Apapeq). \u201cN\u00f3s temos 10 anos de institui\u00e7\u00e3o e entendemos que o munic\u00edpio precisa da sensibilidade dos gestores. Hoje n\u00f3s atendemos 169 crian\u00e7as e para atend\u00ea-las precisamos da ajuda do poder p\u00fablico e neste sentido agradecemos a ajuda da secret\u00e1ria Ligia\u201d, disse.<\/p>\n<p><strong>Confira a programa\u00e7\u00e3o do Semin\u00e1rio<\/strong><\/p>\n<p>23\/11<\/p>\n<p>8h \u2013 Credenciamento<\/p>\n<p>9h \u2013 Forma\u00e7\u00e3o da mesa \u2013 fala de autoridades<\/p>\n<p>10h \u2013 Lanche<\/p>\n<p>10h15min \u2013 Viv\u00eancia<\/p>\n<p>10h30min \u2013 Palestra \u2013 Pol\u00edtica da Educa\u00e7\u00e3o Especial na Perspectiva da Educa\u00e7\u00e3o Inclusiva; Direitos das Pessoas com Defici\u00eancia; Marcos Legais (pedagoga: Selene Penaforte)<\/p>\n<p>14h \u2013 Viv\u00eancia de ativa\u00e7\u00e3o<\/p>\n<p>14h15min \u2013 Palestra: A Educa\u00e7\u00e3o Bioc\u00eantrica e o Educador de Educa\u00e7\u00e3o Inclusiva<\/p>\n<p>15h45min \u2013 Lanche<\/p>\n<p>16h \u2013 C\u00edrculos de Cultura; Forma\u00e7\u00e3o do educador; rela\u00e7\u00e3o educador\/educando; rela\u00e7\u00f5es sociais; diversidade<\/p>\n<p>17h \u2013 S\u00edntese dos c\u00edrculos de cultura<\/p>\n<p>17h45min \u2013 Viv\u00eancia<\/p>\n<p>24\/11<\/p>\n<p>8h \u2013 Abertura \u2013 esquete teatral<\/p>\n<p>8h30min \u2013 Palestra: Defici\u00eancia F\u00edsica<\/p>\n<p>10h \u2013 Lanche<\/p>\n<p>10h20min \u2013 Di\u00e1logo em Subgrupos das experi\u00eancias exitosas nos munic\u00edpios participantes<\/p>\n<p>14h \u2013 Apresenta\u00e7\u00e3o por munic\u00edpio do panorama da educa\u00e7\u00e3o inclusiva<\/p>\n<p>15h30min \u2013 Lanche<\/p>\n<p>15h50min \u2013 Grupos de viv\u00eancias: pr\u00e1ticas pedag\u00f3gicas no contexto da inclus\u00e3o: biodan\u00e7a; medita\u00e7\u00e3o; massoterapia<\/p>\n<p>17h50min \u2013 Viv\u00eancia de encerramento<\/p>\n<p>25\/11<\/p>\n<p>8h &#8211; Abertura \u2013 esquete teatral<\/p>\n<p>8h30min \u2013 Palestra \u2013 A Constru\u00e7\u00e3o da Escola Inclusiva<\/p>\n<p>10h \u2013 Lanche<\/p>\n<p>10h20min \u2013 C\u00edrculos de cultura: fam\u00edlia, escola, comunidade, pol\u00edticas p\u00fablicas<\/p>\n<p>14h \u2013 Esquete teatral<\/p>\n<p>14h30min \u2013 S\u00ednteses criativas dos c\u00edrculos de cultura<\/p>\n<p>16h \u2013 Lanche<\/p>\n<p>16h20min \u2013 Tour pela cidade<\/p>\n<p>17h \u2013 Viv\u00eancia<\/p>\n<p>26\/11<\/p>\n<p>8h \u2013 Abertura<\/p>\n<p>8h30min \u2013 Palestra: Defici\u00eancia visual<\/p>\n<p>10h \u2013 Lanche<\/p>\n<p>10h20min \u2013 Palestra: Altas habilidades<\/p>\n<p>11h50min \u2013 Viv\u00eancia de encerramento<\/p>\n<p>14h10min \u2013 surdez<\/p>\n<p>15h30min \u2013 Lanche<\/p>\n<p>15h50min \u2013 Palestra: Autismo<\/p>\n<p>17h20min \u2013 Encerramento<\/p>\n<p>27\/11<\/p>\n<p>8h \u2013 Viv\u00eancia de abertura<\/p>\n<p>8h15min \u2013 Palestra: Atendimento educacional especializado\/defici\u00eancia intelectual<\/p>\n<p>9h45min \u2013 Lanche<\/p>\n<p>10h05min \u2013 Experi\u00eancias exitosas do munic\u00edpio de Quixad\u00e1<\/p>\n<p>11h05min \u2013 Viv\u00eancia de encerramento<\/p>\n<p>14h \u2013 Viv\u00eancia dos quatro elementos<\/p>\n<p>14h30min \u2013 Fala da secret\u00e1ria<\/p>\n<p>15h \u2013 Viv\u00eancia de encerramento<\/p>\n<p>15h30min \u2013 Lanche e despedida<\/p>\n<p style=\"TEXT-ALIGN: justify\">__________________________________<\/p>\n<p style=\"TEXT-ALIGN: justify\"><strong>Fonte de informa\u00e7\u00e3o:<\/strong> <a onclick=\"pageTracker._trackPageview('\/outbound\/article\/www.acaoeducativa.org.br');\" href=\"http:\/\/www.quixada.ce.gov.br\/noticias\/noticia.asp?id=1711\" target=\"_blank\" rel=\"noopener\">Prefeitura de Quixad\u00e1<img loading=\"lazy\" decoding=\"async\" title=\"Link abrir\u00e1 em uma nova janela ou aba.\" src=\"http:\/\/www.inclusive.org.br\/images\/new_window.gif\" alt=\"Link abrir\u00e1 em uma nova janela ou aba.\" width=\"16\" height=\"14\" \/><\/a><\/p>\n","protected":false},"excerpt":{"rendered":"<p>Melhorias e implementa\u00e7\u00e3o das pol\u00edticas na \u00e1rea de educa\u00e7\u00e3o inclusiva marcam as atividades de educadores e professores da regi\u00e3o sert\u00e3o central e munic\u00edpio vizinhos.<\/p>\n","protected":false},"author":1,"featured_media":0,"comment_status":"open","ping_status":"open","sticky":false,"template":"","format":"standard","meta":{"site-container-style":"default","site-container-layout":"default","site-sidebar-layout":"default","disable-article-header":"default","disable-site-header":"default","disable-site-footer":"default","disable-content-area-spacing":"default","footnotes":""},"categories":[12,6,4],"tags":[],"class_list":["post-12717","post","type-post","status-publish","format-standard","hentry","category-cursos-e-eventos","category-educacao","category-noticias"],"yoast_head":"<!-- This site is optimized with the Yoast SEO plugin v27.4 - https:\/\/yoast.com\/product\/yoast-seo-wordpress\/ -->\n<title>Quixad\u00e1-CE realiza Semin\u00e1rio de Educa\u00e7\u00e3o Inclusiva -<\/title>\n<meta name=\"robots\" content=\"index, follow, max-snippet:-1, max-image-preview:large, max-video-preview:-1\" \/>\n<link rel=\"canonical\" href=\"https:\/\/inclusivenews.com.br\/?p=12717\" \/>\n<meta property=\"og:locale\" content=\"pt_PT\" \/>\n<meta property=\"og:type\" content=\"article\" \/>\n<meta property=\"og:title\" content=\"Quixad\u00e1-CE realiza Semin\u00e1rio de Educa\u00e7\u00e3o Inclusiva -\" \/>\n<meta property=\"og:description\" content=\"Melhorias e implementa\u00e7\u00e3o das pol\u00edticas na \u00e1rea de educa\u00e7\u00e3o inclusiva marcam as atividades de educadores e professores da regi\u00e3o sert\u00e3o central e munic\u00edpio vizinhos.\" \/>\n<meta property=\"og:url\" content=\"https:\/\/inclusivenews.com.br\/?p=12717\" \/>\n<meta property=\"article:publisher\" content=\"https:\/\/www.facebook.com\/agenciainclusive\/\" \/>\n<meta property=\"article:published_time\" content=\"2009-11-25T10:11:49+00:00\" \/>\n<meta property=\"og:image\" content=\"http:\/\/inclusivenews.com.br\/wp-content\/uploads\/2009\/11\/untitled.bmp\" \/>\n<meta name=\"author\" content=\"inclusivenews2024\" \/>\n<meta name=\"twitter:card\" content=\"summary_large_image\" \/>\n<meta name=\"twitter:label1\" content=\"Escrito por\" \/>\n\t<meta name=\"twitter:data1\" content=\"inclusivenews2024\" \/>\n\t<meta name=\"twitter:label2\" content=\"Tempo estimado de leitura\" \/>\n\t<meta name=\"twitter:data2\" content=\"3 minutos\" \/>\n<script type=\"application\/ld+json\" class=\"yoast-schema-graph\">{\"@context\":\"https:\\\/\\\/schema.org\",\"@graph\":[{\"@type\":\"Article\",\"@id\":\"https:\\\/\\\/inclusivenews.com.br\\\/?p=12717#article\",\"isPartOf\":{\"@id\":\"https:\\\/\\\/inclusivenews.com.br\\\/?p=12717\"},\"author\":{\"name\":\"inclusivenews2024\",\"@id\":\"https:\\\/\\\/inclusivenews.com.br\\\/#\\\/schema\\\/person\\\/ae4ec7087559b8692fb33b6fffd2273b\"},\"headline\":\"Quixad\u00e1-CE realiza Semin\u00e1rio de Educa\u00e7\u00e3o Inclusiva\",\"datePublished\":\"2009-11-25T10:11:49+00:00\",\"mainEntityOfPage\":{\"@id\":\"https:\\\/\\\/inclusivenews.com.br\\\/?p=12717\"},\"wordCount\":598,\"commentCount\":0,\"publisher\":{\"@id\":\"https:\\\/\\\/inclusivenews.com.br\\\/#organization\"},\"image\":{\"@id\":\"https:\\\/\\\/inclusivenews.com.br\\\/?p=12717#primaryimage\"},\"thumbnailUrl\":\"http:\\\/\\\/inclusivenews.com.br\\\/wp-content\\\/uploads\\\/2009\\\/11\\\/untitled.bmp\",\"articleSection\":[\"Cursos e eventos\",\"EDUCA\u00c7\u00c3O\",\"NOT\u00cdCIAS\"],\"inLanguage\":\"pt-PT\",\"potentialAction\":[{\"@type\":\"CommentAction\",\"name\":\"Comment\",\"target\":[\"https:\\\/\\\/inclusivenews.com.br\\\/?p=12717#respond\"]}]},{\"@type\":\"WebPage\",\"@id\":\"https:\\\/\\\/inclusivenews.com.br\\\/?p=12717\",\"url\":\"https:\\\/\\\/inclusivenews.com.br\\\/?p=12717\",\"name\":\"Quixad\u00e1-CE realiza Semin\u00e1rio de Educa\u00e7\u00e3o Inclusiva -\",\"isPartOf\":{\"@id\":\"https:\\\/\\\/inclusivenews.com.br\\\/#website\"},\"primaryImageOfPage\":{\"@id\":\"https:\\\/\\\/inclusivenews.com.br\\\/?p=12717#primaryimage\"},\"image\":{\"@id\":\"https:\\\/\\\/inclusivenews.com.br\\\/?p=12717#primaryimage\"},\"thumbnailUrl\":\"http:\\\/\\\/inclusivenews.com.br\\\/wp-content\\\/uploads\\\/2009\\\/11\\\/untitled.bmp\",\"datePublished\":\"2009-11-25T10:11:49+00:00\",\"breadcrumb\":{\"@id\":\"https:\\\/\\\/inclusivenews.com.br\\\/?p=12717#breadcrumb\"},\"inLanguage\":\"pt-PT\",\"potentialAction\":[{\"@type\":\"ReadAction\",\"target\":[\"https:\\\/\\\/inclusivenews.com.br\\\/?p=12717\"]}]},{\"@type\":\"ImageObject\",\"inLanguage\":\"pt-PT\",\"@id\":\"https:\\\/\\\/inclusivenews.com.br\\\/?p=12717#primaryimage\",\"url\":\"https:\\\/\\\/inclusivenews.com.br\\\/wp-content\\\/uploads\\\/2009\\\/11\\\/untitled.bmp\",\"contentUrl\":\"https:\\\/\\\/inclusivenews.com.br\\\/wp-content\\\/uploads\\\/2009\\\/11\\\/untitled.bmp\",\"width\":200,\"height\":150},{\"@type\":\"BreadcrumbList\",\"@id\":\"https:\\\/\\\/inclusivenews.com.br\\\/?p=12717#breadcrumb\",\"itemListElement\":[{\"@type\":\"ListItem\",\"position\":1,\"name\":\"In\u00edcio\",\"item\":\"https:\\\/\\\/inclusivenews.com.br\\\/\"},{\"@type\":\"ListItem\",\"position\":2,\"name\":\"Quixad\u00e1-CE realiza Semin\u00e1rio de Educa\u00e7\u00e3o Inclusiva\"}]},{\"@type\":\"WebSite\",\"@id\":\"https:\\\/\\\/inclusivenews.com.br\\\/#website\",\"url\":\"https:\\\/\\\/inclusivenews.com.br\\\/\",\"name\":\"Inclusive News\",\"description\":\"Inclusive News\",\"publisher\":{\"@id\":\"https:\\\/\\\/inclusivenews.com.br\\\/#organization\"},\"potentialAction\":[{\"@type\":\"SearchAction\",\"target\":{\"@type\":\"EntryPoint\",\"urlTemplate\":\"https:\\\/\\\/inclusivenews.com.br\\\/?s={search_term_string}\"},\"query-input\":{\"@type\":\"PropertyValueSpecification\",\"valueRequired\":true,\"valueName\":\"search_term_string\"}}],\"inLanguage\":\"pt-PT\"},{\"@type\":\"Organization\",\"@id\":\"https:\\\/\\\/inclusivenews.com.br\\\/#organization\",\"name\":\"Inclusive - inclus\u00e3o e cidadania\",\"url\":\"https:\\\/\\\/inclusivenews.com.br\\\/\",\"logo\":{\"@type\":\"ImageObject\",\"inLanguage\":\"pt-PT\",\"@id\":\"https:\\\/\\\/inclusivenews.com.br\\\/#\\\/schema\\\/logo\\\/image\\\/\",\"url\":\"https:\\\/\\\/inclusivenews.com.br\\\/wp-content\\\/uploads\\\/2024\\\/03\\\/@grandesite.png\",\"contentUrl\":\"https:\\\/\\\/inclusivenews.com.br\\\/wp-content\\\/uploads\\\/2024\\\/03\\\/@grandesite.png\",\"width\":1080,\"height\":1080,\"caption\":\"Inclusive - inclus\u00e3o e cidadania\"},\"image\":{\"@id\":\"https:\\\/\\\/inclusivenews.com.br\\\/#\\\/schema\\\/logo\\\/image\\\/\"},\"sameAs\":[\"https:\\\/\\\/www.facebook.com\\\/agenciainclusive\\\/\",\"https:\\\/\\\/www.instagram.com\\\/newsinclusive\\\/\"]},{\"@type\":\"Person\",\"@id\":\"https:\\\/\\\/inclusivenews.com.br\\\/#\\\/schema\\\/person\\\/ae4ec7087559b8692fb33b6fffd2273b\",\"name\":\"inclusivenews2024\",\"image\":{\"@type\":\"ImageObject\",\"inLanguage\":\"pt-PT\",\"@id\":\"https:\\\/\\\/secure.gravatar.com\\\/avatar\\\/c5a7ef84c66fa914f55bc4f7ce26cfa275a3b9a1c5568b907bd184fb4dde7b40?s=96&d=mm&r=g\",\"url\":\"https:\\\/\\\/secure.gravatar.com\\\/avatar\\\/c5a7ef84c66fa914f55bc4f7ce26cfa275a3b9a1c5568b907bd184fb4dde7b40?s=96&d=mm&r=g\",\"contentUrl\":\"https:\\\/\\\/secure.gravatar.com\\\/avatar\\\/c5a7ef84c66fa914f55bc4f7ce26cfa275a3b9a1c5568b907bd184fb4dde7b40?s=96&d=mm&r=g\",\"caption\":\"inclusivenews2024\"},\"sameAs\":[\"https:\\\/\\\/inclusivenews.com.br\"],\"url\":\"https:\\\/\\\/inclusivenews.com.br\\\/?author=1\"}]}<\/script>\n<!-- \/ Yoast SEO plugin. -->","yoast_head_json":{"title":"Quixad\u00e1-CE realiza Semin\u00e1rio de Educa\u00e7\u00e3o Inclusiva -","robots":{"index":"index","follow":"follow","max-snippet":"max-snippet:-1","max-image-preview":"max-image-preview:large","max-video-preview":"max-video-preview:-1"},"canonical":"https:\/\/inclusivenews.com.br\/?p=12717","og_locale":"pt_PT","og_type":"article","og_title":"Quixad\u00e1-CE realiza Semin\u00e1rio de Educa\u00e7\u00e3o Inclusiva -","og_description":"Melhorias e implementa\u00e7\u00e3o das pol\u00edticas na \u00e1rea de educa\u00e7\u00e3o inclusiva marcam as atividades de educadores e professores da regi\u00e3o sert\u00e3o central e munic\u00edpio vizinhos.","og_url":"https:\/\/inclusivenews.com.br\/?p=12717","article_publisher":"https:\/\/www.facebook.com\/agenciainclusive\/","article_published_time":"2009-11-25T10:11:49+00:00","og_image":[{"url":"http:\/\/inclusivenews.com.br\/wp-content\/uploads\/2009\/11\/untitled.bmp","type":"","width":"","height":""}],"author":"inclusivenews2024","twitter_card":"summary_large_image","twitter_misc":{"Escrito por":"inclusivenews2024","Tempo estimado de leitura":"3 minutos"},"schema":{"@context":"https:\/\/schema.org","@graph":[{"@type":"Article","@id":"https:\/\/inclusivenews.com.br\/?p=12717#article","isPartOf":{"@id":"https:\/\/inclusivenews.com.br\/?p=12717"},"author":{"name":"inclusivenews2024","@id":"https:\/\/inclusivenews.com.br\/#\/schema\/person\/ae4ec7087559b8692fb33b6fffd2273b"},"headline":"Quixad\u00e1-CE realiza Semin\u00e1rio de Educa\u00e7\u00e3o Inclusiva","datePublished":"2009-11-25T10:11:49+00:00","mainEntityOfPage":{"@id":"https:\/\/inclusivenews.com.br\/?p=12717"},"wordCount":598,"commentCount":0,"publisher":{"@id":"https:\/\/inclusivenews.com.br\/#organization"},"image":{"@id":"https:\/\/inclusivenews.com.br\/?p=12717#primaryimage"},"thumbnailUrl":"http:\/\/inclusivenews.com.br\/wp-content\/uploads\/2009\/11\/untitled.bmp","articleSection":["Cursos e eventos","EDUCA\u00c7\u00c3O","NOT\u00cdCIAS"],"inLanguage":"pt-PT","potentialAction":[{"@type":"CommentAction","name":"Comment","target":["https:\/\/inclusivenews.com.br\/?p=12717#respond"]}]},{"@type":"WebPage","@id":"https:\/\/inclusivenews.com.br\/?p=12717","url":"https:\/\/inclusivenews.com.br\/?p=12717","name":"Quixad\u00e1-CE realiza Semin\u00e1rio de Educa\u00e7\u00e3o Inclusiva -","isPartOf":{"@id":"https:\/\/inclusivenews.com.br\/#website"},"primaryImageOfPage":{"@id":"https:\/\/inclusivenews.com.br\/?p=12717#primaryimage"},"image":{"@id":"https:\/\/inclusivenews.com.br\/?p=12717#primaryimage"},"thumbnailUrl":"http:\/\/inclusivenews.com.br\/wp-content\/uploads\/2009\/11\/untitled.bmp","datePublished":"2009-11-25T10:11:49+00:00","breadcrumb":{"@id":"https:\/\/inclusivenews.com.br\/?p=12717#breadcrumb"},"inLanguage":"pt-PT","potentialAction":[{"@type":"ReadAction","target":["https:\/\/inclusivenews.com.br\/?p=12717"]}]},{"@type":"ImageObject","inLanguage":"pt-PT","@id":"https:\/\/inclusivenews.com.br\/?p=12717#primaryimage","url":"https:\/\/inclusivenews.com.br\/wp-content\/uploads\/2009\/11\/untitled.bmp","contentUrl":"https:\/\/inclusivenews.com.br\/wp-content\/uploads\/2009\/11\/untitled.bmp","width":200,"height":150},{"@type":"BreadcrumbList","@id":"https:\/\/inclusivenews.com.br\/?p=12717#breadcrumb","itemListElement":[{"@type":"ListItem","position":1,"name":"In\u00edcio","item":"https:\/\/inclusivenews.com.br\/"},{"@type":"ListItem","position":2,"name":"Quixad\u00e1-CE realiza Semin\u00e1rio de Educa\u00e7\u00e3o Inclusiva"}]},{"@type":"WebSite","@id":"https:\/\/inclusivenews.com.br\/#website","url":"https:\/\/inclusivenews.com.br\/","name":"Inclusive News","description":"Inclusive News","publisher":{"@id":"https:\/\/inclusivenews.com.br\/#organization"},"potentialAction":[{"@type":"SearchAction","target":{"@type":"EntryPoint","urlTemplate":"https:\/\/inclusivenews.com.br\/?s={search_term_string}"},"query-input":{"@type":"PropertyValueSpecification","valueRequired":true,"valueName":"search_term_string"}}],"inLanguage":"pt-PT"},{"@type":"Organization","@id":"https:\/\/inclusivenews.com.br\/#organization","name":"Inclusive - inclus\u00e3o e cidadania","url":"https:\/\/inclusivenews.com.br\/","logo":{"@type":"ImageObject","inLanguage":"pt-PT","@id":"https:\/\/inclusivenews.com.br\/#\/schema\/logo\/image\/","url":"https:\/\/inclusivenews.com.br\/wp-content\/uploads\/2024\/03\/@grandesite.png","contentUrl":"https:\/\/inclusivenews.com.br\/wp-content\/uploads\/2024\/03\/@grandesite.png","width":1080,"height":1080,"caption":"Inclusive - inclus\u00e3o e cidadania"},"image":{"@id":"https:\/\/inclusivenews.com.br\/#\/schema\/logo\/image\/"},"sameAs":["https:\/\/www.facebook.com\/agenciainclusive\/","https:\/\/www.instagram.com\/newsinclusive\/"]},{"@type":"Person","@id":"https:\/\/inclusivenews.com.br\/#\/schema\/person\/ae4ec7087559b8692fb33b6fffd2273b","name":"inclusivenews2024","image":{"@type":"ImageObject","inLanguage":"pt-PT","@id":"https:\/\/secure.gravatar.com\/avatar\/c5a7ef84c66fa914f55bc4f7ce26cfa275a3b9a1c5568b907bd184fb4dde7b40?s=96&d=mm&r=g","url":"https:\/\/secure.gravatar.com\/avatar\/c5a7ef84c66fa914f55bc4f7ce26cfa275a3b9a1c5568b907bd184fb4dde7b40?s=96&d=mm&r=g","contentUrl":"https:\/\/secure.gravatar.com\/avatar\/c5a7ef84c66fa914f55bc4f7ce26cfa275a3b9a1c5568b907bd184fb4dde7b40?s=96&d=mm&r=g","caption":"inclusivenews2024"},"sameAs":["https:\/\/inclusivenews.com.br"],"url":"https:\/\/inclusivenews.com.br\/?author=1"}]}},"_links":{"self":[{"href":"https:\/\/inclusivenews.com.br\/index.php?rest_route=\/wp\/v2\/posts\/12717","targetHints":{"allow":["GET"]}}],"collection":[{"href":"https:\/\/inclusivenews.com.br\/index.php?rest_route=\/wp\/v2\/posts"}],"about":[{"href":"https:\/\/inclusivenews.com.br\/index.php?rest_route=\/wp\/v2\/types\/post"}],"author":[{"embeddable":true,"href":"https:\/\/inclusivenews.com.br\/index.php?rest_route=\/wp\/v2\/users\/1"}],"replies":[{"embeddable":true,"href":"https:\/\/inclusivenews.com.br\/index.php?rest_route=%2Fwp%2Fv2%2Fcomments&post=12717"}],"version-history":[{"count":0,"href":"https:\/\/inclusivenews.com.br\/index.php?rest_route=\/wp\/v2\/posts\/12717\/revisions"}],"wp:attachment":[{"href":"https:\/\/inclusivenews.com.br\/index.php?rest_route=%2Fwp%2Fv2%2Fmedia&parent=12717"}],"wp:term":[{"taxonomy":"category","embeddable":true,"href":"https:\/\/inclusivenews.com.br\/index.php?rest_route=%2Fwp%2Fv2%2Fcategories&post=12717"},{"taxonomy":"post_tag","embeddable":true,"href":"https:\/\/inclusivenews.com.br\/index.php?rest_route=%2Fwp%2Fv2%2Ftags&post=12717"}],"curies":[{"name":"wp","href":"https:\/\/api.w.org\/{rel}","templated":true}]}}