{"id":12739,"date":"2009-11-26T06:47:13","date_gmt":"2009-11-26T09:47:13","guid":{"rendered":"http:\/\/www.inclusive.org.br\/?p=12739"},"modified":"2009-11-26T06:47:13","modified_gmt":"2009-11-26T09:47:13","slug":"experiencias-bem-sucedidas-de-educacao-inclusiva-nas-escolas-serao-premiadas","status":"publish","type":"post","link":"https:\/\/inclusivenews.com.br\/?p=12739","title":{"rendered":"Experi\u00eancias bem sucedidas de educa\u00e7\u00e3o inclusiva nas escolas ser\u00e3o premiadas"},"content":{"rendered":"<p style=\"text-align: center;\"><em>Pr\u00eamio \u00e9 destinado exclusivamente \u00e0s escolas p\u00fablicas de todo pa\u00eds<\/em><\/p>\n<figure id=\"attachment_12740\" aria-describedby=\"caption-attachment-12740\" style=\"width: 245px\" class=\"wp-caption alignleft\"><a href=\"http:\/\/www.inclusivenews.com.br\/wp-content\/uploads\/2009\/11\/PREMIO-EXPERIENCIAS-EDUCACIONAIS-INCLUSIVAS.JPG\"><img loading=\"lazy\" decoding=\"async\" class=\"size-full wp-image-12740\" title=\"PREMIO EXPERIENCIAS EDUCACIONAIS INCLUSIVAS\" src=\"http:\/\/inclusivenews.com.br\/wp-content\/uploads\/2009\/11\/PREMIO-EXPERIENCIAS-EDUCACIONAIS-INCLUSIVAS.JPG\" alt=\"PREMIO EXPERIENCIAS EDUCACIONAIS INCLUSIVAS\" width=\"245\" height=\"164\" \/><\/a><figcaption id=\"caption-attachment-12740\" class=\"wp-caption-text\"> <\/figcaption><\/figure>\n<p style=\"text-align: justify;\">Est\u00e3o abertas at\u00e9 12 de mar\u00e7o de 2010 as inscri\u00e7\u00f5es para o \u201cPr\u00eamio Experi\u00eancias Educacionais Inclusivas \u2013 a Escola Aprendendo com as Diferen\u00e7as\u201d.<\/p>\n<p style=\"text-align: justify;\">Promovido pelo Minist\u00e9rio da Educa\u00e7\u00e3o (MEC) e pela Organiza\u00e7\u00e3o dos Estados Ibero-americanos para a Educa\u00e7\u00e3o, a Ci\u00eancia e a Cultura (OEI), o pr\u00eamio \u00e9 destinado exclusivamente \u00e0s escolas p\u00fablicas de todo pa\u00eds. Podem participar institui\u00e7\u00f5es de ensino que tiveram experi\u00eancias iniciadas no per\u00edodo\u00a02008\/2009, que possam ser comprovadas, e que ir\u00e3o continuar em curso no ano letivo de 2010.<\/p>\n<p style=\"text-align: justify;\">O objetivo \u00e9 promover e difundir experi\u00eancias escolares inovadoras e efetivas de inclus\u00e3o escolar de estudantes com defici\u00eancia, transtornos globais do desenvolvimento e altas habilidades\/superdota\u00e7\u00e3o, tendo como base a Pol\u00edtica Nacional de Educa\u00e7\u00e3o Especial na Perspectiva da Educa\u00e7\u00e3o Inclusiva.<\/p>\n<p style=\"text-align: justify;\">Cinco escolas ser\u00e3o premiadas (uma em cada regi\u00e3o do pa\u00eds). Cada uma receber\u00e1: R$ 8 mil;\u00a0diploma; interc\u00e2mbio para dois representantes de cada escola premiada, para conhecer uma das outras experi\u00eancias;\u00a0apresenta\u00e7\u00e3o da experi\u00eancia premiada por dois representantes da escola no Semin\u00e1rio Nacional Educa\u00e7\u00e3o Inclusiva: Direito \u00e0 Diversidade, que ser\u00e1 realizado em Bras\u00edlia, em maio de 2010; divulga\u00e7\u00e3o da experi\u00eancia em publica\u00e7\u00e3o conjunta da Secretaria de Educa\u00e7\u00e3o Especial &#8211; SEESP\/MEC e da OEI.<\/p>\n<p><strong> Os crit\u00e9rios de avalia\u00e7\u00e3o das experi\u00eancias ser\u00e3o os seguintes:<\/strong><\/p>\n<p>&gt; coer\u00eancia entre os objetivos e os resultados alcan\u00e7ados;<\/p>\n<p>&gt; promo\u00e7\u00e3o de acessibilidade na escola;<\/p>\n<p>&gt; trabalho colaborativo;<\/p>\n<p>&gt; participa\u00e7\u00e3o da fam\u00edlia e da comunidade;<\/p>\n<p>&gt; articula\u00e7\u00e3o intersetorial das pol\u00edticas p\u00fablicas e os demais servi\u00e7os da comunidade;<\/p>\n<p>&gt; projeto pol\u00edtico pedag\u00f3gico da escola na perspectiva da educa\u00e7\u00e3o inclusiva;<\/p>\n<p>&gt; estrat\u00e9gias pedag\u00f3gicas do atendimento educacional especializado;<\/p>\n<p>&gt; estrat\u00e9gias pedag\u00f3gicas da sala de aula comum.<\/p>\n<p><strong>SERVI\u00c7O<\/strong><\/p>\n<p>Acesse o regulamento e saiba como se inscrever por meio do site <a href=\"http:\/\/www.mec.gov.br\/premioexperienciaseducacionaisinclusivas\">http:\/\/www.mec.gov.br\/premioexperienciaseducacionaisinclusivas<\/a>.<\/p>\n<p>_____________________________________<\/p>\n<p><strong>Fonte de informa\u00e7\u00e3o:<\/strong> <a onclick=\"pageTracker._trackPageview('\/outbound\/article\/www.gazetaderibeirao.com.br');\" href=\"http:\/\/www.agenciabrasilia.df.gov.br\/042\/04299003.asp?ttCD_CHAVE=92970\" target=\"_blank\" rel=\"noopener\">Ag\u00eancia Bras\u00edlia<img loading=\"lazy\" decoding=\"async\" title=\"Link abrir\u00e1 em uma nova janela ou aba.\" src=\"http:\/\/www.inclusive.org.br\/images\/new_window.gif\" alt=\"Link abrir\u00e1 em uma nova janela ou aba.\" width=\"16\" height=\"14\" \/><\/a><\/p>\n","protected":false},"excerpt":{"rendered":"<p>Est\u00e3o abertas at\u00e9 12 de mar\u00e7o de 2010 as inscri\u00e7\u00f5es para o \u201cPr\u00eamio Experi\u00eancias Educacionais Inclusivas \u2013 a Escola Aprendendo com as Diferen\u00e7as\u201d.<\/p>\n","protected":false},"author":1,"featured_media":0,"comment_status":"open","ping_status":"open","sticky":false,"template":"","format":"standard","meta":{"site-container-style":"default","site-container-layout":"default","site-sidebar-layout":"default","disable-article-header":"default","disable-site-header":"default","disable-site-footer":"default","disable-content-area-spacing":"default","footnotes":""},"categories":[12,40,6,4,41],"tags":[],"class_list":["post-12739","post","type-post","status-publish","format-standard","hentry","category-cursos-e-eventos","category-diversidade","category-educacao","category-noticias","category-preconceito"],"yoast_head":"<!-- This site is optimized with the Yoast SEO plugin v27.4 - https:\/\/yoast.com\/product\/yoast-seo-wordpress\/ -->\n<title>Experi\u00eancias bem sucedidas de educa\u00e7\u00e3o inclusiva nas escolas ser\u00e3o premiadas -<\/title>\n<meta name=\"robots\" content=\"index, follow, max-snippet:-1, max-image-preview:large, max-video-preview:-1\" \/>\n<link rel=\"canonical\" href=\"https:\/\/inclusivenews.com.br\/?p=12739\" \/>\n<meta property=\"og:locale\" content=\"pt_PT\" \/>\n<meta property=\"og:type\" content=\"article\" \/>\n<meta property=\"og:title\" content=\"Experi\u00eancias bem sucedidas de educa\u00e7\u00e3o inclusiva nas escolas ser\u00e3o premiadas -\" \/>\n<meta property=\"og:description\" content=\"Est\u00e3o abertas at\u00e9 12 de mar\u00e7o de 2010 as inscri\u00e7\u00f5es para o \u201cPr\u00eamio Experi\u00eancias Educacionais Inclusivas \u2013 a Escola Aprendendo com as Diferen\u00e7as\u201d.\" \/>\n<meta property=\"og:url\" content=\"https:\/\/inclusivenews.com.br\/?p=12739\" \/>\n<meta property=\"article:publisher\" content=\"https:\/\/www.facebook.com\/agenciainclusive\/\" \/>\n<meta property=\"article:published_time\" content=\"2009-11-26T09:47:13+00:00\" \/>\n<meta property=\"og:image\" content=\"http:\/\/inclusivenews.com.br\/wp-content\/uploads\/2009\/11\/PREMIO-EXPERIENCIAS-EDUCACIONAIS-INCLUSIVAS.JPG\" \/>\n<meta name=\"author\" content=\"inclusivenews2024\" \/>\n<meta name=\"twitter:card\" content=\"summary_large_image\" \/>\n<meta name=\"twitter:label1\" content=\"Escrito por\" \/>\n\t<meta name=\"twitter:data1\" content=\"inclusivenews2024\" \/>\n\t<meta name=\"twitter:label2\" content=\"Tempo estimado de leitura\" \/>\n\t<meta name=\"twitter:data2\" content=\"2 minutos\" \/>\n<script type=\"application\/ld+json\" class=\"yoast-schema-graph\">{\"@context\":\"https:\\\/\\\/schema.org\",\"@graph\":[{\"@type\":\"Article\",\"@id\":\"https:\\\/\\\/inclusivenews.com.br\\\/?p=12739#article\",\"isPartOf\":{\"@id\":\"https:\\\/\\\/inclusivenews.com.br\\\/?p=12739\"},\"author\":{\"name\":\"inclusivenews2024\",\"@id\":\"https:\\\/\\\/inclusivenews.com.br\\\/#\\\/schema\\\/person\\\/ae4ec7087559b8692fb33b6fffd2273b\"},\"headline\":\"Experi\u00eancias bem sucedidas de educa\u00e7\u00e3o inclusiva nas escolas ser\u00e3o premiadas\",\"datePublished\":\"2009-11-26T09:47:13+00:00\",\"mainEntityOfPage\":{\"@id\":\"https:\\\/\\\/inclusivenews.com.br\\\/?p=12739\"},\"wordCount\":378,\"commentCount\":0,\"publisher\":{\"@id\":\"https:\\\/\\\/inclusivenews.com.br\\\/#organization\"},\"image\":{\"@id\":\"https:\\\/\\\/inclusivenews.com.br\\\/?p=12739#primaryimage\"},\"thumbnailUrl\":\"http:\\\/\\\/inclusivenews.com.br\\\/wp-content\\\/uploads\\\/2009\\\/11\\\/PREMIO-EXPERIENCIAS-EDUCACIONAIS-INCLUSIVAS.JPG\",\"articleSection\":[\"Cursos e eventos\",\"Diversidade\",\"EDUCA\u00c7\u00c3O\",\"NOT\u00cdCIAS\",\"Preconceito\"],\"inLanguage\":\"pt-PT\",\"potentialAction\":[{\"@type\":\"CommentAction\",\"name\":\"Comment\",\"target\":[\"https:\\\/\\\/inclusivenews.com.br\\\/?p=12739#respond\"]}]},{\"@type\":\"WebPage\",\"@id\":\"https:\\\/\\\/inclusivenews.com.br\\\/?p=12739\",\"url\":\"https:\\\/\\\/inclusivenews.com.br\\\/?p=12739\",\"name\":\"Experi\u00eancias bem sucedidas de educa\u00e7\u00e3o inclusiva nas escolas ser\u00e3o premiadas -\",\"isPartOf\":{\"@id\":\"https:\\\/\\\/inclusivenews.com.br\\\/#website\"},\"primaryImageOfPage\":{\"@id\":\"https:\\\/\\\/inclusivenews.com.br\\\/?p=12739#primaryimage\"},\"image\":{\"@id\":\"https:\\\/\\\/inclusivenews.com.br\\\/?p=12739#primaryimage\"},\"thumbnailUrl\":\"http:\\\/\\\/inclusivenews.com.br\\\/wp-content\\\/uploads\\\/2009\\\/11\\\/PREMIO-EXPERIENCIAS-EDUCACIONAIS-INCLUSIVAS.JPG\",\"datePublished\":\"2009-11-26T09:47:13+00:00\",\"breadcrumb\":{\"@id\":\"https:\\\/\\\/inclusivenews.com.br\\\/?p=12739#breadcrumb\"},\"inLanguage\":\"pt-PT\",\"potentialAction\":[{\"@type\":\"ReadAction\",\"target\":[\"https:\\\/\\\/inclusivenews.com.br\\\/?p=12739\"]}]},{\"@type\":\"ImageObject\",\"inLanguage\":\"pt-PT\",\"@id\":\"https:\\\/\\\/inclusivenews.com.br\\\/?p=12739#primaryimage\",\"url\":\"https:\\\/\\\/inclusivenews.com.br\\\/wp-content\\\/uploads\\\/2009\\\/11\\\/PREMIO-EXPERIENCIAS-EDUCACIONAIS-INCLUSIVAS.jpg\",\"contentUrl\":\"https:\\\/\\\/inclusivenews.com.br\\\/wp-content\\\/uploads\\\/2009\\\/11\\\/PREMIO-EXPERIENCIAS-EDUCACIONAIS-INCLUSIVAS.jpg\",\"width\":266,\"height\":164,\"caption\":\"Na imagem, a logotipo do concurso: Pr\u00eamio Experi\u00eancias Educacionais Inclusivas \u2013 a Escola Aprendendo com as Diferen\u00e7as\u201d.\"},{\"@type\":\"BreadcrumbList\",\"@id\":\"https:\\\/\\\/inclusivenews.com.br\\\/?p=12739#breadcrumb\",\"itemListElement\":[{\"@type\":\"ListItem\",\"position\":1,\"name\":\"In\u00edcio\",\"item\":\"https:\\\/\\\/inclusivenews.com.br\\\/\"},{\"@type\":\"ListItem\",\"position\":2,\"name\":\"Experi\u00eancias bem sucedidas de educa\u00e7\u00e3o inclusiva nas escolas ser\u00e3o premiadas\"}]},{\"@type\":\"WebSite\",\"@id\":\"https:\\\/\\\/inclusivenews.com.br\\\/#website\",\"url\":\"https:\\\/\\\/inclusivenews.com.br\\\/\",\"name\":\"Inclusive News\",\"description\":\"Inclusive News\",\"publisher\":{\"@id\":\"https:\\\/\\\/inclusivenews.com.br\\\/#organization\"},\"potentialAction\":[{\"@type\":\"SearchAction\",\"target\":{\"@type\":\"EntryPoint\",\"urlTemplate\":\"https:\\\/\\\/inclusivenews.com.br\\\/?s={search_term_string}\"},\"query-input\":{\"@type\":\"PropertyValueSpecification\",\"valueRequired\":true,\"valueName\":\"search_term_string\"}}],\"inLanguage\":\"pt-PT\"},{\"@type\":\"Organization\",\"@id\":\"https:\\\/\\\/inclusivenews.com.br\\\/#organization\",\"name\":\"Inclusive - inclus\u00e3o e cidadania\",\"url\":\"https:\\\/\\\/inclusivenews.com.br\\\/\",\"logo\":{\"@type\":\"ImageObject\",\"inLanguage\":\"pt-PT\",\"@id\":\"https:\\\/\\\/inclusivenews.com.br\\\/#\\\/schema\\\/logo\\\/image\\\/\",\"url\":\"https:\\\/\\\/inclusivenews.com.br\\\/wp-content\\\/uploads\\\/2024\\\/03\\\/@grandesite.png\",\"contentUrl\":\"https:\\\/\\\/inclusivenews.com.br\\\/wp-content\\\/uploads\\\/2024\\\/03\\\/@grandesite.png\",\"width\":1080,\"height\":1080,\"caption\":\"Inclusive - inclus\u00e3o e cidadania\"},\"image\":{\"@id\":\"https:\\\/\\\/inclusivenews.com.br\\\/#\\\/schema\\\/logo\\\/image\\\/\"},\"sameAs\":[\"https:\\\/\\\/www.facebook.com\\\/agenciainclusive\\\/\",\"https:\\\/\\\/www.instagram.com\\\/newsinclusive\\\/\"]},{\"@type\":\"Person\",\"@id\":\"https:\\\/\\\/inclusivenews.com.br\\\/#\\\/schema\\\/person\\\/ae4ec7087559b8692fb33b6fffd2273b\",\"name\":\"inclusivenews2024\",\"image\":{\"@type\":\"ImageObject\",\"inLanguage\":\"pt-PT\",\"@id\":\"https:\\\/\\\/secure.gravatar.com\\\/avatar\\\/c5a7ef84c66fa914f55bc4f7ce26cfa275a3b9a1c5568b907bd184fb4dde7b40?s=96&d=mm&r=g\",\"url\":\"https:\\\/\\\/secure.gravatar.com\\\/avatar\\\/c5a7ef84c66fa914f55bc4f7ce26cfa275a3b9a1c5568b907bd184fb4dde7b40?s=96&d=mm&r=g\",\"contentUrl\":\"https:\\\/\\\/secure.gravatar.com\\\/avatar\\\/c5a7ef84c66fa914f55bc4f7ce26cfa275a3b9a1c5568b907bd184fb4dde7b40?s=96&d=mm&r=g\",\"caption\":\"inclusivenews2024\"},\"sameAs\":[\"https:\\\/\\\/inclusivenews.com.br\"],\"url\":\"https:\\\/\\\/inclusivenews.com.br\\\/?author=1\"}]}<\/script>\n<!-- \/ Yoast SEO plugin. -->","yoast_head_json":{"title":"Experi\u00eancias bem sucedidas de educa\u00e7\u00e3o inclusiva nas escolas ser\u00e3o premiadas -","robots":{"index":"index","follow":"follow","max-snippet":"max-snippet:-1","max-image-preview":"max-image-preview:large","max-video-preview":"max-video-preview:-1"},"canonical":"https:\/\/inclusivenews.com.br\/?p=12739","og_locale":"pt_PT","og_type":"article","og_title":"Experi\u00eancias bem sucedidas de educa\u00e7\u00e3o inclusiva nas escolas ser\u00e3o premiadas -","og_description":"Est\u00e3o abertas at\u00e9 12 de mar\u00e7o de 2010 as inscri\u00e7\u00f5es para o \u201cPr\u00eamio Experi\u00eancias Educacionais Inclusivas \u2013 a Escola Aprendendo com as Diferen\u00e7as\u201d.","og_url":"https:\/\/inclusivenews.com.br\/?p=12739","article_publisher":"https:\/\/www.facebook.com\/agenciainclusive\/","article_published_time":"2009-11-26T09:47:13+00:00","og_image":[{"url":"http:\/\/inclusivenews.com.br\/wp-content\/uploads\/2009\/11\/PREMIO-EXPERIENCIAS-EDUCACIONAIS-INCLUSIVAS.JPG","type":"","width":"","height":""}],"author":"inclusivenews2024","twitter_card":"summary_large_image","twitter_misc":{"Escrito por":"inclusivenews2024","Tempo estimado de leitura":"2 minutos"},"schema":{"@context":"https:\/\/schema.org","@graph":[{"@type":"Article","@id":"https:\/\/inclusivenews.com.br\/?p=12739#article","isPartOf":{"@id":"https:\/\/inclusivenews.com.br\/?p=12739"},"author":{"name":"inclusivenews2024","@id":"https:\/\/inclusivenews.com.br\/#\/schema\/person\/ae4ec7087559b8692fb33b6fffd2273b"},"headline":"Experi\u00eancias bem sucedidas de educa\u00e7\u00e3o inclusiva nas escolas ser\u00e3o premiadas","datePublished":"2009-11-26T09:47:13+00:00","mainEntityOfPage":{"@id":"https:\/\/inclusivenews.com.br\/?p=12739"},"wordCount":378,"commentCount":0,"publisher":{"@id":"https:\/\/inclusivenews.com.br\/#organization"},"image":{"@id":"https:\/\/inclusivenews.com.br\/?p=12739#primaryimage"},"thumbnailUrl":"http:\/\/inclusivenews.com.br\/wp-content\/uploads\/2009\/11\/PREMIO-EXPERIENCIAS-EDUCACIONAIS-INCLUSIVAS.JPG","articleSection":["Cursos e eventos","Diversidade","EDUCA\u00c7\u00c3O","NOT\u00cdCIAS","Preconceito"],"inLanguage":"pt-PT","potentialAction":[{"@type":"CommentAction","name":"Comment","target":["https:\/\/inclusivenews.com.br\/?p=12739#respond"]}]},{"@type":"WebPage","@id":"https:\/\/inclusivenews.com.br\/?p=12739","url":"https:\/\/inclusivenews.com.br\/?p=12739","name":"Experi\u00eancias bem sucedidas de educa\u00e7\u00e3o inclusiva nas escolas ser\u00e3o premiadas -","isPartOf":{"@id":"https:\/\/inclusivenews.com.br\/#website"},"primaryImageOfPage":{"@id":"https:\/\/inclusivenews.com.br\/?p=12739#primaryimage"},"image":{"@id":"https:\/\/inclusivenews.com.br\/?p=12739#primaryimage"},"thumbnailUrl":"http:\/\/inclusivenews.com.br\/wp-content\/uploads\/2009\/11\/PREMIO-EXPERIENCIAS-EDUCACIONAIS-INCLUSIVAS.JPG","datePublished":"2009-11-26T09:47:13+00:00","breadcrumb":{"@id":"https:\/\/inclusivenews.com.br\/?p=12739#breadcrumb"},"inLanguage":"pt-PT","potentialAction":[{"@type":"ReadAction","target":["https:\/\/inclusivenews.com.br\/?p=12739"]}]},{"@type":"ImageObject","inLanguage":"pt-PT","@id":"https:\/\/inclusivenews.com.br\/?p=12739#primaryimage","url":"https:\/\/inclusivenews.com.br\/wp-content\/uploads\/2009\/11\/PREMIO-EXPERIENCIAS-EDUCACIONAIS-INCLUSIVAS.jpg","contentUrl":"https:\/\/inclusivenews.com.br\/wp-content\/uploads\/2009\/11\/PREMIO-EXPERIENCIAS-EDUCACIONAIS-INCLUSIVAS.jpg","width":266,"height":164,"caption":"Na imagem, a logotipo do concurso: Pr\u00eamio Experi\u00eancias Educacionais Inclusivas \u2013 a Escola Aprendendo com as Diferen\u00e7as\u201d."},{"@type":"BreadcrumbList","@id":"https:\/\/inclusivenews.com.br\/?p=12739#breadcrumb","itemListElement":[{"@type":"ListItem","position":1,"name":"In\u00edcio","item":"https:\/\/inclusivenews.com.br\/"},{"@type":"ListItem","position":2,"name":"Experi\u00eancias bem sucedidas de educa\u00e7\u00e3o inclusiva nas escolas ser\u00e3o premiadas"}]},{"@type":"WebSite","@id":"https:\/\/inclusivenews.com.br\/#website","url":"https:\/\/inclusivenews.com.br\/","name":"Inclusive News","description":"Inclusive News","publisher":{"@id":"https:\/\/inclusivenews.com.br\/#organization"},"potentialAction":[{"@type":"SearchAction","target":{"@type":"EntryPoint","urlTemplate":"https:\/\/inclusivenews.com.br\/?s={search_term_string}"},"query-input":{"@type":"PropertyValueSpecification","valueRequired":true,"valueName":"search_term_string"}}],"inLanguage":"pt-PT"},{"@type":"Organization","@id":"https:\/\/inclusivenews.com.br\/#organization","name":"Inclusive - inclus\u00e3o e cidadania","url":"https:\/\/inclusivenews.com.br\/","logo":{"@type":"ImageObject","inLanguage":"pt-PT","@id":"https:\/\/inclusivenews.com.br\/#\/schema\/logo\/image\/","url":"https:\/\/inclusivenews.com.br\/wp-content\/uploads\/2024\/03\/@grandesite.png","contentUrl":"https:\/\/inclusivenews.com.br\/wp-content\/uploads\/2024\/03\/@grandesite.png","width":1080,"height":1080,"caption":"Inclusive - inclus\u00e3o e cidadania"},"image":{"@id":"https:\/\/inclusivenews.com.br\/#\/schema\/logo\/image\/"},"sameAs":["https:\/\/www.facebook.com\/agenciainclusive\/","https:\/\/www.instagram.com\/newsinclusive\/"]},{"@type":"Person","@id":"https:\/\/inclusivenews.com.br\/#\/schema\/person\/ae4ec7087559b8692fb33b6fffd2273b","name":"inclusivenews2024","image":{"@type":"ImageObject","inLanguage":"pt-PT","@id":"https:\/\/secure.gravatar.com\/avatar\/c5a7ef84c66fa914f55bc4f7ce26cfa275a3b9a1c5568b907bd184fb4dde7b40?s=96&d=mm&r=g","url":"https:\/\/secure.gravatar.com\/avatar\/c5a7ef84c66fa914f55bc4f7ce26cfa275a3b9a1c5568b907bd184fb4dde7b40?s=96&d=mm&r=g","contentUrl":"https:\/\/secure.gravatar.com\/avatar\/c5a7ef84c66fa914f55bc4f7ce26cfa275a3b9a1c5568b907bd184fb4dde7b40?s=96&d=mm&r=g","caption":"inclusivenews2024"},"sameAs":["https:\/\/inclusivenews.com.br"],"url":"https:\/\/inclusivenews.com.br\/?author=1"}]}},"_links":{"self":[{"href":"https:\/\/inclusivenews.com.br\/index.php?rest_route=\/wp\/v2\/posts\/12739","targetHints":{"allow":["GET"]}}],"collection":[{"href":"https:\/\/inclusivenews.com.br\/index.php?rest_route=\/wp\/v2\/posts"}],"about":[{"href":"https:\/\/inclusivenews.com.br\/index.php?rest_route=\/wp\/v2\/types\/post"}],"author":[{"embeddable":true,"href":"https:\/\/inclusivenews.com.br\/index.php?rest_route=\/wp\/v2\/users\/1"}],"replies":[{"embeddable":true,"href":"https:\/\/inclusivenews.com.br\/index.php?rest_route=%2Fwp%2Fv2%2Fcomments&post=12739"}],"version-history":[{"count":0,"href":"https:\/\/inclusivenews.com.br\/index.php?rest_route=\/wp\/v2\/posts\/12739\/revisions"}],"wp:attachment":[{"href":"https:\/\/inclusivenews.com.br\/index.php?rest_route=%2Fwp%2Fv2%2Fmedia&parent=12739"}],"wp:term":[{"taxonomy":"category","embeddable":true,"href":"https:\/\/inclusivenews.com.br\/index.php?rest_route=%2Fwp%2Fv2%2Fcategories&post=12739"},{"taxonomy":"post_tag","embeddable":true,"href":"https:\/\/inclusivenews.com.br\/index.php?rest_route=%2Fwp%2Fv2%2Ftags&post=12739"}],"curies":[{"name":"wp","href":"https:\/\/api.w.org\/{rel}","templated":true}]}}