{"id":12750,"date":"2009-11-27T05:49:49","date_gmt":"2009-11-27T08:49:49","guid":{"rendered":"http:\/\/www.inclusive.org.br\/?p=12750"},"modified":"2009-11-27T05:49:49","modified_gmt":"2009-11-27T08:49:49","slug":"os-brasileiros-utilizam-os-servicos-eletronicos-do-estado","status":"publish","type":"post","link":"https:\/\/inclusivenews.com.br\/?p=12750","title":{"rendered":"Os brasileiros utilizam os servi\u00e7os eletr\u00f4nicos do Estado?"},"content":{"rendered":"<p><span style=\"font-family: Verdana, Arial, &quot;Helvetica&quot;, sans-serif;\"><strong>Por Luciana Palharini<\/strong><\/span><\/p>\n<div><span style=\"font-size: x-small;\"><span class=\"style5\"><\/p>\n<p class=\"spip\" style=\"text-align: justify;\"><span style=\"font-family: Verdana, Arial, &quot;Helvetica&quot;, sans-serif;\">\u201cO desafio do Estado, no Brasil e no mundo, \u00e9 comunicar-se com o cidad\u00e3o\u201d. A frase \u00e9 de Vanderlei de Castro Ezequiel, pesquisador e bolsista do CNPq, que realiza seus estudos no grupo Comunica\u00e7\u00e3o e Sociedade do Espet\u00e1culo, na Faculdade C\u00e1sper L\u00edbero, de S\u00e3o Paulo, e foi dita durante apresenta\u00e7\u00e3o de seu trabalho no Foro Iberoamericano de Comunica\u00e7\u00e3o e Divulga\u00e7\u00e3o Cient\u00edfica, no dia 24, na Unicamp.<\/span><\/p>\n<p class=\"spip\" style=\"text-align: justify;\"><span style=\"font-family: Verdana, Arial, &quot;Helvetica&quot;, sans-serif;\">Ezequiel pesquisa a comunica\u00e7\u00e3o entre Estado e cidad\u00e3o mediada pela internet, atrav\u00e9s dos servi\u00e7os eletr\u00f4nicos estatais, tamb\u00e9m chamados de e-gov, oferecidos nas inst\u00e2ncias municipais, estaduais e federais, como, por exemplo, o boletim de ocorr\u00eancia eletr\u00f4nico ou processos de solicita\u00e7\u00e3o de pens\u00e3o via internet. Como fonte de dados, o pesquisador utiliza a &#8220;Pesquisa sobre o uso das tecnologias da informa\u00e7\u00e3o e da comunica\u00e7\u00e3o no Brasil &#8211; 2008&#8221;, realizada pelo Comit\u00ea Gestor da Internet no Brasil (CGI.br), acerca do acesso aos servi\u00e7os eletr\u00f4nicos do Estado brasileiro.<\/span><\/p>\n<p class=\"spip\" style=\"text-align: justify;\"><span style=\"font-family: Verdana, Arial, &quot;Helvetica&quot;, sans-serif;\">A pesquisa realizada pelo CGI.br, que entrevistou 14.666 pessoas de idade entre 16 e 45 anos ou mais, revela que 75% dos brasileiros n\u00e3o utilizam os servi\u00e7os eletr\u00f4nicos do governo. Desse percentual, 53% justificam a n\u00e3o utiliza\u00e7\u00e3o por preferirem o meio presencial para tratar de assuntos que envolvem direitos e\/ou obriga\u00e7\u00f5es com o Estado. A pesquisa tra\u00e7a, ainda, o perfil desses n\u00e3o usu\u00e1rios dos servi\u00e7os e-gov e apresenta dados surpreendentes. Ao contr\u00e1rio do que comumente se pensa acerca do n\u00edvel de escolaridade das pessoas que n\u00e3o usam a internet para fins desse tipo, os dados mostram que 58% das pessoas com escolaridade em n\u00edvel superior n\u00e3o gostam de utilizar o meio eletr\u00f4nico para tratar de quest\u00f5es com o governo. Da mesma forma, 59% das pessoas com 35 anos ou mais e 60% das que possuem renda familiar acima de cinco sal\u00e1rios m\u00ednimos tamb\u00e9m preferem resolver pessoalmente as quest\u00f5es burocr\u00e1ticas com o Estado.<\/span><\/p>\n<p class=\"spip\" style=\"text-align: justify;\"><span style=\"font-family: Verdana, Arial, &quot;Helvetica&quot;, sans-serif;\">Esses dados, segundo Ezequiel, desmistificam discursos bastante difundidos a respeito daqueles que n\u00e3o utilizam a internet para resolver essas quest\u00f5es, segundo os quais essas pessoas, em sua maioria, seriam iletradas ou possuiriam dificuldades em lidar com o meio eletr\u00f4nico devido \u00e0 idade avan\u00e7ada ou limita\u00e7\u00f5es de outras naturezas ou, ainda, n\u00e3o teriam acesso ao computador e \u00e0 internet. \u201cNeste Foro, a minha participa\u00e7\u00e3o \u00e9 demonstrar a import\u00e2ncia de uma comunica\u00e7\u00e3o cient\u00edfica para desmistificar mitos que s\u00e3o divulgados, popularmente e por meios de comunica\u00e7\u00e3o, leigos ou n\u00e3o, como verdade. No caso, de que todos n\u00f3s queremos utilizar a internet para acessar o servi\u00e7o p\u00fablico, quando, na verdade, por esses dados levantados e divulgados cientificamente, a maioria ainda prefere o contato presencial para resolver problemas de obriga\u00e7\u00e3o e direitos com o governo\u201d, afirma o pesquisador.<\/span><\/p>\n<p class=\"spip\" style=\"text-align: justify;\"><span style=\"font-family: Verdana, Arial, &quot;Helvetica&quot;, sans-serif;\">Ezequiel chama a aten\u00e7\u00e3o, portanto, para a \u201ceuforia\u201d ou \u201cespetaculariza\u00e7\u00e3o\u201d que h\u00e1 sobre a interatividade atrav\u00e9s da internet e, conclui com uma pergunta: \u201c\u00c9 poss\u00edvel substituir totalmente a intera\u00e7\u00e3o Estado-cidad\u00e3o presencial pela intera\u00e7\u00e3o mediada pelo computador, ou seja, pela internet?\u201d.<\/span><\/p>\n<p class=\"spip\" style=\"text-align: justify;\"><span style=\"font-family: Verdana, Arial, &quot;Helvetica&quot;, sans-serif;\">Para saber mais informa\u00e7\u00f5es sobre a pesquisa, acesse o site do <a class=\"spip_out\" href=\"http:\/\/www.cgi.br\/\">CGI.br <img loading=\"lazy\" decoding=\"async\" title=\"Link abrir\u00e1 em uma nova janela ou aba.\" src=\"http:\/\/www.inclusive.org.br\/images\/new_window.gif\" alt=\"Link abrir\u00e1 em uma nova janela ou aba.\" width=\"16\" height=\"14\" \/><\/a><\/span><\/p>\n<p><span style=\"font-size: x-small;\"><span class=\"style5\"> <\/span><\/span><\/p>\n<p>_________________________________<\/p>\n<p><\/span><\/span><\/div>\n<p><span style=\"font-size: x-small;\"><span class=\"style5\"><\/p>\n<p class=\"spip\"><span style=\"font-family: Verdana, Arial, &quot;Helvetica&quot;, sans-serif;\"><strong>Fonte de informa\u00e7\u00e3o:<\/strong> <a href=\"http:\/\/www.comciencia.br\/comciencia\/?section=3&amp;noticia=587\">Com Ci\u00eancia <img loading=\"lazy\" decoding=\"async\" title=\"Link abrir\u00e1 em uma nova janela ou aba.\" src=\"http:\/\/www.inclusive.org.br\/images\/new_window.gif\" alt=\"Link abrir\u00e1 em uma nova janela ou aba.\" width=\"16\" height=\"14\" \/><\/a><br \/>\nLicenciado pela CC 2.0<br \/>\n<\/span><\/p>\n<p><\/span><\/span><\/p>\n","protected":false},"excerpt":{"rendered":"<p>Por Luciana Palharini \u201cO desafio do Estado, no Brasil e no mundo, \u00e9 comunicar-se com o cidad\u00e3o\u201d. A frase \u00e9 de Vanderlei de Castro Ezequiel, pesquisador e bolsista do CNPq, que realiza seus estudos no grupo Comunica\u00e7\u00e3o e Sociedade do Espet\u00e1culo, na Faculdade C\u00e1sper L\u00edbero, de S\u00e3o Paulo, e foi dita durante apresenta\u00e7\u00e3o de seu [&hellip;]<\/p>\n","protected":false},"author":1,"featured_media":0,"comment_status":"open","ping_status":"open","sticky":false,"template":"","format":"standard","meta":{"site-container-style":"default","site-container-layout":"default","site-sidebar-layout":"default","disable-article-header":"default","disable-site-header":"default","disable-site-footer":"default","disable-content-area-spacing":"default","footnotes":""},"categories":[4],"tags":[],"class_list":["post-12750","post","type-post","status-publish","format-standard","hentry","category-noticias"],"yoast_head":"<!-- This site is optimized with the Yoast SEO plugin v27.4 - https:\/\/yoast.com\/product\/yoast-seo-wordpress\/ -->\n<title>Os brasileiros utilizam os servi\u00e7os eletr\u00f4nicos do Estado? -<\/title>\n<meta name=\"robots\" content=\"index, follow, max-snippet:-1, max-image-preview:large, max-video-preview:-1\" \/>\n<link rel=\"canonical\" href=\"https:\/\/inclusivenews.com.br\/?p=12750\" \/>\n<meta property=\"og:locale\" content=\"pt_PT\" \/>\n<meta property=\"og:type\" content=\"article\" \/>\n<meta property=\"og:title\" content=\"Os brasileiros utilizam os servi\u00e7os eletr\u00f4nicos do Estado? -\" \/>\n<meta property=\"og:description\" content=\"Por Luciana Palharini \u201cO desafio do Estado, no Brasil e no mundo, \u00e9 comunicar-se com o cidad\u00e3o\u201d. A frase \u00e9 de Vanderlei de Castro Ezequiel, pesquisador e bolsista do CNPq, que realiza seus estudos no grupo Comunica\u00e7\u00e3o e Sociedade do Espet\u00e1culo, na Faculdade C\u00e1sper L\u00edbero, de S\u00e3o Paulo, e foi dita durante apresenta\u00e7\u00e3o de seu [&hellip;]\" \/>\n<meta property=\"og:url\" content=\"https:\/\/inclusivenews.com.br\/?p=12750\" \/>\n<meta property=\"article:publisher\" content=\"https:\/\/www.facebook.com\/agenciainclusive\/\" \/>\n<meta property=\"article:published_time\" content=\"2009-11-27T08:49:49+00:00\" \/>\n<meta property=\"og:image\" content=\"http:\/\/www.inclusive.org.br\/images\/new_window.gif\" \/>\n<meta name=\"author\" content=\"inclusivenews2024\" \/>\n<meta name=\"twitter:card\" content=\"summary_large_image\" \/>\n<meta name=\"twitter:label1\" content=\"Escrito por\" \/>\n\t<meta name=\"twitter:data1\" content=\"inclusivenews2024\" \/>\n\t<meta name=\"twitter:label2\" content=\"Tempo estimado de leitura\" \/>\n\t<meta name=\"twitter:data2\" content=\"3 minutos\" \/>\n<script type=\"application\/ld+json\" class=\"yoast-schema-graph\">{\"@context\":\"https:\\\/\\\/schema.org\",\"@graph\":[{\"@type\":\"Article\",\"@id\":\"https:\\\/\\\/inclusivenews.com.br\\\/?p=12750#article\",\"isPartOf\":{\"@id\":\"https:\\\/\\\/inclusivenews.com.br\\\/?p=12750\"},\"author\":{\"name\":\"inclusivenews2024\",\"@id\":\"https:\\\/\\\/inclusivenews.com.br\\\/#\\\/schema\\\/person\\\/ae4ec7087559b8692fb33b6fffd2273b\"},\"headline\":\"Os brasileiros utilizam os servi\u00e7os eletr\u00f4nicos do Estado?\",\"datePublished\":\"2009-11-27T08:49:49+00:00\",\"mainEntityOfPage\":{\"@id\":\"https:\\\/\\\/inclusivenews.com.br\\\/?p=12750\"},\"wordCount\":569,\"commentCount\":0,\"publisher\":{\"@id\":\"https:\\\/\\\/inclusivenews.com.br\\\/#organization\"},\"image\":{\"@id\":\"https:\\\/\\\/inclusivenews.com.br\\\/?p=12750#primaryimage\"},\"thumbnailUrl\":\"http:\\\/\\\/www.inclusive.org.br\\\/images\\\/new_window.gif\",\"articleSection\":[\"NOT\u00cdCIAS\"],\"inLanguage\":\"pt-PT\",\"potentialAction\":[{\"@type\":\"CommentAction\",\"name\":\"Comment\",\"target\":[\"https:\\\/\\\/inclusivenews.com.br\\\/?p=12750#respond\"]}]},{\"@type\":\"WebPage\",\"@id\":\"https:\\\/\\\/inclusivenews.com.br\\\/?p=12750\",\"url\":\"https:\\\/\\\/inclusivenews.com.br\\\/?p=12750\",\"name\":\"Os brasileiros utilizam os servi\u00e7os eletr\u00f4nicos do Estado? -\",\"isPartOf\":{\"@id\":\"https:\\\/\\\/inclusivenews.com.br\\\/#website\"},\"primaryImageOfPage\":{\"@id\":\"https:\\\/\\\/inclusivenews.com.br\\\/?p=12750#primaryimage\"},\"image\":{\"@id\":\"https:\\\/\\\/inclusivenews.com.br\\\/?p=12750#primaryimage\"},\"thumbnailUrl\":\"http:\\\/\\\/www.inclusive.org.br\\\/images\\\/new_window.gif\",\"datePublished\":\"2009-11-27T08:49:49+00:00\",\"breadcrumb\":{\"@id\":\"https:\\\/\\\/inclusivenews.com.br\\\/?p=12750#breadcrumb\"},\"inLanguage\":\"pt-PT\",\"potentialAction\":[{\"@type\":\"ReadAction\",\"target\":[\"https:\\\/\\\/inclusivenews.com.br\\\/?p=12750\"]}]},{\"@type\":\"ImageObject\",\"inLanguage\":\"pt-PT\",\"@id\":\"https:\\\/\\\/inclusivenews.com.br\\\/?p=12750#primaryimage\",\"url\":\"http:\\\/\\\/www.inclusive.org.br\\\/images\\\/new_window.gif\",\"contentUrl\":\"http:\\\/\\\/www.inclusive.org.br\\\/images\\\/new_window.gif\"},{\"@type\":\"BreadcrumbList\",\"@id\":\"https:\\\/\\\/inclusivenews.com.br\\\/?p=12750#breadcrumb\",\"itemListElement\":[{\"@type\":\"ListItem\",\"position\":1,\"name\":\"In\u00edcio\",\"item\":\"https:\\\/\\\/inclusivenews.com.br\\\/\"},{\"@type\":\"ListItem\",\"position\":2,\"name\":\"Os brasileiros utilizam os servi\u00e7os eletr\u00f4nicos do Estado?\"}]},{\"@type\":\"WebSite\",\"@id\":\"https:\\\/\\\/inclusivenews.com.br\\\/#website\",\"url\":\"https:\\\/\\\/inclusivenews.com.br\\\/\",\"name\":\"Inclusive News\",\"description\":\"Inclusive News\",\"publisher\":{\"@id\":\"https:\\\/\\\/inclusivenews.com.br\\\/#organization\"},\"potentialAction\":[{\"@type\":\"SearchAction\",\"target\":{\"@type\":\"EntryPoint\",\"urlTemplate\":\"https:\\\/\\\/inclusivenews.com.br\\\/?s={search_term_string}\"},\"query-input\":{\"@type\":\"PropertyValueSpecification\",\"valueRequired\":true,\"valueName\":\"search_term_string\"}}],\"inLanguage\":\"pt-PT\"},{\"@type\":\"Organization\",\"@id\":\"https:\\\/\\\/inclusivenews.com.br\\\/#organization\",\"name\":\"Inclusive - inclus\u00e3o e cidadania\",\"url\":\"https:\\\/\\\/inclusivenews.com.br\\\/\",\"logo\":{\"@type\":\"ImageObject\",\"inLanguage\":\"pt-PT\",\"@id\":\"https:\\\/\\\/inclusivenews.com.br\\\/#\\\/schema\\\/logo\\\/image\\\/\",\"url\":\"https:\\\/\\\/inclusivenews.com.br\\\/wp-content\\\/uploads\\\/2024\\\/03\\\/@grandesite.png\",\"contentUrl\":\"https:\\\/\\\/inclusivenews.com.br\\\/wp-content\\\/uploads\\\/2024\\\/03\\\/@grandesite.png\",\"width\":1080,\"height\":1080,\"caption\":\"Inclusive - inclus\u00e3o e cidadania\"},\"image\":{\"@id\":\"https:\\\/\\\/inclusivenews.com.br\\\/#\\\/schema\\\/logo\\\/image\\\/\"},\"sameAs\":[\"https:\\\/\\\/www.facebook.com\\\/agenciainclusive\\\/\",\"https:\\\/\\\/www.instagram.com\\\/newsinclusive\\\/\"]},{\"@type\":\"Person\",\"@id\":\"https:\\\/\\\/inclusivenews.com.br\\\/#\\\/schema\\\/person\\\/ae4ec7087559b8692fb33b6fffd2273b\",\"name\":\"inclusivenews2024\",\"image\":{\"@type\":\"ImageObject\",\"inLanguage\":\"pt-PT\",\"@id\":\"https:\\\/\\\/secure.gravatar.com\\\/avatar\\\/c5a7ef84c66fa914f55bc4f7ce26cfa275a3b9a1c5568b907bd184fb4dde7b40?s=96&d=mm&r=g\",\"url\":\"https:\\\/\\\/secure.gravatar.com\\\/avatar\\\/c5a7ef84c66fa914f55bc4f7ce26cfa275a3b9a1c5568b907bd184fb4dde7b40?s=96&d=mm&r=g\",\"contentUrl\":\"https:\\\/\\\/secure.gravatar.com\\\/avatar\\\/c5a7ef84c66fa914f55bc4f7ce26cfa275a3b9a1c5568b907bd184fb4dde7b40?s=96&d=mm&r=g\",\"caption\":\"inclusivenews2024\"},\"sameAs\":[\"https:\\\/\\\/inclusivenews.com.br\"],\"url\":\"https:\\\/\\\/inclusivenews.com.br\\\/?author=1\"}]}<\/script>\n<!-- \/ Yoast SEO plugin. -->","yoast_head_json":{"title":"Os brasileiros utilizam os servi\u00e7os eletr\u00f4nicos do Estado? -","robots":{"index":"index","follow":"follow","max-snippet":"max-snippet:-1","max-image-preview":"max-image-preview:large","max-video-preview":"max-video-preview:-1"},"canonical":"https:\/\/inclusivenews.com.br\/?p=12750","og_locale":"pt_PT","og_type":"article","og_title":"Os brasileiros utilizam os servi\u00e7os eletr\u00f4nicos do Estado? -","og_description":"Por Luciana Palharini \u201cO desafio do Estado, no Brasil e no mundo, \u00e9 comunicar-se com o cidad\u00e3o\u201d. A frase \u00e9 de Vanderlei de Castro Ezequiel, pesquisador e bolsista do CNPq, que realiza seus estudos no grupo Comunica\u00e7\u00e3o e Sociedade do Espet\u00e1culo, na Faculdade C\u00e1sper L\u00edbero, de S\u00e3o Paulo, e foi dita durante apresenta\u00e7\u00e3o de seu [&hellip;]","og_url":"https:\/\/inclusivenews.com.br\/?p=12750","article_publisher":"https:\/\/www.facebook.com\/agenciainclusive\/","article_published_time":"2009-11-27T08:49:49+00:00","og_image":[{"url":"http:\/\/www.inclusive.org.br\/images\/new_window.gif","type":"","width":"","height":""}],"author":"inclusivenews2024","twitter_card":"summary_large_image","twitter_misc":{"Escrito por":"inclusivenews2024","Tempo estimado de leitura":"3 minutos"},"schema":{"@context":"https:\/\/schema.org","@graph":[{"@type":"Article","@id":"https:\/\/inclusivenews.com.br\/?p=12750#article","isPartOf":{"@id":"https:\/\/inclusivenews.com.br\/?p=12750"},"author":{"name":"inclusivenews2024","@id":"https:\/\/inclusivenews.com.br\/#\/schema\/person\/ae4ec7087559b8692fb33b6fffd2273b"},"headline":"Os brasileiros utilizam os servi\u00e7os eletr\u00f4nicos do Estado?","datePublished":"2009-11-27T08:49:49+00:00","mainEntityOfPage":{"@id":"https:\/\/inclusivenews.com.br\/?p=12750"},"wordCount":569,"commentCount":0,"publisher":{"@id":"https:\/\/inclusivenews.com.br\/#organization"},"image":{"@id":"https:\/\/inclusivenews.com.br\/?p=12750#primaryimage"},"thumbnailUrl":"http:\/\/www.inclusive.org.br\/images\/new_window.gif","articleSection":["NOT\u00cdCIAS"],"inLanguage":"pt-PT","potentialAction":[{"@type":"CommentAction","name":"Comment","target":["https:\/\/inclusivenews.com.br\/?p=12750#respond"]}]},{"@type":"WebPage","@id":"https:\/\/inclusivenews.com.br\/?p=12750","url":"https:\/\/inclusivenews.com.br\/?p=12750","name":"Os brasileiros utilizam os servi\u00e7os eletr\u00f4nicos do Estado? -","isPartOf":{"@id":"https:\/\/inclusivenews.com.br\/#website"},"primaryImageOfPage":{"@id":"https:\/\/inclusivenews.com.br\/?p=12750#primaryimage"},"image":{"@id":"https:\/\/inclusivenews.com.br\/?p=12750#primaryimage"},"thumbnailUrl":"http:\/\/www.inclusive.org.br\/images\/new_window.gif","datePublished":"2009-11-27T08:49:49+00:00","breadcrumb":{"@id":"https:\/\/inclusivenews.com.br\/?p=12750#breadcrumb"},"inLanguage":"pt-PT","potentialAction":[{"@type":"ReadAction","target":["https:\/\/inclusivenews.com.br\/?p=12750"]}]},{"@type":"ImageObject","inLanguage":"pt-PT","@id":"https:\/\/inclusivenews.com.br\/?p=12750#primaryimage","url":"http:\/\/www.inclusive.org.br\/images\/new_window.gif","contentUrl":"http:\/\/www.inclusive.org.br\/images\/new_window.gif"},{"@type":"BreadcrumbList","@id":"https:\/\/inclusivenews.com.br\/?p=12750#breadcrumb","itemListElement":[{"@type":"ListItem","position":1,"name":"In\u00edcio","item":"https:\/\/inclusivenews.com.br\/"},{"@type":"ListItem","position":2,"name":"Os brasileiros utilizam os servi\u00e7os eletr\u00f4nicos do Estado?"}]},{"@type":"WebSite","@id":"https:\/\/inclusivenews.com.br\/#website","url":"https:\/\/inclusivenews.com.br\/","name":"Inclusive News","description":"Inclusive News","publisher":{"@id":"https:\/\/inclusivenews.com.br\/#organization"},"potentialAction":[{"@type":"SearchAction","target":{"@type":"EntryPoint","urlTemplate":"https:\/\/inclusivenews.com.br\/?s={search_term_string}"},"query-input":{"@type":"PropertyValueSpecification","valueRequired":true,"valueName":"search_term_string"}}],"inLanguage":"pt-PT"},{"@type":"Organization","@id":"https:\/\/inclusivenews.com.br\/#organization","name":"Inclusive - inclus\u00e3o e cidadania","url":"https:\/\/inclusivenews.com.br\/","logo":{"@type":"ImageObject","inLanguage":"pt-PT","@id":"https:\/\/inclusivenews.com.br\/#\/schema\/logo\/image\/","url":"https:\/\/inclusivenews.com.br\/wp-content\/uploads\/2024\/03\/@grandesite.png","contentUrl":"https:\/\/inclusivenews.com.br\/wp-content\/uploads\/2024\/03\/@grandesite.png","width":1080,"height":1080,"caption":"Inclusive - inclus\u00e3o e cidadania"},"image":{"@id":"https:\/\/inclusivenews.com.br\/#\/schema\/logo\/image\/"},"sameAs":["https:\/\/www.facebook.com\/agenciainclusive\/","https:\/\/www.instagram.com\/newsinclusive\/"]},{"@type":"Person","@id":"https:\/\/inclusivenews.com.br\/#\/schema\/person\/ae4ec7087559b8692fb33b6fffd2273b","name":"inclusivenews2024","image":{"@type":"ImageObject","inLanguage":"pt-PT","@id":"https:\/\/secure.gravatar.com\/avatar\/c5a7ef84c66fa914f55bc4f7ce26cfa275a3b9a1c5568b907bd184fb4dde7b40?s=96&d=mm&r=g","url":"https:\/\/secure.gravatar.com\/avatar\/c5a7ef84c66fa914f55bc4f7ce26cfa275a3b9a1c5568b907bd184fb4dde7b40?s=96&d=mm&r=g","contentUrl":"https:\/\/secure.gravatar.com\/avatar\/c5a7ef84c66fa914f55bc4f7ce26cfa275a3b9a1c5568b907bd184fb4dde7b40?s=96&d=mm&r=g","caption":"inclusivenews2024"},"sameAs":["https:\/\/inclusivenews.com.br"],"url":"https:\/\/inclusivenews.com.br\/?author=1"}]}},"_links":{"self":[{"href":"https:\/\/inclusivenews.com.br\/index.php?rest_route=\/wp\/v2\/posts\/12750","targetHints":{"allow":["GET"]}}],"collection":[{"href":"https:\/\/inclusivenews.com.br\/index.php?rest_route=\/wp\/v2\/posts"}],"about":[{"href":"https:\/\/inclusivenews.com.br\/index.php?rest_route=\/wp\/v2\/types\/post"}],"author":[{"embeddable":true,"href":"https:\/\/inclusivenews.com.br\/index.php?rest_route=\/wp\/v2\/users\/1"}],"replies":[{"embeddable":true,"href":"https:\/\/inclusivenews.com.br\/index.php?rest_route=%2Fwp%2Fv2%2Fcomments&post=12750"}],"version-history":[{"count":0,"href":"https:\/\/inclusivenews.com.br\/index.php?rest_route=\/wp\/v2\/posts\/12750\/revisions"}],"wp:attachment":[{"href":"https:\/\/inclusivenews.com.br\/index.php?rest_route=%2Fwp%2Fv2%2Fmedia&parent=12750"}],"wp:term":[{"taxonomy":"category","embeddable":true,"href":"https:\/\/inclusivenews.com.br\/index.php?rest_route=%2Fwp%2Fv2%2Fcategories&post=12750"},{"taxonomy":"post_tag","embeddable":true,"href":"https:\/\/inclusivenews.com.br\/index.php?rest_route=%2Fwp%2Fv2%2Ftags&post=12750"}],"curies":[{"name":"wp","href":"https:\/\/api.w.org\/{rel}","templated":true}]}}