{"id":12830,"date":"2009-12-01T07:04:30","date_gmt":"2009-12-01T10:04:30","guid":{"rendered":"http:\/\/www.inclusive.org.br\/?p=12830"},"modified":"2009-12-01T07:04:30","modified_gmt":"2009-12-01T10:04:30","slug":"publicacao-avalia-cobertura-da-midia-sobre-orcamento-crianca-e-adolescente","status":"publish","type":"post","link":"https:\/\/inclusivenews.com.br\/?p=12830","title":{"rendered":"Publica\u00e7\u00e3o avalia cobertura da m\u00eddia sobre Or\u00e7amento Crian\u00e7a e Adolescente"},"content":{"rendered":"<p style=\"text-align: justify;\"><a href=\"http:\/\/www.inclusivenews.com.br\/wp-content\/uploads\/2009\/12\/capa_oca_2008.gif\"><img loading=\"lazy\" decoding=\"async\" class=\"alignleft size-full wp-image-12832\" title=\"Capa OCA\" src=\"http:\/\/inclusivenews.com.br\/wp-content\/uploads\/2009\/12\/capa_oca_2008.gif\" alt=\"Capa OCA\" width=\"90\" height=\"127\" \/><\/a>A Ag\u00eancia de Not\u00edcias dos Direitos da Inf\u00e2ncia (ANDI), em parceria com o Fundo das Na\u00e7\u00f5es Unidas para a Inf\u00e2ncia (Unicef), lan\u00e7a o estudo \u201cO Or\u00e7amento da Crian\u00e7a na Agenda da M\u00eddia 2008\u201d, resultado da an\u00e1lise da cobertura oferecida por 54 jornais sobre o Or\u00e7amento Crian\u00e7a e Adolescente (OCA) nos anos de 2003, 2007 e 2008.<\/p>\n<p style=\"text-align: justify;\">A publica\u00e7\u00e3o revela que, de modo geral, assuntos relacionados ao OCA s\u00e3o pouco abordados, sobretudo em ve\u00edculos de repercuss\u00e3o nacional. Em 2008, o n\u00famero de textos que focalizaram o tema representa apenas 3% de todo o conjunto de mat\u00e9rias publicadas sobre inf\u00e2ncia e adolesc\u00eancia. A cobertura se at\u00e9m basicamente ao or\u00e7amento da Uni\u00e3o e a programas do governo federal, relegando a um plano secund\u00e1rio os estados e munic\u00edpios.<\/p>\n<p style=\"text-align: justify;\">Apesar de a an\u00e1lise ter identificado avan\u00e7os qualitativos nas reportagens publicadas, o quadro ainda \u00e9 preocupante. Grande parte dos jornalistas brasileiros parece n\u00e3o perceber a import\u00e2ncia da m\u00eddia no fortalecimento do debate social e de propor determinados enfoques e abordagens relacionadas a assuntos de interesse p\u00fablico.<\/p>\n<p style=\"text-align: justify;\">O estudo destaca ainda que falar sobre or\u00e7amento n\u00e3o se resume a reproduzir dados e previs\u00f5es, pois, para al\u00e9m do universo dos n\u00fameros, \u00e9 por ele que os recursos financeiros se transformam em prop\u00f3sitos humanos, modificando a realidade de crian\u00e7as e adolescentes. Da\u00ed a import\u00e2ncia de os jornalistas passarem a utiliz\u00e1-lo como um instrumento capaz de qualificar e aprofundar a abordagem das quest\u00f5es sociais relativas \u00e0 inf\u00e2ncia.<\/p>\n<p style=\"text-align: justify;\">SERVI\u00c7O:<\/p>\n<p style=\"text-align: justify;\">Para acessar a publica\u00e7\u00e3o na \u00edntegra, clique no endere\u00e7o abaixo:<\/p>\n<p style=\"text-align: justify;\"><a href=\"http:\/\/www.andi.org.br\/_pdfs\/analise_oca_2008.pdf\">http:\/\/www.andi.org.br\/_pdfs\/analise_oca_2008.pdf<\/a><\/p>\n<p>____________________________<\/p>\n<p><strong>Fonte de informa\u00e7\u00e3o:<\/strong> <a onclick=\"pageTracker._trackPageview('\/outbound\/article\/www.clickpb.com.br');\" href=\"http:\/\/www.andi.org.br\/pautas\/?a=24129&amp;z=18\" target=\"_blank\" rel=\"noopener\">ANDI<img loading=\"lazy\" decoding=\"async\" title=\"Link abrir\u00e1 em uma nova janela ou aba.\" src=\"http:\/\/www.inclusive.org.br\/images\/new_window.gif\" alt=\"Link abrir\u00e1 em uma nova janela ou aba.\" width=\"16\" height=\"14\" \/><\/a><\/p>\n","protected":false},"excerpt":{"rendered":"<p>A publica\u00e7\u00e3o revela que, de modo geral, assuntos relacionados ao OCA s\u00e3o pouco abordados, sobretudo em ve\u00edculos de repercuss\u00e3o nacional.<\/p>\n","protected":false},"author":1,"featured_media":0,"comment_status":"open","ping_status":"open","sticky":false,"template":"","format":"standard","meta":{"site-container-style":"default","site-container-layout":"default","site-sidebar-layout":"default","disable-article-header":"default","disable-site-header":"default","disable-site-footer":"default","disable-content-area-spacing":"default","footnotes":""},"categories":[50,4,10],"tags":[],"class_list":["post-12830","post","type-post","status-publish","format-standard","hentry","category-lancamentos","category-noticias","category-publicacoes"],"yoast_head":"<!-- This site is optimized with the Yoast SEO plugin v27.4 - https:\/\/yoast.com\/product\/yoast-seo-wordpress\/ -->\n<title>Publica\u00e7\u00e3o avalia cobertura da m\u00eddia sobre Or\u00e7amento Crian\u00e7a e Adolescente -<\/title>\n<meta name=\"robots\" content=\"index, follow, max-snippet:-1, max-image-preview:large, max-video-preview:-1\" \/>\n<link rel=\"canonical\" href=\"https:\/\/inclusivenews.com.br\/?p=12830\" \/>\n<meta property=\"og:locale\" content=\"pt_PT\" \/>\n<meta property=\"og:type\" content=\"article\" \/>\n<meta property=\"og:title\" content=\"Publica\u00e7\u00e3o avalia cobertura da m\u00eddia sobre Or\u00e7amento Crian\u00e7a e Adolescente -\" \/>\n<meta property=\"og:description\" content=\"A publica\u00e7\u00e3o revela que, de modo geral, assuntos relacionados ao OCA s\u00e3o pouco abordados, sobretudo em ve\u00edculos de repercuss\u00e3o nacional.\" \/>\n<meta property=\"og:url\" content=\"https:\/\/inclusivenews.com.br\/?p=12830\" \/>\n<meta property=\"article:publisher\" content=\"https:\/\/www.facebook.com\/agenciainclusive\/\" \/>\n<meta property=\"article:published_time\" content=\"2009-12-01T10:04:30+00:00\" \/>\n<meta property=\"og:image\" content=\"http:\/\/inclusivenews.com.br\/wp-content\/uploads\/2009\/12\/capa_oca_2008.gif\" \/>\n<meta name=\"author\" content=\"inclusivenews2024\" \/>\n<meta name=\"twitter:card\" content=\"summary_large_image\" \/>\n<meta name=\"twitter:label1\" content=\"Escrito por\" \/>\n\t<meta name=\"twitter:data1\" content=\"inclusivenews2024\" \/>\n\t<meta name=\"twitter:label2\" content=\"Tempo estimado de leitura\" \/>\n\t<meta name=\"twitter:data2\" content=\"1 minuto\" \/>\n<script type=\"application\/ld+json\" class=\"yoast-schema-graph\">{\"@context\":\"https:\\\/\\\/schema.org\",\"@graph\":[{\"@type\":\"Article\",\"@id\":\"https:\\\/\\\/inclusivenews.com.br\\\/?p=12830#article\",\"isPartOf\":{\"@id\":\"https:\\\/\\\/inclusivenews.com.br\\\/?p=12830\"},\"author\":{\"name\":\"inclusivenews2024\",\"@id\":\"https:\\\/\\\/inclusivenews.com.br\\\/#\\\/schema\\\/person\\\/ae4ec7087559b8692fb33b6fffd2273b\"},\"headline\":\"Publica\u00e7\u00e3o avalia cobertura da m\u00eddia sobre Or\u00e7amento Crian\u00e7a e Adolescente\",\"datePublished\":\"2009-12-01T10:04:30+00:00\",\"mainEntityOfPage\":{\"@id\":\"https:\\\/\\\/inclusivenews.com.br\\\/?p=12830\"},\"wordCount\":311,\"commentCount\":0,\"publisher\":{\"@id\":\"https:\\\/\\\/inclusivenews.com.br\\\/#organization\"},\"image\":{\"@id\":\"https:\\\/\\\/inclusivenews.com.br\\\/?p=12830#primaryimage\"},\"thumbnailUrl\":\"http:\\\/\\\/inclusivenews.com.br\\\/wp-content\\\/uploads\\\/2009\\\/12\\\/capa_oca_2008.gif\",\"articleSection\":[\"Lan\u00e7amentos\",\"NOT\u00cdCIAS\",\"PUBLICA\u00c7\u00d5ES\"],\"inLanguage\":\"pt-PT\",\"potentialAction\":[{\"@type\":\"CommentAction\",\"name\":\"Comment\",\"target\":[\"https:\\\/\\\/inclusivenews.com.br\\\/?p=12830#respond\"]}]},{\"@type\":\"WebPage\",\"@id\":\"https:\\\/\\\/inclusivenews.com.br\\\/?p=12830\",\"url\":\"https:\\\/\\\/inclusivenews.com.br\\\/?p=12830\",\"name\":\"Publica\u00e7\u00e3o avalia cobertura da m\u00eddia sobre Or\u00e7amento Crian\u00e7a e Adolescente -\",\"isPartOf\":{\"@id\":\"https:\\\/\\\/inclusivenews.com.br\\\/#website\"},\"primaryImageOfPage\":{\"@id\":\"https:\\\/\\\/inclusivenews.com.br\\\/?p=12830#primaryimage\"},\"image\":{\"@id\":\"https:\\\/\\\/inclusivenews.com.br\\\/?p=12830#primaryimage\"},\"thumbnailUrl\":\"http:\\\/\\\/inclusivenews.com.br\\\/wp-content\\\/uploads\\\/2009\\\/12\\\/capa_oca_2008.gif\",\"datePublished\":\"2009-12-01T10:04:30+00:00\",\"breadcrumb\":{\"@id\":\"https:\\\/\\\/inclusivenews.com.br\\\/?p=12830#breadcrumb\"},\"inLanguage\":\"pt-PT\",\"potentialAction\":[{\"@type\":\"ReadAction\",\"target\":[\"https:\\\/\\\/inclusivenews.com.br\\\/?p=12830\"]}]},{\"@type\":\"ImageObject\",\"inLanguage\":\"pt-PT\",\"@id\":\"https:\\\/\\\/inclusivenews.com.br\\\/?p=12830#primaryimage\",\"url\":\"\",\"contentUrl\":\"\"},{\"@type\":\"BreadcrumbList\",\"@id\":\"https:\\\/\\\/inclusivenews.com.br\\\/?p=12830#breadcrumb\",\"itemListElement\":[{\"@type\":\"ListItem\",\"position\":1,\"name\":\"In\u00edcio\",\"item\":\"https:\\\/\\\/inclusivenews.com.br\\\/\"},{\"@type\":\"ListItem\",\"position\":2,\"name\":\"Publica\u00e7\u00e3o avalia cobertura da m\u00eddia sobre Or\u00e7amento Crian\u00e7a e Adolescente\"}]},{\"@type\":\"WebSite\",\"@id\":\"https:\\\/\\\/inclusivenews.com.br\\\/#website\",\"url\":\"https:\\\/\\\/inclusivenews.com.br\\\/\",\"name\":\"Inclusive News\",\"description\":\"Inclusive News\",\"publisher\":{\"@id\":\"https:\\\/\\\/inclusivenews.com.br\\\/#organization\"},\"potentialAction\":[{\"@type\":\"SearchAction\",\"target\":{\"@type\":\"EntryPoint\",\"urlTemplate\":\"https:\\\/\\\/inclusivenews.com.br\\\/?s={search_term_string}\"},\"query-input\":{\"@type\":\"PropertyValueSpecification\",\"valueRequired\":true,\"valueName\":\"search_term_string\"}}],\"inLanguage\":\"pt-PT\"},{\"@type\":\"Organization\",\"@id\":\"https:\\\/\\\/inclusivenews.com.br\\\/#organization\",\"name\":\"Inclusive - inclus\u00e3o e cidadania\",\"url\":\"https:\\\/\\\/inclusivenews.com.br\\\/\",\"logo\":{\"@type\":\"ImageObject\",\"inLanguage\":\"pt-PT\",\"@id\":\"https:\\\/\\\/inclusivenews.com.br\\\/#\\\/schema\\\/logo\\\/image\\\/\",\"url\":\"https:\\\/\\\/inclusivenews.com.br\\\/wp-content\\\/uploads\\\/2024\\\/03\\\/@grandesite.png\",\"contentUrl\":\"https:\\\/\\\/inclusivenews.com.br\\\/wp-content\\\/uploads\\\/2024\\\/03\\\/@grandesite.png\",\"width\":1080,\"height\":1080,\"caption\":\"Inclusive - inclus\u00e3o e cidadania\"},\"image\":{\"@id\":\"https:\\\/\\\/inclusivenews.com.br\\\/#\\\/schema\\\/logo\\\/image\\\/\"},\"sameAs\":[\"https:\\\/\\\/www.facebook.com\\\/agenciainclusive\\\/\",\"https:\\\/\\\/www.instagram.com\\\/newsinclusive\\\/\"]},{\"@type\":\"Person\",\"@id\":\"https:\\\/\\\/inclusivenews.com.br\\\/#\\\/schema\\\/person\\\/ae4ec7087559b8692fb33b6fffd2273b\",\"name\":\"inclusivenews2024\",\"image\":{\"@type\":\"ImageObject\",\"inLanguage\":\"pt-PT\",\"@id\":\"https:\\\/\\\/secure.gravatar.com\\\/avatar\\\/c5a7ef84c66fa914f55bc4f7ce26cfa275a3b9a1c5568b907bd184fb4dde7b40?s=96&d=mm&r=g\",\"url\":\"https:\\\/\\\/secure.gravatar.com\\\/avatar\\\/c5a7ef84c66fa914f55bc4f7ce26cfa275a3b9a1c5568b907bd184fb4dde7b40?s=96&d=mm&r=g\",\"contentUrl\":\"https:\\\/\\\/secure.gravatar.com\\\/avatar\\\/c5a7ef84c66fa914f55bc4f7ce26cfa275a3b9a1c5568b907bd184fb4dde7b40?s=96&d=mm&r=g\",\"caption\":\"inclusivenews2024\"},\"sameAs\":[\"https:\\\/\\\/inclusivenews.com.br\"],\"url\":\"https:\\\/\\\/inclusivenews.com.br\\\/?author=1\"}]}<\/script>\n<!-- \/ Yoast SEO plugin. -->","yoast_head_json":{"title":"Publica\u00e7\u00e3o avalia cobertura da m\u00eddia sobre Or\u00e7amento Crian\u00e7a e Adolescente -","robots":{"index":"index","follow":"follow","max-snippet":"max-snippet:-1","max-image-preview":"max-image-preview:large","max-video-preview":"max-video-preview:-1"},"canonical":"https:\/\/inclusivenews.com.br\/?p=12830","og_locale":"pt_PT","og_type":"article","og_title":"Publica\u00e7\u00e3o avalia cobertura da m\u00eddia sobre Or\u00e7amento Crian\u00e7a e Adolescente -","og_description":"A publica\u00e7\u00e3o revela que, de modo geral, assuntos relacionados ao OCA s\u00e3o pouco abordados, sobretudo em ve\u00edculos de repercuss\u00e3o nacional.","og_url":"https:\/\/inclusivenews.com.br\/?p=12830","article_publisher":"https:\/\/www.facebook.com\/agenciainclusive\/","article_published_time":"2009-12-01T10:04:30+00:00","og_image":[{"url":"http:\/\/inclusivenews.com.br\/wp-content\/uploads\/2009\/12\/capa_oca_2008.gif","type":"","width":"","height":""}],"author":"inclusivenews2024","twitter_card":"summary_large_image","twitter_misc":{"Escrito por":"inclusivenews2024","Tempo estimado de leitura":"1 minuto"},"schema":{"@context":"https:\/\/schema.org","@graph":[{"@type":"Article","@id":"https:\/\/inclusivenews.com.br\/?p=12830#article","isPartOf":{"@id":"https:\/\/inclusivenews.com.br\/?p=12830"},"author":{"name":"inclusivenews2024","@id":"https:\/\/inclusivenews.com.br\/#\/schema\/person\/ae4ec7087559b8692fb33b6fffd2273b"},"headline":"Publica\u00e7\u00e3o avalia cobertura da m\u00eddia sobre Or\u00e7amento Crian\u00e7a e Adolescente","datePublished":"2009-12-01T10:04:30+00:00","mainEntityOfPage":{"@id":"https:\/\/inclusivenews.com.br\/?p=12830"},"wordCount":311,"commentCount":0,"publisher":{"@id":"https:\/\/inclusivenews.com.br\/#organization"},"image":{"@id":"https:\/\/inclusivenews.com.br\/?p=12830#primaryimage"},"thumbnailUrl":"http:\/\/inclusivenews.com.br\/wp-content\/uploads\/2009\/12\/capa_oca_2008.gif","articleSection":["Lan\u00e7amentos","NOT\u00cdCIAS","PUBLICA\u00c7\u00d5ES"],"inLanguage":"pt-PT","potentialAction":[{"@type":"CommentAction","name":"Comment","target":["https:\/\/inclusivenews.com.br\/?p=12830#respond"]}]},{"@type":"WebPage","@id":"https:\/\/inclusivenews.com.br\/?p=12830","url":"https:\/\/inclusivenews.com.br\/?p=12830","name":"Publica\u00e7\u00e3o avalia cobertura da m\u00eddia sobre Or\u00e7amento Crian\u00e7a e Adolescente -","isPartOf":{"@id":"https:\/\/inclusivenews.com.br\/#website"},"primaryImageOfPage":{"@id":"https:\/\/inclusivenews.com.br\/?p=12830#primaryimage"},"image":{"@id":"https:\/\/inclusivenews.com.br\/?p=12830#primaryimage"},"thumbnailUrl":"http:\/\/inclusivenews.com.br\/wp-content\/uploads\/2009\/12\/capa_oca_2008.gif","datePublished":"2009-12-01T10:04:30+00:00","breadcrumb":{"@id":"https:\/\/inclusivenews.com.br\/?p=12830#breadcrumb"},"inLanguage":"pt-PT","potentialAction":[{"@type":"ReadAction","target":["https:\/\/inclusivenews.com.br\/?p=12830"]}]},{"@type":"ImageObject","inLanguage":"pt-PT","@id":"https:\/\/inclusivenews.com.br\/?p=12830#primaryimage","url":"","contentUrl":""},{"@type":"BreadcrumbList","@id":"https:\/\/inclusivenews.com.br\/?p=12830#breadcrumb","itemListElement":[{"@type":"ListItem","position":1,"name":"In\u00edcio","item":"https:\/\/inclusivenews.com.br\/"},{"@type":"ListItem","position":2,"name":"Publica\u00e7\u00e3o avalia cobertura da m\u00eddia sobre Or\u00e7amento Crian\u00e7a e Adolescente"}]},{"@type":"WebSite","@id":"https:\/\/inclusivenews.com.br\/#website","url":"https:\/\/inclusivenews.com.br\/","name":"Inclusive News","description":"Inclusive News","publisher":{"@id":"https:\/\/inclusivenews.com.br\/#organization"},"potentialAction":[{"@type":"SearchAction","target":{"@type":"EntryPoint","urlTemplate":"https:\/\/inclusivenews.com.br\/?s={search_term_string}"},"query-input":{"@type":"PropertyValueSpecification","valueRequired":true,"valueName":"search_term_string"}}],"inLanguage":"pt-PT"},{"@type":"Organization","@id":"https:\/\/inclusivenews.com.br\/#organization","name":"Inclusive - inclus\u00e3o e cidadania","url":"https:\/\/inclusivenews.com.br\/","logo":{"@type":"ImageObject","inLanguage":"pt-PT","@id":"https:\/\/inclusivenews.com.br\/#\/schema\/logo\/image\/","url":"https:\/\/inclusivenews.com.br\/wp-content\/uploads\/2024\/03\/@grandesite.png","contentUrl":"https:\/\/inclusivenews.com.br\/wp-content\/uploads\/2024\/03\/@grandesite.png","width":1080,"height":1080,"caption":"Inclusive - inclus\u00e3o e cidadania"},"image":{"@id":"https:\/\/inclusivenews.com.br\/#\/schema\/logo\/image\/"},"sameAs":["https:\/\/www.facebook.com\/agenciainclusive\/","https:\/\/www.instagram.com\/newsinclusive\/"]},{"@type":"Person","@id":"https:\/\/inclusivenews.com.br\/#\/schema\/person\/ae4ec7087559b8692fb33b6fffd2273b","name":"inclusivenews2024","image":{"@type":"ImageObject","inLanguage":"pt-PT","@id":"https:\/\/secure.gravatar.com\/avatar\/c5a7ef84c66fa914f55bc4f7ce26cfa275a3b9a1c5568b907bd184fb4dde7b40?s=96&d=mm&r=g","url":"https:\/\/secure.gravatar.com\/avatar\/c5a7ef84c66fa914f55bc4f7ce26cfa275a3b9a1c5568b907bd184fb4dde7b40?s=96&d=mm&r=g","contentUrl":"https:\/\/secure.gravatar.com\/avatar\/c5a7ef84c66fa914f55bc4f7ce26cfa275a3b9a1c5568b907bd184fb4dde7b40?s=96&d=mm&r=g","caption":"inclusivenews2024"},"sameAs":["https:\/\/inclusivenews.com.br"],"url":"https:\/\/inclusivenews.com.br\/?author=1"}]}},"_links":{"self":[{"href":"https:\/\/inclusivenews.com.br\/index.php?rest_route=\/wp\/v2\/posts\/12830","targetHints":{"allow":["GET"]}}],"collection":[{"href":"https:\/\/inclusivenews.com.br\/index.php?rest_route=\/wp\/v2\/posts"}],"about":[{"href":"https:\/\/inclusivenews.com.br\/index.php?rest_route=\/wp\/v2\/types\/post"}],"author":[{"embeddable":true,"href":"https:\/\/inclusivenews.com.br\/index.php?rest_route=\/wp\/v2\/users\/1"}],"replies":[{"embeddable":true,"href":"https:\/\/inclusivenews.com.br\/index.php?rest_route=%2Fwp%2Fv2%2Fcomments&post=12830"}],"version-history":[{"count":0,"href":"https:\/\/inclusivenews.com.br\/index.php?rest_route=\/wp\/v2\/posts\/12830\/revisions"}],"wp:attachment":[{"href":"https:\/\/inclusivenews.com.br\/index.php?rest_route=%2Fwp%2Fv2%2Fmedia&parent=12830"}],"wp:term":[{"taxonomy":"category","embeddable":true,"href":"https:\/\/inclusivenews.com.br\/index.php?rest_route=%2Fwp%2Fv2%2Fcategories&post=12830"},{"taxonomy":"post_tag","embeddable":true,"href":"https:\/\/inclusivenews.com.br\/index.php?rest_route=%2Fwp%2Fv2%2Ftags&post=12830"}],"curies":[{"name":"wp","href":"https:\/\/api.w.org\/{rel}","templated":true}]}}