{"id":12834,"date":"2009-12-02T07:15:44","date_gmt":"2009-12-02T10:15:44","guid":{"rendered":"http:\/\/www.inclusive.org.br\/?p=12834"},"modified":"2009-12-02T07:15:44","modified_gmt":"2009-12-02T10:15:44","slug":"ugt-defende-inclusao-e-quer-criar-secretarias-de-diversidade","status":"publish","type":"post","link":"https:\/\/inclusivenews.com.br\/?p=12834","title":{"rendered":"UGT defende inclus\u00e3o e quer criar Secretarias de Diversidade"},"content":{"rendered":"<figure id=\"attachment_12591\" aria-describedby=\"caption-attachment-12591\" style=\"width: 190px\" class=\"wp-caption alignleft\"><a href=\"http:\/\/www.inclusivenews.com.br\/wp-content\/uploads\/2009\/11\/afropress21.jpg\"><img loading=\"lazy\" decoding=\"async\" class=\"size-full wp-image-12591\" title=\"Afropress: ag\u00eancia de informa\u00e7\u00e3o multi\u00e9tnica.\" src=\"http:\/\/inclusivenews.com.br\/wp-content\/uploads\/2009\/11\/afropress21.jpg\" alt=\"Afropress: ag\u00eancia de informa\u00e7\u00e3o multi\u00e9tnica.\" width=\"190\" height=\"190\" srcset=\"https:\/\/inclusivenews.com.br\/wp-content\/uploads\/2009\/11\/afropress21.jpg 190w, https:\/\/inclusivenews.com.br\/wp-content\/uploads\/2009\/11\/afropress21-150x150.jpg 150w\" sizes=\"auto, (max-width: 190px) 100vw, 190px\" \/><\/a><figcaption id=\"caption-attachment-12591\" class=\"wp-caption-text\"> <\/figcaption><\/figure>\n<div style=\"text-align: justify;\"><strong>Salvador<\/strong> &#8211; A Uni\u00e3o Geral dos Trabalhadores (UGT), a terceira maior central sindical do pa\u00eds, dever\u00e1 criar diretorias de Diversidade Humana no \u00e2mbito de todos os Sindicatos, Federa\u00e7\u00f5es e Confedera\u00e7\u00f5es, a exemplo do que j\u00e1 acontece no \u00e2mbito da executiva nacional. A orienta\u00e7\u00e3o foi uma das decis\u00f5es do Semin\u00e1rio promovido pela Central \u201cA\u00e7\u00f5es Afirmativas e Mercado de Trabalho\u201d, para marcar o 20 de Novembro deste ano e que reuniu, no Rio, durante tr\u00eas dias cerca de 200 sindicalistas de todo o pa\u00eds.\u201cDe um modo geral foi um \u00f3timo encontro n\u00e3o s\u00f3 pelo p\u00fablico participante como tamb\u00e9m pelo conte\u00fado do que foi debatido nesses tr\u00eas dias\u201c, afirma o secret\u00e1rio nacional da Secretaria para Assuntos da Diversidade Humana da UGT, Magno Lavigne (foto). A UGT tem na sua base cerca de 700 sindicatos em todos os 26 Estados da Federa\u00e7\u00e3o e no Distrito Federal.<\/p>\n<p>Al\u00e9m da cria\u00e7\u00e3o das Secretarias, medida que dever\u00e1 ser adotada tamb\u00e9m no \u00e2mbito das Executivas Estaduais da Central, constam no documento aprovado, a defesa do Estatuto da Igualdade, \u201co pleno exerc\u00edcio das religiosidades e cultos, principalmente as de matriz africana\u201d, a defesa da profissionaliza\u00e7\u00e3o da Capoeira, e a maior presen\u00e7a de negros e ind\u00edgenas nos meios de comunica\u00e7\u00e3o\u201d, entre outras a\u00e7\u00f5es.<\/p>\n<p>A UGT, segundo o documento, tamb\u00e9m dever\u00e1 realizar, a partir de 2010, semin\u00e1rios estaduais, \u201cvisando aperfei\u00e7oar a pol\u00edtica da central para a \u00e1rea\u201c e promover\u00e1 todos os anos Semin\u00e1rio Nacional em rod\u00edzio de Estados para sediar, tendo como data base o 20 de novembro. A Central \u00e9 presidida pelo sindicalista Ricardo Patah, que tamb\u00e9m preside o Sindicato dos Comerci\u00e1rios de S. Paulo &#8211; entidade com cerca de 450 mil trabalhadores na base &#8211; e que se tornou pioneira na negocia\u00e7\u00e3o de acordos coletivos com cotas para negros.<\/p>\n<p><strong>Defesa da inclus\u00e3o<\/strong><\/p>\n<p>Lavigne destacou que o Semin\u00e1rio Nacional foi um marco porque \u201capontou um conjunto de diretrizes b\u00e1sicas que precisam ser amplamente debatidas pelos Sindicatos filiados \u00e0 Central no sentido de ser aplicada uma pol\u00edtica democr\u00e1tica quanto \u00e0 diversidade humana\u201d.<\/p>\n<p>\u201cA discrimina\u00e7\u00e3o contra os afrobrasileiros e outras etnias e a face contradit\u00f3ria do desenvolvimento do Brasil foram outros pontos merecedores de discuss\u00f5es. E o lado inverso e tr\u00e1gico desse desenvolvimento \u00e9 o diagn\u00f3stico que aponta que dos 10% das fam\u00edlias de menor renda, 70% s\u00e3o compostas de negros. Essa realidade demonstrada apenas com valores quantitativos, \u00e9 ainda mais agravada a partir das an\u00e1lises qualitativas da vida dessa popula\u00e7\u00e3o, que reflete de forma expl\u00edcita o resultado de mais de 300 anos de escravid\u00e3o e o tr\u00e1fico de escravos negros da \u00c1frica para o Brasil\u201d, acrescentou.<\/p>\n<p>Entre os expositores do Semin\u00e1rio da UGT estiveram o jornalista e editor de Afropress, Dojival Vieira, o procurador do Trabalho, Wilson Prudente e o cientista social, Carlos Alberto Medeiros, da Coordena\u00e7\u00e3o da Igualdade Racial do Rio.<\/p>\n<p><strong>Veja as 16 medidas aprovadas pelo Semin\u00e1rio da UGT<\/strong><br \/>\n1 &#8211; As pol\u00edticas p\u00fablicas em rela\u00e7\u00e3o \u00e0 diversidade humana devem ser pol\u00edticas de Estado e n\u00e3o apenas de Governos;<br \/>\n2 &#8211; As pol\u00edticas p\u00fablicas devem ser assim direcionadas \u00e0 inclus\u00e3o social de milh\u00f5es de brasileira a uma vida digna;<br \/>\n3 &#8211; Defes ade uma pol\u00edtica de cotas (nas faculdades e no mercado de trabalho do setor privado e p\u00fablico) debate de forma ampla e democr\u00e1tica por toda a sociedade brasileira;<br \/>\n4 &#8211; Inclus\u00e3o de cl\u00e1usulas antidiscrimina\u00e7\u00e3o nas conven\u00e7\u00f5es e acordos coletivos de trabalho;<br \/>\n5 &#8211; Garantir sal\u00e1rio igual para trabalho igual, independente de etnia e sexo;<br \/>\n6 &#8211; Aprova\u00e7\u00e3o do Estatuto da Igualdade Racial, cuja institui\u00e7\u00e3o ser\u00e1 a melhor homenagem a Zumbi dos Palmares e ao povo negro do Brasil porque ter\u00e1 um impacto positivo para milh\u00f5es de cidad\u00e3os do pa\u00eds, que tem a segunda maior popula\u00e7\u00e3o de negros do mundo, atr\u00e1s apenas da Nig\u00e9ria;<br \/>\n7 &#8211; Defesa do patrim\u00f4nio material e imaterial (hist\u00f3rico e cultural) de todas as etnias que comp\u00f5em a Na\u00e7\u00e3o brasileira &#8211; at\u00e9 porque preservar a mem\u00f3ria \u00e9 uma das formas de construir a hist\u00f3ria;<br \/>\n8 &#8211; Defesa da amplia\u00e7\u00e3o da presen\u00e7a de negros e ind\u00edgenas nos meios de comunica\u00e7\u00e3o;<br \/>\n9 &#8211; Defesa do pleno exerc\u00edcio das religiosidades e cultos, principalmente as de matriz africana;<br \/>\n10 &#8211; Defesa da profissionaliza\u00e7\u00e3o da Capoeira;<br \/>\n11 &#8211; Lutar pela efetiva aplica\u00e7\u00e3o da Lei 10.639\/2003, que trata da implanta\u00e7\u00e3o da hist\u00f3ria e cultura africanas nos curr\u00edculos de toda a educa\u00e7\u00e3o b\u00e1sica;<br \/>\n12 &#8211; Defesa de uma pol\u00edtica de sa\u00fade que permita diagnosticar e cruar doen\u00e7as mais recorrentes na popula\u00e7\u00e3o negra, como a Anemia Falciforme;<br \/>\n13 &#8211; Solicitar \u00e0 Executiva Nacional que aprove determina\u00e7\u00e3o no sentido da cria\u00e7\u00e3o de Secretarias da Diversidade Humana em todas as Executivas Estaduais da UGT;<br \/>\n14 &#8211; Solicitar \u00e0 Executiva Nacional da UGT que orienta todas as suas entidades filiadas para que tamb\u00e9m criem diretorias de Diversidade Humana no \u00e2mbito de todos os nossos sindicatos, federa\u00e7\u00f5es e confedera\u00e7\u00f5es, a exemplo de como j\u00e1 ocorre na Executiva Nacional da UGT;<br \/>\n15 &#8211; Que a Secretaria Nacional de Diversidade Humana promova, a partir de 2010, semin\u00e1rios estaduais visando aperfei\u00e7oar a pol\u00edtica da central para a \u00e1rea;<br \/>\n16 &#8211; Que o Semin\u00e1rio Nacional de Diversidade Humana seja realizado anualmente tendo por data base 20 de Novembro, dando prefer\u00eancia a um rod\u00edzio de estados em sua realiza\u00e7\u00e3o.<\/p>\n<p>_______________________________________________________________<\/p><\/div>\n<div style=\"text-align: justify;\"><strong>Fonte de informa\u00e7\u00e3o:<\/strong> <a class=\"moz-txt-link-freetext\" href=\"http:\/\/www.afropress.com\/noticiasLer.asp?id=2083\">http:\/\/www.afropress.com\/noticiasLer.asp?id=2083 <img loading=\"lazy\" decoding=\"async\" title=\"Link abrir\u00e1 em uma nova janela ou aba.\" src=\"http:\/\/www.inclusive.org.br\/images\/new_window.gif\" alt=\"Link abrir\u00e1 em uma nova janela ou aba.\" width=\"16\" height=\"14\" \/><\/a><\/div>\n","protected":false},"excerpt":{"rendered":"<p>Terceira maior central sindical do Brasil, a Uni\u00e3o Geral dos Trabalhadores dever\u00e1 criar prioirizar a inclus\u00e3o e respeito \u00e0 diversidade em sua organiza\u00e7\u00e3o interna. A orienta\u00e7\u00e3o foi tomada durante o Semin\u00e1rio A\u00e7\u00f5es Afirmativas e Mercado de Trabalho.<\/p>\n","protected":false},"author":1,"featured_media":0,"comment_status":"open","ping_status":"open","sticky":false,"template":"","format":"standard","meta":{"site-container-style":"default","site-container-layout":"default","site-sidebar-layout":"default","disable-article-header":"default","disable-site-header":"default","disable-site-footer":"default","disable-content-area-spacing":"default","footnotes":""},"categories":[40,48,4],"tags":[],"class_list":["post-12834","post","type-post","status-publish","format-standard","hentry","category-diversidade","category-inclusao","category-noticias"],"yoast_head":"<!-- This site is optimized with the Yoast SEO plugin v27.4 - https:\/\/yoast.com\/product\/yoast-seo-wordpress\/ -->\n<title>UGT defende inclus\u00e3o e quer criar Secretarias de Diversidade -<\/title>\n<meta name=\"robots\" content=\"index, follow, max-snippet:-1, max-image-preview:large, max-video-preview:-1\" \/>\n<link rel=\"canonical\" href=\"https:\/\/inclusivenews.com.br\/?p=12834\" \/>\n<meta property=\"og:locale\" content=\"pt_PT\" \/>\n<meta property=\"og:type\" content=\"article\" \/>\n<meta property=\"og:title\" content=\"UGT defende inclus\u00e3o e quer criar Secretarias de Diversidade -\" \/>\n<meta property=\"og:description\" content=\"Terceira maior central sindical do Brasil, a Uni\u00e3o Geral dos Trabalhadores dever\u00e1 criar prioirizar a inclus\u00e3o e respeito \u00e0 diversidade em sua organiza\u00e7\u00e3o interna. A orienta\u00e7\u00e3o foi tomada durante o Semin\u00e1rio A\u00e7\u00f5es Afirmativas e Mercado de Trabalho.\" \/>\n<meta property=\"og:url\" content=\"https:\/\/inclusivenews.com.br\/?p=12834\" \/>\n<meta property=\"article:publisher\" content=\"https:\/\/www.facebook.com\/agenciainclusive\/\" \/>\n<meta property=\"article:published_time\" content=\"2009-12-02T10:15:44+00:00\" \/>\n<meta property=\"og:image\" content=\"http:\/\/inclusivenews.com.br\/wp-content\/uploads\/2009\/11\/afropress21.jpg\" \/>\n<meta name=\"author\" content=\"inclusivenews2024\" \/>\n<meta name=\"twitter:card\" content=\"summary_large_image\" \/>\n<meta name=\"twitter:label1\" content=\"Escrito por\" \/>\n\t<meta name=\"twitter:data1\" content=\"inclusivenews2024\" \/>\n\t<meta name=\"twitter:label2\" content=\"Tempo estimado de leitura\" \/>\n\t<meta name=\"twitter:data2\" content=\"5 minutos\" \/>\n<script type=\"application\/ld+json\" class=\"yoast-schema-graph\">{\"@context\":\"https:\\\/\\\/schema.org\",\"@graph\":[{\"@type\":\"Article\",\"@id\":\"https:\\\/\\\/inclusivenews.com.br\\\/?p=12834#article\",\"isPartOf\":{\"@id\":\"https:\\\/\\\/inclusivenews.com.br\\\/?p=12834\"},\"author\":{\"name\":\"inclusivenews2024\",\"@id\":\"https:\\\/\\\/inclusivenews.com.br\\\/#\\\/schema\\\/person\\\/ae4ec7087559b8692fb33b6fffd2273b\"},\"headline\":\"UGT defende inclus\u00e3o e quer criar Secretarias de Diversidade\",\"datePublished\":\"2009-12-02T10:15:44+00:00\",\"mainEntityOfPage\":{\"@id\":\"https:\\\/\\\/inclusivenews.com.br\\\/?p=12834\"},\"wordCount\":962,\"commentCount\":0,\"publisher\":{\"@id\":\"https:\\\/\\\/inclusivenews.com.br\\\/#organization\"},\"image\":{\"@id\":\"https:\\\/\\\/inclusivenews.com.br\\\/?p=12834#primaryimage\"},\"thumbnailUrl\":\"http:\\\/\\\/inclusivenews.com.br\\\/wp-content\\\/uploads\\\/2009\\\/11\\\/afropress21.jpg\",\"articleSection\":[\"Diversidade\",\"INCLUS\u00c3O SOCIAL\",\"NOT\u00cdCIAS\"],\"inLanguage\":\"pt-PT\",\"potentialAction\":[{\"@type\":\"CommentAction\",\"name\":\"Comment\",\"target\":[\"https:\\\/\\\/inclusivenews.com.br\\\/?p=12834#respond\"]}]},{\"@type\":\"WebPage\",\"@id\":\"https:\\\/\\\/inclusivenews.com.br\\\/?p=12834\",\"url\":\"https:\\\/\\\/inclusivenews.com.br\\\/?p=12834\",\"name\":\"UGT defende inclus\u00e3o e quer criar Secretarias de Diversidade -\",\"isPartOf\":{\"@id\":\"https:\\\/\\\/inclusivenews.com.br\\\/#website\"},\"primaryImageOfPage\":{\"@id\":\"https:\\\/\\\/inclusivenews.com.br\\\/?p=12834#primaryimage\"},\"image\":{\"@id\":\"https:\\\/\\\/inclusivenews.com.br\\\/?p=12834#primaryimage\"},\"thumbnailUrl\":\"http:\\\/\\\/inclusivenews.com.br\\\/wp-content\\\/uploads\\\/2009\\\/11\\\/afropress21.jpg\",\"datePublished\":\"2009-12-02T10:15:44+00:00\",\"breadcrumb\":{\"@id\":\"https:\\\/\\\/inclusivenews.com.br\\\/?p=12834#breadcrumb\"},\"inLanguage\":\"pt-PT\",\"potentialAction\":[{\"@type\":\"ReadAction\",\"target\":[\"https:\\\/\\\/inclusivenews.com.br\\\/?p=12834\"]}]},{\"@type\":\"ImageObject\",\"inLanguage\":\"pt-PT\",\"@id\":\"https:\\\/\\\/inclusivenews.com.br\\\/?p=12834#primaryimage\",\"url\":\"https:\\\/\\\/inclusivenews.com.br\\\/wp-content\\\/uploads\\\/2009\\\/11\\\/afropress21.jpg\",\"contentUrl\":\"https:\\\/\\\/inclusivenews.com.br\\\/wp-content\\\/uploads\\\/2009\\\/11\\\/afropress21.jpg\",\"width\":190,\"height\":190,\"caption\":\"Logotipo da Afropress - Ag\u00eancia de Informa\u00e7\u00e3o Multi\u00e9tnica\"},{\"@type\":\"BreadcrumbList\",\"@id\":\"https:\\\/\\\/inclusivenews.com.br\\\/?p=12834#breadcrumb\",\"itemListElement\":[{\"@type\":\"ListItem\",\"position\":1,\"name\":\"In\u00edcio\",\"item\":\"https:\\\/\\\/inclusivenews.com.br\\\/\"},{\"@type\":\"ListItem\",\"position\":2,\"name\":\"UGT defende inclus\u00e3o e quer criar Secretarias de Diversidade\"}]},{\"@type\":\"WebSite\",\"@id\":\"https:\\\/\\\/inclusivenews.com.br\\\/#website\",\"url\":\"https:\\\/\\\/inclusivenews.com.br\\\/\",\"name\":\"Inclusive News\",\"description\":\"Inclusive News\",\"publisher\":{\"@id\":\"https:\\\/\\\/inclusivenews.com.br\\\/#organization\"},\"potentialAction\":[{\"@type\":\"SearchAction\",\"target\":{\"@type\":\"EntryPoint\",\"urlTemplate\":\"https:\\\/\\\/inclusivenews.com.br\\\/?s={search_term_string}\"},\"query-input\":{\"@type\":\"PropertyValueSpecification\",\"valueRequired\":true,\"valueName\":\"search_term_string\"}}],\"inLanguage\":\"pt-PT\"},{\"@type\":\"Organization\",\"@id\":\"https:\\\/\\\/inclusivenews.com.br\\\/#organization\",\"name\":\"Inclusive - inclus\u00e3o e cidadania\",\"url\":\"https:\\\/\\\/inclusivenews.com.br\\\/\",\"logo\":{\"@type\":\"ImageObject\",\"inLanguage\":\"pt-PT\",\"@id\":\"https:\\\/\\\/inclusivenews.com.br\\\/#\\\/schema\\\/logo\\\/image\\\/\",\"url\":\"https:\\\/\\\/inclusivenews.com.br\\\/wp-content\\\/uploads\\\/2024\\\/03\\\/@grandesite.png\",\"contentUrl\":\"https:\\\/\\\/inclusivenews.com.br\\\/wp-content\\\/uploads\\\/2024\\\/03\\\/@grandesite.png\",\"width\":1080,\"height\":1080,\"caption\":\"Inclusive - inclus\u00e3o e cidadania\"},\"image\":{\"@id\":\"https:\\\/\\\/inclusivenews.com.br\\\/#\\\/schema\\\/logo\\\/image\\\/\"},\"sameAs\":[\"https:\\\/\\\/www.facebook.com\\\/agenciainclusive\\\/\",\"https:\\\/\\\/www.instagram.com\\\/newsinclusive\\\/\"]},{\"@type\":\"Person\",\"@id\":\"https:\\\/\\\/inclusivenews.com.br\\\/#\\\/schema\\\/person\\\/ae4ec7087559b8692fb33b6fffd2273b\",\"name\":\"inclusivenews2024\",\"image\":{\"@type\":\"ImageObject\",\"inLanguage\":\"pt-PT\",\"@id\":\"https:\\\/\\\/secure.gravatar.com\\\/avatar\\\/c5a7ef84c66fa914f55bc4f7ce26cfa275a3b9a1c5568b907bd184fb4dde7b40?s=96&d=mm&r=g\",\"url\":\"https:\\\/\\\/secure.gravatar.com\\\/avatar\\\/c5a7ef84c66fa914f55bc4f7ce26cfa275a3b9a1c5568b907bd184fb4dde7b40?s=96&d=mm&r=g\",\"contentUrl\":\"https:\\\/\\\/secure.gravatar.com\\\/avatar\\\/c5a7ef84c66fa914f55bc4f7ce26cfa275a3b9a1c5568b907bd184fb4dde7b40?s=96&d=mm&r=g\",\"caption\":\"inclusivenews2024\"},\"sameAs\":[\"https:\\\/\\\/inclusivenews.com.br\"],\"url\":\"https:\\\/\\\/inclusivenews.com.br\\\/?author=1\"}]}<\/script>\n<!-- \/ Yoast SEO plugin. -->","yoast_head_json":{"title":"UGT defende inclus\u00e3o e quer criar Secretarias de Diversidade -","robots":{"index":"index","follow":"follow","max-snippet":"max-snippet:-1","max-image-preview":"max-image-preview:large","max-video-preview":"max-video-preview:-1"},"canonical":"https:\/\/inclusivenews.com.br\/?p=12834","og_locale":"pt_PT","og_type":"article","og_title":"UGT defende inclus\u00e3o e quer criar Secretarias de Diversidade -","og_description":"Terceira maior central sindical do Brasil, a Uni\u00e3o Geral dos Trabalhadores dever\u00e1 criar prioirizar a inclus\u00e3o e respeito \u00e0 diversidade em sua organiza\u00e7\u00e3o interna. A orienta\u00e7\u00e3o foi tomada durante o Semin\u00e1rio A\u00e7\u00f5es Afirmativas e Mercado de Trabalho.","og_url":"https:\/\/inclusivenews.com.br\/?p=12834","article_publisher":"https:\/\/www.facebook.com\/agenciainclusive\/","article_published_time":"2009-12-02T10:15:44+00:00","og_image":[{"url":"http:\/\/inclusivenews.com.br\/wp-content\/uploads\/2009\/11\/afropress21.jpg","type":"","width":"","height":""}],"author":"inclusivenews2024","twitter_card":"summary_large_image","twitter_misc":{"Escrito por":"inclusivenews2024","Tempo estimado de leitura":"5 minutos"},"schema":{"@context":"https:\/\/schema.org","@graph":[{"@type":"Article","@id":"https:\/\/inclusivenews.com.br\/?p=12834#article","isPartOf":{"@id":"https:\/\/inclusivenews.com.br\/?p=12834"},"author":{"name":"inclusivenews2024","@id":"https:\/\/inclusivenews.com.br\/#\/schema\/person\/ae4ec7087559b8692fb33b6fffd2273b"},"headline":"UGT defende inclus\u00e3o e quer criar Secretarias de Diversidade","datePublished":"2009-12-02T10:15:44+00:00","mainEntityOfPage":{"@id":"https:\/\/inclusivenews.com.br\/?p=12834"},"wordCount":962,"commentCount":0,"publisher":{"@id":"https:\/\/inclusivenews.com.br\/#organization"},"image":{"@id":"https:\/\/inclusivenews.com.br\/?p=12834#primaryimage"},"thumbnailUrl":"http:\/\/inclusivenews.com.br\/wp-content\/uploads\/2009\/11\/afropress21.jpg","articleSection":["Diversidade","INCLUS\u00c3O SOCIAL","NOT\u00cdCIAS"],"inLanguage":"pt-PT","potentialAction":[{"@type":"CommentAction","name":"Comment","target":["https:\/\/inclusivenews.com.br\/?p=12834#respond"]}]},{"@type":"WebPage","@id":"https:\/\/inclusivenews.com.br\/?p=12834","url":"https:\/\/inclusivenews.com.br\/?p=12834","name":"UGT defende inclus\u00e3o e quer criar Secretarias de Diversidade -","isPartOf":{"@id":"https:\/\/inclusivenews.com.br\/#website"},"primaryImageOfPage":{"@id":"https:\/\/inclusivenews.com.br\/?p=12834#primaryimage"},"image":{"@id":"https:\/\/inclusivenews.com.br\/?p=12834#primaryimage"},"thumbnailUrl":"http:\/\/inclusivenews.com.br\/wp-content\/uploads\/2009\/11\/afropress21.jpg","datePublished":"2009-12-02T10:15:44+00:00","breadcrumb":{"@id":"https:\/\/inclusivenews.com.br\/?p=12834#breadcrumb"},"inLanguage":"pt-PT","potentialAction":[{"@type":"ReadAction","target":["https:\/\/inclusivenews.com.br\/?p=12834"]}]},{"@type":"ImageObject","inLanguage":"pt-PT","@id":"https:\/\/inclusivenews.com.br\/?p=12834#primaryimage","url":"https:\/\/inclusivenews.com.br\/wp-content\/uploads\/2009\/11\/afropress21.jpg","contentUrl":"https:\/\/inclusivenews.com.br\/wp-content\/uploads\/2009\/11\/afropress21.jpg","width":190,"height":190,"caption":"Logotipo da Afropress - Ag\u00eancia de Informa\u00e7\u00e3o Multi\u00e9tnica"},{"@type":"BreadcrumbList","@id":"https:\/\/inclusivenews.com.br\/?p=12834#breadcrumb","itemListElement":[{"@type":"ListItem","position":1,"name":"In\u00edcio","item":"https:\/\/inclusivenews.com.br\/"},{"@type":"ListItem","position":2,"name":"UGT defende inclus\u00e3o e quer criar Secretarias de Diversidade"}]},{"@type":"WebSite","@id":"https:\/\/inclusivenews.com.br\/#website","url":"https:\/\/inclusivenews.com.br\/","name":"Inclusive News","description":"Inclusive News","publisher":{"@id":"https:\/\/inclusivenews.com.br\/#organization"},"potentialAction":[{"@type":"SearchAction","target":{"@type":"EntryPoint","urlTemplate":"https:\/\/inclusivenews.com.br\/?s={search_term_string}"},"query-input":{"@type":"PropertyValueSpecification","valueRequired":true,"valueName":"search_term_string"}}],"inLanguage":"pt-PT"},{"@type":"Organization","@id":"https:\/\/inclusivenews.com.br\/#organization","name":"Inclusive - inclus\u00e3o e cidadania","url":"https:\/\/inclusivenews.com.br\/","logo":{"@type":"ImageObject","inLanguage":"pt-PT","@id":"https:\/\/inclusivenews.com.br\/#\/schema\/logo\/image\/","url":"https:\/\/inclusivenews.com.br\/wp-content\/uploads\/2024\/03\/@grandesite.png","contentUrl":"https:\/\/inclusivenews.com.br\/wp-content\/uploads\/2024\/03\/@grandesite.png","width":1080,"height":1080,"caption":"Inclusive - inclus\u00e3o e cidadania"},"image":{"@id":"https:\/\/inclusivenews.com.br\/#\/schema\/logo\/image\/"},"sameAs":["https:\/\/www.facebook.com\/agenciainclusive\/","https:\/\/www.instagram.com\/newsinclusive\/"]},{"@type":"Person","@id":"https:\/\/inclusivenews.com.br\/#\/schema\/person\/ae4ec7087559b8692fb33b6fffd2273b","name":"inclusivenews2024","image":{"@type":"ImageObject","inLanguage":"pt-PT","@id":"https:\/\/secure.gravatar.com\/avatar\/c5a7ef84c66fa914f55bc4f7ce26cfa275a3b9a1c5568b907bd184fb4dde7b40?s=96&d=mm&r=g","url":"https:\/\/secure.gravatar.com\/avatar\/c5a7ef84c66fa914f55bc4f7ce26cfa275a3b9a1c5568b907bd184fb4dde7b40?s=96&d=mm&r=g","contentUrl":"https:\/\/secure.gravatar.com\/avatar\/c5a7ef84c66fa914f55bc4f7ce26cfa275a3b9a1c5568b907bd184fb4dde7b40?s=96&d=mm&r=g","caption":"inclusivenews2024"},"sameAs":["https:\/\/inclusivenews.com.br"],"url":"https:\/\/inclusivenews.com.br\/?author=1"}]}},"_links":{"self":[{"href":"https:\/\/inclusivenews.com.br\/index.php?rest_route=\/wp\/v2\/posts\/12834","targetHints":{"allow":["GET"]}}],"collection":[{"href":"https:\/\/inclusivenews.com.br\/index.php?rest_route=\/wp\/v2\/posts"}],"about":[{"href":"https:\/\/inclusivenews.com.br\/index.php?rest_route=\/wp\/v2\/types\/post"}],"author":[{"embeddable":true,"href":"https:\/\/inclusivenews.com.br\/index.php?rest_route=\/wp\/v2\/users\/1"}],"replies":[{"embeddable":true,"href":"https:\/\/inclusivenews.com.br\/index.php?rest_route=%2Fwp%2Fv2%2Fcomments&post=12834"}],"version-history":[{"count":0,"href":"https:\/\/inclusivenews.com.br\/index.php?rest_route=\/wp\/v2\/posts\/12834\/revisions"}],"wp:attachment":[{"href":"https:\/\/inclusivenews.com.br\/index.php?rest_route=%2Fwp%2Fv2%2Fmedia&parent=12834"}],"wp:term":[{"taxonomy":"category","embeddable":true,"href":"https:\/\/inclusivenews.com.br\/index.php?rest_route=%2Fwp%2Fv2%2Fcategories&post=12834"},{"taxonomy":"post_tag","embeddable":true,"href":"https:\/\/inclusivenews.com.br\/index.php?rest_route=%2Fwp%2Fv2%2Ftags&post=12834"}],"curies":[{"name":"wp","href":"https:\/\/api.w.org\/{rel}","templated":true}]}}