{"id":12835,"date":"2009-12-02T07:19:58","date_gmt":"2009-12-02T10:19:58","guid":{"rendered":"http:\/\/www.inclusive.org.br\/?p=12835"},"modified":"2009-12-02T07:19:58","modified_gmt":"2009-12-02T10:19:58","slug":"com-o-fim-da-era-dos-movimentos-sociais-foi-se-a-energia-moral-da-ousadia-diz-ruda-ricci","status":"publish","type":"post","link":"https:\/\/inclusivenews.com.br\/?p=12835","title":{"rendered":"Com o fim da era dos movimentos sociais foi-se a energia moral da ousadia, diz Rud\u00e1 Ricci"},"content":{"rendered":"<p style=\"text-align: justify;\"><img loading=\"lazy\" decoding=\"async\" class=\"alignleft\" title=\"Globo terrestre cercado por figuras humanas unidas pelas m\u00e3os. Ilustra\u00e7\u00e3o.\" src=\"http:\/\/cooedubamundocao3.files.wordpress.com\/2009\/10\/unaio_movimentos_sociais.jpg\" alt=\"http:\/\/cooedubamundocao3.files.wordpress.com\/2009\/10\/unaio_movimentos_sociais.jpg\" width=\"181\" height=\"179\" \/>Para o soci\u00f3logo Rud\u00e1 Ricci, os movimentos sociais se tornaram organiza\u00e7\u00f5es sociais e &#8220;perderam a l\u00f3gica anti-institucionalizante e o ide\u00e1rio comunitarista-crist\u00e3o do final do s\u00e9culo passado&#8221;. Ele defende que o neoliberalismo n\u00e3o \u00e9 mais hegem\u00f4nico. &#8220;Quem comanda o Brasil em termos program\u00e1ticos \u00e9 o que a ci\u00eancia pol\u00edtica denomina de social-liberalismo, muito distinto do neoliberalismo. (&#8230;) A velha pol\u00edtica est\u00e1 reeditada. E, em grande parte, pelo lulismo, que criou a mais abrangente e bem sucedida coaliz\u00e3o presidencialista da hist\u00f3ria da rep\u00fablica brasileira&#8221;. Na entrevista que concedeu para a IHU On-Line, por e-mail, Ricci considera que a dificuldade de quem defende a amplia\u00e7\u00e3o da participa\u00e7\u00e3o da sociedade civil no Brasil \u00e9 que n\u00e3o sabemos lidar com a chamada nova classe m\u00e9dia. &#8220;Teremos que aprender. Inclusive as lideran\u00e7as populares. Somos, enfim, a gera\u00e7\u00e3o dos anos 80 e estamos lidando com um fen\u00f4meno sociol\u00f3gico que expressa o Brasil Pot\u00eancia do s\u00e9culo XXI&#8221;.<\/p>\n<p style=\"text-align: justify;\"><span class=\"noticia_texto\">Rud\u00e1 Ricci formou-se em Ci\u00eancias Sociais pela PUC-SP. Na Universidade Estadual de Campinas, realizou o mestrado em Ci\u00eancia Pol\u00edtica e o doutorado em Ci\u00eancias Sociais. Atua como consultor no Sindicato Nacional dos Auditores Fiscais da Receita Federal e do Instituto de Desenvolvimento. \u00c9 diretor do Instituto Cultiva e professor da Universidade Vale do Rio Verde e da PUC-Minas. Escreveu o livro Terra de Ningu\u00e9m: sindicalismo rural e crise de representa\u00e7\u00e3o (Campinas: Editora da Unicamp, 1999).<a href=\"http:\/\/www.ihuonline.unisinos.br\/index.php?option=com_destaques_semana&amp;Itemid=24&amp;task=detalhes&amp;idnot=1952&amp;idedit=6\"><strong><\/strong><\/a><\/span><\/p>\n<p style=\"text-align: justify;\"><a href=\"http:\/\/www.ihuonline.unisinos.br\/index.php?option=com_destaques_semana&amp;Itemid=24&amp;task=detalhes&amp;idnot=1952&amp;idedit=6\"><strong>Confira a entrevista no IHU on-line. <img loading=\"lazy\" decoding=\"async\" title=\"Link abrir\u00e1 em uma nova janela ou aba.\" src=\"http:\/\/www.inclusive.org.br\/images\/new_window.gif\" alt=\"Link abrir\u00e1 em uma nova janela ou aba.\" width=\"16\" height=\"14\" \/><\/strong><\/a><\/p>\n","protected":false},"excerpt":{"rendered":"<p>Ricci considera em entrevista que a dificuldade de quem defende a amplia\u00e7\u00e3o da participa\u00e7\u00e3o da sociedade civil no Brasil \u00e9 que n\u00e3o sabemos lidar com a chamada nova classe m\u00e9dia.<\/p>\n","protected":false},"author":1,"featured_media":0,"comment_status":"open","ping_status":"open","sticky":false,"template":"","format":"standard","meta":{"site-container-style":"default","site-container-layout":"default","site-sidebar-layout":"default","disable-article-header":"default","disable-site-header":"default","disable-site-footer":"default","disable-content-area-spacing":"default","footnotes":""},"categories":[42],"tags":[70],"class_list":["post-12835","post","type-post","status-publish","format-standard","hentry","category-entrevista","tag-wordpress"],"yoast_head":"<!-- This site is optimized with the Yoast SEO plugin v27.4 - https:\/\/yoast.com\/product\/yoast-seo-wordpress\/ -->\n<title>Com o fim da era dos movimentos sociais foi-se a energia moral da ousadia, diz Rud\u00e1 Ricci -<\/title>\n<meta name=\"robots\" content=\"index, follow, max-snippet:-1, max-image-preview:large, max-video-preview:-1\" \/>\n<link rel=\"canonical\" href=\"https:\/\/inclusivenews.com.br\/?p=12835\" \/>\n<meta property=\"og:locale\" content=\"pt_PT\" \/>\n<meta property=\"og:type\" content=\"article\" \/>\n<meta property=\"og:title\" content=\"Com o fim da era dos movimentos sociais foi-se a energia moral da ousadia, diz Rud\u00e1 Ricci -\" \/>\n<meta property=\"og:description\" content=\"Ricci considera em entrevista que a dificuldade de quem defende a amplia\u00e7\u00e3o da participa\u00e7\u00e3o da sociedade civil no Brasil \u00e9 que n\u00e3o sabemos lidar com a chamada nova classe m\u00e9dia.\" \/>\n<meta property=\"og:url\" content=\"https:\/\/inclusivenews.com.br\/?p=12835\" \/>\n<meta property=\"article:publisher\" content=\"https:\/\/www.facebook.com\/agenciainclusive\/\" \/>\n<meta property=\"article:published_time\" content=\"2009-12-02T10:19:58+00:00\" \/>\n<meta property=\"og:image\" content=\"http:\/\/cooedubamundocao3.files.wordpress.com\/2009\/10\/unaio_movimentos_sociais.jpg\" \/>\n<meta name=\"author\" content=\"inclusivenews2024\" \/>\n<meta name=\"twitter:card\" content=\"summary_large_image\" \/>\n<meta name=\"twitter:label1\" content=\"Escrito por\" \/>\n\t<meta name=\"twitter:data1\" content=\"inclusivenews2024\" \/>\n\t<meta name=\"twitter:label2\" content=\"Tempo estimado de leitura\" \/>\n\t<meta name=\"twitter:data2\" content=\"1 minuto\" \/>\n<script type=\"application\/ld+json\" class=\"yoast-schema-graph\">{\"@context\":\"https:\\\/\\\/schema.org\",\"@graph\":[{\"@type\":\"Article\",\"@id\":\"https:\\\/\\\/inclusivenews.com.br\\\/?p=12835#article\",\"isPartOf\":{\"@id\":\"https:\\\/\\\/inclusivenews.com.br\\\/?p=12835\"},\"author\":{\"name\":\"inclusivenews2024\",\"@id\":\"https:\\\/\\\/inclusivenews.com.br\\\/#\\\/schema\\\/person\\\/ae4ec7087559b8692fb33b6fffd2273b\"},\"headline\":\"Com o fim da era dos movimentos sociais foi-se a energia moral da ousadia, diz Rud\u00e1 Ricci\",\"datePublished\":\"2009-12-02T10:19:58+00:00\",\"mainEntityOfPage\":{\"@id\":\"https:\\\/\\\/inclusivenews.com.br\\\/?p=12835\"},\"wordCount\":271,\"commentCount\":0,\"publisher\":{\"@id\":\"https:\\\/\\\/inclusivenews.com.br\\\/#organization\"},\"image\":{\"@id\":\"https:\\\/\\\/inclusivenews.com.br\\\/?p=12835#primaryimage\"},\"thumbnailUrl\":\"http:\\\/\\\/cooedubamundocao3.files.wordpress.com\\\/2009\\\/10\\\/unaio_movimentos_sociais.jpg\",\"keywords\":[\"wordpress\"],\"articleSection\":[\"ENTREVISTAS\"],\"inLanguage\":\"pt-PT\",\"potentialAction\":[{\"@type\":\"CommentAction\",\"name\":\"Comment\",\"target\":[\"https:\\\/\\\/inclusivenews.com.br\\\/?p=12835#respond\"]}]},{\"@type\":\"WebPage\",\"@id\":\"https:\\\/\\\/inclusivenews.com.br\\\/?p=12835\",\"url\":\"https:\\\/\\\/inclusivenews.com.br\\\/?p=12835\",\"name\":\"Com o fim da era dos movimentos sociais foi-se a energia moral da ousadia, diz Rud\u00e1 Ricci -\",\"isPartOf\":{\"@id\":\"https:\\\/\\\/inclusivenews.com.br\\\/#website\"},\"primaryImageOfPage\":{\"@id\":\"https:\\\/\\\/inclusivenews.com.br\\\/?p=12835#primaryimage\"},\"image\":{\"@id\":\"https:\\\/\\\/inclusivenews.com.br\\\/?p=12835#primaryimage\"},\"thumbnailUrl\":\"http:\\\/\\\/cooedubamundocao3.files.wordpress.com\\\/2009\\\/10\\\/unaio_movimentos_sociais.jpg\",\"datePublished\":\"2009-12-02T10:19:58+00:00\",\"breadcrumb\":{\"@id\":\"https:\\\/\\\/inclusivenews.com.br\\\/?p=12835#breadcrumb\"},\"inLanguage\":\"pt-PT\",\"potentialAction\":[{\"@type\":\"ReadAction\",\"target\":[\"https:\\\/\\\/inclusivenews.com.br\\\/?p=12835\"]}]},{\"@type\":\"ImageObject\",\"inLanguage\":\"pt-PT\",\"@id\":\"https:\\\/\\\/inclusivenews.com.br\\\/?p=12835#primaryimage\",\"url\":\"http:\\\/\\\/cooedubamundocao3.files.wordpress.com\\\/2009\\\/10\\\/unaio_movimentos_sociais.jpg\",\"contentUrl\":\"http:\\\/\\\/cooedubamundocao3.files.wordpress.com\\\/2009\\\/10\\\/unaio_movimentos_sociais.jpg\"},{\"@type\":\"BreadcrumbList\",\"@id\":\"https:\\\/\\\/inclusivenews.com.br\\\/?p=12835#breadcrumb\",\"itemListElement\":[{\"@type\":\"ListItem\",\"position\":1,\"name\":\"In\u00edcio\",\"item\":\"https:\\\/\\\/inclusivenews.com.br\\\/\"},{\"@type\":\"ListItem\",\"position\":2,\"name\":\"Com o fim da era dos movimentos sociais foi-se a energia moral da ousadia, diz Rud\u00e1 Ricci\"}]},{\"@type\":\"WebSite\",\"@id\":\"https:\\\/\\\/inclusivenews.com.br\\\/#website\",\"url\":\"https:\\\/\\\/inclusivenews.com.br\\\/\",\"name\":\"Inclusive News\",\"description\":\"Inclusive News\",\"publisher\":{\"@id\":\"https:\\\/\\\/inclusivenews.com.br\\\/#organization\"},\"potentialAction\":[{\"@type\":\"SearchAction\",\"target\":{\"@type\":\"EntryPoint\",\"urlTemplate\":\"https:\\\/\\\/inclusivenews.com.br\\\/?s={search_term_string}\"},\"query-input\":{\"@type\":\"PropertyValueSpecification\",\"valueRequired\":true,\"valueName\":\"search_term_string\"}}],\"inLanguage\":\"pt-PT\"},{\"@type\":\"Organization\",\"@id\":\"https:\\\/\\\/inclusivenews.com.br\\\/#organization\",\"name\":\"Inclusive - inclus\u00e3o e cidadania\",\"url\":\"https:\\\/\\\/inclusivenews.com.br\\\/\",\"logo\":{\"@type\":\"ImageObject\",\"inLanguage\":\"pt-PT\",\"@id\":\"https:\\\/\\\/inclusivenews.com.br\\\/#\\\/schema\\\/logo\\\/image\\\/\",\"url\":\"https:\\\/\\\/inclusivenews.com.br\\\/wp-content\\\/uploads\\\/2024\\\/03\\\/@grandesite.png\",\"contentUrl\":\"https:\\\/\\\/inclusivenews.com.br\\\/wp-content\\\/uploads\\\/2024\\\/03\\\/@grandesite.png\",\"width\":1080,\"height\":1080,\"caption\":\"Inclusive - inclus\u00e3o e cidadania\"},\"image\":{\"@id\":\"https:\\\/\\\/inclusivenews.com.br\\\/#\\\/schema\\\/logo\\\/image\\\/\"},\"sameAs\":[\"https:\\\/\\\/www.facebook.com\\\/agenciainclusive\\\/\",\"https:\\\/\\\/www.instagram.com\\\/newsinclusive\\\/\"]},{\"@type\":\"Person\",\"@id\":\"https:\\\/\\\/inclusivenews.com.br\\\/#\\\/schema\\\/person\\\/ae4ec7087559b8692fb33b6fffd2273b\",\"name\":\"inclusivenews2024\",\"image\":{\"@type\":\"ImageObject\",\"inLanguage\":\"pt-PT\",\"@id\":\"https:\\\/\\\/secure.gravatar.com\\\/avatar\\\/c5a7ef84c66fa914f55bc4f7ce26cfa275a3b9a1c5568b907bd184fb4dde7b40?s=96&d=mm&r=g\",\"url\":\"https:\\\/\\\/secure.gravatar.com\\\/avatar\\\/c5a7ef84c66fa914f55bc4f7ce26cfa275a3b9a1c5568b907bd184fb4dde7b40?s=96&d=mm&r=g\",\"contentUrl\":\"https:\\\/\\\/secure.gravatar.com\\\/avatar\\\/c5a7ef84c66fa914f55bc4f7ce26cfa275a3b9a1c5568b907bd184fb4dde7b40?s=96&d=mm&r=g\",\"caption\":\"inclusivenews2024\"},\"sameAs\":[\"https:\\\/\\\/inclusivenews.com.br\"],\"url\":\"https:\\\/\\\/inclusivenews.com.br\\\/?author=1\"}]}<\/script>\n<!-- \/ Yoast SEO plugin. -->","yoast_head_json":{"title":"Com o fim da era dos movimentos sociais foi-se a energia moral da ousadia, diz Rud\u00e1 Ricci -","robots":{"index":"index","follow":"follow","max-snippet":"max-snippet:-1","max-image-preview":"max-image-preview:large","max-video-preview":"max-video-preview:-1"},"canonical":"https:\/\/inclusivenews.com.br\/?p=12835","og_locale":"pt_PT","og_type":"article","og_title":"Com o fim da era dos movimentos sociais foi-se a energia moral da ousadia, diz Rud\u00e1 Ricci -","og_description":"Ricci considera em entrevista que a dificuldade de quem defende a amplia\u00e7\u00e3o da participa\u00e7\u00e3o da sociedade civil no Brasil \u00e9 que n\u00e3o sabemos lidar com a chamada nova classe m\u00e9dia.","og_url":"https:\/\/inclusivenews.com.br\/?p=12835","article_publisher":"https:\/\/www.facebook.com\/agenciainclusive\/","article_published_time":"2009-12-02T10:19:58+00:00","og_image":[{"url":"http:\/\/cooedubamundocao3.files.wordpress.com\/2009\/10\/unaio_movimentos_sociais.jpg","type":"","width":"","height":""}],"author":"inclusivenews2024","twitter_card":"summary_large_image","twitter_misc":{"Escrito por":"inclusivenews2024","Tempo estimado de leitura":"1 minuto"},"schema":{"@context":"https:\/\/schema.org","@graph":[{"@type":"Article","@id":"https:\/\/inclusivenews.com.br\/?p=12835#article","isPartOf":{"@id":"https:\/\/inclusivenews.com.br\/?p=12835"},"author":{"name":"inclusivenews2024","@id":"https:\/\/inclusivenews.com.br\/#\/schema\/person\/ae4ec7087559b8692fb33b6fffd2273b"},"headline":"Com o fim da era dos movimentos sociais foi-se a energia moral da ousadia, diz Rud\u00e1 Ricci","datePublished":"2009-12-02T10:19:58+00:00","mainEntityOfPage":{"@id":"https:\/\/inclusivenews.com.br\/?p=12835"},"wordCount":271,"commentCount":0,"publisher":{"@id":"https:\/\/inclusivenews.com.br\/#organization"},"image":{"@id":"https:\/\/inclusivenews.com.br\/?p=12835#primaryimage"},"thumbnailUrl":"http:\/\/cooedubamundocao3.files.wordpress.com\/2009\/10\/unaio_movimentos_sociais.jpg","keywords":["wordpress"],"articleSection":["ENTREVISTAS"],"inLanguage":"pt-PT","potentialAction":[{"@type":"CommentAction","name":"Comment","target":["https:\/\/inclusivenews.com.br\/?p=12835#respond"]}]},{"@type":"WebPage","@id":"https:\/\/inclusivenews.com.br\/?p=12835","url":"https:\/\/inclusivenews.com.br\/?p=12835","name":"Com o fim da era dos movimentos sociais foi-se a energia moral da ousadia, diz Rud\u00e1 Ricci -","isPartOf":{"@id":"https:\/\/inclusivenews.com.br\/#website"},"primaryImageOfPage":{"@id":"https:\/\/inclusivenews.com.br\/?p=12835#primaryimage"},"image":{"@id":"https:\/\/inclusivenews.com.br\/?p=12835#primaryimage"},"thumbnailUrl":"http:\/\/cooedubamundocao3.files.wordpress.com\/2009\/10\/unaio_movimentos_sociais.jpg","datePublished":"2009-12-02T10:19:58+00:00","breadcrumb":{"@id":"https:\/\/inclusivenews.com.br\/?p=12835#breadcrumb"},"inLanguage":"pt-PT","potentialAction":[{"@type":"ReadAction","target":["https:\/\/inclusivenews.com.br\/?p=12835"]}]},{"@type":"ImageObject","inLanguage":"pt-PT","@id":"https:\/\/inclusivenews.com.br\/?p=12835#primaryimage","url":"http:\/\/cooedubamundocao3.files.wordpress.com\/2009\/10\/unaio_movimentos_sociais.jpg","contentUrl":"http:\/\/cooedubamundocao3.files.wordpress.com\/2009\/10\/unaio_movimentos_sociais.jpg"},{"@type":"BreadcrumbList","@id":"https:\/\/inclusivenews.com.br\/?p=12835#breadcrumb","itemListElement":[{"@type":"ListItem","position":1,"name":"In\u00edcio","item":"https:\/\/inclusivenews.com.br\/"},{"@type":"ListItem","position":2,"name":"Com o fim da era dos movimentos sociais foi-se a energia moral da ousadia, diz Rud\u00e1 Ricci"}]},{"@type":"WebSite","@id":"https:\/\/inclusivenews.com.br\/#website","url":"https:\/\/inclusivenews.com.br\/","name":"Inclusive News","description":"Inclusive News","publisher":{"@id":"https:\/\/inclusivenews.com.br\/#organization"},"potentialAction":[{"@type":"SearchAction","target":{"@type":"EntryPoint","urlTemplate":"https:\/\/inclusivenews.com.br\/?s={search_term_string}"},"query-input":{"@type":"PropertyValueSpecification","valueRequired":true,"valueName":"search_term_string"}}],"inLanguage":"pt-PT"},{"@type":"Organization","@id":"https:\/\/inclusivenews.com.br\/#organization","name":"Inclusive - inclus\u00e3o e cidadania","url":"https:\/\/inclusivenews.com.br\/","logo":{"@type":"ImageObject","inLanguage":"pt-PT","@id":"https:\/\/inclusivenews.com.br\/#\/schema\/logo\/image\/","url":"https:\/\/inclusivenews.com.br\/wp-content\/uploads\/2024\/03\/@grandesite.png","contentUrl":"https:\/\/inclusivenews.com.br\/wp-content\/uploads\/2024\/03\/@grandesite.png","width":1080,"height":1080,"caption":"Inclusive - inclus\u00e3o e cidadania"},"image":{"@id":"https:\/\/inclusivenews.com.br\/#\/schema\/logo\/image\/"},"sameAs":["https:\/\/www.facebook.com\/agenciainclusive\/","https:\/\/www.instagram.com\/newsinclusive\/"]},{"@type":"Person","@id":"https:\/\/inclusivenews.com.br\/#\/schema\/person\/ae4ec7087559b8692fb33b6fffd2273b","name":"inclusivenews2024","image":{"@type":"ImageObject","inLanguage":"pt-PT","@id":"https:\/\/secure.gravatar.com\/avatar\/c5a7ef84c66fa914f55bc4f7ce26cfa275a3b9a1c5568b907bd184fb4dde7b40?s=96&d=mm&r=g","url":"https:\/\/secure.gravatar.com\/avatar\/c5a7ef84c66fa914f55bc4f7ce26cfa275a3b9a1c5568b907bd184fb4dde7b40?s=96&d=mm&r=g","contentUrl":"https:\/\/secure.gravatar.com\/avatar\/c5a7ef84c66fa914f55bc4f7ce26cfa275a3b9a1c5568b907bd184fb4dde7b40?s=96&d=mm&r=g","caption":"inclusivenews2024"},"sameAs":["https:\/\/inclusivenews.com.br"],"url":"https:\/\/inclusivenews.com.br\/?author=1"}]}},"_links":{"self":[{"href":"https:\/\/inclusivenews.com.br\/index.php?rest_route=\/wp\/v2\/posts\/12835","targetHints":{"allow":["GET"]}}],"collection":[{"href":"https:\/\/inclusivenews.com.br\/index.php?rest_route=\/wp\/v2\/posts"}],"about":[{"href":"https:\/\/inclusivenews.com.br\/index.php?rest_route=\/wp\/v2\/types\/post"}],"author":[{"embeddable":true,"href":"https:\/\/inclusivenews.com.br\/index.php?rest_route=\/wp\/v2\/users\/1"}],"replies":[{"embeddable":true,"href":"https:\/\/inclusivenews.com.br\/index.php?rest_route=%2Fwp%2Fv2%2Fcomments&post=12835"}],"version-history":[{"count":0,"href":"https:\/\/inclusivenews.com.br\/index.php?rest_route=\/wp\/v2\/posts\/12835\/revisions"}],"wp:attachment":[{"href":"https:\/\/inclusivenews.com.br\/index.php?rest_route=%2Fwp%2Fv2%2Fmedia&parent=12835"}],"wp:term":[{"taxonomy":"category","embeddable":true,"href":"https:\/\/inclusivenews.com.br\/index.php?rest_route=%2Fwp%2Fv2%2Fcategories&post=12835"},{"taxonomy":"post_tag","embeddable":true,"href":"https:\/\/inclusivenews.com.br\/index.php?rest_route=%2Fwp%2Fv2%2Ftags&post=12835"}],"curies":[{"name":"wp","href":"https:\/\/api.w.org\/{rel}","templated":true}]}}