{"id":12841,"date":"2009-12-02T07:50:21","date_gmt":"2009-12-02T10:50:21","guid":{"rendered":"http:\/\/www.inclusive.org.br\/?p=12841"},"modified":"2009-12-02T07:50:21","modified_gmt":"2009-12-02T10:50:21","slug":"conade-repudia-a-portaria-985-do-ministerio-das-comunicacoes-sobre-audiodescricao","status":"publish","type":"post","link":"https:\/\/inclusivenews.com.br\/?p=12841","title":{"rendered":"CONADE Repudia a Portaria 985 do Minist\u00e9rio das Comunica\u00e7\u00f5es, sobre audiodescri\u00e7\u00e3o"},"content":{"rendered":"<p style=\"text-align: center\"><img loading=\"lazy\" decoding=\"async\" class=\"aligncenter\" title=\"Bras\u00e3o Nacional\" src=\"http:\/\/www.olabutador.com\/wp-content\/uploads\/2009\/09\/brasao_nacional_brasil-300x300.jpg\" alt=\"\" width=\"180\" height=\"180\" \/><\/p>\n<p style=\"text-align: center\">PRESID\u00caNCIA DA REP\u00daBLICA<br \/>\nSECRETARIA ESPECIAL DE DIREITOS HUMANOS<br \/>\nCONSELHO NACIONAL DOS DIREITOS DA PESSOA PORTADORA DE DEFICI\u00caNCIA<br \/>\nEsplanada dos Minist\u00e9rios Bloco T, Anexo II do Minist\u00e9rio da Justi\u00e7a, sala 211<br \/>\nBras\u00edlia \u2013 DF CEP 70.064-900<br \/>\nTelefone: (61) 2025-9219 \/ 2025-3673<br \/>\nE-mail: conade@sedh.gov.br P\u00e1gina na internet: www.presidencia.gov.br\/sedh\/conade<\/p>\n<p style=\"text-align: justify\"><strong>NOTA DE EXIGIBILIDADE DA AUDIODESCRI\u00c7\u00c3O<\/strong><\/p>\n<p style=\"text-align: right\"><strong><\/strong><em>Aprovada por unanimidade na II Reuni\u00e3o Extraordin\u00e1ria do CONADE realizada em Bras\u00edlia dia 1 de dezembro de 2009<\/em><\/p>\n<p style=\"text-align: justify\"><em><\/em>Os 25 milh\u00f5es de brasileiros que possuem algum tipo de defici\u00eancia aguardam ansiosamente provid\u00eancias a respeito da implementa\u00e7\u00e3o do recurso da audiodescri\u00e7\u00e3o na programa\u00e7\u00e3o das emissoras de televis\u00e3o brasileiras.<\/p>\n<p>Nesse sentido, o Conselho Nacional dos Direitos das Pessoas com Defici\u00eancia, \u00f3rg\u00e3o deliberativo do segmento que representa, respeitosamente se dirige a V. Exa. para exigir o cumprimento da Conven\u00e7\u00e3o sobre os Direitos das Pessoas com Defici\u00eancia da Organiza\u00e7\u00e3o das Na\u00e7\u00f5es Unidas &#8211; que vigora no Brasil com equival\u00eancia de emenda constitucional, ratificada pelo Decreto Legislativo n.\u00ba 186\/2008 e Decreto n\u00ba 6.949\/2009, e da pr\u00f3pria Agenda Social da Presid\u00eancia da Rep\u00fablica.<\/p>\n<p>Essa Conven\u00e7\u00e3o em nosso ordenamento jur\u00eddico determina a acessibilidade como direito e como princ\u00edpio constitucional e ainda, ao tratar da participa\u00e7\u00e3o na vida cultural, em seu artigo 30, imp\u00f5e que:<\/p>\n<p>1. Os Estados Partes reconhecem o direito das pessoas com defici\u00eancia de participar na vida cultural, em igualdade de oportunidades com as demais pessoas, e tomar\u00e3o todas as medidas apropriadas para que as pessoas com defici\u00eancia possam:<\/p>\n<p>a.     Ter acesso a bens culturais em formatos acess\u00edveis;<\/p>\n<p>b.     Ter acesso a programas de televis\u00e3o, cinema, teatro e outras atividades culturais, em formatos acess\u00edveis.<\/p>\n<p>Solicitamos que o Brasil implemente a Conven\u00e7\u00e3o sobre Direitos das Pessoas com Defici\u00eancia que j\u00e1 ratificou; que o Minist\u00e9rio das Comunica\u00e7\u00f5es cumpra a Portaria n\u00ba 310\/2006 em seu inteiro teor, pondo fim \u00e0 suspens\u00e3o da exigibilidade da mesma; e garanta a audiodescri\u00e7\u00e3o para os cidad\u00e3os brasileiros, sem mais demoras e sem supress\u00e3o de direitos.<\/p>\n<p>AUDIODESCRI\u00c7\u00c3O J\u00c1!<\/p>\n<p>Denise Costa Granja<\/p>\n<p>Presidente<\/p>\n","protected":false},"excerpt":{"rendered":"<p>Nota de rep\u00fadio aprovada por unanimidade pelo CONADE nota ser\u00e1 entregue ao Presidente Lula no dia 3 em Bras\u00edlia.<\/p>\n","protected":false},"author":1,"featured_media":0,"comment_status":"open","ping_status":"open","sticky":false,"template":"","format":"standard","meta":{"site-container-style":"default","site-container-layout":"default","site-sidebar-layout":"default","disable-article-header":"default","disable-site-header":"default","disable-site-footer":"default","disable-content-area-spacing":"default","footnotes":""},"categories":[38,48,4],"tags":[64],"class_list":["post-12841","post","type-post","status-publish","format-standard","hentry","category-deficiencia","category-inclusao","category-noticias","tag-audiodescricao"],"yoast_head":"<!-- This site is optimized with the Yoast SEO plugin v27.4 - https:\/\/yoast.com\/product\/yoast-seo-wordpress\/ -->\n<title>CONADE Repudia a Portaria 985 do Minist\u00e9rio das Comunica\u00e7\u00f5es, sobre audiodescri\u00e7\u00e3o -<\/title>\n<meta name=\"robots\" content=\"index, follow, max-snippet:-1, max-image-preview:large, max-video-preview:-1\" \/>\n<link rel=\"canonical\" href=\"https:\/\/inclusivenews.com.br\/?p=12841\" \/>\n<meta property=\"og:locale\" content=\"pt_PT\" \/>\n<meta property=\"og:type\" content=\"article\" \/>\n<meta property=\"og:title\" content=\"CONADE Repudia a Portaria 985 do Minist\u00e9rio das Comunica\u00e7\u00f5es, sobre audiodescri\u00e7\u00e3o -\" \/>\n<meta property=\"og:description\" content=\"Nota de rep\u00fadio aprovada por unanimidade pelo CONADE nota ser\u00e1 entregue ao Presidente Lula no dia 3 em Bras\u00edlia.\" \/>\n<meta property=\"og:url\" content=\"https:\/\/inclusivenews.com.br\/?p=12841\" \/>\n<meta property=\"article:publisher\" content=\"https:\/\/www.facebook.com\/agenciainclusive\/\" \/>\n<meta property=\"article:published_time\" content=\"2009-12-02T10:50:21+00:00\" \/>\n<meta property=\"og:image\" content=\"http:\/\/www.olabutador.com\/wp-content\/uploads\/2009\/09\/brasao_nacional_brasil-300x300.jpg\" \/>\n<meta name=\"author\" content=\"inclusivenews2024\" \/>\n<meta name=\"twitter:card\" content=\"summary_large_image\" \/>\n<meta name=\"twitter:label1\" content=\"Escrito por\" \/>\n\t<meta name=\"twitter:data1\" content=\"inclusivenews2024\" \/>\n\t<meta name=\"twitter:label2\" content=\"Tempo estimado de leitura\" \/>\n\t<meta name=\"twitter:data2\" content=\"2 minutos\" \/>\n<script type=\"application\/ld+json\" class=\"yoast-schema-graph\">{\"@context\":\"https:\\\/\\\/schema.org\",\"@graph\":[{\"@type\":\"Article\",\"@id\":\"https:\\\/\\\/inclusivenews.com.br\\\/?p=12841#article\",\"isPartOf\":{\"@id\":\"https:\\\/\\\/inclusivenews.com.br\\\/?p=12841\"},\"author\":{\"name\":\"inclusivenews2024\",\"@id\":\"https:\\\/\\\/inclusivenews.com.br\\\/#\\\/schema\\\/person\\\/ae4ec7087559b8692fb33b6fffd2273b\"},\"headline\":\"CONADE Repudia a Portaria 985 do Minist\u00e9rio das Comunica\u00e7\u00f5es, sobre audiodescri\u00e7\u00e3o\",\"datePublished\":\"2009-12-02T10:50:21+00:00\",\"mainEntityOfPage\":{\"@id\":\"https:\\\/\\\/inclusivenews.com.br\\\/?p=12841\"},\"wordCount\":377,\"commentCount\":0,\"publisher\":{\"@id\":\"https:\\\/\\\/inclusivenews.com.br\\\/#organization\"},\"image\":{\"@id\":\"https:\\\/\\\/inclusivenews.com.br\\\/?p=12841#primaryimage\"},\"thumbnailUrl\":\"http:\\\/\\\/www.olabutador.com\\\/wp-content\\\/uploads\\\/2009\\\/09\\\/brasao_nacional_brasil-300x300.jpg\",\"keywords\":[\"Audiodescri\u00e7\u00e3o\"],\"articleSection\":[\"Defici\u00eancia\",\"INCLUS\u00c3O SOCIAL\",\"NOT\u00cdCIAS\"],\"inLanguage\":\"pt-PT\",\"potentialAction\":[{\"@type\":\"CommentAction\",\"name\":\"Comment\",\"target\":[\"https:\\\/\\\/inclusivenews.com.br\\\/?p=12841#respond\"]}]},{\"@type\":\"WebPage\",\"@id\":\"https:\\\/\\\/inclusivenews.com.br\\\/?p=12841\",\"url\":\"https:\\\/\\\/inclusivenews.com.br\\\/?p=12841\",\"name\":\"CONADE Repudia a Portaria 985 do Minist\u00e9rio das Comunica\u00e7\u00f5es, sobre audiodescri\u00e7\u00e3o -\",\"isPartOf\":{\"@id\":\"https:\\\/\\\/inclusivenews.com.br\\\/#website\"},\"primaryImageOfPage\":{\"@id\":\"https:\\\/\\\/inclusivenews.com.br\\\/?p=12841#primaryimage\"},\"image\":{\"@id\":\"https:\\\/\\\/inclusivenews.com.br\\\/?p=12841#primaryimage\"},\"thumbnailUrl\":\"http:\\\/\\\/www.olabutador.com\\\/wp-content\\\/uploads\\\/2009\\\/09\\\/brasao_nacional_brasil-300x300.jpg\",\"datePublished\":\"2009-12-02T10:50:21+00:00\",\"breadcrumb\":{\"@id\":\"https:\\\/\\\/inclusivenews.com.br\\\/?p=12841#breadcrumb\"},\"inLanguage\":\"pt-PT\",\"potentialAction\":[{\"@type\":\"ReadAction\",\"target\":[\"https:\\\/\\\/inclusivenews.com.br\\\/?p=12841\"]}]},{\"@type\":\"ImageObject\",\"inLanguage\":\"pt-PT\",\"@id\":\"https:\\\/\\\/inclusivenews.com.br\\\/?p=12841#primaryimage\",\"url\":\"http:\\\/\\\/www.olabutador.com\\\/wp-content\\\/uploads\\\/2009\\\/09\\\/brasao_nacional_brasil-300x300.jpg\",\"contentUrl\":\"http:\\\/\\\/www.olabutador.com\\\/wp-content\\\/uploads\\\/2009\\\/09\\\/brasao_nacional_brasil-300x300.jpg\"},{\"@type\":\"BreadcrumbList\",\"@id\":\"https:\\\/\\\/inclusivenews.com.br\\\/?p=12841#breadcrumb\",\"itemListElement\":[{\"@type\":\"ListItem\",\"position\":1,\"name\":\"In\u00edcio\",\"item\":\"https:\\\/\\\/inclusivenews.com.br\\\/\"},{\"@type\":\"ListItem\",\"position\":2,\"name\":\"CONADE Repudia a Portaria 985 do Minist\u00e9rio das Comunica\u00e7\u00f5es, sobre audiodescri\u00e7\u00e3o\"}]},{\"@type\":\"WebSite\",\"@id\":\"https:\\\/\\\/inclusivenews.com.br\\\/#website\",\"url\":\"https:\\\/\\\/inclusivenews.com.br\\\/\",\"name\":\"Inclusive News\",\"description\":\"Inclusive News\",\"publisher\":{\"@id\":\"https:\\\/\\\/inclusivenews.com.br\\\/#organization\"},\"potentialAction\":[{\"@type\":\"SearchAction\",\"target\":{\"@type\":\"EntryPoint\",\"urlTemplate\":\"https:\\\/\\\/inclusivenews.com.br\\\/?s={search_term_string}\"},\"query-input\":{\"@type\":\"PropertyValueSpecification\",\"valueRequired\":true,\"valueName\":\"search_term_string\"}}],\"inLanguage\":\"pt-PT\"},{\"@type\":\"Organization\",\"@id\":\"https:\\\/\\\/inclusivenews.com.br\\\/#organization\",\"name\":\"Inclusive - inclus\u00e3o e cidadania\",\"url\":\"https:\\\/\\\/inclusivenews.com.br\\\/\",\"logo\":{\"@type\":\"ImageObject\",\"inLanguage\":\"pt-PT\",\"@id\":\"https:\\\/\\\/inclusivenews.com.br\\\/#\\\/schema\\\/logo\\\/image\\\/\",\"url\":\"https:\\\/\\\/inclusivenews.com.br\\\/wp-content\\\/uploads\\\/2024\\\/03\\\/@grandesite.png\",\"contentUrl\":\"https:\\\/\\\/inclusivenews.com.br\\\/wp-content\\\/uploads\\\/2024\\\/03\\\/@grandesite.png\",\"width\":1080,\"height\":1080,\"caption\":\"Inclusive - inclus\u00e3o e cidadania\"},\"image\":{\"@id\":\"https:\\\/\\\/inclusivenews.com.br\\\/#\\\/schema\\\/logo\\\/image\\\/\"},\"sameAs\":[\"https:\\\/\\\/www.facebook.com\\\/agenciainclusive\\\/\",\"https:\\\/\\\/www.instagram.com\\\/newsinclusive\\\/\"]},{\"@type\":\"Person\",\"@id\":\"https:\\\/\\\/inclusivenews.com.br\\\/#\\\/schema\\\/person\\\/ae4ec7087559b8692fb33b6fffd2273b\",\"name\":\"inclusivenews2024\",\"image\":{\"@type\":\"ImageObject\",\"inLanguage\":\"pt-PT\",\"@id\":\"https:\\\/\\\/secure.gravatar.com\\\/avatar\\\/c5a7ef84c66fa914f55bc4f7ce26cfa275a3b9a1c5568b907bd184fb4dde7b40?s=96&d=mm&r=g\",\"url\":\"https:\\\/\\\/secure.gravatar.com\\\/avatar\\\/c5a7ef84c66fa914f55bc4f7ce26cfa275a3b9a1c5568b907bd184fb4dde7b40?s=96&d=mm&r=g\",\"contentUrl\":\"https:\\\/\\\/secure.gravatar.com\\\/avatar\\\/c5a7ef84c66fa914f55bc4f7ce26cfa275a3b9a1c5568b907bd184fb4dde7b40?s=96&d=mm&r=g\",\"caption\":\"inclusivenews2024\"},\"sameAs\":[\"https:\\\/\\\/inclusivenews.com.br\"],\"url\":\"https:\\\/\\\/inclusivenews.com.br\\\/?author=1\"}]}<\/script>\n<!-- \/ Yoast SEO plugin. -->","yoast_head_json":{"title":"CONADE Repudia a Portaria 985 do Minist\u00e9rio das Comunica\u00e7\u00f5es, sobre audiodescri\u00e7\u00e3o -","robots":{"index":"index","follow":"follow","max-snippet":"max-snippet:-1","max-image-preview":"max-image-preview:large","max-video-preview":"max-video-preview:-1"},"canonical":"https:\/\/inclusivenews.com.br\/?p=12841","og_locale":"pt_PT","og_type":"article","og_title":"CONADE Repudia a Portaria 985 do Minist\u00e9rio das Comunica\u00e7\u00f5es, sobre audiodescri\u00e7\u00e3o -","og_description":"Nota de rep\u00fadio aprovada por unanimidade pelo CONADE nota ser\u00e1 entregue ao Presidente Lula no dia 3 em Bras\u00edlia.","og_url":"https:\/\/inclusivenews.com.br\/?p=12841","article_publisher":"https:\/\/www.facebook.com\/agenciainclusive\/","article_published_time":"2009-12-02T10:50:21+00:00","og_image":[{"url":"http:\/\/www.olabutador.com\/wp-content\/uploads\/2009\/09\/brasao_nacional_brasil-300x300.jpg","type":"","width":"","height":""}],"author":"inclusivenews2024","twitter_card":"summary_large_image","twitter_misc":{"Escrito por":"inclusivenews2024","Tempo estimado de leitura":"2 minutos"},"schema":{"@context":"https:\/\/schema.org","@graph":[{"@type":"Article","@id":"https:\/\/inclusivenews.com.br\/?p=12841#article","isPartOf":{"@id":"https:\/\/inclusivenews.com.br\/?p=12841"},"author":{"name":"inclusivenews2024","@id":"https:\/\/inclusivenews.com.br\/#\/schema\/person\/ae4ec7087559b8692fb33b6fffd2273b"},"headline":"CONADE Repudia a Portaria 985 do Minist\u00e9rio das Comunica\u00e7\u00f5es, sobre audiodescri\u00e7\u00e3o","datePublished":"2009-12-02T10:50:21+00:00","mainEntityOfPage":{"@id":"https:\/\/inclusivenews.com.br\/?p=12841"},"wordCount":377,"commentCount":0,"publisher":{"@id":"https:\/\/inclusivenews.com.br\/#organization"},"image":{"@id":"https:\/\/inclusivenews.com.br\/?p=12841#primaryimage"},"thumbnailUrl":"http:\/\/www.olabutador.com\/wp-content\/uploads\/2009\/09\/brasao_nacional_brasil-300x300.jpg","keywords":["Audiodescri\u00e7\u00e3o"],"articleSection":["Defici\u00eancia","INCLUS\u00c3O SOCIAL","NOT\u00cdCIAS"],"inLanguage":"pt-PT","potentialAction":[{"@type":"CommentAction","name":"Comment","target":["https:\/\/inclusivenews.com.br\/?p=12841#respond"]}]},{"@type":"WebPage","@id":"https:\/\/inclusivenews.com.br\/?p=12841","url":"https:\/\/inclusivenews.com.br\/?p=12841","name":"CONADE Repudia a Portaria 985 do Minist\u00e9rio das Comunica\u00e7\u00f5es, sobre audiodescri\u00e7\u00e3o -","isPartOf":{"@id":"https:\/\/inclusivenews.com.br\/#website"},"primaryImageOfPage":{"@id":"https:\/\/inclusivenews.com.br\/?p=12841#primaryimage"},"image":{"@id":"https:\/\/inclusivenews.com.br\/?p=12841#primaryimage"},"thumbnailUrl":"http:\/\/www.olabutador.com\/wp-content\/uploads\/2009\/09\/brasao_nacional_brasil-300x300.jpg","datePublished":"2009-12-02T10:50:21+00:00","breadcrumb":{"@id":"https:\/\/inclusivenews.com.br\/?p=12841#breadcrumb"},"inLanguage":"pt-PT","potentialAction":[{"@type":"ReadAction","target":["https:\/\/inclusivenews.com.br\/?p=12841"]}]},{"@type":"ImageObject","inLanguage":"pt-PT","@id":"https:\/\/inclusivenews.com.br\/?p=12841#primaryimage","url":"http:\/\/www.olabutador.com\/wp-content\/uploads\/2009\/09\/brasao_nacional_brasil-300x300.jpg","contentUrl":"http:\/\/www.olabutador.com\/wp-content\/uploads\/2009\/09\/brasao_nacional_brasil-300x300.jpg"},{"@type":"BreadcrumbList","@id":"https:\/\/inclusivenews.com.br\/?p=12841#breadcrumb","itemListElement":[{"@type":"ListItem","position":1,"name":"In\u00edcio","item":"https:\/\/inclusivenews.com.br\/"},{"@type":"ListItem","position":2,"name":"CONADE Repudia a Portaria 985 do Minist\u00e9rio das Comunica\u00e7\u00f5es, sobre audiodescri\u00e7\u00e3o"}]},{"@type":"WebSite","@id":"https:\/\/inclusivenews.com.br\/#website","url":"https:\/\/inclusivenews.com.br\/","name":"Inclusive News","description":"Inclusive News","publisher":{"@id":"https:\/\/inclusivenews.com.br\/#organization"},"potentialAction":[{"@type":"SearchAction","target":{"@type":"EntryPoint","urlTemplate":"https:\/\/inclusivenews.com.br\/?s={search_term_string}"},"query-input":{"@type":"PropertyValueSpecification","valueRequired":true,"valueName":"search_term_string"}}],"inLanguage":"pt-PT"},{"@type":"Organization","@id":"https:\/\/inclusivenews.com.br\/#organization","name":"Inclusive - inclus\u00e3o e cidadania","url":"https:\/\/inclusivenews.com.br\/","logo":{"@type":"ImageObject","inLanguage":"pt-PT","@id":"https:\/\/inclusivenews.com.br\/#\/schema\/logo\/image\/","url":"https:\/\/inclusivenews.com.br\/wp-content\/uploads\/2024\/03\/@grandesite.png","contentUrl":"https:\/\/inclusivenews.com.br\/wp-content\/uploads\/2024\/03\/@grandesite.png","width":1080,"height":1080,"caption":"Inclusive - inclus\u00e3o e cidadania"},"image":{"@id":"https:\/\/inclusivenews.com.br\/#\/schema\/logo\/image\/"},"sameAs":["https:\/\/www.facebook.com\/agenciainclusive\/","https:\/\/www.instagram.com\/newsinclusive\/"]},{"@type":"Person","@id":"https:\/\/inclusivenews.com.br\/#\/schema\/person\/ae4ec7087559b8692fb33b6fffd2273b","name":"inclusivenews2024","image":{"@type":"ImageObject","inLanguage":"pt-PT","@id":"https:\/\/secure.gravatar.com\/avatar\/c5a7ef84c66fa914f55bc4f7ce26cfa275a3b9a1c5568b907bd184fb4dde7b40?s=96&d=mm&r=g","url":"https:\/\/secure.gravatar.com\/avatar\/c5a7ef84c66fa914f55bc4f7ce26cfa275a3b9a1c5568b907bd184fb4dde7b40?s=96&d=mm&r=g","contentUrl":"https:\/\/secure.gravatar.com\/avatar\/c5a7ef84c66fa914f55bc4f7ce26cfa275a3b9a1c5568b907bd184fb4dde7b40?s=96&d=mm&r=g","caption":"inclusivenews2024"},"sameAs":["https:\/\/inclusivenews.com.br"],"url":"https:\/\/inclusivenews.com.br\/?author=1"}]}},"_links":{"self":[{"href":"https:\/\/inclusivenews.com.br\/index.php?rest_route=\/wp\/v2\/posts\/12841","targetHints":{"allow":["GET"]}}],"collection":[{"href":"https:\/\/inclusivenews.com.br\/index.php?rest_route=\/wp\/v2\/posts"}],"about":[{"href":"https:\/\/inclusivenews.com.br\/index.php?rest_route=\/wp\/v2\/types\/post"}],"author":[{"embeddable":true,"href":"https:\/\/inclusivenews.com.br\/index.php?rest_route=\/wp\/v2\/users\/1"}],"replies":[{"embeddable":true,"href":"https:\/\/inclusivenews.com.br\/index.php?rest_route=%2Fwp%2Fv2%2Fcomments&post=12841"}],"version-history":[{"count":0,"href":"https:\/\/inclusivenews.com.br\/index.php?rest_route=\/wp\/v2\/posts\/12841\/revisions"}],"wp:attachment":[{"href":"https:\/\/inclusivenews.com.br\/index.php?rest_route=%2Fwp%2Fv2%2Fmedia&parent=12841"}],"wp:term":[{"taxonomy":"category","embeddable":true,"href":"https:\/\/inclusivenews.com.br\/index.php?rest_route=%2Fwp%2Fv2%2Fcategories&post=12841"},{"taxonomy":"post_tag","embeddable":true,"href":"https:\/\/inclusivenews.com.br\/index.php?rest_route=%2Fwp%2Fv2%2Ftags&post=12841"}],"curies":[{"name":"wp","href":"https:\/\/api.w.org\/{rel}","templated":true}]}}