{"id":12843,"date":"2009-12-02T08:16:56","date_gmt":"2009-12-02T11:16:56","guid":{"rendered":"http:\/\/www.inclusive.org.br\/?p=12843"},"modified":"2009-12-02T08:16:56","modified_gmt":"2009-12-02T11:16:56","slug":"em-pesquisa-discriminacao-e-rejeitada-em-enquete-virtual-e-aprovada","status":"publish","type":"post","link":"https:\/\/inclusivenews.com.br\/?p=12843","title":{"rendered":"Em pesquisa, discrimina\u00e7\u00e3o \u00e9 rejeitada. Em enquete virtual com suspeita de burla, \u00e9 aprovada."},"content":{"rendered":"<p style=\"text-align: justify;\"><img loading=\"lazy\" decoding=\"async\" class=\"alignleft\" title=\"Pessoas sob uma imensa bandeira representando o movimento GLBT.\" src=\"http:\/\/www.senado.gov.br\/noticia\/multimidia\/verImagem.aspx?codImagem=193432\" alt=\"Pessoas sob uma imensa bandeira representando o movimento GLBT.\" width=\"212\" height=\"146\" \/>A maioria dos internautas que votou na enquete da Ag\u00eancia Senado e da Secretaria de Pesquisas e Opini\u00e3o P\u00fablica (Sepop), no m\u00eas de novembro, se posicionou contra a aprova\u00e7\u00e3o do PLC 122\/06, que torna crime a discrimina\u00e7\u00e3o contra idosos, deficientes e homossexuais. Do total, 51,54% foram contr\u00e1rios \u00e0 proposta e 48,46% a favor.<\/p>\n<p style=\"text-align: justify;\">A enquete recebeu 465.326 votos, e foi a que mais mobilizou votantes desde que esse tipo de consulta foi criado. At\u00e9 ent\u00e3o, o que mais havia atra\u00eddo internautas foi o questionamento a respeito do projeto que institui cotas raciais, que recebeu quase 360 mil votos.<\/p>\n<p style=\"text-align: justify;\">A Ag\u00eancia Senado frisa que as enquetes pela internet n\u00e3o utilizam m\u00e9todos cient\u00edficos, apenas colocam os temas em debate. Entretanto, o DataSenado fez pesquisa, dessa vez cient\u00edfica, a respeito do tema e nesse caso, <a href=\"http:\/\/www.senado.gov.br\/sf\/senado\/centralderelacionamento\/sepop\/pdf\/datasenado\/Pesquisa%20PLC%20122.pdf\" target=\"_blank\" rel=\"noopener\">70% dos entrevistados foram favor\u00e1veis ao projeto que criminaliza a homofobia <img decoding=\"async\" title=\"Link abrir\u00e1 em uma nova janela\" src=\"http:\/\/www.inclusive.org.br\/images\/new_window.gif\" alt=\"Link abrir\u00e1 em uma nova janela ou aba.\" \/><\/a>. Veja detalhes <a href=\"http:\/\/www.senado.gov.br\/sf\/senado\/centralderelacionamento\/sepop\/?page=noticia13\" target=\"_blank\" rel=\"noopener\">aqu i<img decoding=\"async\" title=\"Link abrir\u00e1 em uma nova janela\" src=\"http:\/\/www.inclusive.org.br\/images\/new_window.gif\" alt=\"Link abrir\u00e1 em uma nova janela ou aba.\" \/>.<\/a><\/p>\n<p style=\"text-align: justify;\">No in\u00edcio do m\u00eas, a enquete enfrentou problemas t\u00e9cnicos, saiu do ar por alguns dias e retornou depois, com o aprimoramento do sistema de seguran\u00e7a. Houve a suspeita de burla ao sistema, j\u00e1 que em apenas tr\u00eas dias no ar (de 3 a 6 de dezembro), recebeu mais de 500 mil respostas.<\/p>\n<p style=\"text-align: justify;\">Veja <a href=\"http:\/\/www.senado.gov.br\/sf\/senado\/centralderelacionamento\/sepop\/?page=enquete_ant\" target=\"_blank\" rel=\"noopener\">aqui <img decoding=\"async\" title=\"Link abrir\u00e1 em uma nova janela\" src=\"http:\/\/www.inclusive.org.br\/images\/new_window.gif\" alt=\"Link abrir\u00e1 em uma nova janela ou aba.\" \/><\/a>.<\/p>\n<p style=\"text-align: justify;\"><strong>Tramita\u00e7\u00e3o<\/strong><\/p>\n<p style=\"text-align: justify;\">Substitutivo ao <a href=\"http:\/\/www.senado.gov.br\/sf\/atividade\/materia\/detalhes.asp?p_cod_mate=79604\" target=\"_blank\" rel=\"noopener\">PLC 122\/06 <img decoding=\"async\" title=\"Link abrir\u00e1 em uma nova janela\" src=\"http:\/\/www.inclusive.org.br\/images\/new_window.gif\" alt=\"Link abrir\u00e1 em uma nova janela ou aba.\" \/><\/a>, relatado pela senadora F\u00e1tima Cleide (PT-RO), foi aprovado na Comiss\u00e3o de Assuntos Sociais (CAS) e tramita agora na Comiss\u00e3o de Direitos Humanos e Legisla\u00e7\u00e3o Participativa (CDH). O texto prev\u00ea a puni\u00e7\u00e3o com pena de um a tr\u00eas anos de pris\u00e3o, pela discrimina\u00e7\u00e3o contra pessoa idosa ou com defici\u00eancia e ainda em raz\u00e3o da orienta\u00e7\u00e3o sexual .<\/p>\n<p style=\"text-align: justify;\">Pelo texto do substitutivo, a lei que define e pune atos de preconceito de ra\u00e7a, cor, etnia, religi\u00e3o ou origem (Lei 7.716, de 1989), passa a tamb\u00e9m tratar da discrimina\u00e7\u00e3o contra pessoa idosa, com defici\u00eancia e por orienta\u00e7\u00e3o sexual, sexo ou identidade de g\u00eanero. Em rela\u00e7\u00e3o ao projeto da C\u00e2mara, houve a inclus\u00e3o dos idosos e das pessoas com defici\u00eancia entre os protegidos pela proposta.<\/p>\n<p style=\"text-align: justify;\">O projeto \u00e9 pol\u00eamico e tramita no Senado desde o final de 2006, ano em que foi aprovado na C\u00e2mara. Uma dos argumentos levantados por seus opositores \u00e9 que ele fere o direito \u00e0 liberdade religiosa e o direito \u00e0 opini\u00e3o.<\/p>\n<p style=\"text-align: justify;\">O dispositivo que mais preocupa os parlamentares opositores ao projeto \u00e9 o que define pena de at\u00e9 tr\u00eas anos de pris\u00e3o para quem praticar, induzir ou incitar a discrimina\u00e7\u00e3o ou preconceitos semelhantes.<\/p>\n<p style=\"text-align: justify;\">A mat\u00e9ria ainda deve ser analisada, al\u00e9m da CDH, pela Comiss\u00e3o de Constitui\u00e7\u00e3o, Justi\u00e7a e Cidadania (CCJ) e pelo Plen\u00e1rio do Senado. Se aprovada por essas duas inst\u00e2ncias, volta \u00e0 C\u00e2mara, pois o texto proveniente daquela Casa foi modificado.<\/p>\n<p style=\"text-align: justify;\">__________________________________<\/p>\n<p style=\"text-align: justify;\"><strong>Fonte de informa\u00e7\u00e3o: <\/strong><a href=\"http:\/\/www.senado.gov.br\/agencia\/verNoticia.aspx?codNoticia=97900&amp;codAplicativo=2&amp;codEditoria=3330\" target=\"_blank\" rel=\"noopener\">Ag\u00eancia Senado <img decoding=\"async\" title=\"Link abrir\u00e1 em uma nova janela\" src=\"http:\/\/www.inclusive.org.br\/images\/new_window.gif\" alt=\"Link abrir\u00e1 em uma nova janela ou aba.\" \/><\/a><\/p>\n","protected":false},"excerpt":{"rendered":"<p>Em enquete virtual, 51,54% s\u00e3o contr\u00e1rios \u00e0 criminaliza\u00e7\u00e3o de situ\u00e7\u00f5es de discrimina\u00e7\u00e3o. Em pesquisa cient\u00edfica, 70% s\u00e3o favor\u00e1veis ao projeto. O alerta \u00e9 da Ag\u00eancia Senado.<\/p>\n","protected":false},"author":1,"featured_media":0,"comment_status":"open","ping_status":"open","sticky":false,"template":"","format":"standard","meta":{"site-container-style":"default","site-container-layout":"default","site-sidebar-layout":"default","disable-article-header":"default","disable-site-header":"default","disable-site-footer":"default","disable-content-area-spacing":"default","footnotes":""},"categories":[11,40,4,41],"tags":[],"class_list":["post-12843","post","type-post","status-publish","format-standard","hentry","category-direitos-humanos","category-diversidade","category-noticias","category-preconceito"],"yoast_head":"<!-- This site is optimized with the Yoast SEO plugin v27.4 - https:\/\/yoast.com\/product\/yoast-seo-wordpress\/ -->\n<title>Em pesquisa, discrimina\u00e7\u00e3o \u00e9 rejeitada. Em enquete virtual com suspeita de burla, \u00e9 aprovada. -<\/title>\n<meta name=\"robots\" content=\"index, follow, max-snippet:-1, max-image-preview:large, max-video-preview:-1\" \/>\n<link rel=\"canonical\" href=\"https:\/\/inclusivenews.com.br\/?p=12843\" \/>\n<meta property=\"og:locale\" content=\"pt_PT\" \/>\n<meta property=\"og:type\" content=\"article\" \/>\n<meta property=\"og:title\" content=\"Em pesquisa, discrimina\u00e7\u00e3o \u00e9 rejeitada. Em enquete virtual com suspeita de burla, \u00e9 aprovada. -\" \/>\n<meta property=\"og:description\" content=\"Em enquete virtual, 51,54% s\u00e3o contr\u00e1rios \u00e0 criminaliza\u00e7\u00e3o de situ\u00e7\u00f5es de discrimina\u00e7\u00e3o. Em pesquisa cient\u00edfica, 70% s\u00e3o favor\u00e1veis ao projeto. O alerta \u00e9 da Ag\u00eancia Senado.\" \/>\n<meta property=\"og:url\" content=\"https:\/\/inclusivenews.com.br\/?p=12843\" \/>\n<meta property=\"article:publisher\" content=\"https:\/\/www.facebook.com\/agenciainclusive\/\" \/>\n<meta property=\"article:published_time\" content=\"2009-12-02T11:16:56+00:00\" \/>\n<meta property=\"og:image\" content=\"http:\/\/www.senado.gov.br\/noticia\/multimidia\/verImagem.aspx?codImagem=193432\" \/>\n<meta name=\"author\" content=\"inclusivenews2024\" \/>\n<meta name=\"twitter:card\" content=\"summary_large_image\" \/>\n<meta name=\"twitter:label1\" content=\"Escrito por\" \/>\n\t<meta name=\"twitter:data1\" content=\"inclusivenews2024\" \/>\n\t<meta name=\"twitter:label2\" content=\"Tempo estimado de leitura\" \/>\n\t<meta name=\"twitter:data2\" content=\"2 minutos\" \/>\n<script type=\"application\/ld+json\" class=\"yoast-schema-graph\">{\"@context\":\"https:\\\/\\\/schema.org\",\"@graph\":[{\"@type\":\"Article\",\"@id\":\"https:\\\/\\\/inclusivenews.com.br\\\/?p=12843#article\",\"isPartOf\":{\"@id\":\"https:\\\/\\\/inclusivenews.com.br\\\/?p=12843\"},\"author\":{\"name\":\"inclusivenews2024\",\"@id\":\"https:\\\/\\\/inclusivenews.com.br\\\/#\\\/schema\\\/person\\\/ae4ec7087559b8692fb33b6fffd2273b\"},\"headline\":\"Em pesquisa, discrimina\u00e7\u00e3o \u00e9 rejeitada. Em enquete virtual com suspeita de burla, \u00e9 aprovada.\",\"datePublished\":\"2009-12-02T11:16:56+00:00\",\"mainEntityOfPage\":{\"@id\":\"https:\\\/\\\/inclusivenews.com.br\\\/?p=12843\"},\"wordCount\":495,\"commentCount\":0,\"publisher\":{\"@id\":\"https:\\\/\\\/inclusivenews.com.br\\\/#organization\"},\"image\":{\"@id\":\"https:\\\/\\\/inclusivenews.com.br\\\/?p=12843#primaryimage\"},\"thumbnailUrl\":\"http:\\\/\\\/www.senado.gov.br\\\/noticia\\\/multimidia\\\/verImagem.aspx?codImagem=193432\",\"articleSection\":[\"DIREITOS HUMANOS\",\"Diversidade\",\"NOT\u00cdCIAS\",\"Preconceito\"],\"inLanguage\":\"pt-PT\",\"potentialAction\":[{\"@type\":\"CommentAction\",\"name\":\"Comment\",\"target\":[\"https:\\\/\\\/inclusivenews.com.br\\\/?p=12843#respond\"]}]},{\"@type\":\"WebPage\",\"@id\":\"https:\\\/\\\/inclusivenews.com.br\\\/?p=12843\",\"url\":\"https:\\\/\\\/inclusivenews.com.br\\\/?p=12843\",\"name\":\"Em pesquisa, discrimina\u00e7\u00e3o \u00e9 rejeitada. Em enquete virtual com suspeita de burla, \u00e9 aprovada. -\",\"isPartOf\":{\"@id\":\"https:\\\/\\\/inclusivenews.com.br\\\/#website\"},\"primaryImageOfPage\":{\"@id\":\"https:\\\/\\\/inclusivenews.com.br\\\/?p=12843#primaryimage\"},\"image\":{\"@id\":\"https:\\\/\\\/inclusivenews.com.br\\\/?p=12843#primaryimage\"},\"thumbnailUrl\":\"http:\\\/\\\/www.senado.gov.br\\\/noticia\\\/multimidia\\\/verImagem.aspx?codImagem=193432\",\"datePublished\":\"2009-12-02T11:16:56+00:00\",\"breadcrumb\":{\"@id\":\"https:\\\/\\\/inclusivenews.com.br\\\/?p=12843#breadcrumb\"},\"inLanguage\":\"pt-PT\",\"potentialAction\":[{\"@type\":\"ReadAction\",\"target\":[\"https:\\\/\\\/inclusivenews.com.br\\\/?p=12843\"]}]},{\"@type\":\"ImageObject\",\"inLanguage\":\"pt-PT\",\"@id\":\"https:\\\/\\\/inclusivenews.com.br\\\/?p=12843#primaryimage\",\"url\":\"http:\\\/\\\/www.senado.gov.br\\\/noticia\\\/multimidia\\\/verImagem.aspx?codImagem=193432\",\"contentUrl\":\"http:\\\/\\\/www.senado.gov.br\\\/noticia\\\/multimidia\\\/verImagem.aspx?codImagem=193432\"},{\"@type\":\"BreadcrumbList\",\"@id\":\"https:\\\/\\\/inclusivenews.com.br\\\/?p=12843#breadcrumb\",\"itemListElement\":[{\"@type\":\"ListItem\",\"position\":1,\"name\":\"In\u00edcio\",\"item\":\"https:\\\/\\\/inclusivenews.com.br\\\/\"},{\"@type\":\"ListItem\",\"position\":2,\"name\":\"Em pesquisa, discrimina\u00e7\u00e3o \u00e9 rejeitada. Em enquete virtual com suspeita de burla, \u00e9 aprovada.\"}]},{\"@type\":\"WebSite\",\"@id\":\"https:\\\/\\\/inclusivenews.com.br\\\/#website\",\"url\":\"https:\\\/\\\/inclusivenews.com.br\\\/\",\"name\":\"Inclusive News\",\"description\":\"Inclusive News\",\"publisher\":{\"@id\":\"https:\\\/\\\/inclusivenews.com.br\\\/#organization\"},\"potentialAction\":[{\"@type\":\"SearchAction\",\"target\":{\"@type\":\"EntryPoint\",\"urlTemplate\":\"https:\\\/\\\/inclusivenews.com.br\\\/?s={search_term_string}\"},\"query-input\":{\"@type\":\"PropertyValueSpecification\",\"valueRequired\":true,\"valueName\":\"search_term_string\"}}],\"inLanguage\":\"pt-PT\"},{\"@type\":\"Organization\",\"@id\":\"https:\\\/\\\/inclusivenews.com.br\\\/#organization\",\"name\":\"Inclusive - inclus\u00e3o e cidadania\",\"url\":\"https:\\\/\\\/inclusivenews.com.br\\\/\",\"logo\":{\"@type\":\"ImageObject\",\"inLanguage\":\"pt-PT\",\"@id\":\"https:\\\/\\\/inclusivenews.com.br\\\/#\\\/schema\\\/logo\\\/image\\\/\",\"url\":\"https:\\\/\\\/inclusivenews.com.br\\\/wp-content\\\/uploads\\\/2024\\\/03\\\/@grandesite.png\",\"contentUrl\":\"https:\\\/\\\/inclusivenews.com.br\\\/wp-content\\\/uploads\\\/2024\\\/03\\\/@grandesite.png\",\"width\":1080,\"height\":1080,\"caption\":\"Inclusive - inclus\u00e3o e cidadania\"},\"image\":{\"@id\":\"https:\\\/\\\/inclusivenews.com.br\\\/#\\\/schema\\\/logo\\\/image\\\/\"},\"sameAs\":[\"https:\\\/\\\/www.facebook.com\\\/agenciainclusive\\\/\",\"https:\\\/\\\/www.instagram.com\\\/newsinclusive\\\/\"]},{\"@type\":\"Person\",\"@id\":\"https:\\\/\\\/inclusivenews.com.br\\\/#\\\/schema\\\/person\\\/ae4ec7087559b8692fb33b6fffd2273b\",\"name\":\"inclusivenews2024\",\"image\":{\"@type\":\"ImageObject\",\"inLanguage\":\"pt-PT\",\"@id\":\"https:\\\/\\\/secure.gravatar.com\\\/avatar\\\/c5a7ef84c66fa914f55bc4f7ce26cfa275a3b9a1c5568b907bd184fb4dde7b40?s=96&d=mm&r=g\",\"url\":\"https:\\\/\\\/secure.gravatar.com\\\/avatar\\\/c5a7ef84c66fa914f55bc4f7ce26cfa275a3b9a1c5568b907bd184fb4dde7b40?s=96&d=mm&r=g\",\"contentUrl\":\"https:\\\/\\\/secure.gravatar.com\\\/avatar\\\/c5a7ef84c66fa914f55bc4f7ce26cfa275a3b9a1c5568b907bd184fb4dde7b40?s=96&d=mm&r=g\",\"caption\":\"inclusivenews2024\"},\"sameAs\":[\"https:\\\/\\\/inclusivenews.com.br\"],\"url\":\"https:\\\/\\\/inclusivenews.com.br\\\/?author=1\"}]}<\/script>\n<!-- \/ Yoast SEO plugin. -->","yoast_head_json":{"title":"Em pesquisa, discrimina\u00e7\u00e3o \u00e9 rejeitada. Em enquete virtual com suspeita de burla, \u00e9 aprovada. -","robots":{"index":"index","follow":"follow","max-snippet":"max-snippet:-1","max-image-preview":"max-image-preview:large","max-video-preview":"max-video-preview:-1"},"canonical":"https:\/\/inclusivenews.com.br\/?p=12843","og_locale":"pt_PT","og_type":"article","og_title":"Em pesquisa, discrimina\u00e7\u00e3o \u00e9 rejeitada. Em enquete virtual com suspeita de burla, \u00e9 aprovada. -","og_description":"Em enquete virtual, 51,54% s\u00e3o contr\u00e1rios \u00e0 criminaliza\u00e7\u00e3o de situ\u00e7\u00f5es de discrimina\u00e7\u00e3o. Em pesquisa cient\u00edfica, 70% s\u00e3o favor\u00e1veis ao projeto. O alerta \u00e9 da Ag\u00eancia Senado.","og_url":"https:\/\/inclusivenews.com.br\/?p=12843","article_publisher":"https:\/\/www.facebook.com\/agenciainclusive\/","article_published_time":"2009-12-02T11:16:56+00:00","og_image":[{"url":"http:\/\/www.senado.gov.br\/noticia\/multimidia\/verImagem.aspx?codImagem=193432","type":"","width":"","height":""}],"author":"inclusivenews2024","twitter_card":"summary_large_image","twitter_misc":{"Escrito por":"inclusivenews2024","Tempo estimado de leitura":"2 minutos"},"schema":{"@context":"https:\/\/schema.org","@graph":[{"@type":"Article","@id":"https:\/\/inclusivenews.com.br\/?p=12843#article","isPartOf":{"@id":"https:\/\/inclusivenews.com.br\/?p=12843"},"author":{"name":"inclusivenews2024","@id":"https:\/\/inclusivenews.com.br\/#\/schema\/person\/ae4ec7087559b8692fb33b6fffd2273b"},"headline":"Em pesquisa, discrimina\u00e7\u00e3o \u00e9 rejeitada. Em enquete virtual com suspeita de burla, \u00e9 aprovada.","datePublished":"2009-12-02T11:16:56+00:00","mainEntityOfPage":{"@id":"https:\/\/inclusivenews.com.br\/?p=12843"},"wordCount":495,"commentCount":0,"publisher":{"@id":"https:\/\/inclusivenews.com.br\/#organization"},"image":{"@id":"https:\/\/inclusivenews.com.br\/?p=12843#primaryimage"},"thumbnailUrl":"http:\/\/www.senado.gov.br\/noticia\/multimidia\/verImagem.aspx?codImagem=193432","articleSection":["DIREITOS HUMANOS","Diversidade","NOT\u00cdCIAS","Preconceito"],"inLanguage":"pt-PT","potentialAction":[{"@type":"CommentAction","name":"Comment","target":["https:\/\/inclusivenews.com.br\/?p=12843#respond"]}]},{"@type":"WebPage","@id":"https:\/\/inclusivenews.com.br\/?p=12843","url":"https:\/\/inclusivenews.com.br\/?p=12843","name":"Em pesquisa, discrimina\u00e7\u00e3o \u00e9 rejeitada. Em enquete virtual com suspeita de burla, \u00e9 aprovada. -","isPartOf":{"@id":"https:\/\/inclusivenews.com.br\/#website"},"primaryImageOfPage":{"@id":"https:\/\/inclusivenews.com.br\/?p=12843#primaryimage"},"image":{"@id":"https:\/\/inclusivenews.com.br\/?p=12843#primaryimage"},"thumbnailUrl":"http:\/\/www.senado.gov.br\/noticia\/multimidia\/verImagem.aspx?codImagem=193432","datePublished":"2009-12-02T11:16:56+00:00","breadcrumb":{"@id":"https:\/\/inclusivenews.com.br\/?p=12843#breadcrumb"},"inLanguage":"pt-PT","potentialAction":[{"@type":"ReadAction","target":["https:\/\/inclusivenews.com.br\/?p=12843"]}]},{"@type":"ImageObject","inLanguage":"pt-PT","@id":"https:\/\/inclusivenews.com.br\/?p=12843#primaryimage","url":"http:\/\/www.senado.gov.br\/noticia\/multimidia\/verImagem.aspx?codImagem=193432","contentUrl":"http:\/\/www.senado.gov.br\/noticia\/multimidia\/verImagem.aspx?codImagem=193432"},{"@type":"BreadcrumbList","@id":"https:\/\/inclusivenews.com.br\/?p=12843#breadcrumb","itemListElement":[{"@type":"ListItem","position":1,"name":"In\u00edcio","item":"https:\/\/inclusivenews.com.br\/"},{"@type":"ListItem","position":2,"name":"Em pesquisa, discrimina\u00e7\u00e3o \u00e9 rejeitada. Em enquete virtual com suspeita de burla, \u00e9 aprovada."}]},{"@type":"WebSite","@id":"https:\/\/inclusivenews.com.br\/#website","url":"https:\/\/inclusivenews.com.br\/","name":"Inclusive News","description":"Inclusive News","publisher":{"@id":"https:\/\/inclusivenews.com.br\/#organization"},"potentialAction":[{"@type":"SearchAction","target":{"@type":"EntryPoint","urlTemplate":"https:\/\/inclusivenews.com.br\/?s={search_term_string}"},"query-input":{"@type":"PropertyValueSpecification","valueRequired":true,"valueName":"search_term_string"}}],"inLanguage":"pt-PT"},{"@type":"Organization","@id":"https:\/\/inclusivenews.com.br\/#organization","name":"Inclusive - inclus\u00e3o e cidadania","url":"https:\/\/inclusivenews.com.br\/","logo":{"@type":"ImageObject","inLanguage":"pt-PT","@id":"https:\/\/inclusivenews.com.br\/#\/schema\/logo\/image\/","url":"https:\/\/inclusivenews.com.br\/wp-content\/uploads\/2024\/03\/@grandesite.png","contentUrl":"https:\/\/inclusivenews.com.br\/wp-content\/uploads\/2024\/03\/@grandesite.png","width":1080,"height":1080,"caption":"Inclusive - inclus\u00e3o e cidadania"},"image":{"@id":"https:\/\/inclusivenews.com.br\/#\/schema\/logo\/image\/"},"sameAs":["https:\/\/www.facebook.com\/agenciainclusive\/","https:\/\/www.instagram.com\/newsinclusive\/"]},{"@type":"Person","@id":"https:\/\/inclusivenews.com.br\/#\/schema\/person\/ae4ec7087559b8692fb33b6fffd2273b","name":"inclusivenews2024","image":{"@type":"ImageObject","inLanguage":"pt-PT","@id":"https:\/\/secure.gravatar.com\/avatar\/c5a7ef84c66fa914f55bc4f7ce26cfa275a3b9a1c5568b907bd184fb4dde7b40?s=96&d=mm&r=g","url":"https:\/\/secure.gravatar.com\/avatar\/c5a7ef84c66fa914f55bc4f7ce26cfa275a3b9a1c5568b907bd184fb4dde7b40?s=96&d=mm&r=g","contentUrl":"https:\/\/secure.gravatar.com\/avatar\/c5a7ef84c66fa914f55bc4f7ce26cfa275a3b9a1c5568b907bd184fb4dde7b40?s=96&d=mm&r=g","caption":"inclusivenews2024"},"sameAs":["https:\/\/inclusivenews.com.br"],"url":"https:\/\/inclusivenews.com.br\/?author=1"}]}},"_links":{"self":[{"href":"https:\/\/inclusivenews.com.br\/index.php?rest_route=\/wp\/v2\/posts\/12843","targetHints":{"allow":["GET"]}}],"collection":[{"href":"https:\/\/inclusivenews.com.br\/index.php?rest_route=\/wp\/v2\/posts"}],"about":[{"href":"https:\/\/inclusivenews.com.br\/index.php?rest_route=\/wp\/v2\/types\/post"}],"author":[{"embeddable":true,"href":"https:\/\/inclusivenews.com.br\/index.php?rest_route=\/wp\/v2\/users\/1"}],"replies":[{"embeddable":true,"href":"https:\/\/inclusivenews.com.br\/index.php?rest_route=%2Fwp%2Fv2%2Fcomments&post=12843"}],"version-history":[{"count":0,"href":"https:\/\/inclusivenews.com.br\/index.php?rest_route=\/wp\/v2\/posts\/12843\/revisions"}],"wp:attachment":[{"href":"https:\/\/inclusivenews.com.br\/index.php?rest_route=%2Fwp%2Fv2%2Fmedia&parent=12843"}],"wp:term":[{"taxonomy":"category","embeddable":true,"href":"https:\/\/inclusivenews.com.br\/index.php?rest_route=%2Fwp%2Fv2%2Fcategories&post=12843"},{"taxonomy":"post_tag","embeddable":true,"href":"https:\/\/inclusivenews.com.br\/index.php?rest_route=%2Fwp%2Fv2%2Ftags&post=12843"}],"curies":[{"name":"wp","href":"https:\/\/api.w.org\/{rel}","templated":true}]}}