{"id":1286,"date":"2008-09-30T11:51:16","date_gmt":"2008-09-30T11:51:16","guid":{"rendered":"http:\/\/agenciainclusive.wordpress.com\/?p=1286"},"modified":"2008-09-30T11:51:16","modified_gmt":"2008-09-30T11:51:16","slug":"congresso-discute-sindrome-de-down","status":"publish","type":"post","link":"https:\/\/inclusivenews.com.br\/?p=1286","title":{"rendered":"Congresso discute s\u00edndrome de Down"},"content":{"rendered":"<p>Londrina &#8211; Preparar pessoas com s\u00edndrome de Down para o trabalho \u00e9 o objetivo do projeto Aura, desenvolvido em Barcelona, na Espanha, cujos resultados foram apresentados ontem durante o V Congresso Brasileiro Sobre S\u00edndrome de Down (CBSD), que termina amanh\u00e3 no Centro de Exposi\u00e7\u00f5es e Eventos de Londrina. O evento \u00e9 realizado por Associa\u00e7\u00e3o de Pais e Amigos de Pessoas com S\u00edndrome de Down (APS Down), de Londrina, Associa\u00e7\u00e3o Reviver Down (Curitiba) e Federa\u00e7\u00e3o Brasileira das Associa\u00e7\u00f5es de S\u00edndrome de Down (FBASD).<\/p>\n<figure style=\"width: 200px\" class=\"wp-caption alignleft\"><img loading=\"lazy\" decoding=\"async\" src=\"http:\/\/www.bonde.com.br\/folha\/imgsistema\/2008\/09\/img_2545.jpg\" alt=\"Deisy Bauml e o filho Alessander, que \u00e9 assistente da m\u00e3e\" width=\"200\" height=\"177\" \/><figcaption class=\"wp-caption-text\">Deisy Bauml e o filho Alessander, que \u00e9 assistente da m\u00e3e<\/figcaption><\/figure>\n<p>Pioneiro na Espanha, onde come\u00e7ou a ser aplicado em 1989, o projeto \u00e9 baseado na metodologia &#8220;emprego com suporte&#8221;. De acordo com Maria Del Carmem Llores -que proferiu a confer\u00eancia junto com Roser Fern\u00e1ndez-, antes de serem encaminhados para empresas, as pessoas com s\u00edndrome de down frequentam o centro da organiza\u00e7\u00e3o para desenvolverem habilidades sociais, conhecerem o mundo do trabalho e adquirirem autonomia laboral. &#8220;Eles precisam amadurecer para encarar a responsabilidade&#8221;, comentou.<\/p>\n<p>Ap\u00f3s essa fase, eles passam a freq\u00fcentar a poss\u00edvel empresa contratante para aprender o servi\u00e7o, com apoio de um preparador laboral do projeto. &#8220;Quando eles est\u00e3o trabalhando bem, o empres\u00e1rio contrata. O centro continua fazendo um acompanhamento pontual, realizando interven\u00e7\u00f5es quando \u00e9 necess\u00e1rio&#8221;.<\/p>\n<p>Maria Llores ressaltou que conseguir o trabalho \u00e9 f\u00e1cil, a maior dificuldade \u00e9 manter o emprego e obter promo\u00e7\u00f5es. Hoje, em Barcelona, 85 pessoas com a s\u00edndrome trabalham com acompanhamento do projeto Aura.<\/p>\n<p>A entidade tamb\u00e9m \u00e9 respons\u00e1vel pelo projeto Vida Independente, que visa dotar de automia os portadores da s\u00edndorme, preparando-os para serem independentes. Por tr\u00eas meses, tr\u00eas alunos do centro moram com tr\u00eas estudantes universit\u00e1rios, para aprender a realizar tarefas do dia-a-dia como arrumar a cama, fazer compras ou por a roupa na m\u00e1quina de lavar. &#8220;Eles aprendem e se tornar capazes de serem independentes. O maior desafio \u00e9 evitar que as fam\u00edlias continuem superprotegendo&#8221;, afirmou.<\/p>\n<p>Outro assunto tratado ontem no congresso foi a &#8220;Sexualidade das pessoas com s\u00edndrome de Down na adolesc\u00eancia e na vida adulta&#8221;. O curso foi ministrado pela professora Deisy Mohr Bauml, especialista em sexualidade de pessoas com defici\u00eancia. Segundo ela, a quest\u00e3o ainda \u00e9 tratada como tabu no Brasil, pois a sociedade encara os deficientes como pessoas exarcebadas sexualmente ou totalmente desprovidas de sexualidade, o que n\u00e3o corresponde \u00e0 realidade. &#8220;A sexualidade dos deficientes \u00e9 normal&#8221;, disse.<\/p>\n<p>Assim como todas as crian\u00e7as, eles devem ser preparados para vivenciar esse aspecto da vida ainda pequenos, em conversas informais na fam\u00edlia e atrav\u00e9s do cumprimento das leis que asseguram o direito de receberem orienta\u00e7\u00e3o sexual nas escolas, sejam elas inclusivas ou especiais. &#8220;A orienta\u00e7\u00e3o sexual adequada previne comportamentos de risco&#8221;, considerou.<\/p>\n<p>Deisy explicou que os portadores de defici\u00eancia sofrem abusos sexuais numa m\u00e9dia maior que a popula\u00e7\u00e3o em geral. &#8220;Eles s\u00e3o v\u00edtimas f\u00e1ceis porque s\u00e3o mais bondosos. Quando bem orientados, tornam-se capazes de reconhecer situa\u00e7\u00f5es de risco&#8221;, disse. A informa\u00e7\u00e3o tmab\u00e9m \u00e9 importante para evitar gravidez e doen\u00e7as sexualmente transmiss\u00edveis.<\/p>\n<p>Carolina Avansini<br \/>\nEquipe da Folha<br \/>\nFonte: http:\/\/www.bonde.com.br\/folha\/folhad.php?id=17150&amp;dt=20080926<\/p>\n","protected":false},"excerpt":{"rendered":"<p>Londrina &#8211; Preparar pessoas com s\u00edndrome de Down para o trabalho \u00e9 o objetivo do projeto Aura, desenvolvido em Barcelona, na Espanha, cujos resultados foram apresentados ontem durante o V Congresso Brasileiro Sobre S\u00edndrome de Down (CBSD), que termina amanh\u00e3 no Centro de Exposi\u00e7\u00f5es e Eventos de Londrina. O evento \u00e9 realizado por Associa\u00e7\u00e3o de [&hellip;]<\/p>\n","protected":false},"author":2,"featured_media":0,"comment_status":"open","ping_status":"open","sticky":false,"template":"","format":"standard","meta":{"site-container-style":"default","site-container-layout":"default","site-sidebar-layout":"default","disable-article-header":"default","disable-site-header":"default","disable-site-footer":"default","disable-content-area-spacing":"default","footnotes":""},"categories":[4,16],"tags":[15],"class_list":["post-1286","post","type-post","status-publish","format-standard","hentry","category-noticias","category-video","tag-multimidia"],"yoast_head":"<!-- This site is optimized with the Yoast SEO plugin v27.4 - https:\/\/yoast.com\/product\/yoast-seo-wordpress\/ -->\n<title>Congresso discute s\u00edndrome de Down -<\/title>\n<meta name=\"robots\" content=\"index, follow, max-snippet:-1, max-image-preview:large, max-video-preview:-1\" \/>\n<link rel=\"canonical\" href=\"https:\/\/inclusivenews.com.br\/?p=1286\" \/>\n<meta property=\"og:locale\" content=\"pt_PT\" \/>\n<meta property=\"og:type\" content=\"article\" \/>\n<meta property=\"og:title\" content=\"Congresso discute s\u00edndrome de Down -\" \/>\n<meta property=\"og:description\" content=\"Londrina &#8211; Preparar pessoas com s\u00edndrome de Down para o trabalho \u00e9 o objetivo do projeto Aura, desenvolvido em Barcelona, na Espanha, cujos resultados foram apresentados ontem durante o V Congresso Brasileiro Sobre S\u00edndrome de Down (CBSD), que termina amanh\u00e3 no Centro de Exposi\u00e7\u00f5es e Eventos de Londrina. O evento \u00e9 realizado por Associa\u00e7\u00e3o de [&hellip;]\" \/>\n<meta property=\"og:url\" content=\"https:\/\/inclusivenews.com.br\/?p=1286\" \/>\n<meta property=\"article:publisher\" content=\"https:\/\/www.facebook.com\/agenciainclusive\/\" \/>\n<meta property=\"article:published_time\" content=\"2008-09-30T11:51:16+00:00\" \/>\n<meta property=\"og:image\" content=\"http:\/\/www.bonde.com.br\/folha\/imgsistema\/2008\/09\/img_2545.jpg\" \/>\n<meta name=\"author\" content=\"Inclusive\" \/>\n<meta name=\"twitter:card\" content=\"summary_large_image\" \/>\n<meta name=\"twitter:label1\" content=\"Escrito por\" \/>\n\t<meta name=\"twitter:data1\" content=\"Inclusive\" \/>\n\t<meta name=\"twitter:label2\" content=\"Tempo estimado de leitura\" \/>\n\t<meta name=\"twitter:data2\" content=\"3 minutos\" \/>\n<script type=\"application\/ld+json\" class=\"yoast-schema-graph\">{\"@context\":\"https:\\\/\\\/schema.org\",\"@graph\":[{\"@type\":\"Article\",\"@id\":\"https:\\\/\\\/inclusivenews.com.br\\\/?p=1286#article\",\"isPartOf\":{\"@id\":\"https:\\\/\\\/inclusivenews.com.br\\\/?p=1286\"},\"author\":{\"name\":\"Inclusive\",\"@id\":\"https:\\\/\\\/inclusivenews.com.br\\\/#\\\/schema\\\/person\\\/0dab492019871b94abb65fa8ee7c8c44\"},\"headline\":\"Congresso discute s\u00edndrome de Down\",\"datePublished\":\"2008-09-30T11:51:16+00:00\",\"mainEntityOfPage\":{\"@id\":\"https:\\\/\\\/inclusivenews.com.br\\\/?p=1286\"},\"wordCount\":565,\"commentCount\":0,\"publisher\":{\"@id\":\"https:\\\/\\\/inclusivenews.com.br\\\/#organization\"},\"image\":{\"@id\":\"https:\\\/\\\/inclusivenews.com.br\\\/?p=1286#primaryimage\"},\"thumbnailUrl\":\"http:\\\/\\\/www.bonde.com.br\\\/folha\\\/imgsistema\\\/2008\\\/09\\\/img_2545.jpg\",\"keywords\":[\"Multim\u00eddia\"],\"articleSection\":[\"NOT\u00cdCIAS\",\"V\u00eddeo\"],\"inLanguage\":\"pt-PT\",\"potentialAction\":[{\"@type\":\"CommentAction\",\"name\":\"Comment\",\"target\":[\"https:\\\/\\\/inclusivenews.com.br\\\/?p=1286#respond\"]}]},{\"@type\":\"WebPage\",\"@id\":\"https:\\\/\\\/inclusivenews.com.br\\\/?p=1286\",\"url\":\"https:\\\/\\\/inclusivenews.com.br\\\/?p=1286\",\"name\":\"Congresso discute s\u00edndrome de Down -\",\"isPartOf\":{\"@id\":\"https:\\\/\\\/inclusivenews.com.br\\\/#website\"},\"primaryImageOfPage\":{\"@id\":\"https:\\\/\\\/inclusivenews.com.br\\\/?p=1286#primaryimage\"},\"image\":{\"@id\":\"https:\\\/\\\/inclusivenews.com.br\\\/?p=1286#primaryimage\"},\"thumbnailUrl\":\"http:\\\/\\\/www.bonde.com.br\\\/folha\\\/imgsistema\\\/2008\\\/09\\\/img_2545.jpg\",\"datePublished\":\"2008-09-30T11:51:16+00:00\",\"breadcrumb\":{\"@id\":\"https:\\\/\\\/inclusivenews.com.br\\\/?p=1286#breadcrumb\"},\"inLanguage\":\"pt-PT\",\"potentialAction\":[{\"@type\":\"ReadAction\",\"target\":[\"https:\\\/\\\/inclusivenews.com.br\\\/?p=1286\"]}]},{\"@type\":\"ImageObject\",\"inLanguage\":\"pt-PT\",\"@id\":\"https:\\\/\\\/inclusivenews.com.br\\\/?p=1286#primaryimage\",\"url\":\"http:\\\/\\\/www.bonde.com.br\\\/folha\\\/imgsistema\\\/2008\\\/09\\\/img_2545.jpg\",\"contentUrl\":\"http:\\\/\\\/www.bonde.com.br\\\/folha\\\/imgsistema\\\/2008\\\/09\\\/img_2545.jpg\"},{\"@type\":\"BreadcrumbList\",\"@id\":\"https:\\\/\\\/inclusivenews.com.br\\\/?p=1286#breadcrumb\",\"itemListElement\":[{\"@type\":\"ListItem\",\"position\":1,\"name\":\"In\u00edcio\",\"item\":\"https:\\\/\\\/inclusivenews.com.br\\\/\"},{\"@type\":\"ListItem\",\"position\":2,\"name\":\"Congresso discute s\u00edndrome de Down\"}]},{\"@type\":\"WebSite\",\"@id\":\"https:\\\/\\\/inclusivenews.com.br\\\/#website\",\"url\":\"https:\\\/\\\/inclusivenews.com.br\\\/\",\"name\":\"Inclusive News\",\"description\":\"Inclusive News\",\"publisher\":{\"@id\":\"https:\\\/\\\/inclusivenews.com.br\\\/#organization\"},\"potentialAction\":[{\"@type\":\"SearchAction\",\"target\":{\"@type\":\"EntryPoint\",\"urlTemplate\":\"https:\\\/\\\/inclusivenews.com.br\\\/?s={search_term_string}\"},\"query-input\":{\"@type\":\"PropertyValueSpecification\",\"valueRequired\":true,\"valueName\":\"search_term_string\"}}],\"inLanguage\":\"pt-PT\"},{\"@type\":\"Organization\",\"@id\":\"https:\\\/\\\/inclusivenews.com.br\\\/#organization\",\"name\":\"Inclusive - inclus\u00e3o e cidadania\",\"url\":\"https:\\\/\\\/inclusivenews.com.br\\\/\",\"logo\":{\"@type\":\"ImageObject\",\"inLanguage\":\"pt-PT\",\"@id\":\"https:\\\/\\\/inclusivenews.com.br\\\/#\\\/schema\\\/logo\\\/image\\\/\",\"url\":\"https:\\\/\\\/inclusivenews.com.br\\\/wp-content\\\/uploads\\\/2024\\\/03\\\/@grandesite.png\",\"contentUrl\":\"https:\\\/\\\/inclusivenews.com.br\\\/wp-content\\\/uploads\\\/2024\\\/03\\\/@grandesite.png\",\"width\":1080,\"height\":1080,\"caption\":\"Inclusive - inclus\u00e3o e cidadania\"},\"image\":{\"@id\":\"https:\\\/\\\/inclusivenews.com.br\\\/#\\\/schema\\\/logo\\\/image\\\/\"},\"sameAs\":[\"https:\\\/\\\/www.facebook.com\\\/agenciainclusive\\\/\",\"https:\\\/\\\/www.instagram.com\\\/newsinclusive\\\/\"]},{\"@type\":\"Person\",\"@id\":\"https:\\\/\\\/inclusivenews.com.br\\\/#\\\/schema\\\/person\\\/0dab492019871b94abb65fa8ee7c8c44\",\"name\":\"Inclusive\",\"image\":{\"@type\":\"ImageObject\",\"inLanguage\":\"pt-PT\",\"@id\":\"https:\\\/\\\/secure.gravatar.com\\\/avatar\\\/?s=96&d=mm&r=g\",\"url\":\"https:\\\/\\\/secure.gravatar.com\\\/avatar\\\/?s=96&d=mm&r=g\",\"contentUrl\":\"https:\\\/\\\/secure.gravatar.com\\\/avatar\\\/?s=96&d=mm&r=g\",\"caption\":\"Inclusive\"},\"url\":\"https:\\\/\\\/inclusivenews.com.br\\\/?author=2\"}]}<\/script>\n<!-- \/ Yoast SEO plugin. -->","yoast_head_json":{"title":"Congresso discute s\u00edndrome de Down -","robots":{"index":"index","follow":"follow","max-snippet":"max-snippet:-1","max-image-preview":"max-image-preview:large","max-video-preview":"max-video-preview:-1"},"canonical":"https:\/\/inclusivenews.com.br\/?p=1286","og_locale":"pt_PT","og_type":"article","og_title":"Congresso discute s\u00edndrome de Down -","og_description":"Londrina &#8211; Preparar pessoas com s\u00edndrome de Down para o trabalho \u00e9 o objetivo do projeto Aura, desenvolvido em Barcelona, na Espanha, cujos resultados foram apresentados ontem durante o V Congresso Brasileiro Sobre S\u00edndrome de Down (CBSD), que termina amanh\u00e3 no Centro de Exposi\u00e7\u00f5es e Eventos de Londrina. O evento \u00e9 realizado por Associa\u00e7\u00e3o de [&hellip;]","og_url":"https:\/\/inclusivenews.com.br\/?p=1286","article_publisher":"https:\/\/www.facebook.com\/agenciainclusive\/","article_published_time":"2008-09-30T11:51:16+00:00","og_image":[{"url":"http:\/\/www.bonde.com.br\/folha\/imgsistema\/2008\/09\/img_2545.jpg","type":"","width":"","height":""}],"author":"Inclusive","twitter_card":"summary_large_image","twitter_misc":{"Escrito por":"Inclusive","Tempo estimado de leitura":"3 minutos"},"schema":{"@context":"https:\/\/schema.org","@graph":[{"@type":"Article","@id":"https:\/\/inclusivenews.com.br\/?p=1286#article","isPartOf":{"@id":"https:\/\/inclusivenews.com.br\/?p=1286"},"author":{"name":"Inclusive","@id":"https:\/\/inclusivenews.com.br\/#\/schema\/person\/0dab492019871b94abb65fa8ee7c8c44"},"headline":"Congresso discute s\u00edndrome de Down","datePublished":"2008-09-30T11:51:16+00:00","mainEntityOfPage":{"@id":"https:\/\/inclusivenews.com.br\/?p=1286"},"wordCount":565,"commentCount":0,"publisher":{"@id":"https:\/\/inclusivenews.com.br\/#organization"},"image":{"@id":"https:\/\/inclusivenews.com.br\/?p=1286#primaryimage"},"thumbnailUrl":"http:\/\/www.bonde.com.br\/folha\/imgsistema\/2008\/09\/img_2545.jpg","keywords":["Multim\u00eddia"],"articleSection":["NOT\u00cdCIAS","V\u00eddeo"],"inLanguage":"pt-PT","potentialAction":[{"@type":"CommentAction","name":"Comment","target":["https:\/\/inclusivenews.com.br\/?p=1286#respond"]}]},{"@type":"WebPage","@id":"https:\/\/inclusivenews.com.br\/?p=1286","url":"https:\/\/inclusivenews.com.br\/?p=1286","name":"Congresso discute s\u00edndrome de Down -","isPartOf":{"@id":"https:\/\/inclusivenews.com.br\/#website"},"primaryImageOfPage":{"@id":"https:\/\/inclusivenews.com.br\/?p=1286#primaryimage"},"image":{"@id":"https:\/\/inclusivenews.com.br\/?p=1286#primaryimage"},"thumbnailUrl":"http:\/\/www.bonde.com.br\/folha\/imgsistema\/2008\/09\/img_2545.jpg","datePublished":"2008-09-30T11:51:16+00:00","breadcrumb":{"@id":"https:\/\/inclusivenews.com.br\/?p=1286#breadcrumb"},"inLanguage":"pt-PT","potentialAction":[{"@type":"ReadAction","target":["https:\/\/inclusivenews.com.br\/?p=1286"]}]},{"@type":"ImageObject","inLanguage":"pt-PT","@id":"https:\/\/inclusivenews.com.br\/?p=1286#primaryimage","url":"http:\/\/www.bonde.com.br\/folha\/imgsistema\/2008\/09\/img_2545.jpg","contentUrl":"http:\/\/www.bonde.com.br\/folha\/imgsistema\/2008\/09\/img_2545.jpg"},{"@type":"BreadcrumbList","@id":"https:\/\/inclusivenews.com.br\/?p=1286#breadcrumb","itemListElement":[{"@type":"ListItem","position":1,"name":"In\u00edcio","item":"https:\/\/inclusivenews.com.br\/"},{"@type":"ListItem","position":2,"name":"Congresso discute s\u00edndrome de Down"}]},{"@type":"WebSite","@id":"https:\/\/inclusivenews.com.br\/#website","url":"https:\/\/inclusivenews.com.br\/","name":"Inclusive News","description":"Inclusive News","publisher":{"@id":"https:\/\/inclusivenews.com.br\/#organization"},"potentialAction":[{"@type":"SearchAction","target":{"@type":"EntryPoint","urlTemplate":"https:\/\/inclusivenews.com.br\/?s={search_term_string}"},"query-input":{"@type":"PropertyValueSpecification","valueRequired":true,"valueName":"search_term_string"}}],"inLanguage":"pt-PT"},{"@type":"Organization","@id":"https:\/\/inclusivenews.com.br\/#organization","name":"Inclusive - inclus\u00e3o e cidadania","url":"https:\/\/inclusivenews.com.br\/","logo":{"@type":"ImageObject","inLanguage":"pt-PT","@id":"https:\/\/inclusivenews.com.br\/#\/schema\/logo\/image\/","url":"https:\/\/inclusivenews.com.br\/wp-content\/uploads\/2024\/03\/@grandesite.png","contentUrl":"https:\/\/inclusivenews.com.br\/wp-content\/uploads\/2024\/03\/@grandesite.png","width":1080,"height":1080,"caption":"Inclusive - inclus\u00e3o e cidadania"},"image":{"@id":"https:\/\/inclusivenews.com.br\/#\/schema\/logo\/image\/"},"sameAs":["https:\/\/www.facebook.com\/agenciainclusive\/","https:\/\/www.instagram.com\/newsinclusive\/"]},{"@type":"Person","@id":"https:\/\/inclusivenews.com.br\/#\/schema\/person\/0dab492019871b94abb65fa8ee7c8c44","name":"Inclusive","image":{"@type":"ImageObject","inLanguage":"pt-PT","@id":"https:\/\/secure.gravatar.com\/avatar\/?s=96&d=mm&r=g","url":"https:\/\/secure.gravatar.com\/avatar\/?s=96&d=mm&r=g","contentUrl":"https:\/\/secure.gravatar.com\/avatar\/?s=96&d=mm&r=g","caption":"Inclusive"},"url":"https:\/\/inclusivenews.com.br\/?author=2"}]}},"_links":{"self":[{"href":"https:\/\/inclusivenews.com.br\/index.php?rest_route=\/wp\/v2\/posts\/1286","targetHints":{"allow":["GET"]}}],"collection":[{"href":"https:\/\/inclusivenews.com.br\/index.php?rest_route=\/wp\/v2\/posts"}],"about":[{"href":"https:\/\/inclusivenews.com.br\/index.php?rest_route=\/wp\/v2\/types\/post"}],"author":[{"embeddable":true,"href":"https:\/\/inclusivenews.com.br\/index.php?rest_route=\/wp\/v2\/users\/2"}],"replies":[{"embeddable":true,"href":"https:\/\/inclusivenews.com.br\/index.php?rest_route=%2Fwp%2Fv2%2Fcomments&post=1286"}],"version-history":[{"count":0,"href":"https:\/\/inclusivenews.com.br\/index.php?rest_route=\/wp\/v2\/posts\/1286\/revisions"}],"wp:attachment":[{"href":"https:\/\/inclusivenews.com.br\/index.php?rest_route=%2Fwp%2Fv2%2Fmedia&parent=1286"}],"wp:term":[{"taxonomy":"category","embeddable":true,"href":"https:\/\/inclusivenews.com.br\/index.php?rest_route=%2Fwp%2Fv2%2Fcategories&post=1286"},{"taxonomy":"post_tag","embeddable":true,"href":"https:\/\/inclusivenews.com.br\/index.php?rest_route=%2Fwp%2Fv2%2Ftags&post=1286"}],"curies":[{"name":"wp","href":"https:\/\/api.w.org\/{rel}","templated":true}]}}