{"id":12920,"date":"2009-12-07T08:40:11","date_gmt":"2009-12-07T11:40:11","guid":{"rendered":"http:\/\/www.inclusive.org.br\/?p=12920"},"modified":"2009-12-07T08:40:11","modified_gmt":"2009-12-07T11:40:11","slug":"comemoracoes-pelo-mundo-no-dia-internacional-das-pessoas-com-deficiencia","status":"publish","type":"post","link":"https:\/\/inclusivenews.com.br\/?p=12920","title":{"rendered":"Comemora\u00e7\u00f5es pelo mundo no Dia Internacional das Pessoas Com Defici\u00eancia"},"content":{"rendered":"<figure id=\"attachment_12721\" aria-describedby=\"caption-attachment-12721\" style=\"width: 180px\" class=\"wp-caption alignleft\"><a href=\"http:\/\/www.inclusivenews.com.br\/wp-content\/uploads\/2009\/11\/pessoascomdeficiencia.jpg\"><img loading=\"lazy\" decoding=\"async\" class=\"size-full wp-image-12721\" title=\"S\u00edmbolo de pessoa cadeirante formado por centenas de pequenas figuras humanas.\" src=\"http:\/\/inclusivenews.com.br\/wp-content\/uploads\/2009\/11\/pessoascomdeficiencia.jpg\" alt=\"S\u00edmbolo de pessoa cadeirante formado por centenas de pequenas figuras humanas.\" width=\"180\" height=\"152\" \/><\/a><figcaption id=\"caption-attachment-12721\" class=\"wp-caption-text\"> <\/figcaption><\/figure>\n<p style=\"text-align: justify; padding-left: 60px;\">Por Maria Amelia Vampr\u00e9 Xavier, da Rede de Informa\u00e7\u00f5es \u00c1rea Defici\u00eancias e do Programa<br \/>\nFuturidade da SEADS-Secretaria Estadual de Assist\u00eancia e Desenvolvimento<br \/>\nSocial de S\u00e3o Paulo, FENAPAES, Br\u00e1silia (Diretoria para Assuntos<br \/>\nInternacionais), Rebrates, SP, Carpe Diem, SP, Sorri Brasil, SP, Inclusion<br \/>\nInterAmericana e Inclusion International em 5 de dezembro de 2009.<\/p>\n<p style=\"text-align: justify;\">Foi com muita alegria e emo\u00e7\u00e3o que participamos ontem da comemora\u00e7\u00e3o em S\u00e3o Paulo, &#8211; uma das muitas comemora\u00e7\u00f5es \u2013 do Dia Internacional das Pessoas com Defici\u00eancia, estabelecido em todo o mundo para o dia 3 de dezembro de cada ano.<\/p>\n<p style=\"text-align: justify\">Estivemos com Jurema  Marcello, nossa nora, e Mina Regen, Iracema Lazzari e outros amigos no Col\u00f3quio que ocorreu de manh\u00e3 na sede da Secretaria Estadual de Direitos das Pessoas com Defici\u00eancias, em t\u00e3o boa hora concebida e transformada em realidade  pelo Governador Jos\u00e9 Serra, sob o comando da eminente m\u00e9dica professora de medicina da USP, dra. Linamara Battistela, que se esmerou para que a Secretaria que dirige com tanta compet\u00eancia tivesse destaque nas comemora\u00e7\u00f5es de ontem.  E foi um sucesso total!<\/p>\n<p style=\"text-align: justify\">Tivemos em S\u00e3o Paulo ativistas, amigos e colaboradores de nossa causa de todo o Brasil. Destacar\u00edamos entre tanta gente a amiga Claudia Grabois, Diretora do Instituto Municipal Helena Antipoff , Secretaria Municipal de Educa\u00e7\u00e3o do Rio de Janeiro, al\u00e9m de   Presidente da Federa\u00e7\u00e3o das Associa\u00e7\u00f5es Down do Brasil, radicada no Rio de Janeiro, que vem tendo um desempenho acima da m\u00e9dia, dir\u00edamos not\u00e1vel, \u00e0 testa da organiza\u00e7\u00e3o nacional de pais de filhos com s\u00edndrome de Down; agora suas tarefas de multiplicaram enquanto m\u00e3e e ativista, pois foi nomeada Diretora de Instituto importante na \u00e1rea educacional  do governo municipal do Rio de Janeiro.<\/p>\n<p style=\"text-align: justify\">Conhec\u00edamos, claro, Claudia Grabois atrav\u00e9s de emails e informa\u00e7\u00f5es de amigos mas foi um grande prazer conhec\u00ea-la pessoalmente e verificar o que j\u00e1 sab\u00edamos, a compet\u00eancia e a dedica\u00e7\u00e3o de Claudia Grabois far\u00e3o muit\u00edssimo \u00a0pela causa de pessoas com defici\u00eancia intelectual n\u00e3o somente no Brasil, com ampla repercuss\u00e3o mundial. Sua participa\u00e7\u00e3o no Col\u00f3quio do per\u00edodo da manh\u00e1,, neste festivo dia 3 de dezembro em S\u00e3o Paulo, trouxe for\u00e7a e dinamismo aos trabalhos realizados.<\/p>\n<p style=\"text-align: justify\">Houve  ao meio dia nas amplas salas da Exposi\u00e7\u00e3o  a inaugura\u00e7\u00e3o  do Mural, do Painel de pessoas, entre profissionais e fam\u00edlias, representantes de departamentos ligados a defici\u00eancias nos governos presentes e passados, que t\u00eam se destacado durante d\u00e9cadas em benef\u00edcio das pessoas com defici\u00eancia, para n\u00f3s especialmente a intelectual, e que mereceram terem seus rostos fazendo parte de um grande Mural.  Claro que nesses casos infelizmente n\u00e3o \u00e9 poss\u00edvel  fazer justi\u00e7a a todos que no Brasil tanto lutaram por pessoas com defici\u00eancia intelectual e outras, mas foi confortador ali vermos o querido dr. Stanislau Krynski, dra. Izabel Maior,  hoje com cargo ainda mais elevado junto \u00e0 Secretaria de Direitos Humanos da Presid\u00eancia da Rep\u00fablica, a querid\u00edssima amiga e profissional de destaque Mina Regen, Nylse Cunha, a batalhadora das brinquedotecas no Brasil desde os anos 70, o exemplo de for\u00e7a pessoal e dignidade representado por dona Dorina Nowill, que criou a Funda\u00e7\u00e3o para o Livro do Cego h\u00e1 muitos anos em S\u00e3o Paulo, distribuindo bondade e uma vida \u00fatil a milhares de pessoas como ela que perderam a vis\u00e3o. Seria imposs\u00edvel reproduzir todos os nomes mencionados e presentes no Mural mas desejamos fazer uma alus\u00e3o especial \u00e0 querida amiga e lutadora de muitos anos, professora do Paran\u00e1, que a seu tempo abrilhantou a CORDE, a professora Maria de Lourdes Canziani que tanto admiramos e que ali estava em merecido destaque!<\/p>\n<p style=\"text-align: justify\">Amigos, ficamos felizes em tamb\u00e9m ter constado dessa homenagem que muito comoveu os presentes.  Obrigada em nome de todos!<\/p>\n<p style=\"text-align: justify\">Houve muito mais do que isso, ser\u00e1 preciso voltamos ao assunto para relatar como S\u00e3o Paulo se engrandeceu ontem com a comemora\u00e7\u00e3o do Dia Internacional da Pessoa com Defici\u00eancia, certamente, o mesmo ter\u00e1 ocorrido em muitos locais deste imenso Brasil!<\/p>\n<p style=\"text-align: justify\">INCLUSION INTERNATIONAL tamb\u00e9m fez grandes manifesta\u00e7\u00f5es pelo mundo em raz\u00e3o desse dia important\u00edssimo para todo n\u00f3s.  Mencionaremos  observa\u00e7\u00f5es importantes para todos n\u00f3s, colhidas na Internet de dados fornecidos por Inclusion International, sobre os quais devemos refletir:<\/p>\n<p style=\"text-align: justify\">\u201c 1.   Presentemente, 75 milh\u00f5es de crian\u00e7as ao redor do mundo teem seu acesso \u00e0 escola negado.  Um ter\u00e7o delas s\u00e3o crian\u00e7as com defici\u00eancias.  Sem condi\u00e7\u00f5es de ler ou escrever, elas enfrentam uma vida inteira de pobreza.<\/p>\n<p>2.            Juntos, podemos mudar isto! Desde 2000 com a\u00e7\u00e3o e coopera\u00e7\u00e3o entre governos, sociedade civil, e doadores, mais 40 milh\u00f5es  de crian\u00e7as est\u00e3o hoje na escola<\/p>\n<p style=\"text-align: justify\">3.    A Educa\u00e7\u00e3o para Todos (EFA &#8211; Education for All, sigla em ingl\u00eas) somente acontecer\u00e1 se todas as crian\u00e7as receberem educa\u00e7\u00e3o de qualidade, incluindo crian\u00e7as com defici\u00eancias.<\/p>\n<p style=\"text-align: justify\">4.   O fornecimento de educa\u00e7\u00e3o de qualidade precisa de mais recursos. Os lideres dos pa\u00edses em desenvolvimento devem gastar 20% m educa\u00e7\u00e3o, eliminar taxas, fornecer professores profissionais, e assegurar que crian\u00e7as estejam na escola e n\u00e3o trabalhando.  L\u00edderes de pa\u00edses desenvolvidos devem fornecer sua cota justa de fundos, trabalharem  juntos procurando uma resposta global, investir em professores,  incluir pa\u00edses com maior necessidade.<\/p>\n<p style=\"text-align: justify;\">5.     Respeitar a Conven\u00e7\u00e3o das Na\u00e7\u00f5es Unidas sobre os Direitos das pessoas com Defici\u00eancias significa que investimentos em educa\u00e7\u00e3o devem incluir crian\u00e7as com defici\u00eancias e assegurar que recebam o apoio individualizado de que necessitam para sua plena participa\u00e7\u00e3o.<\/p>\n<p style=\"text-align: justify\">6.     A Copa do Mundo de 2010 \u00e9 um momento para todos n\u00f3s brilharmos &#8211; deixemos um legado de educa\u00e7\u00e3o.  Estrelas globais de futebol, o\u00a0mundo do futebol, e seu organismo diretor, a FIFA, est\u00e3o por detr\u00e1s da campanha  1GOAL.<\/p>\n<p>COMO SE PODE AJUDAR?<\/p>\n<p>Junte-se a 1Goal no site<\/p>\n<p>www.join1goal.org<\/p>\n<p style=\"text-align: justify\">Mandem uma mensagem pedindo a inclus\u00e3o de pessoas com defici\u00eancias na educa\u00e7\u00e3o, usando as artes ( quadros, v\u00eddeos, desenhos, escrita) para iniative24@vsarts.org.   Seu trabalho art\u00edstico ser\u00e1 colocado numa galeria online e inclu\u00eddo em futuras campanhas de conscientiza\u00e7\u00e3o.<\/p>\n<p style=\"text-align: justify\">Outras comemora\u00e7\u00f5es ocorreram nos mais variados pa\u00edses  nesta data de grande significado para todos n\u00f3s.<\/p>\n","protected":false},"excerpt":{"rendered":"<p>As impress\u00f5es de Maria Am\u00e9lia Vampr\u00e9 Xavier sobre as comemora\u00e7\u00f5es Dia Internacional das Pessoas com Defici\u00eancia, estabelecido em todo o mundo para o dia 3 de dezembro de cada ano.<\/p>\n","protected":false},"author":1,"featured_media":0,"comment_status":"open","ping_status":"open","sticky":false,"template":"","format":"standard","meta":{"site-container-style":"default","site-container-layout":"default","site-sidebar-layout":"default","disable-article-header":"default","disable-site-header":"default","disable-site-footer":"default","disable-content-area-spacing":"default","footnotes":""},"categories":[6,4],"tags":[],"class_list":["post-12920","post","type-post","status-publish","format-standard","hentry","category-educacao","category-noticias"],"yoast_head":"<!-- This site is optimized with the Yoast SEO plugin v27.4 - https:\/\/yoast.com\/product\/yoast-seo-wordpress\/ -->\n<title>Comemora\u00e7\u00f5es pelo mundo no Dia Internacional das Pessoas Com Defici\u00eancia -<\/title>\n<meta name=\"robots\" content=\"index, follow, max-snippet:-1, max-image-preview:large, max-video-preview:-1\" \/>\n<link rel=\"canonical\" href=\"https:\/\/inclusivenews.com.br\/?p=12920\" \/>\n<meta property=\"og:locale\" content=\"pt_PT\" \/>\n<meta property=\"og:type\" content=\"article\" \/>\n<meta property=\"og:title\" content=\"Comemora\u00e7\u00f5es pelo mundo no Dia Internacional das Pessoas Com Defici\u00eancia -\" \/>\n<meta property=\"og:description\" content=\"As impress\u00f5es de Maria Am\u00e9lia Vampr\u00e9 Xavier sobre as comemora\u00e7\u00f5es Dia Internacional das Pessoas com Defici\u00eancia, estabelecido em todo o mundo para o dia 3 de dezembro de cada ano.\" \/>\n<meta property=\"og:url\" content=\"https:\/\/inclusivenews.com.br\/?p=12920\" \/>\n<meta property=\"article:publisher\" content=\"https:\/\/www.facebook.com\/agenciainclusive\/\" \/>\n<meta property=\"article:published_time\" content=\"2009-12-07T11:40:11+00:00\" \/>\n<meta property=\"og:image\" content=\"http:\/\/inclusivenews.com.br\/wp-content\/uploads\/2009\/11\/pessoascomdeficiencia.jpg\" \/>\n<meta name=\"author\" content=\"inclusivenews2024\" \/>\n<meta name=\"twitter:card\" content=\"summary_large_image\" \/>\n<meta name=\"twitter:label1\" content=\"Escrito por\" \/>\n\t<meta name=\"twitter:data1\" content=\"inclusivenews2024\" \/>\n\t<meta name=\"twitter:label2\" content=\"Tempo estimado de leitura\" \/>\n\t<meta name=\"twitter:data2\" content=\"5 minutos\" \/>\n<script type=\"application\/ld+json\" class=\"yoast-schema-graph\">{\"@context\":\"https:\\\/\\\/schema.org\",\"@graph\":[{\"@type\":\"Article\",\"@id\":\"https:\\\/\\\/inclusivenews.com.br\\\/?p=12920#article\",\"isPartOf\":{\"@id\":\"https:\\\/\\\/inclusivenews.com.br\\\/?p=12920\"},\"author\":{\"name\":\"inclusivenews2024\",\"@id\":\"https:\\\/\\\/inclusivenews.com.br\\\/#\\\/schema\\\/person\\\/ae4ec7087559b8692fb33b6fffd2273b\"},\"headline\":\"Comemora\u00e7\u00f5es pelo mundo no Dia Internacional das Pessoas Com Defici\u00eancia\",\"datePublished\":\"2009-12-07T11:40:11+00:00\",\"mainEntityOfPage\":{\"@id\":\"https:\\\/\\\/inclusivenews.com.br\\\/?p=12920\"},\"wordCount\":1088,\"commentCount\":0,\"publisher\":{\"@id\":\"https:\\\/\\\/inclusivenews.com.br\\\/#organization\"},\"image\":{\"@id\":\"https:\\\/\\\/inclusivenews.com.br\\\/?p=12920#primaryimage\"},\"thumbnailUrl\":\"http:\\\/\\\/inclusivenews.com.br\\\/wp-content\\\/uploads\\\/2009\\\/11\\\/pessoascomdeficiencia.jpg\",\"articleSection\":[\"EDUCA\u00c7\u00c3O\",\"NOT\u00cdCIAS\"],\"inLanguage\":\"pt-PT\",\"potentialAction\":[{\"@type\":\"CommentAction\",\"name\":\"Comment\",\"target\":[\"https:\\\/\\\/inclusivenews.com.br\\\/?p=12920#respond\"]}]},{\"@type\":\"WebPage\",\"@id\":\"https:\\\/\\\/inclusivenews.com.br\\\/?p=12920\",\"url\":\"https:\\\/\\\/inclusivenews.com.br\\\/?p=12920\",\"name\":\"Comemora\u00e7\u00f5es pelo mundo no Dia Internacional das Pessoas Com Defici\u00eancia -\",\"isPartOf\":{\"@id\":\"https:\\\/\\\/inclusivenews.com.br\\\/#website\"},\"primaryImageOfPage\":{\"@id\":\"https:\\\/\\\/inclusivenews.com.br\\\/?p=12920#primaryimage\"},\"image\":{\"@id\":\"https:\\\/\\\/inclusivenews.com.br\\\/?p=12920#primaryimage\"},\"thumbnailUrl\":\"http:\\\/\\\/inclusivenews.com.br\\\/wp-content\\\/uploads\\\/2009\\\/11\\\/pessoascomdeficiencia.jpg\",\"datePublished\":\"2009-12-07T11:40:11+00:00\",\"breadcrumb\":{\"@id\":\"https:\\\/\\\/inclusivenews.com.br\\\/?p=12920#breadcrumb\"},\"inLanguage\":\"pt-PT\",\"potentialAction\":[{\"@type\":\"ReadAction\",\"target\":[\"https:\\\/\\\/inclusivenews.com.br\\\/?p=12920\"]}]},{\"@type\":\"ImageObject\",\"inLanguage\":\"pt-PT\",\"@id\":\"https:\\\/\\\/inclusivenews.com.br\\\/?p=12920#primaryimage\",\"url\":\"https:\\\/\\\/inclusivenews.com.br\\\/wp-content\\\/uploads\\\/2009\\\/11\\\/pessoascomdeficiencia.jpg\",\"contentUrl\":\"https:\\\/\\\/inclusivenews.com.br\\\/wp-content\\\/uploads\\\/2009\\\/11\\\/pessoascomdeficiencia.jpg\",\"width\":180,\"height\":152,\"caption\":\"Inclusive - cadeira de rodas formada por pessoas min\u00fasculas\"},{\"@type\":\"BreadcrumbList\",\"@id\":\"https:\\\/\\\/inclusivenews.com.br\\\/?p=12920#breadcrumb\",\"itemListElement\":[{\"@type\":\"ListItem\",\"position\":1,\"name\":\"In\u00edcio\",\"item\":\"https:\\\/\\\/inclusivenews.com.br\\\/\"},{\"@type\":\"ListItem\",\"position\":2,\"name\":\"Comemora\u00e7\u00f5es pelo mundo no Dia Internacional das Pessoas Com Defici\u00eancia\"}]},{\"@type\":\"WebSite\",\"@id\":\"https:\\\/\\\/inclusivenews.com.br\\\/#website\",\"url\":\"https:\\\/\\\/inclusivenews.com.br\\\/\",\"name\":\"Inclusive News\",\"description\":\"Inclusive News\",\"publisher\":{\"@id\":\"https:\\\/\\\/inclusivenews.com.br\\\/#organization\"},\"potentialAction\":[{\"@type\":\"SearchAction\",\"target\":{\"@type\":\"EntryPoint\",\"urlTemplate\":\"https:\\\/\\\/inclusivenews.com.br\\\/?s={search_term_string}\"},\"query-input\":{\"@type\":\"PropertyValueSpecification\",\"valueRequired\":true,\"valueName\":\"search_term_string\"}}],\"inLanguage\":\"pt-PT\"},{\"@type\":\"Organization\",\"@id\":\"https:\\\/\\\/inclusivenews.com.br\\\/#organization\",\"name\":\"Inclusive - inclus\u00e3o e cidadania\",\"url\":\"https:\\\/\\\/inclusivenews.com.br\\\/\",\"logo\":{\"@type\":\"ImageObject\",\"inLanguage\":\"pt-PT\",\"@id\":\"https:\\\/\\\/inclusivenews.com.br\\\/#\\\/schema\\\/logo\\\/image\\\/\",\"url\":\"https:\\\/\\\/inclusivenews.com.br\\\/wp-content\\\/uploads\\\/2024\\\/03\\\/@grandesite.png\",\"contentUrl\":\"https:\\\/\\\/inclusivenews.com.br\\\/wp-content\\\/uploads\\\/2024\\\/03\\\/@grandesite.png\",\"width\":1080,\"height\":1080,\"caption\":\"Inclusive - inclus\u00e3o e cidadania\"},\"image\":{\"@id\":\"https:\\\/\\\/inclusivenews.com.br\\\/#\\\/schema\\\/logo\\\/image\\\/\"},\"sameAs\":[\"https:\\\/\\\/www.facebook.com\\\/agenciainclusive\\\/\",\"https:\\\/\\\/www.instagram.com\\\/newsinclusive\\\/\"]},{\"@type\":\"Person\",\"@id\":\"https:\\\/\\\/inclusivenews.com.br\\\/#\\\/schema\\\/person\\\/ae4ec7087559b8692fb33b6fffd2273b\",\"name\":\"inclusivenews2024\",\"image\":{\"@type\":\"ImageObject\",\"inLanguage\":\"pt-PT\",\"@id\":\"https:\\\/\\\/secure.gravatar.com\\\/avatar\\\/c5a7ef84c66fa914f55bc4f7ce26cfa275a3b9a1c5568b907bd184fb4dde7b40?s=96&d=mm&r=g\",\"url\":\"https:\\\/\\\/secure.gravatar.com\\\/avatar\\\/c5a7ef84c66fa914f55bc4f7ce26cfa275a3b9a1c5568b907bd184fb4dde7b40?s=96&d=mm&r=g\",\"contentUrl\":\"https:\\\/\\\/secure.gravatar.com\\\/avatar\\\/c5a7ef84c66fa914f55bc4f7ce26cfa275a3b9a1c5568b907bd184fb4dde7b40?s=96&d=mm&r=g\",\"caption\":\"inclusivenews2024\"},\"sameAs\":[\"https:\\\/\\\/inclusivenews.com.br\"],\"url\":\"https:\\\/\\\/inclusivenews.com.br\\\/?author=1\"}]}<\/script>\n<!-- \/ Yoast SEO plugin. -->","yoast_head_json":{"title":"Comemora\u00e7\u00f5es pelo mundo no Dia Internacional das Pessoas Com Defici\u00eancia -","robots":{"index":"index","follow":"follow","max-snippet":"max-snippet:-1","max-image-preview":"max-image-preview:large","max-video-preview":"max-video-preview:-1"},"canonical":"https:\/\/inclusivenews.com.br\/?p=12920","og_locale":"pt_PT","og_type":"article","og_title":"Comemora\u00e7\u00f5es pelo mundo no Dia Internacional das Pessoas Com Defici\u00eancia -","og_description":"As impress\u00f5es de Maria Am\u00e9lia Vampr\u00e9 Xavier sobre as comemora\u00e7\u00f5es Dia Internacional das Pessoas com Defici\u00eancia, estabelecido em todo o mundo para o dia 3 de dezembro de cada ano.","og_url":"https:\/\/inclusivenews.com.br\/?p=12920","article_publisher":"https:\/\/www.facebook.com\/agenciainclusive\/","article_published_time":"2009-12-07T11:40:11+00:00","og_image":[{"url":"http:\/\/inclusivenews.com.br\/wp-content\/uploads\/2009\/11\/pessoascomdeficiencia.jpg","type":"","width":"","height":""}],"author":"inclusivenews2024","twitter_card":"summary_large_image","twitter_misc":{"Escrito por":"inclusivenews2024","Tempo estimado de leitura":"5 minutos"},"schema":{"@context":"https:\/\/schema.org","@graph":[{"@type":"Article","@id":"https:\/\/inclusivenews.com.br\/?p=12920#article","isPartOf":{"@id":"https:\/\/inclusivenews.com.br\/?p=12920"},"author":{"name":"inclusivenews2024","@id":"https:\/\/inclusivenews.com.br\/#\/schema\/person\/ae4ec7087559b8692fb33b6fffd2273b"},"headline":"Comemora\u00e7\u00f5es pelo mundo no Dia Internacional das Pessoas Com Defici\u00eancia","datePublished":"2009-12-07T11:40:11+00:00","mainEntityOfPage":{"@id":"https:\/\/inclusivenews.com.br\/?p=12920"},"wordCount":1088,"commentCount":0,"publisher":{"@id":"https:\/\/inclusivenews.com.br\/#organization"},"image":{"@id":"https:\/\/inclusivenews.com.br\/?p=12920#primaryimage"},"thumbnailUrl":"http:\/\/inclusivenews.com.br\/wp-content\/uploads\/2009\/11\/pessoascomdeficiencia.jpg","articleSection":["EDUCA\u00c7\u00c3O","NOT\u00cdCIAS"],"inLanguage":"pt-PT","potentialAction":[{"@type":"CommentAction","name":"Comment","target":["https:\/\/inclusivenews.com.br\/?p=12920#respond"]}]},{"@type":"WebPage","@id":"https:\/\/inclusivenews.com.br\/?p=12920","url":"https:\/\/inclusivenews.com.br\/?p=12920","name":"Comemora\u00e7\u00f5es pelo mundo no Dia Internacional das Pessoas Com Defici\u00eancia -","isPartOf":{"@id":"https:\/\/inclusivenews.com.br\/#website"},"primaryImageOfPage":{"@id":"https:\/\/inclusivenews.com.br\/?p=12920#primaryimage"},"image":{"@id":"https:\/\/inclusivenews.com.br\/?p=12920#primaryimage"},"thumbnailUrl":"http:\/\/inclusivenews.com.br\/wp-content\/uploads\/2009\/11\/pessoascomdeficiencia.jpg","datePublished":"2009-12-07T11:40:11+00:00","breadcrumb":{"@id":"https:\/\/inclusivenews.com.br\/?p=12920#breadcrumb"},"inLanguage":"pt-PT","potentialAction":[{"@type":"ReadAction","target":["https:\/\/inclusivenews.com.br\/?p=12920"]}]},{"@type":"ImageObject","inLanguage":"pt-PT","@id":"https:\/\/inclusivenews.com.br\/?p=12920#primaryimage","url":"https:\/\/inclusivenews.com.br\/wp-content\/uploads\/2009\/11\/pessoascomdeficiencia.jpg","contentUrl":"https:\/\/inclusivenews.com.br\/wp-content\/uploads\/2009\/11\/pessoascomdeficiencia.jpg","width":180,"height":152,"caption":"Inclusive - cadeira de rodas formada por pessoas min\u00fasculas"},{"@type":"BreadcrumbList","@id":"https:\/\/inclusivenews.com.br\/?p=12920#breadcrumb","itemListElement":[{"@type":"ListItem","position":1,"name":"In\u00edcio","item":"https:\/\/inclusivenews.com.br\/"},{"@type":"ListItem","position":2,"name":"Comemora\u00e7\u00f5es pelo mundo no Dia Internacional das Pessoas Com Defici\u00eancia"}]},{"@type":"WebSite","@id":"https:\/\/inclusivenews.com.br\/#website","url":"https:\/\/inclusivenews.com.br\/","name":"Inclusive News","description":"Inclusive News","publisher":{"@id":"https:\/\/inclusivenews.com.br\/#organization"},"potentialAction":[{"@type":"SearchAction","target":{"@type":"EntryPoint","urlTemplate":"https:\/\/inclusivenews.com.br\/?s={search_term_string}"},"query-input":{"@type":"PropertyValueSpecification","valueRequired":true,"valueName":"search_term_string"}}],"inLanguage":"pt-PT"},{"@type":"Organization","@id":"https:\/\/inclusivenews.com.br\/#organization","name":"Inclusive - inclus\u00e3o e cidadania","url":"https:\/\/inclusivenews.com.br\/","logo":{"@type":"ImageObject","inLanguage":"pt-PT","@id":"https:\/\/inclusivenews.com.br\/#\/schema\/logo\/image\/","url":"https:\/\/inclusivenews.com.br\/wp-content\/uploads\/2024\/03\/@grandesite.png","contentUrl":"https:\/\/inclusivenews.com.br\/wp-content\/uploads\/2024\/03\/@grandesite.png","width":1080,"height":1080,"caption":"Inclusive - inclus\u00e3o e cidadania"},"image":{"@id":"https:\/\/inclusivenews.com.br\/#\/schema\/logo\/image\/"},"sameAs":["https:\/\/www.facebook.com\/agenciainclusive\/","https:\/\/www.instagram.com\/newsinclusive\/"]},{"@type":"Person","@id":"https:\/\/inclusivenews.com.br\/#\/schema\/person\/ae4ec7087559b8692fb33b6fffd2273b","name":"inclusivenews2024","image":{"@type":"ImageObject","inLanguage":"pt-PT","@id":"https:\/\/secure.gravatar.com\/avatar\/c5a7ef84c66fa914f55bc4f7ce26cfa275a3b9a1c5568b907bd184fb4dde7b40?s=96&d=mm&r=g","url":"https:\/\/secure.gravatar.com\/avatar\/c5a7ef84c66fa914f55bc4f7ce26cfa275a3b9a1c5568b907bd184fb4dde7b40?s=96&d=mm&r=g","contentUrl":"https:\/\/secure.gravatar.com\/avatar\/c5a7ef84c66fa914f55bc4f7ce26cfa275a3b9a1c5568b907bd184fb4dde7b40?s=96&d=mm&r=g","caption":"inclusivenews2024"},"sameAs":["https:\/\/inclusivenews.com.br"],"url":"https:\/\/inclusivenews.com.br\/?author=1"}]}},"_links":{"self":[{"href":"https:\/\/inclusivenews.com.br\/index.php?rest_route=\/wp\/v2\/posts\/12920","targetHints":{"allow":["GET"]}}],"collection":[{"href":"https:\/\/inclusivenews.com.br\/index.php?rest_route=\/wp\/v2\/posts"}],"about":[{"href":"https:\/\/inclusivenews.com.br\/index.php?rest_route=\/wp\/v2\/types\/post"}],"author":[{"embeddable":true,"href":"https:\/\/inclusivenews.com.br\/index.php?rest_route=\/wp\/v2\/users\/1"}],"replies":[{"embeddable":true,"href":"https:\/\/inclusivenews.com.br\/index.php?rest_route=%2Fwp%2Fv2%2Fcomments&post=12920"}],"version-history":[{"count":0,"href":"https:\/\/inclusivenews.com.br\/index.php?rest_route=\/wp\/v2\/posts\/12920\/revisions"}],"wp:attachment":[{"href":"https:\/\/inclusivenews.com.br\/index.php?rest_route=%2Fwp%2Fv2%2Fmedia&parent=12920"}],"wp:term":[{"taxonomy":"category","embeddable":true,"href":"https:\/\/inclusivenews.com.br\/index.php?rest_route=%2Fwp%2Fv2%2Fcategories&post=12920"},{"taxonomy":"post_tag","embeddable":true,"href":"https:\/\/inclusivenews.com.br\/index.php?rest_route=%2Fwp%2Fv2%2Ftags&post=12920"}],"curies":[{"name":"wp","href":"https:\/\/api.w.org\/{rel}","templated":true}]}}