{"id":12934,"date":"2009-12-07T12:55:50","date_gmt":"2009-12-07T15:55:50","guid":{"rendered":"http:\/\/www.inclusive.org.br\/?p=12934"},"modified":"2009-12-07T12:55:50","modified_gmt":"2009-12-07T15:55:50","slug":"encontro-nacional-encerra-ciclo-de-debates-sobre-o-pne","status":"publish","type":"post","link":"https:\/\/inclusivenews.com.br\/?p=12934","title":{"rendered":"Encontro nacional encerra ciclo de debates sobre o PNE"},"content":{"rendered":"<figure style=\"width: 155px\" class=\"wp-caption alignleft\"><img loading=\"lazy\" decoding=\"async\" title=\"Logotipo da Comiss\u00e3o de Educa\u00e7\u00e3o e Cultura da C\u00e2mara dos Deputados\" src=\"http:\/\/www2.camara.gov.br\/comissoes\/cec\/top_menu.gif\" alt=\"Logotipo da Comiss\u00e3o de Educa\u00e7\u00e3o e Cultura da C\u00e2mara dos Deputados\" width=\"155\" height=\"121\" \/><figcaption class=\"wp-caption-text\"> <\/figcaption><\/figure>\n<p style=\"text-align: justify;\">A Comiss\u00e3o de Educa\u00e7\u00e3o e Cultura estar\u00e1 promovendo na <strong>pr\u00f3xima quinta-feira, dia 10 de dezembro, a partir das 8 horas, no Audit\u00f3rio Nereu Ramos da C\u00e2mara dos Deputados<\/strong> o Encontro Nacional que encerra o ciclo de encontros regionais realizados para debater o novo Plano Nacional de Educa\u00e7\u00e3o. S\u00e3o convidados para o Encontro o presidente da C\u00e2mara, Deputado Michel Temer e o Ministro da Educa\u00e7\u00e3o, Fernando Haddad.<\/p>\n<p style=\"text-align: justify;\">Esta <a title=\"Programa\u00e7\u00e3o - Encontro Nacional - PNE\" href=\"http:\/\/www2.camara.gov.br\/comissoes\/cec\/plano-nacional-de-educacao\/Programacao%20Encontro%20Nacional%20PNE.pdf\">programa\u00e7\u00e3o <img loading=\"lazy\" decoding=\"async\" title=\"Link abrir\u00e1 em uma nova janela ou aba.\" src=\"http:\/\/www.inclusive.org.br\/images\/new_window.gif\" alt=\"Link abrir\u00e1 em uma nova janela ou aba.\" width=\"16\" height=\"14\" \/><\/a> faz parte do ciclo &#8220;Mais Dez: O Legislativo e a Sociedade Civil Construindo Juntos o novo PNE&#8221;. <strong>A participa\u00e7\u00e3o neste Encontro Nacional \u00e9 aberta a todos,<\/strong> independente do interessado ter participado ou n\u00e3o das etapas anteriores.<\/p>\n<p style=\"text-align: justify;\">Durante todo o segundo semestre foram realizados seis encontros regionais em Cuiab\u00e1 (MT), Belo Horizonte (MG), Natal (RN), Porto Alegre RS), Palmas TO) e Salvador (BA) com a participa\u00e7\u00e3o de mais de dois mil estudiosos, especialistas, profissionais da educa\u00e7\u00e3o, estudantes e cidad\u00e3os interessados em debater os rumos da educa\u00e7\u00e3o brasileira para a pr\u00f3xima d\u00e9cada.<\/p>\n<p style=\"text-align: justify;\">Tanto os encontros regionais quanto o encontro nacional &#8211; a se realizar no dia 10 de dezembro &#8211; foram organizados com o objetivo de subsidiar a elabora\u00e7\u00e3o do Novo Plano Nacional de Educa\u00e7\u00e3o a ter sua tramita\u00e7\u00e3o legislativa em 2010 e vig\u00eancia decenal entre 2011\/20.<\/p>\n<p style=\"text-align: justify;\">Para a realiza\u00e7\u00e3o destes eventos a Comiss\u00e3o de Educa\u00e7\u00e3o da C\u00e2mara dos Deputados (CEC\/CD) contou com a parceria do Conselho Nacional de Educa\u00e7\u00e3o (CNE) e do Sistema Confedera\u00e7\u00e3o Nacional do Com\u00e9rcio (CNC-SESC-SENAC) e o apoio das Assembleias Legislativas estaduais Os debates desenvolveram-se articulados a I Confer\u00eancia Nacional de Educa\u00e7\u00e3o \u2013 CONAE em curso no Brasil, visando o fortalecimento deste importante processo.<\/p>\n<p style=\"text-align: justify;\">O objetivo da Comiss\u00e3o de Educa\u00e7\u00e3o e Cultura \u00e9 aproximar o trabalho parlamentar na tem\u00e1tica educacional dos pr\u00f3prios educadores brasileiros, construindo no ambiente legislativo um olhar mais direto e preciso acerca da realidade das diferentes regi\u00f5es do pa\u00eds.<\/p>\n<p style=\"text-align: justify;\">A palavra daqueles que est\u00e3o nas salas de aula, sejam trabalhadores em educa\u00e7\u00e3o ou alunos, bem como dos gestores locais, orienta a atua\u00e7\u00e3o parlamentar da Comiss\u00e3o. Desta forma, a comunidade escolar percebe o poder que \u00e9 capaz de exercer junto ao parlamento e \u00e0s demais institui\u00e7\u00f5es nacionais em um pa\u00eds democr\u00e1tico.<\/p>\n<p style=\"text-align: justify;\"><span><br \/>\n<a title=\"Programa\u00e7\u00e3o - Encontro Nacional - PNE\" href=\"http:\/\/www2.camara.gov.br\/comissoes\/cec\/plano-nacional-de-educacao\/Programacao%20Encontro%20Nacional%20PNE.pdf\">Programa\u00e7\u00e3o do Encontro Nacional <img loading=\"lazy\" decoding=\"async\" title=\"Link abrir\u00e1 em uma nova janela ou aba.\" src=\"http:\/\/www.inclusive.org.br\/images\/new_window.gif\" alt=\"Link abrir\u00e1 em uma nova janela ou aba.\" width=\"16\" height=\"14\" \/><\/a><a href=\"http:\/\/www.educacaoseculoxxi.com.br\/pne\/inscrever.asp\">Fa\u00e7a aqui sua inscri\u00e7\u00e3o <img loading=\"lazy\" decoding=\"async\" title=\"Link abrir\u00e1 em uma nova janela ou aba.\" src=\"http:\/\/www.inclusive.org.br\/images\/new_window.gif\" alt=\"Link abrir\u00e1 em uma nova janela ou aba.\" width=\"16\" height=\"14\" \/><\/a><\/p>\n<p><\/span><\/p>\n<p style=\"text-align: justify;\">____________________________________________<\/p>\n<p style=\"text-align: justify;\"><span><strong>Fonte de informa\u00e7\u00e3o:<\/strong> <a href=\"http:\/\/www2.camara.gov.br\/comissoes\/cec\" target=\"_blank\" rel=\"noopener\">CEC\/C\u00e2mara dos Deputados <img loading=\"lazy\" decoding=\"async\" title=\"Link abrir\u00e1 em uma nova janela ou aba.\" src=\"http:\/\/www.inclusive.org.br\/images\/new_window.gif\" alt=\"Link abrir\u00e1 em uma nova janela ou aba.\" width=\"16\" height=\"14\" \/><\/a><\/span><\/p>\n","protected":false},"excerpt":{"rendered":"<p>Comiss\u00e3o de Educa\u00e7\u00e3o e Cultura promove no pr\u00f3ximo dia 10 de dezembro, a partir das 8 horas, o Encontro Nacional que encerra o ciclo de encontros regionais realizados para debater o novo Plano Nacional de Educa\u00e7\u00e3o.<\/p>\n","protected":false},"author":1,"featured_media":0,"comment_status":"open","ping_status":"open","sticky":false,"template":"","format":"standard","meta":{"site-container-style":"default","site-container-layout":"default","site-sidebar-layout":"default","disable-article-header":"default","disable-site-header":"default","disable-site-footer":"default","disable-content-area-spacing":"default","footnotes":""},"categories":[6,4],"tags":[],"class_list":["post-12934","post","type-post","status-publish","format-standard","hentry","category-educacao","category-noticias"],"yoast_head":"<!-- This site is optimized with the Yoast SEO plugin v27.4 - https:\/\/yoast.com\/product\/yoast-seo-wordpress\/ -->\n<title>Encontro nacional encerra ciclo de debates sobre o PNE -<\/title>\n<meta name=\"robots\" content=\"index, follow, max-snippet:-1, max-image-preview:large, max-video-preview:-1\" \/>\n<link rel=\"canonical\" href=\"https:\/\/inclusivenews.com.br\/?p=12934\" \/>\n<meta property=\"og:locale\" content=\"pt_PT\" \/>\n<meta property=\"og:type\" content=\"article\" \/>\n<meta property=\"og:title\" content=\"Encontro nacional encerra ciclo de debates sobre o PNE -\" \/>\n<meta property=\"og:description\" content=\"Comiss\u00e3o de Educa\u00e7\u00e3o e Cultura promove no pr\u00f3ximo dia 10 de dezembro, a partir das 8 horas, o Encontro Nacional que encerra o ciclo de encontros regionais realizados para debater o novo Plano Nacional de Educa\u00e7\u00e3o.\" \/>\n<meta property=\"og:url\" content=\"https:\/\/inclusivenews.com.br\/?p=12934\" \/>\n<meta property=\"article:publisher\" content=\"https:\/\/www.facebook.com\/agenciainclusive\/\" \/>\n<meta property=\"article:published_time\" content=\"2009-12-07T15:55:50+00:00\" \/>\n<meta property=\"og:image\" content=\"http:\/\/www2.camara.gov.br\/comissoes\/cec\/top_menu.gif\" \/>\n<meta name=\"author\" content=\"inclusivenews2024\" \/>\n<meta name=\"twitter:card\" content=\"summary_large_image\" \/>\n<meta name=\"twitter:label1\" content=\"Escrito por\" \/>\n\t<meta name=\"twitter:data1\" content=\"inclusivenews2024\" \/>\n\t<meta name=\"twitter:label2\" content=\"Tempo estimado de leitura\" \/>\n\t<meta name=\"twitter:data2\" content=\"2 minutos\" \/>\n<script type=\"application\/ld+json\" class=\"yoast-schema-graph\">{\"@context\":\"https:\\\/\\\/schema.org\",\"@graph\":[{\"@type\":\"Article\",\"@id\":\"https:\\\/\\\/inclusivenews.com.br\\\/?p=12934#article\",\"isPartOf\":{\"@id\":\"https:\\\/\\\/inclusivenews.com.br\\\/?p=12934\"},\"author\":{\"name\":\"inclusivenews2024\",\"@id\":\"https:\\\/\\\/inclusivenews.com.br\\\/#\\\/schema\\\/person\\\/ae4ec7087559b8692fb33b6fffd2273b\"},\"headline\":\"Encontro nacional encerra ciclo de debates sobre o PNE\",\"datePublished\":\"2009-12-07T15:55:50+00:00\",\"mainEntityOfPage\":{\"@id\":\"https:\\\/\\\/inclusivenews.com.br\\\/?p=12934\"},\"wordCount\":425,\"commentCount\":0,\"publisher\":{\"@id\":\"https:\\\/\\\/inclusivenews.com.br\\\/#organization\"},\"image\":{\"@id\":\"https:\\\/\\\/inclusivenews.com.br\\\/?p=12934#primaryimage\"},\"thumbnailUrl\":\"http:\\\/\\\/www2.camara.gov.br\\\/comissoes\\\/cec\\\/top_menu.gif\",\"articleSection\":[\"EDUCA\u00c7\u00c3O\",\"NOT\u00cdCIAS\"],\"inLanguage\":\"pt-PT\",\"potentialAction\":[{\"@type\":\"CommentAction\",\"name\":\"Comment\",\"target\":[\"https:\\\/\\\/inclusivenews.com.br\\\/?p=12934#respond\"]}]},{\"@type\":\"WebPage\",\"@id\":\"https:\\\/\\\/inclusivenews.com.br\\\/?p=12934\",\"url\":\"https:\\\/\\\/inclusivenews.com.br\\\/?p=12934\",\"name\":\"Encontro nacional encerra ciclo de debates sobre o PNE -\",\"isPartOf\":{\"@id\":\"https:\\\/\\\/inclusivenews.com.br\\\/#website\"},\"primaryImageOfPage\":{\"@id\":\"https:\\\/\\\/inclusivenews.com.br\\\/?p=12934#primaryimage\"},\"image\":{\"@id\":\"https:\\\/\\\/inclusivenews.com.br\\\/?p=12934#primaryimage\"},\"thumbnailUrl\":\"http:\\\/\\\/www2.camara.gov.br\\\/comissoes\\\/cec\\\/top_menu.gif\",\"datePublished\":\"2009-12-07T15:55:50+00:00\",\"breadcrumb\":{\"@id\":\"https:\\\/\\\/inclusivenews.com.br\\\/?p=12934#breadcrumb\"},\"inLanguage\":\"pt-PT\",\"potentialAction\":[{\"@type\":\"ReadAction\",\"target\":[\"https:\\\/\\\/inclusivenews.com.br\\\/?p=12934\"]}]},{\"@type\":\"ImageObject\",\"inLanguage\":\"pt-PT\",\"@id\":\"https:\\\/\\\/inclusivenews.com.br\\\/?p=12934#primaryimage\",\"url\":\"http:\\\/\\\/www2.camara.gov.br\\\/comissoes\\\/cec\\\/top_menu.gif\",\"contentUrl\":\"http:\\\/\\\/www2.camara.gov.br\\\/comissoes\\\/cec\\\/top_menu.gif\"},{\"@type\":\"BreadcrumbList\",\"@id\":\"https:\\\/\\\/inclusivenews.com.br\\\/?p=12934#breadcrumb\",\"itemListElement\":[{\"@type\":\"ListItem\",\"position\":1,\"name\":\"In\u00edcio\",\"item\":\"https:\\\/\\\/inclusivenews.com.br\\\/\"},{\"@type\":\"ListItem\",\"position\":2,\"name\":\"Encontro nacional encerra ciclo de debates sobre o PNE\"}]},{\"@type\":\"WebSite\",\"@id\":\"https:\\\/\\\/inclusivenews.com.br\\\/#website\",\"url\":\"https:\\\/\\\/inclusivenews.com.br\\\/\",\"name\":\"Inclusive News\",\"description\":\"Inclusive News\",\"publisher\":{\"@id\":\"https:\\\/\\\/inclusivenews.com.br\\\/#organization\"},\"potentialAction\":[{\"@type\":\"SearchAction\",\"target\":{\"@type\":\"EntryPoint\",\"urlTemplate\":\"https:\\\/\\\/inclusivenews.com.br\\\/?s={search_term_string}\"},\"query-input\":{\"@type\":\"PropertyValueSpecification\",\"valueRequired\":true,\"valueName\":\"search_term_string\"}}],\"inLanguage\":\"pt-PT\"},{\"@type\":\"Organization\",\"@id\":\"https:\\\/\\\/inclusivenews.com.br\\\/#organization\",\"name\":\"Inclusive - inclus\u00e3o e cidadania\",\"url\":\"https:\\\/\\\/inclusivenews.com.br\\\/\",\"logo\":{\"@type\":\"ImageObject\",\"inLanguage\":\"pt-PT\",\"@id\":\"https:\\\/\\\/inclusivenews.com.br\\\/#\\\/schema\\\/logo\\\/image\\\/\",\"url\":\"https:\\\/\\\/inclusivenews.com.br\\\/wp-content\\\/uploads\\\/2024\\\/03\\\/@grandesite.png\",\"contentUrl\":\"https:\\\/\\\/inclusivenews.com.br\\\/wp-content\\\/uploads\\\/2024\\\/03\\\/@grandesite.png\",\"width\":1080,\"height\":1080,\"caption\":\"Inclusive - inclus\u00e3o e cidadania\"},\"image\":{\"@id\":\"https:\\\/\\\/inclusivenews.com.br\\\/#\\\/schema\\\/logo\\\/image\\\/\"},\"sameAs\":[\"https:\\\/\\\/www.facebook.com\\\/agenciainclusive\\\/\",\"https:\\\/\\\/www.instagram.com\\\/newsinclusive\\\/\"]},{\"@type\":\"Person\",\"@id\":\"https:\\\/\\\/inclusivenews.com.br\\\/#\\\/schema\\\/person\\\/ae4ec7087559b8692fb33b6fffd2273b\",\"name\":\"inclusivenews2024\",\"image\":{\"@type\":\"ImageObject\",\"inLanguage\":\"pt-PT\",\"@id\":\"https:\\\/\\\/secure.gravatar.com\\\/avatar\\\/c5a7ef84c66fa914f55bc4f7ce26cfa275a3b9a1c5568b907bd184fb4dde7b40?s=96&d=mm&r=g\",\"url\":\"https:\\\/\\\/secure.gravatar.com\\\/avatar\\\/c5a7ef84c66fa914f55bc4f7ce26cfa275a3b9a1c5568b907bd184fb4dde7b40?s=96&d=mm&r=g\",\"contentUrl\":\"https:\\\/\\\/secure.gravatar.com\\\/avatar\\\/c5a7ef84c66fa914f55bc4f7ce26cfa275a3b9a1c5568b907bd184fb4dde7b40?s=96&d=mm&r=g\",\"caption\":\"inclusivenews2024\"},\"sameAs\":[\"https:\\\/\\\/inclusivenews.com.br\"],\"url\":\"https:\\\/\\\/inclusivenews.com.br\\\/?author=1\"}]}<\/script>\n<!-- \/ Yoast SEO plugin. -->","yoast_head_json":{"title":"Encontro nacional encerra ciclo de debates sobre o PNE -","robots":{"index":"index","follow":"follow","max-snippet":"max-snippet:-1","max-image-preview":"max-image-preview:large","max-video-preview":"max-video-preview:-1"},"canonical":"https:\/\/inclusivenews.com.br\/?p=12934","og_locale":"pt_PT","og_type":"article","og_title":"Encontro nacional encerra ciclo de debates sobre o PNE -","og_description":"Comiss\u00e3o de Educa\u00e7\u00e3o e Cultura promove no pr\u00f3ximo dia 10 de dezembro, a partir das 8 horas, o Encontro Nacional que encerra o ciclo de encontros regionais realizados para debater o novo Plano Nacional de Educa\u00e7\u00e3o.","og_url":"https:\/\/inclusivenews.com.br\/?p=12934","article_publisher":"https:\/\/www.facebook.com\/agenciainclusive\/","article_published_time":"2009-12-07T15:55:50+00:00","og_image":[{"url":"http:\/\/www2.camara.gov.br\/comissoes\/cec\/top_menu.gif","type":"","width":"","height":""}],"author":"inclusivenews2024","twitter_card":"summary_large_image","twitter_misc":{"Escrito por":"inclusivenews2024","Tempo estimado de leitura":"2 minutos"},"schema":{"@context":"https:\/\/schema.org","@graph":[{"@type":"Article","@id":"https:\/\/inclusivenews.com.br\/?p=12934#article","isPartOf":{"@id":"https:\/\/inclusivenews.com.br\/?p=12934"},"author":{"name":"inclusivenews2024","@id":"https:\/\/inclusivenews.com.br\/#\/schema\/person\/ae4ec7087559b8692fb33b6fffd2273b"},"headline":"Encontro nacional encerra ciclo de debates sobre o PNE","datePublished":"2009-12-07T15:55:50+00:00","mainEntityOfPage":{"@id":"https:\/\/inclusivenews.com.br\/?p=12934"},"wordCount":425,"commentCount":0,"publisher":{"@id":"https:\/\/inclusivenews.com.br\/#organization"},"image":{"@id":"https:\/\/inclusivenews.com.br\/?p=12934#primaryimage"},"thumbnailUrl":"http:\/\/www2.camara.gov.br\/comissoes\/cec\/top_menu.gif","articleSection":["EDUCA\u00c7\u00c3O","NOT\u00cdCIAS"],"inLanguage":"pt-PT","potentialAction":[{"@type":"CommentAction","name":"Comment","target":["https:\/\/inclusivenews.com.br\/?p=12934#respond"]}]},{"@type":"WebPage","@id":"https:\/\/inclusivenews.com.br\/?p=12934","url":"https:\/\/inclusivenews.com.br\/?p=12934","name":"Encontro nacional encerra ciclo de debates sobre o PNE -","isPartOf":{"@id":"https:\/\/inclusivenews.com.br\/#website"},"primaryImageOfPage":{"@id":"https:\/\/inclusivenews.com.br\/?p=12934#primaryimage"},"image":{"@id":"https:\/\/inclusivenews.com.br\/?p=12934#primaryimage"},"thumbnailUrl":"http:\/\/www2.camara.gov.br\/comissoes\/cec\/top_menu.gif","datePublished":"2009-12-07T15:55:50+00:00","breadcrumb":{"@id":"https:\/\/inclusivenews.com.br\/?p=12934#breadcrumb"},"inLanguage":"pt-PT","potentialAction":[{"@type":"ReadAction","target":["https:\/\/inclusivenews.com.br\/?p=12934"]}]},{"@type":"ImageObject","inLanguage":"pt-PT","@id":"https:\/\/inclusivenews.com.br\/?p=12934#primaryimage","url":"http:\/\/www2.camara.gov.br\/comissoes\/cec\/top_menu.gif","contentUrl":"http:\/\/www2.camara.gov.br\/comissoes\/cec\/top_menu.gif"},{"@type":"BreadcrumbList","@id":"https:\/\/inclusivenews.com.br\/?p=12934#breadcrumb","itemListElement":[{"@type":"ListItem","position":1,"name":"In\u00edcio","item":"https:\/\/inclusivenews.com.br\/"},{"@type":"ListItem","position":2,"name":"Encontro nacional encerra ciclo de debates sobre o PNE"}]},{"@type":"WebSite","@id":"https:\/\/inclusivenews.com.br\/#website","url":"https:\/\/inclusivenews.com.br\/","name":"Inclusive News","description":"Inclusive News","publisher":{"@id":"https:\/\/inclusivenews.com.br\/#organization"},"potentialAction":[{"@type":"SearchAction","target":{"@type":"EntryPoint","urlTemplate":"https:\/\/inclusivenews.com.br\/?s={search_term_string}"},"query-input":{"@type":"PropertyValueSpecification","valueRequired":true,"valueName":"search_term_string"}}],"inLanguage":"pt-PT"},{"@type":"Organization","@id":"https:\/\/inclusivenews.com.br\/#organization","name":"Inclusive - inclus\u00e3o e cidadania","url":"https:\/\/inclusivenews.com.br\/","logo":{"@type":"ImageObject","inLanguage":"pt-PT","@id":"https:\/\/inclusivenews.com.br\/#\/schema\/logo\/image\/","url":"https:\/\/inclusivenews.com.br\/wp-content\/uploads\/2024\/03\/@grandesite.png","contentUrl":"https:\/\/inclusivenews.com.br\/wp-content\/uploads\/2024\/03\/@grandesite.png","width":1080,"height":1080,"caption":"Inclusive - inclus\u00e3o e cidadania"},"image":{"@id":"https:\/\/inclusivenews.com.br\/#\/schema\/logo\/image\/"},"sameAs":["https:\/\/www.facebook.com\/agenciainclusive\/","https:\/\/www.instagram.com\/newsinclusive\/"]},{"@type":"Person","@id":"https:\/\/inclusivenews.com.br\/#\/schema\/person\/ae4ec7087559b8692fb33b6fffd2273b","name":"inclusivenews2024","image":{"@type":"ImageObject","inLanguage":"pt-PT","@id":"https:\/\/secure.gravatar.com\/avatar\/c5a7ef84c66fa914f55bc4f7ce26cfa275a3b9a1c5568b907bd184fb4dde7b40?s=96&d=mm&r=g","url":"https:\/\/secure.gravatar.com\/avatar\/c5a7ef84c66fa914f55bc4f7ce26cfa275a3b9a1c5568b907bd184fb4dde7b40?s=96&d=mm&r=g","contentUrl":"https:\/\/secure.gravatar.com\/avatar\/c5a7ef84c66fa914f55bc4f7ce26cfa275a3b9a1c5568b907bd184fb4dde7b40?s=96&d=mm&r=g","caption":"inclusivenews2024"},"sameAs":["https:\/\/inclusivenews.com.br"],"url":"https:\/\/inclusivenews.com.br\/?author=1"}]}},"_links":{"self":[{"href":"https:\/\/inclusivenews.com.br\/index.php?rest_route=\/wp\/v2\/posts\/12934","targetHints":{"allow":["GET"]}}],"collection":[{"href":"https:\/\/inclusivenews.com.br\/index.php?rest_route=\/wp\/v2\/posts"}],"about":[{"href":"https:\/\/inclusivenews.com.br\/index.php?rest_route=\/wp\/v2\/types\/post"}],"author":[{"embeddable":true,"href":"https:\/\/inclusivenews.com.br\/index.php?rest_route=\/wp\/v2\/users\/1"}],"replies":[{"embeddable":true,"href":"https:\/\/inclusivenews.com.br\/index.php?rest_route=%2Fwp%2Fv2%2Fcomments&post=12934"}],"version-history":[{"count":0,"href":"https:\/\/inclusivenews.com.br\/index.php?rest_route=\/wp\/v2\/posts\/12934\/revisions"}],"wp:attachment":[{"href":"https:\/\/inclusivenews.com.br\/index.php?rest_route=%2Fwp%2Fv2%2Fmedia&parent=12934"}],"wp:term":[{"taxonomy":"category","embeddable":true,"href":"https:\/\/inclusivenews.com.br\/index.php?rest_route=%2Fwp%2Fv2%2Fcategories&post=12934"},{"taxonomy":"post_tag","embeddable":true,"href":"https:\/\/inclusivenews.com.br\/index.php?rest_route=%2Fwp%2Fv2%2Ftags&post=12934"}],"curies":[{"name":"wp","href":"https:\/\/api.w.org\/{rel}","templated":true}]}}